{"id":129638,"date":"2026-03-12T10:17:20","date_gmt":"2026-03-12T16:17:20","guid":{"rendered":"https:\/\/quehacerpolitico.mx\/?p=129638"},"modified":"2026-03-12T10:17:35","modified_gmt":"2026-03-12T16:17:35","slug":"sheinbaum-presenta-plan-b-tras-rechazo-a-su-reforma-electoral-reducira-recursos-a-congresos-locales-e-impulsara-la-consulta-popular","status":"publish","type":"post","link":"https:\/\/quehacerpolitico.mx\/?p=129638","title":{"rendered":"Sheinbaum presenta &#8220;plan B&#8221; tras rechazo a su reforma electoral: reducir\u00e1 recursos a congresos locales e impulsar\u00e1 la consulta popular"},"content":{"rendered":"\n<p>Por Redacci\u00f3n QP<\/p>\n\n\n\n<p>La mandataria afirma que con esta propuesta que enviar\u00e1 el lunes al Legislativo planea &#8220;disminuir los privilegios&#8221; de los pol\u00edticos, como parte de sus compromisos con los ciudadanos<\/p>\n\n\n\n<p>La presidenta\u00a0<strong>Claudia Sheinbaum\u00a0<\/strong>present\u00f3 este jueves su \u201cplan B\u201d despu\u00e9s de que los diputados desecharan por un amplio margen su\u00a0<strong>propuesta de reforma electoral\u00a0<\/strong>y anunci\u00f3 que la enviar\u00e1 al Congreso este lunes.<\/p>\n\n\n\n<p>En su conferencia matutina, la mandataria se\u00f1al\u00f3 que con su nuevo plan buscar\u00e1 \u201cdisminuir privilegios\u201d en los congresos locales y municipios, adem\u00e1s de fortalecer la consulta popular.<\/p>\n\n\n\n<figure class=\"wp-block-embed is-type-rich is-provider-twitter wp-block-embed-twitter\"><div class=\"wp-block-embed__wrapper\">\n<blockquote class=\"twitter-tweet\" data-width=\"550\" data-dnt=\"true\"><p lang=\"es\" dir=\"ltr\">\u26a0\ufe0f Atenci\u00f3n al <a href=\"https:\/\/twitter.com\/hashtag\/PlanB?src=hash&amp;ref_src=twsrc%5Etfw\">#PlanB<\/a> de Sheinbaum<br><br>Propone someter temas electorales a consulta popular \ud83d\udc47 <a href=\"https:\/\/t.co\/kGMXcSteH6\">pic.twitter.com\/kGMXcSteH6<\/a><\/p>&mdash; Manuel Lopez San Martin (@MLopezSanMartin) <a href=\"https:\/\/twitter.com\/MLopezSanMartin\/status\/2032116908892238082?ref_src=twsrc%5Etfw\">March 12, 2026<\/a><\/blockquote><script async src=\"https:\/\/platform.twitter.com\/widgets.js\" charset=\"utf-8\"><\/script>\n<\/div><\/figure>\n\n\n\n<p>Con su nueva propuesta se pretende permitir la consulta para preguntar sobre&nbsp;algunos<strong>&nbsp;temas electorales&nbsp;<\/strong>como la reducci\u00f3n de los montos a los partidos pol\u00edticos y tambi\u00e9n incluye la&nbsp;<strong>posibilidad de que la revocaci\u00f3n de mandato<\/strong>&nbsp;se pueda hacer en el tercero y cuarto a\u00f1o de gobierno.&nbsp;<\/p>\n\n\n\n<p>La presidenta defendi\u00f3 su iniciativa inicial al afirmar que con esto planteaba \u201cacabar con los privilegios\u201d y reducir los recursos p\u00fablicos que obtienen los partidos.<\/p>\n\n\n\n<p>&#8220;Nuestro objetivo siempre fue&nbsp;<strong>acabar con el r\u00e9gimen de corrupci\u00f3n y privilegios<\/strong>, ese es el objetivo. Todav\u00eda quedan \u00e1reas en M\u00e9xico de privilegios de funcionarios p\u00fablicos que reciben recursos p\u00fablicos y que son excesivos&#8221;, coment\u00f3.<\/p>\n\n\n\n<figure class=\"wp-block-embed is-type-rich is-provider-twitter wp-block-embed-twitter\"><div class=\"wp-block-embed__wrapper\">\n<blockquote class=\"twitter-tweet\" data-width=\"550\" data-dnt=\"true\"><p lang=\"es\" dir=\"ltr\">Tras el fracaso de la <a href=\"https:\/\/twitter.com\/hashtag\/ReformaElectoral?src=hash&amp;ref_src=twsrc%5Etfw\">#ReformaElectoral<\/a>, Sheinbaum anuncia su Plan B<br><br>-Va contra gastos de Congresos locales y municipios<br>&#8211; Fortalecer la consulta popular <a href=\"https:\/\/t.co\/V8G18PxFpM\">pic.twitter.com\/V8G18PxFpM<\/a><\/p>&mdash; Manuel Lopez San Martin (@MLopezSanMartin) <a href=\"https:\/\/twitter.com\/MLopezSanMartin\/status\/2032109836931051722?ref_src=twsrc%5Etfw\">March 12, 2026<\/a><\/blockquote><script async src=\"https:\/\/platform.twitter.com\/widgets.js\" charset=\"utf-8\"><\/script>\n<\/div><\/figure>\n\n\n\n<p>Adem\u00e1s, destac\u00f3 que ella ya ten\u00eda conocimiento de que no recibir\u00eda el apoyo necesario en el Congreso; al final s\u00f3lo fue aprobada por Morena, 12 del Partido Verde y uno del PT.&nbsp;<\/p>\n\n\n\n<p>&#8220;Ya sab\u00edamos que no se iba a votar, insist\u00ed a los diputados que se votara porque cumpl\u00ed con la gente y eso para mi es de principios, me compromet\u00ed&nbsp;a que iba a enviar una reforma que tuviera que ver con lo que pedia la gente y yo cumpl\u00ed&#8221;, a\u00f1adi\u00f3.&nbsp;<\/p>\n","protected":false},"excerpt":{"rendered":"<p>Por Redacci\u00f3n QP La mandataria afirma que con esta propuesta que enviar\u00e1 el lunes al&#8230;<\/p>\n","protected":false},"author":2,"featured_media":129639,"comment_status":"open","ping_status":"open","sticky":false,"template":"","format":"standard","meta":{"_monsterinsights_skip_tracking":false,"_monsterinsights_sitenote_active":false,"_monsterinsights_sitenote_note":"","_monsterinsights_sitenote_category":0,"footnotes":""},"categories":[280,2],"tags":[],"class_list":["post-129638","post","type-post","status-publish","format-standard","has-post-thumbnail","hentry","category-nacionales","category-noticias"],"yoast_head":"<!-- This site is optimized with the Yoast SEO plugin v27.3 - https:\/\/yoast.com\/product\/yoast-seo-wordpress\/ -->\n<title>Sheinbaum presenta &quot;plan B&quot; tras rechazo a su reforma electoral: reducir\u00e1 recursos a congresos locales e impulsar\u00e1 la consulta popular -<\/title>\n<meta name=\"robots\" content=\"index, follow, max-snippet:-1, max-image-preview:large, max-video-preview:-1\" \/>\n<link rel=\"canonical\" href=\"https:\/\/quehacerpolitico.mx\/?p=129638\" \/>\n<meta property=\"og:locale\" content=\"es_MX\" \/>\n<meta property=\"og:type\" content=\"article\" \/>\n<meta property=\"og:title\" content=\"Sheinbaum presenta &quot;plan B&quot; tras rechazo a su reforma electoral: reducir\u00e1 recursos a congresos locales e impulsar\u00e1 la consulta popular -\" \/>\n<meta property=\"og:description\" content=\"Por Redacci\u00f3n QP La mandataria afirma que con esta propuesta que enviar\u00e1 el lunes al...\" \/>\n<meta property=\"og:url\" content=\"https:\/\/quehacerpolitico.mx\/?p=129638\" \/>\n<meta property=\"article:published_time\" content=\"2026-03-12T16:17:20+00:00\" \/>\n<meta property=\"article:modified_time\" content=\"2026-03-12T16:17:35+00:00\" \/>\n<meta property=\"og:image\" content=\"http:\/\/quehacerpolitico.mx\/wp-content\/uploads\/2026\/03\/IMG_7205.jpeg\" \/>\n\t<meta property=\"og:image:width\" content=\"1170\" \/>\n\t<meta property=\"og:image:height\" content=\"635\" \/>\n\t<meta property=\"og:image:type\" content=\"image\/jpeg\" \/>\n<meta name=\"author\" content=\"Redacci\u00f3n QP\" \/>\n<meta name=\"twitter:card\" content=\"summary_large_image\" \/>\n<meta name=\"twitter:label1\" content=\"Escrito por\" \/>\n\t<meta name=\"twitter:data1\" content=\"Redacci\u00f3n QP\" \/>\n\t<meta name=\"twitter:label2\" content=\"Tiempo de lectura\" \/>\n\t<meta name=\"twitter:data2\" content=\"2 minutos\" \/>\n<script type=\"application\/ld+json\" class=\"yoast-schema-graph\">{\"@context\":\"https:\\\/\\\/schema.org\",\"@graph\":[{\"@type\":\"Article\",\"@id\":\"https:\\\/\\\/quehacerpolitico.mx\\\/?p=129638#article\",\"isPartOf\":{\"@id\":\"https:\\\/\\\/quehacerpolitico.mx\\\/?p=129638\"},\"author\":{\"name\":\"Redacci\u00f3n QP\",\"@id\":\"https:\\\/\\\/quehacerpolitico.mx\\\/#\\\/schema\\\/person\\\/496d8ad2d1d3f8036101dca7ee39e585\"},\"headline\":\"Sheinbaum presenta &#8220;plan B&#8221; tras rechazo a su reforma electoral: reducir\u00e1 recursos a congresos locales e impulsar\u00e1 la consulta popular\",\"datePublished\":\"2026-03-12T16:17:20+00:00\",\"dateModified\":\"2026-03-12T16:17:35+00:00\",\"mainEntityOfPage\":{\"@id\":\"https:\\\/\\\/quehacerpolitico.mx\\\/?p=129638\"},\"wordCount\":345,\"commentCount\":0,\"image\":{\"@id\":\"https:\\\/\\\/quehacerpolitico.mx\\\/?p=129638#primaryimage\"},\"thumbnailUrl\":\"https:\\\/\\\/quehacerpolitico.mx\\\/wp-content\\\/uploads\\\/2026\\\/03\\\/IMG_7205.jpeg\",\"articleSection\":[\"Nacionales\",\"Noticias\"],\"inLanguage\":\"es\",\"potentialAction\":[{\"@type\":\"CommentAction\",\"name\":\"Comment\",\"target\":[\"https:\\\/\\\/quehacerpolitico.mx\\\/?p=129638#respond\"]}]},{\"@type\":\"WebPage\",\"@id\":\"https:\\\/\\\/quehacerpolitico.mx\\\/?p=129638\",\"url\":\"https:\\\/\\\/quehacerpolitico.mx\\\/?p=129638\",\"name\":\"Sheinbaum presenta \\\"plan B\\\" tras rechazo a su reforma electoral: reducir\u00e1 recursos a congresos locales e impulsar\u00e1 la consulta popular -\",\"isPartOf\":{\"@id\":\"https:\\\/\\\/quehacerpolitico.mx\\\/#website\"},\"primaryImageOfPage\":{\"@id\":\"https:\\\/\\\/quehacerpolitico.mx\\\/?p=129638#primaryimage\"},\"image\":{\"@id\":\"https:\\\/\\\/quehacerpolitico.mx\\\/?p=129638#primaryimage\"},\"thumbnailUrl\":\"https:\\\/\\\/quehacerpolitico.mx\\\/wp-content\\\/uploads\\\/2026\\\/03\\\/IMG_7205.jpeg\",\"datePublished\":\"2026-03-12T16:17:20+00:00\",\"dateModified\":\"2026-03-12T16:17:35+00:00\",\"author\":{\"@id\":\"https:\\\/\\\/quehacerpolitico.mx\\\/#\\\/schema\\\/person\\\/496d8ad2d1d3f8036101dca7ee39e585\"},\"breadcrumb\":{\"@id\":\"https:\\\/\\\/quehacerpolitico.mx\\\/?p=129638#breadcrumb\"},\"inLanguage\":\"es\",\"potentialAction\":[{\"@type\":\"ReadAction\",\"target\":[\"https:\\\/\\\/quehacerpolitico.mx\\\/?p=129638\"]}]},{\"@type\":\"ImageObject\",\"inLanguage\":\"es\",\"@id\":\"https:\\\/\\\/quehacerpolitico.mx\\\/?p=129638#primaryimage\",\"url\":\"https:\\\/\\\/quehacerpolitico.mx\\\/wp-content\\\/uploads\\\/2026\\\/03\\\/IMG_7205.jpeg\",\"contentUrl\":\"https:\\\/\\\/quehacerpolitico.mx\\\/wp-content\\\/uploads\\\/2026\\\/03\\\/IMG_7205.jpeg\",\"width\":1170,\"height\":635,\"caption\":\"Screenshot\"},{\"@type\":\"BreadcrumbList\",\"@id\":\"https:\\\/\\\/quehacerpolitico.mx\\\/?p=129638#breadcrumb\",\"itemListElement\":[{\"@type\":\"ListItem\",\"position\":1,\"name\":\"Inicio\",\"item\":\"https:\\\/\\\/quehacerpolitico.mx\\\/\"},{\"@type\":\"ListItem\",\"position\":2,\"name\":\"Sheinbaum presenta &#8220;plan B&#8221; tras rechazo a su reforma electoral: reducir\u00e1 recursos a congresos locales e impulsar\u00e1 la consulta popular\"}]},{\"@type\":\"WebSite\",\"@id\":\"https:\\\/\\\/quehacerpolitico.mx\\\/#website\",\"url\":\"https:\\\/\\\/quehacerpolitico.mx\\\/\",\"name\":\"\",\"description\":\"\",\"potentialAction\":[{\"@type\":\"SearchAction\",\"target\":{\"@type\":\"EntryPoint\",\"urlTemplate\":\"https:\\\/\\\/quehacerpolitico.mx\\\/?s={search_term_string}\"},\"query-input\":{\"@type\":\"PropertyValueSpecification\",\"valueRequired\":true,\"valueName\":\"search_term_string\"}}],\"inLanguage\":\"es\"},{\"@type\":\"Person\",\"@id\":\"https:\\\/\\\/quehacerpolitico.mx\\\/#\\\/schema\\\/person\\\/496d8ad2d1d3f8036101dca7ee39e585\",\"name\":\"Redacci\u00f3n QP\",\"image\":{\"@type\":\"ImageObject\",\"inLanguage\":\"es\",\"@id\":\"https:\\\/\\\/secure.gravatar.com\\\/avatar\\\/c7164ed6fdec453195284ad24a5ae5b6e1eed2b848477fa2a4787ba9adf39a41?s=96&d=mm&r=g\",\"url\":\"https:\\\/\\\/secure.gravatar.com\\\/avatar\\\/c7164ed6fdec453195284ad24a5ae5b6e1eed2b848477fa2a4787ba9adf39a41?s=96&d=mm&r=g\",\"contentUrl\":\"https:\\\/\\\/secure.gravatar.com\\\/avatar\\\/c7164ed6fdec453195284ad24a5ae5b6e1eed2b848477fa2a4787ba9adf39a41?s=96&d=mm&r=g\",\"caption\":\"Redacci\u00f3n QP\"},\"url\":\"https:\\\/\\\/quehacerpolitico.mx\\\/?author=2\"}]}<\/script>\n<!-- \/ Yoast SEO plugin. -->","yoast_head_json":{"title":"Sheinbaum presenta \"plan B\" tras rechazo a su reforma electoral: reducir\u00e1 recursos a congresos locales e impulsar\u00e1 la consulta popular -","robots":{"index":"index","follow":"follow","max-snippet":"max-snippet:-1","max-image-preview":"max-image-preview:large","max-video-preview":"max-video-preview:-1"},"canonical":"https:\/\/quehacerpolitico.mx\/?p=129638","og_locale":"es_MX","og_type":"article","og_title":"Sheinbaum presenta \"plan B\" tras rechazo a su reforma electoral: reducir\u00e1 recursos a congresos locales e impulsar\u00e1 la consulta popular -","og_description":"Por Redacci\u00f3n QP La mandataria afirma que con esta propuesta que enviar\u00e1 el lunes al...","og_url":"https:\/\/quehacerpolitico.mx\/?p=129638","article_published_time":"2026-03-12T16:17:20+00:00","article_modified_time":"2026-03-12T16:17:35+00:00","og_image":[{"width":1170,"height":635,"url":"http:\/\/quehacerpolitico.mx\/wp-content\/uploads\/2026\/03\/IMG_7205.jpeg","type":"image\/jpeg"}],"author":"Redacci\u00f3n QP","twitter_card":"summary_large_image","twitter_misc":{"Escrito por":"Redacci\u00f3n QP","Tiempo de lectura":"2 minutos"},"schema":{"@context":"https:\/\/schema.org","@graph":[{"@type":"Article","@id":"https:\/\/quehacerpolitico.mx\/?p=129638#article","isPartOf":{"@id":"https:\/\/quehacerpolitico.mx\/?p=129638"},"author":{"name":"Redacci\u00f3n QP","@id":"https:\/\/quehacerpolitico.mx\/#\/schema\/person\/496d8ad2d1d3f8036101dca7ee39e585"},"headline":"Sheinbaum presenta &#8220;plan B&#8221; tras rechazo a su reforma electoral: reducir\u00e1 recursos a congresos locales e impulsar\u00e1 la consulta popular","datePublished":"2026-03-12T16:17:20+00:00","dateModified":"2026-03-12T16:17:35+00:00","mainEntityOfPage":{"@id":"https:\/\/quehacerpolitico.mx\/?p=129638"},"wordCount":345,"commentCount":0,"image":{"@id":"https:\/\/quehacerpolitico.mx\/?p=129638#primaryimage"},"thumbnailUrl":"https:\/\/quehacerpolitico.mx\/wp-content\/uploads\/2026\/03\/IMG_7205.jpeg","articleSection":["Nacionales","Noticias"],"inLanguage":"es","potentialAction":[{"@type":"CommentAction","name":"Comment","target":["https:\/\/quehacerpolitico.mx\/?p=129638#respond"]}]},{"@type":"WebPage","@id":"https:\/\/quehacerpolitico.mx\/?p=129638","url":"https:\/\/quehacerpolitico.mx\/?p=129638","name":"Sheinbaum presenta \"plan B\" tras rechazo a su reforma electoral: reducir\u00e1 recursos a congresos locales e impulsar\u00e1 la consulta popular -","isPartOf":{"@id":"https:\/\/quehacerpolitico.mx\/#website"},"primaryImageOfPage":{"@id":"https:\/\/quehacerpolitico.mx\/?p=129638#primaryimage"},"image":{"@id":"https:\/\/quehacerpolitico.mx\/?p=129638#primaryimage"},"thumbnailUrl":"https:\/\/quehacerpolitico.mx\/wp-content\/uploads\/2026\/03\/IMG_7205.jpeg","datePublished":"2026-03-12T16:17:20+00:00","dateModified":"2026-03-12T16:17:35+00:00","author":{"@id":"https:\/\/quehacerpolitico.mx\/#\/schema\/person\/496d8ad2d1d3f8036101dca7ee39e585"},"breadcrumb":{"@id":"https:\/\/quehacerpolitico.mx\/?p=129638#breadcrumb"},"inLanguage":"es","potentialAction":[{"@type":"ReadAction","target":["https:\/\/quehacerpolitico.mx\/?p=129638"]}]},{"@type":"ImageObject","inLanguage":"es","@id":"https:\/\/quehacerpolitico.mx\/?p=129638#primaryimage","url":"https:\/\/quehacerpolitico.mx\/wp-content\/uploads\/2026\/03\/IMG_7205.jpeg","contentUrl":"https:\/\/quehacerpolitico.mx\/wp-content\/uploads\/2026\/03\/IMG_7205.jpeg","width":1170,"height":635,"caption":"Screenshot"},{"@type":"BreadcrumbList","@id":"https:\/\/quehacerpolitico.mx\/?p=129638#breadcrumb","itemListElement":[{"@type":"ListItem","position":1,"name":"Inicio","item":"https:\/\/quehacerpolitico.mx\/"},{"@type":"ListItem","position":2,"name":"Sheinbaum presenta &#8220;plan B&#8221; tras rechazo a su reforma electoral: reducir\u00e1 recursos a congresos locales e impulsar\u00e1 la consulta popular"}]},{"@type":"WebSite","@id":"https:\/\/quehacerpolitico.mx\/#website","url":"https:\/\/quehacerpolitico.mx\/","name":"","description":"","potentialAction":[{"@type":"SearchAction","target":{"@type":"EntryPoint","urlTemplate":"https:\/\/quehacerpolitico.mx\/?s={search_term_string}"},"query-input":{"@type":"PropertyValueSpecification","valueRequired":true,"valueName":"search_term_string"}}],"inLanguage":"es"},{"@type":"Person","@id":"https:\/\/quehacerpolitico.mx\/#\/schema\/person\/496d8ad2d1d3f8036101dca7ee39e585","name":"Redacci\u00f3n QP","image":{"@type":"ImageObject","inLanguage":"es","@id":"https:\/\/secure.gravatar.com\/avatar\/c7164ed6fdec453195284ad24a5ae5b6e1eed2b848477fa2a4787ba9adf39a41?s=96&d=mm&r=g","url":"https:\/\/secure.gravatar.com\/avatar\/c7164ed6fdec453195284ad24a5ae5b6e1eed2b848477fa2a4787ba9adf39a41?s=96&d=mm&r=g","contentUrl":"https:\/\/secure.gravatar.com\/avatar\/c7164ed6fdec453195284ad24a5ae5b6e1eed2b848477fa2a4787ba9adf39a41?s=96&d=mm&r=g","caption":"Redacci\u00f3n QP"},"url":"https:\/\/quehacerpolitico.mx\/?author=2"}]}},"featured_image_urls":{"full":["https:\/\/quehacerpolitico.mx\/wp-content\/uploads\/2026\/03\/IMG_7205.jpeg",1170,635,false],"thumbnail":["https:\/\/quehacerpolitico.mx\/wp-content\/uploads\/2026\/03\/IMG_7205-150x150.jpeg",150,150,true],"medium":["https:\/\/quehacerpolitico.mx\/wp-content\/uploads\/2026\/03\/IMG_7205-300x163.jpeg",300,163,true],"medium_large":["https:\/\/quehacerpolitico.mx\/wp-content\/uploads\/2026\/03\/IMG_7205-768x417.jpeg",640,348,true],"large":["https:\/\/quehacerpolitico.mx\/wp-content\/uploads\/2026\/03\/IMG_7205-1024x556.jpeg",640,348,true],"1536x1536":["https:\/\/quehacerpolitico.mx\/wp-content\/uploads\/2026\/03\/IMG_7205.jpeg",1170,635,false],"2048x2048":["https:\/\/quehacerpolitico.mx\/wp-content\/uploads\/2026\/03\/IMG_7205.jpeg",1170,635,false],"covernews-featured":["https:\/\/quehacerpolitico.mx\/wp-content\/uploads\/2026\/03\/IMG_7205-1024x556.jpeg",1024,556,true],"covernews-medium":["https:\/\/quehacerpolitico.mx\/wp-content\/uploads\/2026\/03\/IMG_7205-540x340.jpeg",540,340,true]},"author_info":{"display_name":"Redacci\u00f3n QP","author_link":"https:\/\/quehacerpolitico.mx\/?author=2"},"category_info":"<a href=\"https:\/\/quehacerpolitico.mx\/?cat=280\" rel=\"category\">Nacionales<\/a> <a href=\"https:\/\/quehacerpolitico.mx\/?cat=2\" rel=\"category\">Noticias<\/a>","tag_info":"Noticias","comment_count":"0","_links":{"self":[{"href":"https:\/\/quehacerpolitico.mx\/index.php?rest_route=\/wp\/v2\/posts\/129638","targetHints":{"allow":["GET"]}}],"collection":[{"href":"https:\/\/quehacerpolitico.mx\/index.php?rest_route=\/wp\/v2\/posts"}],"about":[{"href":"https:\/\/quehacerpolitico.mx\/index.php?rest_route=\/wp\/v2\/types\/post"}],"author":[{"embeddable":true,"href":"https:\/\/quehacerpolitico.mx\/index.php?rest_route=\/wp\/v2\/users\/2"}],"replies":[{"embeddable":true,"href":"https:\/\/quehacerpolitico.mx\/index.php?rest_route=%2Fwp%2Fv2%2Fcomments&post=129638"}],"version-history":[{"count":1,"href":"https:\/\/quehacerpolitico.mx\/index.php?rest_route=\/wp\/v2\/posts\/129638\/revisions"}],"predecessor-version":[{"id":129640,"href":"https:\/\/quehacerpolitico.mx\/index.php?rest_route=\/wp\/v2\/posts\/129638\/revisions\/129640"}],"wp:featuredmedia":[{"embeddable":true,"href":"https:\/\/quehacerpolitico.mx\/index.php?rest_route=\/wp\/v2\/media\/129639"}],"wp:attachment":[{"href":"https:\/\/quehacerpolitico.mx\/index.php?rest_route=%2Fwp%2Fv2%2Fmedia&parent=129638"}],"wp:term":[{"taxonomy":"category","embeddable":true,"href":"https:\/\/quehacerpolitico.mx\/index.php?rest_route=%2Fwp%2Fv2%2Fcategories&post=129638"},{"taxonomy":"post_tag","embeddable":true,"href":"https:\/\/quehacerpolitico.mx\/index.php?rest_route=%2Fwp%2Fv2%2Ftags&post=129638"}],"curies":[{"name":"wp","href":"https:\/\/api.w.org\/{rel}","templated":true}]}}