{"id":129635,"date":"2026-03-12T09:41:18","date_gmt":"2026-03-12T15:41:18","guid":{"rendered":"https:\/\/quehacerpolitico.mx\/?p=129635"},"modified":"2026-03-12T09:41:20","modified_gmt":"2026-03-12T15:41:20","slug":"el-aire-que-respiramos-hoy-en-la-cdmx-quien-circula-y-habra-contingencia-ambiental-este-jueves","status":"publish","type":"post","link":"https:\/\/quehacerpolitico.mx\/?p=129635","title":{"rendered":"El aire que respiramos hoy en la CdMx: \u00bfQui\u00e9n circula y habr\u00e1 contingencia ambiental este jueves?"},"content":{"rendered":"\n<p>Por Redacci\u00f3n QP<\/p>\n\n\n\n<p>Los altos niveles de ozono afectan la salud, por lo que la Sedema reporta diariamente c\u00f3mo est\u00e1 la calidad del aire en las 16 alcald\u00edas de la Ciudad de M\u00e9xico. Conoce el reporte de este jueves 12 de marzo.<\/p>\n\n\n\n<p>La Secretar\u00eda del Medio Ambiente de la Ciudad de M\u00e9xico&nbsp;(Sedema) report\u00f3, para la jornada del 12 de marzo, una calidad de aire buena, sin riesgo para la salud, por lo que, por ahora no hay una contingencia activa en la capital del pa\u00eds y el Estado de M\u00e9xico.<\/p>\n\n\n\n<p>A lo largo de los \u00faltimos a\u00f1os, la calidad del aire ha sido una preocupaci\u00f3n para la ciudadan\u00eda y autoridades, dando pie a la implementaci\u00f3n de diferentes estrategias para disminuir la contaminaci\u00f3n; sin embargo, en ocasiones no son suficientes, dando pie a la implementaci\u00f3n de contingencias ambientales.<\/p>\n\n\n\n<p>\u00bfQu\u00e9 hacer cuando hay mala calidad del aire?<\/p>\n\n\n\n<p>De acuerdo con la Comisi\u00f3n Ambiental de la Megal\u00f3polis, cuando se presenta una contingencia o una mala calidad del aire en la Ciudad de M\u00e9xico y su zona metropolitana, se recomienda:<\/p>\n\n\n\n<p>Evitar hacer actividades c\u00edvicas, culturales y de recreo, as\u00ed como evitar hacer ejercicio al aire libre entre las 13:00 y 19:00 horas<br>Suspender cualquier actividad al aire libre, organizada por instituciones p\u00fablicas o privadas, en horario comprendido entre las 13:00 y las 19:00 horas.<\/p>\n\n\n\n<p>Posponer los eventos al aire libre, deportivos, culturales o espect\u00e1culos masivos, programados entre las 13:00 y las 19:00 horas.<br>No fumar, especialmente en espacios cerrados.<br>\u00bfC\u00f3mo afecta la calidad del aire en nuestra salud?<\/p>\n\n\n\n<p>La mala calidad del aire tiene efectos adversos significativos en la salud de los habitantes de la Ciudad de M\u00e9xico.&nbsp;<\/p>\n\n\n\n<p>Seg\u00fan datos del Instituto Nacional de Salud P\u00fablica, se estima que la contaminaci\u00f3n del aire es responsable de miles de muertes prematuras cada a\u00f1o, as\u00ed como de un aumento en la incidencia de enfermedades respiratorias y cardiovasculares.<\/p>\n\n\n\n<p>Los ni\u00f1os, los adultos mayores y las personas con condiciones preexistentes son los m\u00e1s vulnerables.<\/p>\n\n\n\n<p>El tr\u00e1fico vehicular es la principal fuente de contaminaci\u00f3n del aire en la ciudad, por lo que las autoridades activan el programa Hoy No Circula y la verificaci\u00f3n vehicular, debido a que el crecimiento del parque vehicular y el uso de combustibles f\u00f3siles contribuyen notablemente a la emisi\u00f3n de contaminantes.<\/p>\n\n\n\n<p>\u00bfQui\u00e9nes no circulan HOY en CdMx?<\/p>\n\n\n\n<p>Este jueves 12 de marzo no circulan los siguiente veh\u00edculos:<\/p>\n\n\n\n<p>Los jueves no pueden circular autos con engomado verde con terminaci\u00f3n de placa 1 y 2, que cuenten con holograma 1 y 2.<\/p>\n\n\n\n<figure class=\"wp-block-embed is-type-rich is-provider-twitter wp-block-embed-twitter\"><div class=\"wp-block-embed__wrapper\">\n<blockquote class=\"twitter-tweet\" data-width=\"550\" data-dnt=\"true\"><p lang=\"es\" dir=\"ltr\">\ud83c\udf1e\u00a1Buen d\u00eda! <br>El <a href=\"https:\/\/twitter.com\/hashtag\/HoyNoCircula?src=hash&amp;ref_src=twsrc%5Etfw\">#HoyNoCircula<\/a> de este jueves 12 de marzo en la <a href=\"https:\/\/twitter.com\/hashtag\/ZMVM?src=hash&amp;ref_src=twsrc%5Etfw\">#ZMVM<\/a> aplica para veh\u00edculos con <a href=\"https:\/\/twitter.com\/hashtag\/EngomadoVerde?src=hash&amp;ref_src=twsrc%5Etfw\">#EngomadoVerde<\/a> \ud83d\udfe2 con terminaci\u00f3n de placas 1 y 2, holograma 1 y 2.  <br>\ud835\udc38\ud835\udc65\ud835\udc52\ud835\udc5b\ud835\udc61\ud835\udc5c\ud835\udc60  &#8211; \ud835\udc21\ud835\udc28\ud835\udc25\ud835\udc28\ud835\udc20\ud835\udc2b\ud835\udc1a\ud835\udc26\ud835\udc1a\ud835\udc2c \ud835\udfce\ud835\udfce \ud835\udc32 \ud835\udfce. <a href=\"https:\/\/t.co\/g0BeH8CJRd\">pic.twitter.com\/g0BeH8CJRd<\/a><\/p>&mdash; CAMegal\u00f3polis (@CAMegalopolis) <a href=\"https:\/\/twitter.com\/CAMegalopolis\/status\/2032048970076471628?ref_src=twsrc%5Etfw\">March 12, 2026<\/a><\/blockquote><script async src=\"https:\/\/platform.twitter.com\/widgets.js\" charset=\"utf-8\"><\/script>\n<\/div><\/figure>\n\n\n\n<p>\u00bfCu\u00e1ndo se activa la contingencia ambiental?<\/p>\n\n\n\n<p>La norma de la calidad del aire por ozono establece no rebasar 90 partes por bill\u00f3n (ppb), durante una hora y no m\u00e1s de una vez al a\u00f1o.<\/p>\n\n\n\n<p>Aunque es dif\u00edcil cumplir con ese est\u00e1ndar, por motivos econ\u00f3micos, en la Zona Metropolitana del Valle de M\u00e9xico, la Comisi\u00f3n Ambiental de la Megal\u00f3polis (CAMe) declara contingencia ambiental a partir de un nivel superior a la norma, cuando se llega a 155 ppb.<\/p>\n","protected":false},"excerpt":{"rendered":"<p>Por Redacci\u00f3n QP Los altos niveles de ozono afectan la salud, por lo que la&#8230;<\/p>\n","protected":false},"author":2,"featured_media":129636,"comment_status":"open","ping_status":"open","sticky":false,"template":"","format":"standard","meta":{"_monsterinsights_skip_tracking":false,"_monsterinsights_sitenote_active":false,"_monsterinsights_sitenote_note":"","_monsterinsights_sitenote_category":0,"footnotes":""},"categories":[55],"tags":[],"class_list":["post-129635","post","type-post","status-publish","format-standard","has-post-thumbnail","hentry","category-cdmx"],"yoast_head":"<!-- This site is optimized with the Yoast SEO plugin v27.3 - https:\/\/yoast.com\/product\/yoast-seo-wordpress\/ -->\n<title>El aire que respiramos hoy en la CdMx: \u00bfQui\u00e9n circula y habr\u00e1 contingencia ambiental este jueves? -<\/title>\n<meta name=\"robots\" content=\"index, follow, max-snippet:-1, max-image-preview:large, max-video-preview:-1\" \/>\n<link rel=\"canonical\" href=\"https:\/\/quehacerpolitico.mx\/?p=129635\" \/>\n<meta property=\"og:locale\" content=\"es_MX\" \/>\n<meta property=\"og:type\" content=\"article\" \/>\n<meta property=\"og:title\" content=\"El aire que respiramos hoy en la CdMx: \u00bfQui\u00e9n circula y habr\u00e1 contingencia ambiental este jueves? -\" \/>\n<meta property=\"og:description\" content=\"Por Redacci\u00f3n QP Los altos niveles de ozono afectan la salud, por lo que la...\" \/>\n<meta property=\"og:url\" content=\"https:\/\/quehacerpolitico.mx\/?p=129635\" \/>\n<meta property=\"article:published_time\" content=\"2026-03-12T15:41:18+00:00\" \/>\n<meta property=\"article:modified_time\" content=\"2026-03-12T15:41:20+00:00\" \/>\n<meta property=\"og:image\" content=\"http:\/\/quehacerpolitico.mx\/wp-content\/uploads\/2026\/03\/IMG_7202.jpeg\" \/>\n\t<meta property=\"og:image:width\" content=\"1200\" \/>\n\t<meta property=\"og:image:height\" content=\"678\" \/>\n\t<meta property=\"og:image:type\" content=\"image\/jpeg\" \/>\n<meta name=\"author\" content=\"Redacci\u00f3n QP\" \/>\n<meta name=\"twitter:card\" content=\"summary_large_image\" \/>\n<meta name=\"twitter:label1\" content=\"Escrito por\" \/>\n\t<meta name=\"twitter:data1\" content=\"Redacci\u00f3n QP\" \/>\n\t<meta name=\"twitter:label2\" content=\"Tiempo de lectura\" \/>\n\t<meta name=\"twitter:data2\" content=\"3 minutos\" \/>\n<script type=\"application\/ld+json\" class=\"yoast-schema-graph\">{\"@context\":\"https:\\\/\\\/schema.org\",\"@graph\":[{\"@type\":\"Article\",\"@id\":\"https:\\\/\\\/quehacerpolitico.mx\\\/?p=129635#article\",\"isPartOf\":{\"@id\":\"https:\\\/\\\/quehacerpolitico.mx\\\/?p=129635\"},\"author\":{\"name\":\"Redacci\u00f3n QP\",\"@id\":\"https:\\\/\\\/quehacerpolitico.mx\\\/#\\\/schema\\\/person\\\/496d8ad2d1d3f8036101dca7ee39e585\"},\"headline\":\"El aire que respiramos hoy en la CdMx: \u00bfQui\u00e9n circula y habr\u00e1 contingencia ambiental este jueves?\",\"datePublished\":\"2026-03-12T15:41:18+00:00\",\"dateModified\":\"2026-03-12T15:41:20+00:00\",\"mainEntityOfPage\":{\"@id\":\"https:\\\/\\\/quehacerpolitico.mx\\\/?p=129635\"},\"wordCount\":547,\"commentCount\":0,\"image\":{\"@id\":\"https:\\\/\\\/quehacerpolitico.mx\\\/?p=129635#primaryimage\"},\"thumbnailUrl\":\"https:\\\/\\\/quehacerpolitico.mx\\\/wp-content\\\/uploads\\\/2026\\\/03\\\/IMG_7202.jpeg\",\"articleSection\":[\"CDMX\"],\"inLanguage\":\"es\",\"potentialAction\":[{\"@type\":\"CommentAction\",\"name\":\"Comment\",\"target\":[\"https:\\\/\\\/quehacerpolitico.mx\\\/?p=129635#respond\"]}]},{\"@type\":\"WebPage\",\"@id\":\"https:\\\/\\\/quehacerpolitico.mx\\\/?p=129635\",\"url\":\"https:\\\/\\\/quehacerpolitico.mx\\\/?p=129635\",\"name\":\"El aire que respiramos hoy en la CdMx: \u00bfQui\u00e9n circula y habr\u00e1 contingencia ambiental este jueves? -\",\"isPartOf\":{\"@id\":\"https:\\\/\\\/quehacerpolitico.mx\\\/#website\"},\"primaryImageOfPage\":{\"@id\":\"https:\\\/\\\/quehacerpolitico.mx\\\/?p=129635#primaryimage\"},\"image\":{\"@id\":\"https:\\\/\\\/quehacerpolitico.mx\\\/?p=129635#primaryimage\"},\"thumbnailUrl\":\"https:\\\/\\\/quehacerpolitico.mx\\\/wp-content\\\/uploads\\\/2026\\\/03\\\/IMG_7202.jpeg\",\"datePublished\":\"2026-03-12T15:41:18+00:00\",\"dateModified\":\"2026-03-12T15:41:20+00:00\",\"author\":{\"@id\":\"https:\\\/\\\/quehacerpolitico.mx\\\/#\\\/schema\\\/person\\\/496d8ad2d1d3f8036101dca7ee39e585\"},\"breadcrumb\":{\"@id\":\"https:\\\/\\\/quehacerpolitico.mx\\\/?p=129635#breadcrumb\"},\"inLanguage\":\"es\",\"potentialAction\":[{\"@type\":\"ReadAction\",\"target\":[\"https:\\\/\\\/quehacerpolitico.mx\\\/?p=129635\"]}]},{\"@type\":\"ImageObject\",\"inLanguage\":\"es\",\"@id\":\"https:\\\/\\\/quehacerpolitico.mx\\\/?p=129635#primaryimage\",\"url\":\"https:\\\/\\\/quehacerpolitico.mx\\\/wp-content\\\/uploads\\\/2026\\\/03\\\/IMG_7202.jpeg\",\"contentUrl\":\"https:\\\/\\\/quehacerpolitico.mx\\\/wp-content\\\/uploads\\\/2026\\\/03\\\/IMG_7202.jpeg\",\"width\":1200,\"height\":678},{\"@type\":\"BreadcrumbList\",\"@id\":\"https:\\\/\\\/quehacerpolitico.mx\\\/?p=129635#breadcrumb\",\"itemListElement\":[{\"@type\":\"ListItem\",\"position\":1,\"name\":\"Inicio\",\"item\":\"https:\\\/\\\/quehacerpolitico.mx\\\/\"},{\"@type\":\"ListItem\",\"position\":2,\"name\":\"El aire que respiramos hoy en la CdMx: \u00bfQui\u00e9n circula y habr\u00e1 contingencia ambiental este jueves?\"}]},{\"@type\":\"WebSite\",\"@id\":\"https:\\\/\\\/quehacerpolitico.mx\\\/#website\",\"url\":\"https:\\\/\\\/quehacerpolitico.mx\\\/\",\"name\":\"\",\"description\":\"\",\"potentialAction\":[{\"@type\":\"SearchAction\",\"target\":{\"@type\":\"EntryPoint\",\"urlTemplate\":\"https:\\\/\\\/quehacerpolitico.mx\\\/?s={search_term_string}\"},\"query-input\":{\"@type\":\"PropertyValueSpecification\",\"valueRequired\":true,\"valueName\":\"search_term_string\"}}],\"inLanguage\":\"es\"},{\"@type\":\"Person\",\"@id\":\"https:\\\/\\\/quehacerpolitico.mx\\\/#\\\/schema\\\/person\\\/496d8ad2d1d3f8036101dca7ee39e585\",\"name\":\"Redacci\u00f3n QP\",\"image\":{\"@type\":\"ImageObject\",\"inLanguage\":\"es\",\"@id\":\"https:\\\/\\\/secure.gravatar.com\\\/avatar\\\/c7164ed6fdec453195284ad24a5ae5b6e1eed2b848477fa2a4787ba9adf39a41?s=96&d=mm&r=g\",\"url\":\"https:\\\/\\\/secure.gravatar.com\\\/avatar\\\/c7164ed6fdec453195284ad24a5ae5b6e1eed2b848477fa2a4787ba9adf39a41?s=96&d=mm&r=g\",\"contentUrl\":\"https:\\\/\\\/secure.gravatar.com\\\/avatar\\\/c7164ed6fdec453195284ad24a5ae5b6e1eed2b848477fa2a4787ba9adf39a41?s=96&d=mm&r=g\",\"caption\":\"Redacci\u00f3n QP\"},\"url\":\"https:\\\/\\\/quehacerpolitico.mx\\\/?author=2\"}]}<\/script>\n<!-- \/ Yoast SEO plugin. -->","yoast_head_json":{"title":"El aire que respiramos hoy en la CdMx: \u00bfQui\u00e9n circula y habr\u00e1 contingencia ambiental este jueves? -","robots":{"index":"index","follow":"follow","max-snippet":"max-snippet:-1","max-image-preview":"max-image-preview:large","max-video-preview":"max-video-preview:-1"},"canonical":"https:\/\/quehacerpolitico.mx\/?p=129635","og_locale":"es_MX","og_type":"article","og_title":"El aire que respiramos hoy en la CdMx: \u00bfQui\u00e9n circula y habr\u00e1 contingencia ambiental este jueves? -","og_description":"Por Redacci\u00f3n QP Los altos niveles de ozono afectan la salud, por lo que la...","og_url":"https:\/\/quehacerpolitico.mx\/?p=129635","article_published_time":"2026-03-12T15:41:18+00:00","article_modified_time":"2026-03-12T15:41:20+00:00","og_image":[{"width":1200,"height":678,"url":"http:\/\/quehacerpolitico.mx\/wp-content\/uploads\/2026\/03\/IMG_7202.jpeg","type":"image\/jpeg"}],"author":"Redacci\u00f3n QP","twitter_card":"summary_large_image","twitter_misc":{"Escrito por":"Redacci\u00f3n QP","Tiempo de lectura":"3 minutos"},"schema":{"@context":"https:\/\/schema.org","@graph":[{"@type":"Article","@id":"https:\/\/quehacerpolitico.mx\/?p=129635#article","isPartOf":{"@id":"https:\/\/quehacerpolitico.mx\/?p=129635"},"author":{"name":"Redacci\u00f3n QP","@id":"https:\/\/quehacerpolitico.mx\/#\/schema\/person\/496d8ad2d1d3f8036101dca7ee39e585"},"headline":"El aire que respiramos hoy en la CdMx: \u00bfQui\u00e9n circula y habr\u00e1 contingencia ambiental este jueves?","datePublished":"2026-03-12T15:41:18+00:00","dateModified":"2026-03-12T15:41:20+00:00","mainEntityOfPage":{"@id":"https:\/\/quehacerpolitico.mx\/?p=129635"},"wordCount":547,"commentCount":0,"image":{"@id":"https:\/\/quehacerpolitico.mx\/?p=129635#primaryimage"},"thumbnailUrl":"https:\/\/quehacerpolitico.mx\/wp-content\/uploads\/2026\/03\/IMG_7202.jpeg","articleSection":["CDMX"],"inLanguage":"es","potentialAction":[{"@type":"CommentAction","name":"Comment","target":["https:\/\/quehacerpolitico.mx\/?p=129635#respond"]}]},{"@type":"WebPage","@id":"https:\/\/quehacerpolitico.mx\/?p=129635","url":"https:\/\/quehacerpolitico.mx\/?p=129635","name":"El aire que respiramos hoy en la CdMx: \u00bfQui\u00e9n circula y habr\u00e1 contingencia ambiental este jueves? -","isPartOf":{"@id":"https:\/\/quehacerpolitico.mx\/#website"},"primaryImageOfPage":{"@id":"https:\/\/quehacerpolitico.mx\/?p=129635#primaryimage"},"image":{"@id":"https:\/\/quehacerpolitico.mx\/?p=129635#primaryimage"},"thumbnailUrl":"https:\/\/quehacerpolitico.mx\/wp-content\/uploads\/2026\/03\/IMG_7202.jpeg","datePublished":"2026-03-12T15:41:18+00:00","dateModified":"2026-03-12T15:41:20+00:00","author":{"@id":"https:\/\/quehacerpolitico.mx\/#\/schema\/person\/496d8ad2d1d3f8036101dca7ee39e585"},"breadcrumb":{"@id":"https:\/\/quehacerpolitico.mx\/?p=129635#breadcrumb"},"inLanguage":"es","potentialAction":[{"@type":"ReadAction","target":["https:\/\/quehacerpolitico.mx\/?p=129635"]}]},{"@type":"ImageObject","inLanguage":"es","@id":"https:\/\/quehacerpolitico.mx\/?p=129635#primaryimage","url":"https:\/\/quehacerpolitico.mx\/wp-content\/uploads\/2026\/03\/IMG_7202.jpeg","contentUrl":"https:\/\/quehacerpolitico.mx\/wp-content\/uploads\/2026\/03\/IMG_7202.jpeg","width":1200,"height":678},{"@type":"BreadcrumbList","@id":"https:\/\/quehacerpolitico.mx\/?p=129635#breadcrumb","itemListElement":[{"@type":"ListItem","position":1,"name":"Inicio","item":"https:\/\/quehacerpolitico.mx\/"},{"@type":"ListItem","position":2,"name":"El aire que respiramos hoy en la CdMx: \u00bfQui\u00e9n circula y habr\u00e1 contingencia ambiental este jueves?"}]},{"@type":"WebSite","@id":"https:\/\/quehacerpolitico.mx\/#website","url":"https:\/\/quehacerpolitico.mx\/","name":"","description":"","potentialAction":[{"@type":"SearchAction","target":{"@type":"EntryPoint","urlTemplate":"https:\/\/quehacerpolitico.mx\/?s={search_term_string}"},"query-input":{"@type":"PropertyValueSpecification","valueRequired":true,"valueName":"search_term_string"}}],"inLanguage":"es"},{"@type":"Person","@id":"https:\/\/quehacerpolitico.mx\/#\/schema\/person\/496d8ad2d1d3f8036101dca7ee39e585","name":"Redacci\u00f3n QP","image":{"@type":"ImageObject","inLanguage":"es","@id":"https:\/\/secure.gravatar.com\/avatar\/c7164ed6fdec453195284ad24a5ae5b6e1eed2b848477fa2a4787ba9adf39a41?s=96&d=mm&r=g","url":"https:\/\/secure.gravatar.com\/avatar\/c7164ed6fdec453195284ad24a5ae5b6e1eed2b848477fa2a4787ba9adf39a41?s=96&d=mm&r=g","contentUrl":"https:\/\/secure.gravatar.com\/avatar\/c7164ed6fdec453195284ad24a5ae5b6e1eed2b848477fa2a4787ba9adf39a41?s=96&d=mm&r=g","caption":"Redacci\u00f3n QP"},"url":"https:\/\/quehacerpolitico.mx\/?author=2"}]}},"featured_image_urls":{"full":["https:\/\/quehacerpolitico.mx\/wp-content\/uploads\/2026\/03\/IMG_7202.jpeg",1200,678,false],"thumbnail":["https:\/\/quehacerpolitico.mx\/wp-content\/uploads\/2026\/03\/IMG_7202-150x150.jpeg",150,150,true],"medium":["https:\/\/quehacerpolitico.mx\/wp-content\/uploads\/2026\/03\/IMG_7202-300x170.jpeg",300,170,true],"medium_large":["https:\/\/quehacerpolitico.mx\/wp-content\/uploads\/2026\/03\/IMG_7202-768x434.jpeg",640,362,true],"large":["https:\/\/quehacerpolitico.mx\/wp-content\/uploads\/2026\/03\/IMG_7202-1024x579.jpeg",640,362,true],"1536x1536":["https:\/\/quehacerpolitico.mx\/wp-content\/uploads\/2026\/03\/IMG_7202.jpeg",1200,678,false],"2048x2048":["https:\/\/quehacerpolitico.mx\/wp-content\/uploads\/2026\/03\/IMG_7202.jpeg",1200,678,false],"covernews-featured":["https:\/\/quehacerpolitico.mx\/wp-content\/uploads\/2026\/03\/IMG_7202-1024x579.jpeg",1024,579,true],"covernews-medium":["https:\/\/quehacerpolitico.mx\/wp-content\/uploads\/2026\/03\/IMG_7202-540x340.jpeg",540,340,true]},"author_info":{"display_name":"Redacci\u00f3n QP","author_link":"https:\/\/quehacerpolitico.mx\/?author=2"},"category_info":"<a href=\"https:\/\/quehacerpolitico.mx\/?cat=55\" rel=\"category\">CDMX<\/a>","tag_info":"CDMX","comment_count":"0","_links":{"self":[{"href":"https:\/\/quehacerpolitico.mx\/index.php?rest_route=\/wp\/v2\/posts\/129635","targetHints":{"allow":["GET"]}}],"collection":[{"href":"https:\/\/quehacerpolitico.mx\/index.php?rest_route=\/wp\/v2\/posts"}],"about":[{"href":"https:\/\/quehacerpolitico.mx\/index.php?rest_route=\/wp\/v2\/types\/post"}],"author":[{"embeddable":true,"href":"https:\/\/quehacerpolitico.mx\/index.php?rest_route=\/wp\/v2\/users\/2"}],"replies":[{"embeddable":true,"href":"https:\/\/quehacerpolitico.mx\/index.php?rest_route=%2Fwp%2Fv2%2Fcomments&post=129635"}],"version-history":[{"count":1,"href":"https:\/\/quehacerpolitico.mx\/index.php?rest_route=\/wp\/v2\/posts\/129635\/revisions"}],"predecessor-version":[{"id":129637,"href":"https:\/\/quehacerpolitico.mx\/index.php?rest_route=\/wp\/v2\/posts\/129635\/revisions\/129637"}],"wp:featuredmedia":[{"embeddable":true,"href":"https:\/\/quehacerpolitico.mx\/index.php?rest_route=\/wp\/v2\/media\/129636"}],"wp:attachment":[{"href":"https:\/\/quehacerpolitico.mx\/index.php?rest_route=%2Fwp%2Fv2%2Fmedia&parent=129635"}],"wp:term":[{"taxonomy":"category","embeddable":true,"href":"https:\/\/quehacerpolitico.mx\/index.php?rest_route=%2Fwp%2Fv2%2Fcategories&post=129635"},{"taxonomy":"post_tag","embeddable":true,"href":"https:\/\/quehacerpolitico.mx\/index.php?rest_route=%2Fwp%2Fv2%2Ftags&post=129635"}],"curies":[{"name":"wp","href":"https:\/\/api.w.org\/{rel}","templated":true}]}}