{"id":129611,"date":"2026-03-11T15:05:12","date_gmt":"2026-03-11T21:05:12","guid":{"rendered":"https:\/\/quehacerpolitico.mx\/?p=129611"},"modified":"2026-03-11T15:05:15","modified_gmt":"2026-03-11T21:05:15","slug":"diputados-desechan-la-reforma-electoral-de-sheinbaum-morena-se-queda-sin-el-respaldo-del-pt-y-pvem","status":"publish","type":"post","link":"https:\/\/quehacerpolitico.mx\/?p=129611","title":{"rendered":"Diputados desechan la reforma electoral de Sheinbaum; Morena se queda sin el respaldo del PT y PVEM"},"content":{"rendered":"\n<p>Por Redacci\u00f3n QP<\/p>\n\n\n\n<p>La iniciativa no alcanz\u00f3 la mayor\u00eda calificada necesaria para hacer cambios constitucionales; obtuvo los 253 votos de la bancada morenista<\/p>\n\n\n\n<p>La&nbsp;<strong>reforma electoral<\/strong>&nbsp;de la presidenta Claudia Sheinbaum fue desechada este mi\u00e9rcoles al no alcanzar la mayor\u00eda calificada&nbsp;del pleno de la&nbsp;<strong>C\u00e1mara de Diputados.&nbsp;<\/strong><\/p>\n\n\n\n<p>Tras no haber debatido durante la sesi\u00f3n, la iniciativa de la mandataria obtuvo 259&nbsp;votos de la bancada de Morena y de algunos diputados del Partido Verde Ecologista de M\u00e9xico, lo que no bast\u00f3 para llegar a los&nbsp;de 334 sufragios a favor&nbsp;para hacer&nbsp;<strong>reformas constitucionales.<\/strong><\/p>\n\n\n\n<p>Las bancadas del PAN, PRI, Movimiento Ciudadano, as\u00ed como los aliados de la 4T, PT y PVEM<strong>&nbsp;votaron en contra<\/strong>, sumando 234 votos y una abstenci\u00f3n.<\/p>\n\n\n\n<figure class=\"wp-block-embed is-type-rich is-provider-twitter wp-block-embed-twitter\"><div class=\"wp-block-embed__wrapper\">\n<blockquote class=\"twitter-tweet\" data-width=\"550\" data-dnt=\"true\"><p lang=\"es\" dir=\"ltr\">\ud83d\udea8<a href=\"https:\/\/twitter.com\/hashtag\/%C3%9AltimaHora?src=hash&amp;ref_src=twsrc%5Etfw\">#\u00daltimaHora<\/a> | \u201cNo hay mayor\u00eda calificada\u201d: el pleno de la C\u00e1mara de Diputados rechaza la iniciativa presidencial de reforma electoral.<br><br>259 votos en pro, 234 en contra y 1 abstenci\u00f3n<br><br>&quot;Se desecha el proyecto de decreto enviado por la Presidencia de la Rep\u00fablica&quot;, anuncia\u2026 <a href=\"https:\/\/t.co\/KqkGNNpBD5\">pic.twitter.com\/KqkGNNpBD5<\/a><\/p>&mdash; Azucena Uresti (@azucenau) <a href=\"https:\/\/twitter.com\/azucenau\/status\/2031830119577276867?ref_src=twsrc%5Etfw\">March 11, 2026<\/a><\/blockquote><script async src=\"https:\/\/platform.twitter.com\/widgets.js\" charset=\"utf-8\"><\/script>\n<\/div><\/figure>\n\n\n\n<p>Los militantes del PVEM que votaron a favor del dictamen fueron&nbsp;Denisse Guzman Gonz\u00e1lez, Blanca Hern\u00e1ndez Rodr\u00edguez, Hilda Licerio Valdes, Mario L\u00f3pez Hern\u00e1ndez, Iv\u00e1n Rangel Marin, Alejandro P\u00e9rez Cuellar, Anabel D\u00edaz Acosta, Jos\u00e9 Brana Mojica, Carlos Canturosas, Manuel Cota C\u00e1rdenas y Ruth Maricela Silva.<\/p>\n\n\n\n<p>Por su parte, el PT abon\u00f3 un voto a favor, con el sufragio de Jes\u00fas Roberto Corral.<\/p>\n\n\n\n<figure class=\"wp-block-gallery has-nested-images columns-default is-cropped wp-block-gallery-1 is-layout-flex wp-block-gallery-is-layout-flex\">\n<figure class=\"wp-block-image size-large\"><img loading=\"lazy\" decoding=\"async\" width=\"768\" height=\"1024\" data-id=\"129612\" src=\"https:\/\/quehacerpolitico.mx\/wp-content\/uploads\/2026\/03\/IMG_7188-768x1024.jpeg\" alt=\"\" class=\"wp-image-129612\" srcset=\"https:\/\/quehacerpolitico.mx\/wp-content\/uploads\/2026\/03\/IMG_7188-768x1024.jpeg 768w, https:\/\/quehacerpolitico.mx\/wp-content\/uploads\/2026\/03\/IMG_7188-225x300.jpeg 225w, https:\/\/quehacerpolitico.mx\/wp-content\/uploads\/2026\/03\/IMG_7188-1152x1536.jpeg 1152w, https:\/\/quehacerpolitico.mx\/wp-content\/uploads\/2026\/03\/IMG_7188-1024x1365.jpeg 1024w, https:\/\/quehacerpolitico.mx\/wp-content\/uploads\/2026\/03\/IMG_7188.jpeg 1536w\" sizes=\"auto, (max-width: 768px) 100vw, 768px\" \/><\/figure>\n\n\n\n<figure class=\"wp-block-image size-large\"><img loading=\"lazy\" decoding=\"async\" width=\"768\" height=\"1024\" data-id=\"129613\" src=\"https:\/\/quehacerpolitico.mx\/wp-content\/uploads\/2026\/03\/IMG_7187-768x1024.jpeg\" alt=\"\" class=\"wp-image-129613\" srcset=\"https:\/\/quehacerpolitico.mx\/wp-content\/uploads\/2026\/03\/IMG_7187-768x1024.jpeg 768w, https:\/\/quehacerpolitico.mx\/wp-content\/uploads\/2026\/03\/IMG_7187-225x300.jpeg 225w, https:\/\/quehacerpolitico.mx\/wp-content\/uploads\/2026\/03\/IMG_7187-1152x1536.jpeg 1152w, https:\/\/quehacerpolitico.mx\/wp-content\/uploads\/2026\/03\/IMG_7187-1024x1365.jpeg 1024w, https:\/\/quehacerpolitico.mx\/wp-content\/uploads\/2026\/03\/IMG_7187.jpeg 1536w\" sizes=\"auto, (max-width: 768px) 100vw, 768px\" \/><\/figure>\n<\/figure>\n\n\n\n<p>La sesi\u00f3n estuvo marcada por los pronunciamientos de los coordinadores parlamentarios en&nbsp;tribuna para<strong>&nbsp;fijar posutra sobre el dictamen&nbsp;<\/strong>de la reforma electoral promovida por la presidenta.<\/p>\n\n\n\n<p>El coordinador Morenista, Ricardo Monreal hizo un llamado a la unidad de sus aliados, a reactivar la agenda legislativa y<strong>&nbsp;cerrar filas con miras a las elecciones<\/strong>&nbsp;del 2027 y el 2030.<\/p>\n\n\n\n<p><em>Informaci\u00f3n en desarrollo\u2026<\/em><\/p>\n","protected":false},"excerpt":{"rendered":"<p>Por Redacci\u00f3n QP La iniciativa no alcanz\u00f3 la mayor\u00eda calificada necesaria para hacer cambios constitucionales;&#8230;<\/p>\n","protected":false},"author":2,"featured_media":129614,"comment_status":"open","ping_status":"open","sticky":false,"template":"","format":"standard","meta":{"_monsterinsights_skip_tracking":false,"_monsterinsights_sitenote_active":false,"_monsterinsights_sitenote_note":"","_monsterinsights_sitenote_category":0,"footnotes":""},"categories":[280,2],"tags":[],"class_list":["post-129611","post","type-post","status-publish","format-standard","has-post-thumbnail","hentry","category-nacionales","category-noticias"],"yoast_head":"<!-- This site is optimized with the Yoast SEO plugin v27.3 - https:\/\/yoast.com\/product\/yoast-seo-wordpress\/ -->\n<title>Diputados desechan la reforma electoral de Sheinbaum; Morena se queda sin el respaldo del PT y PVEM -<\/title>\n<meta name=\"robots\" content=\"index, follow, max-snippet:-1, max-image-preview:large, max-video-preview:-1\" \/>\n<link rel=\"canonical\" href=\"https:\/\/quehacerpolitico.mx\/?p=129611\" \/>\n<meta property=\"og:locale\" content=\"es_MX\" \/>\n<meta property=\"og:type\" content=\"article\" \/>\n<meta property=\"og:title\" content=\"Diputados desechan la reforma electoral de Sheinbaum; Morena se queda sin el respaldo del PT y PVEM -\" \/>\n<meta property=\"og:description\" content=\"Por Redacci\u00f3n QP La iniciativa no alcanz\u00f3 la mayor\u00eda calificada necesaria para hacer cambios constitucionales;...\" \/>\n<meta property=\"og:url\" content=\"https:\/\/quehacerpolitico.mx\/?p=129611\" \/>\n<meta property=\"article:published_time\" content=\"2026-03-11T21:05:12+00:00\" \/>\n<meta property=\"article:modified_time\" content=\"2026-03-11T21:05:15+00:00\" \/>\n<meta property=\"og:image\" content=\"http:\/\/quehacerpolitico.mx\/wp-content\/uploads\/2026\/03\/IMG_7186.jpeg\" \/>\n\t<meta property=\"og:image:width\" content=\"1920\" \/>\n\t<meta property=\"og:image:height\" content=\"1281\" \/>\n\t<meta property=\"og:image:type\" content=\"image\/jpeg\" \/>\n<meta name=\"author\" content=\"Redacci\u00f3n QP\" \/>\n<meta name=\"twitter:card\" content=\"summary_large_image\" \/>\n<meta name=\"twitter:label1\" content=\"Escrito por\" \/>\n\t<meta name=\"twitter:data1\" content=\"Redacci\u00f3n QP\" \/>\n\t<meta name=\"twitter:label2\" content=\"Tiempo de lectura\" \/>\n\t<meta name=\"twitter:data2\" content=\"2 minutos\" \/>\n<script type=\"application\/ld+json\" class=\"yoast-schema-graph\">{\"@context\":\"https:\\\/\\\/schema.org\",\"@graph\":[{\"@type\":\"Article\",\"@id\":\"https:\\\/\\\/quehacerpolitico.mx\\\/?p=129611#article\",\"isPartOf\":{\"@id\":\"https:\\\/\\\/quehacerpolitico.mx\\\/?p=129611\"},\"author\":{\"name\":\"Redacci\u00f3n QP\",\"@id\":\"https:\\\/\\\/quehacerpolitico.mx\\\/#\\\/schema\\\/person\\\/496d8ad2d1d3f8036101dca7ee39e585\"},\"headline\":\"Diputados desechan la reforma electoral de Sheinbaum; Morena se queda sin el respaldo del PT y PVEM\",\"datePublished\":\"2026-03-11T21:05:12+00:00\",\"dateModified\":\"2026-03-11T21:05:15+00:00\",\"mainEntityOfPage\":{\"@id\":\"https:\\\/\\\/quehacerpolitico.mx\\\/?p=129611\"},\"wordCount\":297,\"commentCount\":0,\"image\":{\"@id\":\"https:\\\/\\\/quehacerpolitico.mx\\\/?p=129611#primaryimage\"},\"thumbnailUrl\":\"https:\\\/\\\/quehacerpolitico.mx\\\/wp-content\\\/uploads\\\/2026\\\/03\\\/IMG_7186.jpeg\",\"articleSection\":[\"Nacionales\",\"Noticias\"],\"inLanguage\":\"es\",\"potentialAction\":[{\"@type\":\"CommentAction\",\"name\":\"Comment\",\"target\":[\"https:\\\/\\\/quehacerpolitico.mx\\\/?p=129611#respond\"]}]},{\"@type\":\"WebPage\",\"@id\":\"https:\\\/\\\/quehacerpolitico.mx\\\/?p=129611\",\"url\":\"https:\\\/\\\/quehacerpolitico.mx\\\/?p=129611\",\"name\":\"Diputados desechan la reforma electoral de Sheinbaum; Morena se queda sin el respaldo del PT y PVEM -\",\"isPartOf\":{\"@id\":\"https:\\\/\\\/quehacerpolitico.mx\\\/#website\"},\"primaryImageOfPage\":{\"@id\":\"https:\\\/\\\/quehacerpolitico.mx\\\/?p=129611#primaryimage\"},\"image\":{\"@id\":\"https:\\\/\\\/quehacerpolitico.mx\\\/?p=129611#primaryimage\"},\"thumbnailUrl\":\"https:\\\/\\\/quehacerpolitico.mx\\\/wp-content\\\/uploads\\\/2026\\\/03\\\/IMG_7186.jpeg\",\"datePublished\":\"2026-03-11T21:05:12+00:00\",\"dateModified\":\"2026-03-11T21:05:15+00:00\",\"author\":{\"@id\":\"https:\\\/\\\/quehacerpolitico.mx\\\/#\\\/schema\\\/person\\\/496d8ad2d1d3f8036101dca7ee39e585\"},\"breadcrumb\":{\"@id\":\"https:\\\/\\\/quehacerpolitico.mx\\\/?p=129611#breadcrumb\"},\"inLanguage\":\"es\",\"potentialAction\":[{\"@type\":\"ReadAction\",\"target\":[\"https:\\\/\\\/quehacerpolitico.mx\\\/?p=129611\"]}]},{\"@type\":\"ImageObject\",\"inLanguage\":\"es\",\"@id\":\"https:\\\/\\\/quehacerpolitico.mx\\\/?p=129611#primaryimage\",\"url\":\"https:\\\/\\\/quehacerpolitico.mx\\\/wp-content\\\/uploads\\\/2026\\\/03\\\/IMG_7186.jpeg\",\"contentUrl\":\"https:\\\/\\\/quehacerpolitico.mx\\\/wp-content\\\/uploads\\\/2026\\\/03\\\/IMG_7186.jpeg\",\"width\":1920,\"height\":1281},{\"@type\":\"BreadcrumbList\",\"@id\":\"https:\\\/\\\/quehacerpolitico.mx\\\/?p=129611#breadcrumb\",\"itemListElement\":[{\"@type\":\"ListItem\",\"position\":1,\"name\":\"Inicio\",\"item\":\"https:\\\/\\\/quehacerpolitico.mx\\\/\"},{\"@type\":\"ListItem\",\"position\":2,\"name\":\"Diputados desechan la reforma electoral de Sheinbaum; Morena se queda sin el respaldo del PT y PVEM\"}]},{\"@type\":\"WebSite\",\"@id\":\"https:\\\/\\\/quehacerpolitico.mx\\\/#website\",\"url\":\"https:\\\/\\\/quehacerpolitico.mx\\\/\",\"name\":\"\",\"description\":\"\",\"potentialAction\":[{\"@type\":\"SearchAction\",\"target\":{\"@type\":\"EntryPoint\",\"urlTemplate\":\"https:\\\/\\\/quehacerpolitico.mx\\\/?s={search_term_string}\"},\"query-input\":{\"@type\":\"PropertyValueSpecification\",\"valueRequired\":true,\"valueName\":\"search_term_string\"}}],\"inLanguage\":\"es\"},{\"@type\":\"Person\",\"@id\":\"https:\\\/\\\/quehacerpolitico.mx\\\/#\\\/schema\\\/person\\\/496d8ad2d1d3f8036101dca7ee39e585\",\"name\":\"Redacci\u00f3n QP\",\"image\":{\"@type\":\"ImageObject\",\"inLanguage\":\"es\",\"@id\":\"https:\\\/\\\/secure.gravatar.com\\\/avatar\\\/c7164ed6fdec453195284ad24a5ae5b6e1eed2b848477fa2a4787ba9adf39a41?s=96&d=mm&r=g\",\"url\":\"https:\\\/\\\/secure.gravatar.com\\\/avatar\\\/c7164ed6fdec453195284ad24a5ae5b6e1eed2b848477fa2a4787ba9adf39a41?s=96&d=mm&r=g\",\"contentUrl\":\"https:\\\/\\\/secure.gravatar.com\\\/avatar\\\/c7164ed6fdec453195284ad24a5ae5b6e1eed2b848477fa2a4787ba9adf39a41?s=96&d=mm&r=g\",\"caption\":\"Redacci\u00f3n QP\"},\"url\":\"https:\\\/\\\/quehacerpolitico.mx\\\/?author=2\"}]}<\/script>\n<!-- \/ Yoast SEO plugin. -->","yoast_head_json":{"title":"Diputados desechan la reforma electoral de Sheinbaum; Morena se queda sin el respaldo del PT y PVEM -","robots":{"index":"index","follow":"follow","max-snippet":"max-snippet:-1","max-image-preview":"max-image-preview:large","max-video-preview":"max-video-preview:-1"},"canonical":"https:\/\/quehacerpolitico.mx\/?p=129611","og_locale":"es_MX","og_type":"article","og_title":"Diputados desechan la reforma electoral de Sheinbaum; Morena se queda sin el respaldo del PT y PVEM -","og_description":"Por Redacci\u00f3n QP La iniciativa no alcanz\u00f3 la mayor\u00eda calificada necesaria para hacer cambios constitucionales;...","og_url":"https:\/\/quehacerpolitico.mx\/?p=129611","article_published_time":"2026-03-11T21:05:12+00:00","article_modified_time":"2026-03-11T21:05:15+00:00","og_image":[{"width":1920,"height":1281,"url":"http:\/\/quehacerpolitico.mx\/wp-content\/uploads\/2026\/03\/IMG_7186.jpeg","type":"image\/jpeg"}],"author":"Redacci\u00f3n QP","twitter_card":"summary_large_image","twitter_misc":{"Escrito por":"Redacci\u00f3n QP","Tiempo de lectura":"2 minutos"},"schema":{"@context":"https:\/\/schema.org","@graph":[{"@type":"Article","@id":"https:\/\/quehacerpolitico.mx\/?p=129611#article","isPartOf":{"@id":"https:\/\/quehacerpolitico.mx\/?p=129611"},"author":{"name":"Redacci\u00f3n QP","@id":"https:\/\/quehacerpolitico.mx\/#\/schema\/person\/496d8ad2d1d3f8036101dca7ee39e585"},"headline":"Diputados desechan la reforma electoral de Sheinbaum; Morena se queda sin el respaldo del PT y PVEM","datePublished":"2026-03-11T21:05:12+00:00","dateModified":"2026-03-11T21:05:15+00:00","mainEntityOfPage":{"@id":"https:\/\/quehacerpolitico.mx\/?p=129611"},"wordCount":297,"commentCount":0,"image":{"@id":"https:\/\/quehacerpolitico.mx\/?p=129611#primaryimage"},"thumbnailUrl":"https:\/\/quehacerpolitico.mx\/wp-content\/uploads\/2026\/03\/IMG_7186.jpeg","articleSection":["Nacionales","Noticias"],"inLanguage":"es","potentialAction":[{"@type":"CommentAction","name":"Comment","target":["https:\/\/quehacerpolitico.mx\/?p=129611#respond"]}]},{"@type":"WebPage","@id":"https:\/\/quehacerpolitico.mx\/?p=129611","url":"https:\/\/quehacerpolitico.mx\/?p=129611","name":"Diputados desechan la reforma electoral de Sheinbaum; Morena se queda sin el respaldo del PT y PVEM -","isPartOf":{"@id":"https:\/\/quehacerpolitico.mx\/#website"},"primaryImageOfPage":{"@id":"https:\/\/quehacerpolitico.mx\/?p=129611#primaryimage"},"image":{"@id":"https:\/\/quehacerpolitico.mx\/?p=129611#primaryimage"},"thumbnailUrl":"https:\/\/quehacerpolitico.mx\/wp-content\/uploads\/2026\/03\/IMG_7186.jpeg","datePublished":"2026-03-11T21:05:12+00:00","dateModified":"2026-03-11T21:05:15+00:00","author":{"@id":"https:\/\/quehacerpolitico.mx\/#\/schema\/person\/496d8ad2d1d3f8036101dca7ee39e585"},"breadcrumb":{"@id":"https:\/\/quehacerpolitico.mx\/?p=129611#breadcrumb"},"inLanguage":"es","potentialAction":[{"@type":"ReadAction","target":["https:\/\/quehacerpolitico.mx\/?p=129611"]}]},{"@type":"ImageObject","inLanguage":"es","@id":"https:\/\/quehacerpolitico.mx\/?p=129611#primaryimage","url":"https:\/\/quehacerpolitico.mx\/wp-content\/uploads\/2026\/03\/IMG_7186.jpeg","contentUrl":"https:\/\/quehacerpolitico.mx\/wp-content\/uploads\/2026\/03\/IMG_7186.jpeg","width":1920,"height":1281},{"@type":"BreadcrumbList","@id":"https:\/\/quehacerpolitico.mx\/?p=129611#breadcrumb","itemListElement":[{"@type":"ListItem","position":1,"name":"Inicio","item":"https:\/\/quehacerpolitico.mx\/"},{"@type":"ListItem","position":2,"name":"Diputados desechan la reforma electoral de Sheinbaum; Morena se queda sin el respaldo del PT y PVEM"}]},{"@type":"WebSite","@id":"https:\/\/quehacerpolitico.mx\/#website","url":"https:\/\/quehacerpolitico.mx\/","name":"","description":"","potentialAction":[{"@type":"SearchAction","target":{"@type":"EntryPoint","urlTemplate":"https:\/\/quehacerpolitico.mx\/?s={search_term_string}"},"query-input":{"@type":"PropertyValueSpecification","valueRequired":true,"valueName":"search_term_string"}}],"inLanguage":"es"},{"@type":"Person","@id":"https:\/\/quehacerpolitico.mx\/#\/schema\/person\/496d8ad2d1d3f8036101dca7ee39e585","name":"Redacci\u00f3n QP","image":{"@type":"ImageObject","inLanguage":"es","@id":"https:\/\/secure.gravatar.com\/avatar\/c7164ed6fdec453195284ad24a5ae5b6e1eed2b848477fa2a4787ba9adf39a41?s=96&d=mm&r=g","url":"https:\/\/secure.gravatar.com\/avatar\/c7164ed6fdec453195284ad24a5ae5b6e1eed2b848477fa2a4787ba9adf39a41?s=96&d=mm&r=g","contentUrl":"https:\/\/secure.gravatar.com\/avatar\/c7164ed6fdec453195284ad24a5ae5b6e1eed2b848477fa2a4787ba9adf39a41?s=96&d=mm&r=g","caption":"Redacci\u00f3n QP"},"url":"https:\/\/quehacerpolitico.mx\/?author=2"}]}},"featured_image_urls":{"full":["https:\/\/quehacerpolitico.mx\/wp-content\/uploads\/2026\/03\/IMG_7186.jpeg",1920,1281,false],"thumbnail":["https:\/\/quehacerpolitico.mx\/wp-content\/uploads\/2026\/03\/IMG_7186-150x150.jpeg",150,150,true],"medium":["https:\/\/quehacerpolitico.mx\/wp-content\/uploads\/2026\/03\/IMG_7186-300x200.jpeg",300,200,true],"medium_large":["https:\/\/quehacerpolitico.mx\/wp-content\/uploads\/2026\/03\/IMG_7186-768x512.jpeg",640,427,true],"large":["https:\/\/quehacerpolitico.mx\/wp-content\/uploads\/2026\/03\/IMG_7186-1024x683.jpeg",640,427,true],"1536x1536":["https:\/\/quehacerpolitico.mx\/wp-content\/uploads\/2026\/03\/IMG_7186-1536x1025.jpeg",1536,1025,true],"2048x2048":["https:\/\/quehacerpolitico.mx\/wp-content\/uploads\/2026\/03\/IMG_7186.jpeg",1920,1281,false],"covernews-featured":["https:\/\/quehacerpolitico.mx\/wp-content\/uploads\/2026\/03\/IMG_7186-1024x683.jpeg",1024,683,true],"covernews-medium":["https:\/\/quehacerpolitico.mx\/wp-content\/uploads\/2026\/03\/IMG_7186-540x340.jpeg",540,340,true]},"author_info":{"display_name":"Redacci\u00f3n QP","author_link":"https:\/\/quehacerpolitico.mx\/?author=2"},"category_info":"<a href=\"https:\/\/quehacerpolitico.mx\/?cat=280\" rel=\"category\">Nacionales<\/a> <a href=\"https:\/\/quehacerpolitico.mx\/?cat=2\" rel=\"category\">Noticias<\/a>","tag_info":"Noticias","comment_count":"0","_links":{"self":[{"href":"https:\/\/quehacerpolitico.mx\/index.php?rest_route=\/wp\/v2\/posts\/129611","targetHints":{"allow":["GET"]}}],"collection":[{"href":"https:\/\/quehacerpolitico.mx\/index.php?rest_route=\/wp\/v2\/posts"}],"about":[{"href":"https:\/\/quehacerpolitico.mx\/index.php?rest_route=\/wp\/v2\/types\/post"}],"author":[{"embeddable":true,"href":"https:\/\/quehacerpolitico.mx\/index.php?rest_route=\/wp\/v2\/users\/2"}],"replies":[{"embeddable":true,"href":"https:\/\/quehacerpolitico.mx\/index.php?rest_route=%2Fwp%2Fv2%2Fcomments&post=129611"}],"version-history":[{"count":1,"href":"https:\/\/quehacerpolitico.mx\/index.php?rest_route=\/wp\/v2\/posts\/129611\/revisions"}],"predecessor-version":[{"id":129615,"href":"https:\/\/quehacerpolitico.mx\/index.php?rest_route=\/wp\/v2\/posts\/129611\/revisions\/129615"}],"wp:featuredmedia":[{"embeddable":true,"href":"https:\/\/quehacerpolitico.mx\/index.php?rest_route=\/wp\/v2\/media\/129614"}],"wp:attachment":[{"href":"https:\/\/quehacerpolitico.mx\/index.php?rest_route=%2Fwp%2Fv2%2Fmedia&parent=129611"}],"wp:term":[{"taxonomy":"category","embeddable":true,"href":"https:\/\/quehacerpolitico.mx\/index.php?rest_route=%2Fwp%2Fv2%2Fcategories&post=129611"},{"taxonomy":"post_tag","embeddable":true,"href":"https:\/\/quehacerpolitico.mx\/index.php?rest_route=%2Fwp%2Fv2%2Ftags&post=129611"}],"curies":[{"name":"wp","href":"https:\/\/api.w.org\/{rel}","templated":true}]}}