{"id":129608,"date":"2026-03-11T14:39:57","date_gmt":"2026-03-11T20:39:57","guid":{"rendered":"https:\/\/quehacerpolitico.mx\/?p=129608"},"modified":"2026-03-11T14:40:01","modified_gmt":"2026-03-11T20:40:01","slug":"la-compositora-mexicana-gabriela-ortiz-llevara-dos-obras-ganadoras-del-grammy-al-festival-de-edimburgo","status":"publish","type":"post","link":"https:\/\/quehacerpolitico.mx\/?p=129608","title":{"rendered":"La compositora mexicana Gabriela Ortiz llevar\u00e1 dos obras ganadoras del Grammy al Festival de Edimburgo"},"content":{"rendered":"\n<p>Por Redacci\u00f3n QP<\/p>\n\n\n\n<p>La Filarm\u00f3nica de Los Angeles tocar\u00e1 &#8220;Revoluci\u00f3n diamantina&#8221;, sobre las manifestaciones feministas de las mexicanas,&nbsp;y la Sinf\u00f3nica de Montreal har\u00e1 &#8220;Dzonot&#8221;, dedicada a la ecolog\u00eda de la pen\u00ednsula de Yucat\u00e1n; ambas obras han sido premiadas con el Grammy<\/p>\n\n\n\n<p>Dos de las piezas de&nbsp;<strong>la compositora mexicana Gabriela Ortiz<\/strong>&nbsp;que han ganado el premio Grammy se presentar\u00e1n&nbsp;en el Festival Internacional de Edimburgo de 2026: una, &#8220;Revoluci\u00f3n diamantina&#8221;, ser\u00e1 interpretada por la Filarm\u00f3nica de Los Angeles; la otra, &#8220;Dzonot&#8221;, por la Orquesta Sinf\u00f3nica de Montreal.<\/p>\n\n\n\n<figure class=\"wp-block-embed is-type-video is-provider-youtube wp-block-embed-youtube wp-embed-aspect-16-9 wp-has-aspect-ratio\"><div class=\"wp-block-embed__wrapper\">\n<iframe loading=\"lazy\" title=\"\u00bfQUE\u0301 INSPIRA A LA COMPOSITORA PUMA QUE CONQUISTO\u0301 DOS GRAMMYS?\" width=\"640\" height=\"360\" src=\"https:\/\/www.youtube.com\/embed\/6sWTu-oyE1M?feature=oembed\" frameborder=\"0\" allow=\"accelerometer; autoplay; clipboard-write; encrypted-media; gyroscope; picture-in-picture; web-share\" referrerpolicy=\"strict-origin-when-cross-origin\" allowfullscreen><\/iframe>\n<\/div><\/figure>\n\n\n\n<h2 class=\"wp-block-heading\">Protesta poderosa<\/h2>\n\n\n\n<p>&#8220;Su brillante partitura de ballet &#8216;Revoluci\u00f3n diamantina&#8217;,&nbsp;<strong>inspirada en las protestas feministas mexicanas<\/strong>contra la violencia estatal hacia las mujeres, es una obra poderosa y celebratoria&#8221;, se\u00f1ala el director venezolano Gustavo Dudamel, quien estar\u00e1 al frente de la LA Phil con el concierto Beethoven 7 &amp; Ortiz.<\/p>\n\n\n\n<p>Dudamel, seg\u00fan el&nbsp;<a href=\"https:\/\/www.eif.co.uk\/search?query=Gabriela%20Ortiz\" target=\"_blank\" rel=\"noreferrer noopener\">programa del festival<\/a>,&nbsp;ha declarado que &#8220;la m\u00fasica de&nbsp;<strong>Gabriela Ortiz se dirige tanto al cuerpo como al esp\u00edritu<\/strong>, llena de ritmos viscerales y primarios, y melod\u00edas misteriosas e introspectivas&#8221;.<\/p>\n\n\n\n<p>En el caso de &#8220;Revoluci\u00f3n diamantina&#8221;, compuesta&nbsp;por encargo de la propia LA Phil, Dudamel&nbsp;comenta que Ortiz &#8220;juega con la repetici\u00f3n para evocar la tenacidad y la perseverancia&nbsp;<strong>necesarias para impulsar el cambio<\/strong>&#8220;.<\/p>\n\n\n\n<p>&#8220;Revoluci\u00f3n diamantina&#8221;&nbsp;<strong>obtuvo en 2025 el&nbsp;Grammy<\/strong>&nbsp;en la categor\u00eda de Mejor Composici\u00f3n Cl\u00e1sica Contempor\u00e1nea. Cabe a\u00f1adir que Gustavo Dudamel se encuentra en su \u00faltima&nbsp;temporada como director musical de la Filarm\u00f3nica de Los Angeles despu\u00e9s de 17 a\u00f1os&nbsp;<\/p>\n\n\n\n<h2 class=\"wp-block-heading\">Celebraci\u00f3n ecol\u00f3gica<\/h2>\n\n\n\n<p>La Orquesta Sinf\u00f3nica de Montreal interpretar\u00e1 &#8220;Dzonot&#8221;, un concierto para violonchelo en el que&nbsp;Gabriela Ortiz hace&nbsp;&#8220;una evocaci\u00f3n de los r\u00edos subterr\u00e1neos, las cuevas y la impresionante fauna&nbsp;<strong>de la pen\u00ednsula de Yucat\u00e1n<\/strong>&#8220;, se\u00f1ala el programa del festival.<\/p>\n\n\n\n<p>&#8220;Ortiz ha descrito la pieza como una forma de protesta,&nbsp;<strong>en respuesta a nuestro descuido<\/strong>&nbsp;de estos valiosos ecosistemas&#8221;, a\u00f1ade, y destaca que la obra &#8220;retrata&#8221;, entre otras cosas, un jaguar y el iridiscente p\u00e1jaro toh.<\/p>\n\n\n\n<p>La compositora escribi\u00f3 esta obra para la violonchelista Alisa Weilerstein, &#8220;quien toca de manera directa&nbsp;y con perspicacia&#8230; destreza t\u00e9cnica y&nbsp;<strong>profundidad de sentimiento<\/strong>&#8220;, se\u00f1ala el programa citando al peri\u00f3dico brit\u00e1nico&nbsp;<em>The Guardian<\/em>.&nbsp;<\/p>\n\n\n\n<p>\u201cDzonot\u201d obtuvo el Grammy a&nbsp;<strong>mejor composici\u00f3n cl\u00e1sica contempor\u00e1nea en 2026<\/strong>, donde, por cierto,&nbsp;tambi\u00e9n gan\u00f3 los premios a mejor interpretaci\u00f3n coral y mejor compendio de m\u00fasica cl\u00e1sica con la pieza \u201cYanga\u201d.&nbsp;<\/p>\n\n\n\n<figure class=\"wp-block-image\"><img decoding=\"async\" src=\"https:\/\/latinus.us\/u\/fotografias\/m\/2026\/3\/11\/f768x400-141440_185343_5050.jpg\" alt=\"Gabriela Ortiz obtuvo cuatro premios Grammy entre 2025 y 2026\"\/><figcaption class=\"wp-element-caption\">Gabriela Ortiz en conferencia de prensa en la Facultad de m\u00fasica de la UNAM en enero de 2026 despu\u00e9s de ganar tres premios Grammy en la entrega de 2026. Cr\u00e9dito: Cuartoscuro<\/figcaption><\/figure>\n\n\n\n<h2 class=\"wp-block-heading\">Tensiones y encuentros culturales<\/h2>\n\n\n\n<p>El Festival Internacional de Edimburgo estar\u00e1 dedicado&nbsp;este a\u00f1o a Estados Unidos, con motivo del 250 aniversario de su independencia, y la&nbsp;directora del encuentro, la violinista escocesa Nicola Benedetti, explic\u00f3 ala agencia&nbsp;<em>EFE<\/em>&nbsp;que&nbsp;<strong>el festival busca reflejar las tensiones y encuentros culturales<\/strong>&nbsp;del mundo actual.&nbsp;<\/p>\n\n\n\n<p>&#8220;La esencia del festival siempre ha sido la excelencia art\u00edstica y la diversidad, pero tambi\u00e9n una misi\u00f3n humanitaria:&nbsp;<strong>ayudar a entendernos mejor<\/strong>&#8220;, afirm\u00f3 este mi\u00e9rcoles Benedetti durante la presentaci\u00f3n a la prensa del programa, celebrada en la sede The Hub en la capital escocesa.&nbsp;<\/p>\n\n\n\n<p>Seg\u00fan la directora, la edici\u00f3n de este a\u00f1o se inspira en el lema &#8220;All Rise&#8221;&nbsp;(Todos en pie) y aborda cuestiones como &#8220;la migraci\u00f3n del mundo, la integraci\u00f3n de personas de diferentes lugares y la fricci\u00f3n y la belleza que eso puede crear&#8221;.&nbsp;<\/p>\n\n\n\n<p>La programaci\u00f3n reunir\u00e1 m\u00e1s de 2 mil artistas en 147 actuaciones de m\u00fasica, danza, teatro y \u00f3pera entre el 7 y el 30 de agosto.<br><\/p>\n","protected":false},"excerpt":{"rendered":"<p>Por Redacci\u00f3n QP La Filarm\u00f3nica de Los Angeles tocar\u00e1 &#8220;Revoluci\u00f3n diamantina&#8221;, sobre las manifestaciones feministas&#8230;<\/p>\n","protected":false},"author":2,"featured_media":129609,"comment_status":"open","ping_status":"open","sticky":false,"template":"","format":"standard","meta":{"_monsterinsights_skip_tracking":false,"_monsterinsights_sitenote_active":false,"_monsterinsights_sitenote_note":"","_monsterinsights_sitenote_category":0,"footnotes":""},"categories":[58],"tags":[],"class_list":["post-129608","post","type-post","status-publish","format-standard","has-post-thumbnail","hentry","category-cultura"],"yoast_head":"<!-- This site is optimized with the Yoast SEO plugin v27.3 - https:\/\/yoast.com\/product\/yoast-seo-wordpress\/ -->\n<title>La compositora mexicana Gabriela Ortiz llevar\u00e1 dos obras ganadoras del Grammy al Festival de Edimburgo -<\/title>\n<meta name=\"robots\" content=\"index, follow, max-snippet:-1, max-image-preview:large, max-video-preview:-1\" \/>\n<link rel=\"canonical\" href=\"https:\/\/quehacerpolitico.mx\/?p=129608\" \/>\n<meta property=\"og:locale\" content=\"es_MX\" \/>\n<meta property=\"og:type\" content=\"article\" \/>\n<meta property=\"og:title\" content=\"La compositora mexicana Gabriela Ortiz llevar\u00e1 dos obras ganadoras del Grammy al Festival de Edimburgo -\" \/>\n<meta property=\"og:description\" content=\"Por Redacci\u00f3n QP La Filarm\u00f3nica de Los Angeles tocar\u00e1 &#8220;Revoluci\u00f3n diamantina&#8221;, sobre las manifestaciones feministas...\" \/>\n<meta property=\"og:url\" content=\"https:\/\/quehacerpolitico.mx\/?p=129608\" \/>\n<meta property=\"article:published_time\" content=\"2026-03-11T20:39:57+00:00\" \/>\n<meta property=\"article:modified_time\" content=\"2026-03-11T20:40:01+00:00\" \/>\n<meta property=\"og:image\" content=\"http:\/\/quehacerpolitico.mx\/wp-content\/uploads\/2026\/03\/IMG_7185.jpeg\" \/>\n\t<meta property=\"og:image:width\" content=\"1081\" \/>\n\t<meta property=\"og:image:height\" content=\"666\" \/>\n\t<meta property=\"og:image:type\" content=\"image\/jpeg\" \/>\n<meta name=\"author\" content=\"Redacci\u00f3n QP\" \/>\n<meta name=\"twitter:card\" content=\"summary_large_image\" \/>\n<meta name=\"twitter:label1\" content=\"Escrito por\" \/>\n\t<meta name=\"twitter:data1\" content=\"Redacci\u00f3n QP\" \/>\n\t<meta name=\"twitter:label2\" content=\"Tiempo de lectura\" \/>\n\t<meta name=\"twitter:data2\" content=\"4 minutos\" \/>\n<script type=\"application\/ld+json\" class=\"yoast-schema-graph\">{\"@context\":\"https:\\\/\\\/schema.org\",\"@graph\":[{\"@type\":\"Article\",\"@id\":\"https:\\\/\\\/quehacerpolitico.mx\\\/?p=129608#article\",\"isPartOf\":{\"@id\":\"https:\\\/\\\/quehacerpolitico.mx\\\/?p=129608\"},\"author\":{\"name\":\"Redacci\u00f3n QP\",\"@id\":\"https:\\\/\\\/quehacerpolitico.mx\\\/#\\\/schema\\\/person\\\/496d8ad2d1d3f8036101dca7ee39e585\"},\"headline\":\"La compositora mexicana Gabriela Ortiz llevar\u00e1 dos obras ganadoras del Grammy al Festival de Edimburgo\",\"datePublished\":\"2026-03-11T20:39:57+00:00\",\"dateModified\":\"2026-03-11T20:40:01+00:00\",\"mainEntityOfPage\":{\"@id\":\"https:\\\/\\\/quehacerpolitico.mx\\\/?p=129608\"},\"wordCount\":698,\"commentCount\":0,\"image\":{\"@id\":\"https:\\\/\\\/quehacerpolitico.mx\\\/?p=129608#primaryimage\"},\"thumbnailUrl\":\"https:\\\/\\\/quehacerpolitico.mx\\\/wp-content\\\/uploads\\\/2026\\\/03\\\/IMG_7185.jpeg\",\"articleSection\":[\"Cultura y Entretenimiento\"],\"inLanguage\":\"es\",\"potentialAction\":[{\"@type\":\"CommentAction\",\"name\":\"Comment\",\"target\":[\"https:\\\/\\\/quehacerpolitico.mx\\\/?p=129608#respond\"]}]},{\"@type\":\"WebPage\",\"@id\":\"https:\\\/\\\/quehacerpolitico.mx\\\/?p=129608\",\"url\":\"https:\\\/\\\/quehacerpolitico.mx\\\/?p=129608\",\"name\":\"La compositora mexicana Gabriela Ortiz llevar\u00e1 dos obras ganadoras del Grammy al Festival de Edimburgo -\",\"isPartOf\":{\"@id\":\"https:\\\/\\\/quehacerpolitico.mx\\\/#website\"},\"primaryImageOfPage\":{\"@id\":\"https:\\\/\\\/quehacerpolitico.mx\\\/?p=129608#primaryimage\"},\"image\":{\"@id\":\"https:\\\/\\\/quehacerpolitico.mx\\\/?p=129608#primaryimage\"},\"thumbnailUrl\":\"https:\\\/\\\/quehacerpolitico.mx\\\/wp-content\\\/uploads\\\/2026\\\/03\\\/IMG_7185.jpeg\",\"datePublished\":\"2026-03-11T20:39:57+00:00\",\"dateModified\":\"2026-03-11T20:40:01+00:00\",\"author\":{\"@id\":\"https:\\\/\\\/quehacerpolitico.mx\\\/#\\\/schema\\\/person\\\/496d8ad2d1d3f8036101dca7ee39e585\"},\"breadcrumb\":{\"@id\":\"https:\\\/\\\/quehacerpolitico.mx\\\/?p=129608#breadcrumb\"},\"inLanguage\":\"es\",\"potentialAction\":[{\"@type\":\"ReadAction\",\"target\":[\"https:\\\/\\\/quehacerpolitico.mx\\\/?p=129608\"]}]},{\"@type\":\"ImageObject\",\"inLanguage\":\"es\",\"@id\":\"https:\\\/\\\/quehacerpolitico.mx\\\/?p=129608#primaryimage\",\"url\":\"https:\\\/\\\/quehacerpolitico.mx\\\/wp-content\\\/uploads\\\/2026\\\/03\\\/IMG_7185.jpeg\",\"contentUrl\":\"https:\\\/\\\/quehacerpolitico.mx\\\/wp-content\\\/uploads\\\/2026\\\/03\\\/IMG_7185.jpeg\",\"width\":1081,\"height\":666},{\"@type\":\"BreadcrumbList\",\"@id\":\"https:\\\/\\\/quehacerpolitico.mx\\\/?p=129608#breadcrumb\",\"itemListElement\":[{\"@type\":\"ListItem\",\"position\":1,\"name\":\"Inicio\",\"item\":\"https:\\\/\\\/quehacerpolitico.mx\\\/\"},{\"@type\":\"ListItem\",\"position\":2,\"name\":\"La compositora mexicana Gabriela Ortiz llevar\u00e1 dos obras ganadoras del Grammy al Festival de Edimburgo\"}]},{\"@type\":\"WebSite\",\"@id\":\"https:\\\/\\\/quehacerpolitico.mx\\\/#website\",\"url\":\"https:\\\/\\\/quehacerpolitico.mx\\\/\",\"name\":\"\",\"description\":\"\",\"potentialAction\":[{\"@type\":\"SearchAction\",\"target\":{\"@type\":\"EntryPoint\",\"urlTemplate\":\"https:\\\/\\\/quehacerpolitico.mx\\\/?s={search_term_string}\"},\"query-input\":{\"@type\":\"PropertyValueSpecification\",\"valueRequired\":true,\"valueName\":\"search_term_string\"}}],\"inLanguage\":\"es\"},{\"@type\":\"Person\",\"@id\":\"https:\\\/\\\/quehacerpolitico.mx\\\/#\\\/schema\\\/person\\\/496d8ad2d1d3f8036101dca7ee39e585\",\"name\":\"Redacci\u00f3n QP\",\"image\":{\"@type\":\"ImageObject\",\"inLanguage\":\"es\",\"@id\":\"https:\\\/\\\/secure.gravatar.com\\\/avatar\\\/c7164ed6fdec453195284ad24a5ae5b6e1eed2b848477fa2a4787ba9adf39a41?s=96&d=mm&r=g\",\"url\":\"https:\\\/\\\/secure.gravatar.com\\\/avatar\\\/c7164ed6fdec453195284ad24a5ae5b6e1eed2b848477fa2a4787ba9adf39a41?s=96&d=mm&r=g\",\"contentUrl\":\"https:\\\/\\\/secure.gravatar.com\\\/avatar\\\/c7164ed6fdec453195284ad24a5ae5b6e1eed2b848477fa2a4787ba9adf39a41?s=96&d=mm&r=g\",\"caption\":\"Redacci\u00f3n QP\"},\"url\":\"https:\\\/\\\/quehacerpolitico.mx\\\/?author=2\"}]}<\/script>\n<!-- \/ Yoast SEO plugin. -->","yoast_head_json":{"title":"La compositora mexicana Gabriela Ortiz llevar\u00e1 dos obras ganadoras del Grammy al Festival de Edimburgo -","robots":{"index":"index","follow":"follow","max-snippet":"max-snippet:-1","max-image-preview":"max-image-preview:large","max-video-preview":"max-video-preview:-1"},"canonical":"https:\/\/quehacerpolitico.mx\/?p=129608","og_locale":"es_MX","og_type":"article","og_title":"La compositora mexicana Gabriela Ortiz llevar\u00e1 dos obras ganadoras del Grammy al Festival de Edimburgo -","og_description":"Por Redacci\u00f3n QP La Filarm\u00f3nica de Los Angeles tocar\u00e1 &#8220;Revoluci\u00f3n diamantina&#8221;, sobre las manifestaciones feministas...","og_url":"https:\/\/quehacerpolitico.mx\/?p=129608","article_published_time":"2026-03-11T20:39:57+00:00","article_modified_time":"2026-03-11T20:40:01+00:00","og_image":[{"width":1081,"height":666,"url":"http:\/\/quehacerpolitico.mx\/wp-content\/uploads\/2026\/03\/IMG_7185.jpeg","type":"image\/jpeg"}],"author":"Redacci\u00f3n QP","twitter_card":"summary_large_image","twitter_misc":{"Escrito por":"Redacci\u00f3n QP","Tiempo de lectura":"4 minutos"},"schema":{"@context":"https:\/\/schema.org","@graph":[{"@type":"Article","@id":"https:\/\/quehacerpolitico.mx\/?p=129608#article","isPartOf":{"@id":"https:\/\/quehacerpolitico.mx\/?p=129608"},"author":{"name":"Redacci\u00f3n QP","@id":"https:\/\/quehacerpolitico.mx\/#\/schema\/person\/496d8ad2d1d3f8036101dca7ee39e585"},"headline":"La compositora mexicana Gabriela Ortiz llevar\u00e1 dos obras ganadoras del Grammy al Festival de Edimburgo","datePublished":"2026-03-11T20:39:57+00:00","dateModified":"2026-03-11T20:40:01+00:00","mainEntityOfPage":{"@id":"https:\/\/quehacerpolitico.mx\/?p=129608"},"wordCount":698,"commentCount":0,"image":{"@id":"https:\/\/quehacerpolitico.mx\/?p=129608#primaryimage"},"thumbnailUrl":"https:\/\/quehacerpolitico.mx\/wp-content\/uploads\/2026\/03\/IMG_7185.jpeg","articleSection":["Cultura y Entretenimiento"],"inLanguage":"es","potentialAction":[{"@type":"CommentAction","name":"Comment","target":["https:\/\/quehacerpolitico.mx\/?p=129608#respond"]}]},{"@type":"WebPage","@id":"https:\/\/quehacerpolitico.mx\/?p=129608","url":"https:\/\/quehacerpolitico.mx\/?p=129608","name":"La compositora mexicana Gabriela Ortiz llevar\u00e1 dos obras ganadoras del Grammy al Festival de Edimburgo -","isPartOf":{"@id":"https:\/\/quehacerpolitico.mx\/#website"},"primaryImageOfPage":{"@id":"https:\/\/quehacerpolitico.mx\/?p=129608#primaryimage"},"image":{"@id":"https:\/\/quehacerpolitico.mx\/?p=129608#primaryimage"},"thumbnailUrl":"https:\/\/quehacerpolitico.mx\/wp-content\/uploads\/2026\/03\/IMG_7185.jpeg","datePublished":"2026-03-11T20:39:57+00:00","dateModified":"2026-03-11T20:40:01+00:00","author":{"@id":"https:\/\/quehacerpolitico.mx\/#\/schema\/person\/496d8ad2d1d3f8036101dca7ee39e585"},"breadcrumb":{"@id":"https:\/\/quehacerpolitico.mx\/?p=129608#breadcrumb"},"inLanguage":"es","potentialAction":[{"@type":"ReadAction","target":["https:\/\/quehacerpolitico.mx\/?p=129608"]}]},{"@type":"ImageObject","inLanguage":"es","@id":"https:\/\/quehacerpolitico.mx\/?p=129608#primaryimage","url":"https:\/\/quehacerpolitico.mx\/wp-content\/uploads\/2026\/03\/IMG_7185.jpeg","contentUrl":"https:\/\/quehacerpolitico.mx\/wp-content\/uploads\/2026\/03\/IMG_7185.jpeg","width":1081,"height":666},{"@type":"BreadcrumbList","@id":"https:\/\/quehacerpolitico.mx\/?p=129608#breadcrumb","itemListElement":[{"@type":"ListItem","position":1,"name":"Inicio","item":"https:\/\/quehacerpolitico.mx\/"},{"@type":"ListItem","position":2,"name":"La compositora mexicana Gabriela Ortiz llevar\u00e1 dos obras ganadoras del Grammy al Festival de Edimburgo"}]},{"@type":"WebSite","@id":"https:\/\/quehacerpolitico.mx\/#website","url":"https:\/\/quehacerpolitico.mx\/","name":"","description":"","potentialAction":[{"@type":"SearchAction","target":{"@type":"EntryPoint","urlTemplate":"https:\/\/quehacerpolitico.mx\/?s={search_term_string}"},"query-input":{"@type":"PropertyValueSpecification","valueRequired":true,"valueName":"search_term_string"}}],"inLanguage":"es"},{"@type":"Person","@id":"https:\/\/quehacerpolitico.mx\/#\/schema\/person\/496d8ad2d1d3f8036101dca7ee39e585","name":"Redacci\u00f3n QP","image":{"@type":"ImageObject","inLanguage":"es","@id":"https:\/\/secure.gravatar.com\/avatar\/c7164ed6fdec453195284ad24a5ae5b6e1eed2b848477fa2a4787ba9adf39a41?s=96&d=mm&r=g","url":"https:\/\/secure.gravatar.com\/avatar\/c7164ed6fdec453195284ad24a5ae5b6e1eed2b848477fa2a4787ba9adf39a41?s=96&d=mm&r=g","contentUrl":"https:\/\/secure.gravatar.com\/avatar\/c7164ed6fdec453195284ad24a5ae5b6e1eed2b848477fa2a4787ba9adf39a41?s=96&d=mm&r=g","caption":"Redacci\u00f3n QP"},"url":"https:\/\/quehacerpolitico.mx\/?author=2"}]}},"featured_image_urls":{"full":["https:\/\/quehacerpolitico.mx\/wp-content\/uploads\/2026\/03\/IMG_7185.jpeg",1081,666,false],"thumbnail":["https:\/\/quehacerpolitico.mx\/wp-content\/uploads\/2026\/03\/IMG_7185-150x150.jpeg",150,150,true],"medium":["https:\/\/quehacerpolitico.mx\/wp-content\/uploads\/2026\/03\/IMG_7185-300x185.jpeg",300,185,true],"medium_large":["https:\/\/quehacerpolitico.mx\/wp-content\/uploads\/2026\/03\/IMG_7185-768x473.jpeg",640,394,true],"large":["https:\/\/quehacerpolitico.mx\/wp-content\/uploads\/2026\/03\/IMG_7185-1024x631.jpeg",640,394,true],"1536x1536":["https:\/\/quehacerpolitico.mx\/wp-content\/uploads\/2026\/03\/IMG_7185.jpeg",1081,666,false],"2048x2048":["https:\/\/quehacerpolitico.mx\/wp-content\/uploads\/2026\/03\/IMG_7185.jpeg",1081,666,false],"covernews-featured":["https:\/\/quehacerpolitico.mx\/wp-content\/uploads\/2026\/03\/IMG_7185-1024x631.jpeg",1024,631,true],"covernews-medium":["https:\/\/quehacerpolitico.mx\/wp-content\/uploads\/2026\/03\/IMG_7185-540x340.jpeg",540,340,true]},"author_info":{"display_name":"Redacci\u00f3n QP","author_link":"https:\/\/quehacerpolitico.mx\/?author=2"},"category_info":"<a href=\"https:\/\/quehacerpolitico.mx\/?cat=58\" rel=\"category\">Cultura y Entretenimiento<\/a>","tag_info":"Cultura y Entretenimiento","comment_count":"0","_links":{"self":[{"href":"https:\/\/quehacerpolitico.mx\/index.php?rest_route=\/wp\/v2\/posts\/129608","targetHints":{"allow":["GET"]}}],"collection":[{"href":"https:\/\/quehacerpolitico.mx\/index.php?rest_route=\/wp\/v2\/posts"}],"about":[{"href":"https:\/\/quehacerpolitico.mx\/index.php?rest_route=\/wp\/v2\/types\/post"}],"author":[{"embeddable":true,"href":"https:\/\/quehacerpolitico.mx\/index.php?rest_route=\/wp\/v2\/users\/2"}],"replies":[{"embeddable":true,"href":"https:\/\/quehacerpolitico.mx\/index.php?rest_route=%2Fwp%2Fv2%2Fcomments&post=129608"}],"version-history":[{"count":1,"href":"https:\/\/quehacerpolitico.mx\/index.php?rest_route=\/wp\/v2\/posts\/129608\/revisions"}],"predecessor-version":[{"id":129610,"href":"https:\/\/quehacerpolitico.mx\/index.php?rest_route=\/wp\/v2\/posts\/129608\/revisions\/129610"}],"wp:featuredmedia":[{"embeddable":true,"href":"https:\/\/quehacerpolitico.mx\/index.php?rest_route=\/wp\/v2\/media\/129609"}],"wp:attachment":[{"href":"https:\/\/quehacerpolitico.mx\/index.php?rest_route=%2Fwp%2Fv2%2Fmedia&parent=129608"}],"wp:term":[{"taxonomy":"category","embeddable":true,"href":"https:\/\/quehacerpolitico.mx\/index.php?rest_route=%2Fwp%2Fv2%2Fcategories&post=129608"},{"taxonomy":"post_tag","embeddable":true,"href":"https:\/\/quehacerpolitico.mx\/index.php?rest_route=%2Fwp%2Fv2%2Ftags&post=129608"}],"curies":[{"name":"wp","href":"https:\/\/api.w.org\/{rel}","templated":true}]}}