{"id":129602,"date":"2026-03-11T13:16:11","date_gmt":"2026-03-11T19:16:11","guid":{"rendered":"https:\/\/quehacerpolitico.mx\/?p=129602"},"modified":"2026-03-11T13:16:14","modified_gmt":"2026-03-11T19:16:14","slug":"taxistas-desatan-caos-en-la-terminal-1-y-2-del-aicm-amagan-con-planton","status":"publish","type":"post","link":"https:\/\/quehacerpolitico.mx\/?p=129602","title":{"rendered":"Taxistas desatan caos en la Terminal 1 y 2 del AICM; amagan con plant\u00f3n"},"content":{"rendered":"\n<p>Por Redacci\u00f3n QP<\/p>\n\n\n\n<p>Alrededor de 100 unidades cerraron los principales accesos al\u00a0a\u00e9rea exigiendo que las autoridades hagan cumplir la ley y retiren la operaci\u00f3n de los taxis de aplicaci\u00f3n de la zona<\/p>\n\n\n\n<p>Cerca de las 10:30 de la ma\u00f1ana inici\u00f3 el&nbsp;<strong>bloqueo de taxistas del Aeropuerto Internacional de la Ciudad de M\u00e9xico<\/strong>, para exigir&nbsp;el&nbsp;<strong>retiro de taxis por aplicaci\u00f3n&nbsp;<\/strong>al argumentar que ellos s\u00ed cumplen con las especificaciones para operar dentro de esta zona Federal.<\/p>\n\n\n\n<figure class=\"wp-block-embed is-type-rich is-provider-twitter wp-block-embed-twitter\"><div class=\"wp-block-embed__wrapper\">\n<blockquote class=\"twitter-tweet\" data-width=\"550\" data-dnt=\"true\"><p lang=\"es\" dir=\"ltr\">La batalla por el aeropuerto de la CDMX <br><br>Los pasillos del Aeropuerto Internacional se han convertido en un campo de tensi\u00f3n. Los taxistas tradicionales, decididos a acaparar cada viaje, han levantado un muro invisible contra los conductores de aplicaci\u00f3n. Uber y Didi son vistos\u2026 <a href=\"https:\/\/t.co\/d7nQyYXI6m\">pic.twitter.com\/d7nQyYXI6m<\/a><\/p>&mdash; Ra\u00fal Guti\u00e9rrez (@RaulGtzNR) <a href=\"https:\/\/twitter.com\/RaulGtzNR\/status\/2031780151919591434?ref_src=twsrc%5Etfw\">March 11, 2026<\/a><\/blockquote><script async src=\"https:\/\/platform.twitter.com\/widgets.js\" charset=\"utf-8\"><\/script>\n<\/div><\/figure>\n\n\n\n<p>Entre sonidos de clax\u00f3n, alrededor de\u00a0<strong>100 unidades cerraron los principales accesos a la terminal 1<\/strong>\u00a0a\u00e9rea exigiendo que las autoridades hagan cumplir la ley y retiren la operaci\u00f3n de los taxis de aplicaci\u00f3n de la zona.<\/p>\n\n\n\n<figure class=\"wp-block-embed is-type-rich is-provider-twitter wp-block-embed-twitter\"><div class=\"wp-block-embed__wrapper\">\n<blockquote class=\"twitter-tweet\" data-width=\"550\" data-dnt=\"true\"><p lang=\"es\" dir=\"ltr\">AL MOMENTO \ud83d\udd34 | En la Terminal 2, taxistas comienzan su bloqueo. Pasajeros caminan para llegar a tiempo a sus vuelos. \u2708\ufe0f<br><br>\ud83d\udcf9Ulises Soriano <a href=\"https:\/\/t.co\/h1cwdWZiHm\">pic.twitter.com\/h1cwdWZiHm<\/a><\/p>&mdash; Grupo F\u00f3rmula (@Radio_Formula) <a href=\"https:\/\/twitter.com\/Radio_Formula\/status\/2031772878937460896?ref_src=twsrc%5Etfw\">March 11, 2026<\/a><\/blockquote><script async src=\"https:\/\/platform.twitter.com\/widgets.js\" charset=\"utf-8\"><\/script>\n<\/div><\/figure>\n\n\n\n<figure class=\"wp-block-embed is-type-rich is-provider-twitter wp-block-embed-twitter\"><div class=\"wp-block-embed__wrapper\">\n<blockquote class=\"twitter-tweet\" data-width=\"550\" data-dnt=\"true\"><p lang=\"es\" dir=\"ltr\">Taxistas bloquearon las Terminales 1 y 2 del<a href=\"https:\/\/twitter.com\/AICM_mx?ref_src=twsrc%5Etfw\">@AICM_mx<\/a> \u2708\ufe0f <br><br>Exigen \u201c\u00a1Fuera Uber!\u201d y \u201c\u00a1Fuera aplicaciones!\u201d<a href=\"https:\/\/t.co\/dLcxcLo6oE\">pic.twitter.com\/dLcxcLo6oE<\/a><\/p>&mdash; Manuel Lopez San Martin (@MLopezSanMartin) <a href=\"https:\/\/twitter.com\/MLopezSanMartin\/status\/2031796043134964206?ref_src=twsrc%5Etfw\">March 11, 2026<\/a><\/blockquote><script async src=\"https:\/\/platform.twitter.com\/widgets.js\" charset=\"utf-8\"><\/script>\n<\/div><\/figure>\n\n\n\n<p>Seg\u00fan se muestran en videos difundidos en redes sociales, ante los bloqueos de los taxis, los\u00a0<strong>viajeros se bajaron de los veh\u00edculos para llegar a tiempo a sus vuelos.<\/strong><\/p>\n\n\n\n<p>De acuerdo con los voceros de dicha movilizaci\u00f3n<strong>\u00a0este bloqueo podr\u00eda convertirse en plant\u00f3n<\/strong>\u00a0ante la falta de respuestas de las autoridades<\/p>\n\n\n\n<p>&#8220;Pedimos mesas de trabajo, nunca fuimos atendidos y por el contrario ellos siguieron negociando cin las aplicaciones y hay dos iniciativas en el congreso para favorecerlas con un traje a la medida&#8221;, explic\u00f3 Carlos Lovera, Asesor de agrupaciones taxistas del Aeropuerto.<\/p>\n\n\n\n<figure class=\"wp-block-embed is-type-rich is-provider-twitter wp-block-embed-twitter\"><div class=\"wp-block-embed__wrapper\">\n<blockquote class=\"twitter-tweet\" data-width=\"550\" data-dnt=\"true\"><p lang=\"es\" dir=\"ltr\">Tras un enfrentamiento con polic\u00edas, al menos tres autos fueron retirados y enviados al corral\u00f3n y una persona fue detenida, luego de que taxistas concesionados de 11 empresas del aeropuerto bloquearan esta ma\u00f1ana la rotonda de la Terminal 2 del AICM. <br><br>Minutos despu\u00e9s la\u2026 <a href=\"https:\/\/t.co\/PcamaDhCIA\">pic.twitter.com\/PcamaDhCIA<\/a><\/p>&mdash; Azucena Uresti (@azucenau) <a href=\"https:\/\/twitter.com\/azucenau\/status\/2031797652736688316?ref_src=twsrc%5Etfw\">March 11, 2026<\/a><\/blockquote><script async src=\"https:\/\/platform.twitter.com\/widgets.js\" charset=\"utf-8\"><\/script>\n<\/div><\/figure>\n\n\n\n<p>&#8220;No es una manifestaci\u00f3n moment\u00e1nea,<strong>es un plant\u00f3n hasta que nosotros seamos escuchados&nbsp;<\/strong>por las autoridades&#8221;, a\u00f1adi\u00f3 el asesor de los taxistas.&nbsp;<\/p>\n\n\n\n<p>Al momento del cierre el caos moviliz\u00f3 a las autoridades policiales, quienes con elementos de la<strong>&nbsp;Secretar\u00eda de Seguridad Ciudadana, cerraron el per\u00edmetro para disminuir el conflicto vial.&nbsp;<\/strong><\/p>\n\n\n\n<p>Un automovilista, enojado por el cierre de las vialidades, amenaz\u00f3 con<strong> atropellar a los manifestantes,<\/strong>\u00a0quienes inmediatamente lo increparon; connato de bronca detenido por elementos de la SSC.<\/p>\n\n\n\n<figure class=\"wp-block-embed is-type-rich is-provider-twitter wp-block-embed-twitter\"><div class=\"wp-block-embed__wrapper\">\n<blockquote class=\"twitter-tweet\" data-width=\"550\" data-dnt=\"true\"><p lang=\"es\" dir=\"ltr\">\u26a0\ufe0fAs\u00ed la situaci\u00f3n en la terminal 2 del <a href=\"https:\/\/twitter.com\/hashtag\/AICM?src=hash&amp;ref_src=twsrc%5Etfw\">#AICM<\/a> <br><br>Llega una gr\u00faa de tr\u00e1nsito para retirar los veh\u00edculos que bloqueaban el paso.<br><br>La polic\u00eda se llev\u00f3 a disposici\u00f3n a diversos manifestantes, quienes \u201cse pusieron agresivos\u201d.<br><br>Despu\u00e9s de trasladar al dep\u00f3sito vehicular a 5 veh\u00edculos,\u2026 <a href=\"https:\/\/t.co\/XrUKvw4M0S\">pic.twitter.com\/XrUKvw4M0S<\/a><\/p>&mdash; Azucena Uresti (@azucenau) <a href=\"https:\/\/twitter.com\/azucenau\/status\/2031782067286261811?ref_src=twsrc%5Etfw\">March 11, 2026<\/a><\/blockquote><script async src=\"https:\/\/platform.twitter.com\/widgets.js\" charset=\"utf-8\"><\/script>\n<\/div><\/figure>\n\n\n\n<p>Por su parte,<strong>&nbsp;Ignacio Rodr\u00edguez,<\/strong>&nbsp;secretario de enlace pol\u00edtico del movimiento nacional transportista, asegur\u00f3 que de no obtener resultados convocar\u00e1n a un&nbsp;<strong>paro nacional con los taxistas de los aeropuertos de todo el pa\u00eds<\/strong>&nbsp;ya que es una situaci\u00f3n que se est\u00e1 repitiendo en todas las terminales a\u00e9reas.&nbsp;<\/p>\n\n\n\n<p>Algunos inconformes tambi\u00e9n marcharon a pie con cartulinas que llevaban consignas como &#8220;La soluci\u00f3n del director Padilla es: \u00a1Hagan lo que quieran!&#8221;, &#8220;Si nadie controla las aplicaciones, \u00bfqui\u00e9n garantiza la seguridad de los usuarios?&#8221; y &#8220;Fuera a la esclavitud de la tecnolog\u00eda de Uber&#8221;.<\/p>\n\n\n\n<figure class=\"wp-block-embed is-type-rich is-provider-twitter wp-block-embed-twitter\"><div class=\"wp-block-embed__wrapper\">\n<blockquote class=\"twitter-tweet\" data-width=\"550\" data-dnt=\"true\"><p lang=\"es\" dir=\"ltr\">Taxistas ya iniciaron sus manifestaciones en el <a href=\"https:\/\/twitter.com\/AICM_mx?ref_src=twsrc%5Etfw\">@AICM_mx<\/a> <br><br>Exigen &quot;\u00a1Fuera aplicaciones!&quot;<a href=\"https:\/\/t.co\/8aP0Ng8IwR\">pic.twitter.com\/8aP0Ng8IwR<\/a><\/p>&mdash; Manuel Lopez San Martin (@MLopezSanMartin) <a href=\"https:\/\/twitter.com\/MLopezSanMartin\/status\/2031775910307999812?ref_src=twsrc%5Etfw\">March 11, 2026<\/a><\/blockquote><script async src=\"https:\/\/platform.twitter.com\/widgets.js\" charset=\"utf-8\"><\/script>\n<\/div><\/figure>\n\n\n\n<h2 class=\"wp-block-heading\">\u00bfQu\u00e9 vialidades se ven afectadas?<\/h2>\n\n\n\n<p>De acuerdo con el C5 de la Ciudad de M\u00e9xico, el bloqueo se concetra sobre<strong>Eje 1 Norte y Santos Dumon<\/strong>, en la colonia Aviaci\u00f3n Civil; as\u00ed como en la calle Capit\u00e1n Carlos Le\u00f3n y Circuito Interior, colonia Pe\u00f1\u00f3n de los Ba\u00f1os.&nbsp;&nbsp;<\/p>\n\n\n\n<p>Adem\u00e1s, las movilizaciones afectan al servicio del&nbsp;<strong>Metrob\u00fas<\/strong>, el cual no cuenta con servicio en las estaciones Terminal 1 y Terminal 2; el metro no cuenta con afectaciones, por lo que los viajeros pueden usar la&nbsp;<strong>estaci\u00f3n Hangares o Terminal A\u00e9rea&nbsp;<\/strong>para llegar al AICM.&nbsp;&nbsp;<\/p>\n\n\n\n<p>Desde la ma\u00f1ana de este mi\u00e9rcoles, elementos de la Secretar\u00eda de Seguridad Ciudadana fueron desplegados a las inmediaciones del aeropuerto capitalino para contener la manifestaci\u00f3n en caso de que se torne violenta.&nbsp;<\/p>\n","protected":false},"excerpt":{"rendered":"<p>Por Redacci\u00f3n QP Alrededor de 100 unidades cerraron los principales accesos al\u00a0a\u00e9rea exigiendo que las&#8230;<\/p>\n","protected":false},"author":2,"featured_media":129603,"comment_status":"open","ping_status":"open","sticky":false,"template":"","format":"standard","meta":{"_monsterinsights_skip_tracking":false,"_monsterinsights_sitenote_active":false,"_monsterinsights_sitenote_note":"","_monsterinsights_sitenote_category":0,"footnotes":""},"categories":[55],"tags":[],"class_list":["post-129602","post","type-post","status-publish","format-standard","has-post-thumbnail","hentry","category-cdmx"],"yoast_head":"<!-- This site is optimized with the Yoast SEO plugin v27.3 - https:\/\/yoast.com\/product\/yoast-seo-wordpress\/ -->\n<title>Taxistas desatan caos en la Terminal 1 y 2 del AICM; amagan con plant\u00f3n -<\/title>\n<meta name=\"robots\" content=\"index, follow, max-snippet:-1, max-image-preview:large, max-video-preview:-1\" \/>\n<link rel=\"canonical\" href=\"https:\/\/quehacerpolitico.mx\/?p=129602\" \/>\n<meta property=\"og:locale\" content=\"es_MX\" \/>\n<meta property=\"og:type\" content=\"article\" \/>\n<meta property=\"og:title\" content=\"Taxistas desatan caos en la Terminal 1 y 2 del AICM; amagan con plant\u00f3n -\" \/>\n<meta property=\"og:description\" content=\"Por Redacci\u00f3n QP Alrededor de 100 unidades cerraron los principales accesos al\u00a0a\u00e9rea exigiendo que las...\" \/>\n<meta property=\"og:url\" content=\"https:\/\/quehacerpolitico.mx\/?p=129602\" \/>\n<meta property=\"article:published_time\" content=\"2026-03-11T19:16:11+00:00\" \/>\n<meta property=\"article:modified_time\" content=\"2026-03-11T19:16:14+00:00\" \/>\n<meta property=\"og:image\" content=\"http:\/\/quehacerpolitico.mx\/wp-content\/uploads\/2026\/03\/IMG_7182.jpeg\" \/>\n\t<meta property=\"og:image:width\" content=\"1170\" \/>\n\t<meta property=\"og:image:height\" content=\"644\" \/>\n\t<meta property=\"og:image:type\" content=\"image\/jpeg\" \/>\n<meta name=\"author\" content=\"Redacci\u00f3n QP\" \/>\n<meta name=\"twitter:card\" content=\"summary_large_image\" \/>\n<meta name=\"twitter:label1\" content=\"Escrito por\" \/>\n\t<meta name=\"twitter:data1\" content=\"Redacci\u00f3n QP\" \/>\n\t<meta name=\"twitter:label2\" content=\"Tiempo de lectura\" \/>\n\t<meta name=\"twitter:data2\" content=\"3 minutos\" \/>\n<script type=\"application\/ld+json\" class=\"yoast-schema-graph\">{\"@context\":\"https:\\\/\\\/schema.org\",\"@graph\":[{\"@type\":\"Article\",\"@id\":\"https:\\\/\\\/quehacerpolitico.mx\\\/?p=129602#article\",\"isPartOf\":{\"@id\":\"https:\\\/\\\/quehacerpolitico.mx\\\/?p=129602\"},\"author\":{\"name\":\"Redacci\u00f3n QP\",\"@id\":\"https:\\\/\\\/quehacerpolitico.mx\\\/#\\\/schema\\\/person\\\/496d8ad2d1d3f8036101dca7ee39e585\"},\"headline\":\"Taxistas desatan caos en la Terminal 1 y 2 del AICM; amagan con plant\u00f3n\",\"datePublished\":\"2026-03-11T19:16:11+00:00\",\"dateModified\":\"2026-03-11T19:16:14+00:00\",\"mainEntityOfPage\":{\"@id\":\"https:\\\/\\\/quehacerpolitico.mx\\\/?p=129602\"},\"wordCount\":609,\"commentCount\":0,\"image\":{\"@id\":\"https:\\\/\\\/quehacerpolitico.mx\\\/?p=129602#primaryimage\"},\"thumbnailUrl\":\"https:\\\/\\\/quehacerpolitico.mx\\\/wp-content\\\/uploads\\\/2026\\\/03\\\/IMG_7182.jpeg\",\"articleSection\":[\"CDMX\"],\"inLanguage\":\"es\",\"potentialAction\":[{\"@type\":\"CommentAction\",\"name\":\"Comment\",\"target\":[\"https:\\\/\\\/quehacerpolitico.mx\\\/?p=129602#respond\"]}]},{\"@type\":\"WebPage\",\"@id\":\"https:\\\/\\\/quehacerpolitico.mx\\\/?p=129602\",\"url\":\"https:\\\/\\\/quehacerpolitico.mx\\\/?p=129602\",\"name\":\"Taxistas desatan caos en la Terminal 1 y 2 del AICM; amagan con plant\u00f3n -\",\"isPartOf\":{\"@id\":\"https:\\\/\\\/quehacerpolitico.mx\\\/#website\"},\"primaryImageOfPage\":{\"@id\":\"https:\\\/\\\/quehacerpolitico.mx\\\/?p=129602#primaryimage\"},\"image\":{\"@id\":\"https:\\\/\\\/quehacerpolitico.mx\\\/?p=129602#primaryimage\"},\"thumbnailUrl\":\"https:\\\/\\\/quehacerpolitico.mx\\\/wp-content\\\/uploads\\\/2026\\\/03\\\/IMG_7182.jpeg\",\"datePublished\":\"2026-03-11T19:16:11+00:00\",\"dateModified\":\"2026-03-11T19:16:14+00:00\",\"author\":{\"@id\":\"https:\\\/\\\/quehacerpolitico.mx\\\/#\\\/schema\\\/person\\\/496d8ad2d1d3f8036101dca7ee39e585\"},\"breadcrumb\":{\"@id\":\"https:\\\/\\\/quehacerpolitico.mx\\\/?p=129602#breadcrumb\"},\"inLanguage\":\"es\",\"potentialAction\":[{\"@type\":\"ReadAction\",\"target\":[\"https:\\\/\\\/quehacerpolitico.mx\\\/?p=129602\"]}]},{\"@type\":\"ImageObject\",\"inLanguage\":\"es\",\"@id\":\"https:\\\/\\\/quehacerpolitico.mx\\\/?p=129602#primaryimage\",\"url\":\"https:\\\/\\\/quehacerpolitico.mx\\\/wp-content\\\/uploads\\\/2026\\\/03\\\/IMG_7182.jpeg\",\"contentUrl\":\"https:\\\/\\\/quehacerpolitico.mx\\\/wp-content\\\/uploads\\\/2026\\\/03\\\/IMG_7182.jpeg\",\"width\":1170,\"height\":644,\"caption\":\"Screenshot\"},{\"@type\":\"BreadcrumbList\",\"@id\":\"https:\\\/\\\/quehacerpolitico.mx\\\/?p=129602#breadcrumb\",\"itemListElement\":[{\"@type\":\"ListItem\",\"position\":1,\"name\":\"Inicio\",\"item\":\"https:\\\/\\\/quehacerpolitico.mx\\\/\"},{\"@type\":\"ListItem\",\"position\":2,\"name\":\"Taxistas desatan caos en la Terminal 1 y 2 del AICM; amagan con plant\u00f3n\"}]},{\"@type\":\"WebSite\",\"@id\":\"https:\\\/\\\/quehacerpolitico.mx\\\/#website\",\"url\":\"https:\\\/\\\/quehacerpolitico.mx\\\/\",\"name\":\"\",\"description\":\"\",\"potentialAction\":[{\"@type\":\"SearchAction\",\"target\":{\"@type\":\"EntryPoint\",\"urlTemplate\":\"https:\\\/\\\/quehacerpolitico.mx\\\/?s={search_term_string}\"},\"query-input\":{\"@type\":\"PropertyValueSpecification\",\"valueRequired\":true,\"valueName\":\"search_term_string\"}}],\"inLanguage\":\"es\"},{\"@type\":\"Person\",\"@id\":\"https:\\\/\\\/quehacerpolitico.mx\\\/#\\\/schema\\\/person\\\/496d8ad2d1d3f8036101dca7ee39e585\",\"name\":\"Redacci\u00f3n QP\",\"image\":{\"@type\":\"ImageObject\",\"inLanguage\":\"es\",\"@id\":\"https:\\\/\\\/secure.gravatar.com\\\/avatar\\\/c7164ed6fdec453195284ad24a5ae5b6e1eed2b848477fa2a4787ba9adf39a41?s=96&d=mm&r=g\",\"url\":\"https:\\\/\\\/secure.gravatar.com\\\/avatar\\\/c7164ed6fdec453195284ad24a5ae5b6e1eed2b848477fa2a4787ba9adf39a41?s=96&d=mm&r=g\",\"contentUrl\":\"https:\\\/\\\/secure.gravatar.com\\\/avatar\\\/c7164ed6fdec453195284ad24a5ae5b6e1eed2b848477fa2a4787ba9adf39a41?s=96&d=mm&r=g\",\"caption\":\"Redacci\u00f3n QP\"},\"url\":\"https:\\\/\\\/quehacerpolitico.mx\\\/?author=2\"}]}<\/script>\n<!-- \/ Yoast SEO plugin. -->","yoast_head_json":{"title":"Taxistas desatan caos en la Terminal 1 y 2 del AICM; amagan con plant\u00f3n -","robots":{"index":"index","follow":"follow","max-snippet":"max-snippet:-1","max-image-preview":"max-image-preview:large","max-video-preview":"max-video-preview:-1"},"canonical":"https:\/\/quehacerpolitico.mx\/?p=129602","og_locale":"es_MX","og_type":"article","og_title":"Taxistas desatan caos en la Terminal 1 y 2 del AICM; amagan con plant\u00f3n -","og_description":"Por Redacci\u00f3n QP Alrededor de 100 unidades cerraron los principales accesos al\u00a0a\u00e9rea exigiendo que las...","og_url":"https:\/\/quehacerpolitico.mx\/?p=129602","article_published_time":"2026-03-11T19:16:11+00:00","article_modified_time":"2026-03-11T19:16:14+00:00","og_image":[{"width":1170,"height":644,"url":"http:\/\/quehacerpolitico.mx\/wp-content\/uploads\/2026\/03\/IMG_7182.jpeg","type":"image\/jpeg"}],"author":"Redacci\u00f3n QP","twitter_card":"summary_large_image","twitter_misc":{"Escrito por":"Redacci\u00f3n QP","Tiempo de lectura":"3 minutos"},"schema":{"@context":"https:\/\/schema.org","@graph":[{"@type":"Article","@id":"https:\/\/quehacerpolitico.mx\/?p=129602#article","isPartOf":{"@id":"https:\/\/quehacerpolitico.mx\/?p=129602"},"author":{"name":"Redacci\u00f3n QP","@id":"https:\/\/quehacerpolitico.mx\/#\/schema\/person\/496d8ad2d1d3f8036101dca7ee39e585"},"headline":"Taxistas desatan caos en la Terminal 1 y 2 del AICM; amagan con plant\u00f3n","datePublished":"2026-03-11T19:16:11+00:00","dateModified":"2026-03-11T19:16:14+00:00","mainEntityOfPage":{"@id":"https:\/\/quehacerpolitico.mx\/?p=129602"},"wordCount":609,"commentCount":0,"image":{"@id":"https:\/\/quehacerpolitico.mx\/?p=129602#primaryimage"},"thumbnailUrl":"https:\/\/quehacerpolitico.mx\/wp-content\/uploads\/2026\/03\/IMG_7182.jpeg","articleSection":["CDMX"],"inLanguage":"es","potentialAction":[{"@type":"CommentAction","name":"Comment","target":["https:\/\/quehacerpolitico.mx\/?p=129602#respond"]}]},{"@type":"WebPage","@id":"https:\/\/quehacerpolitico.mx\/?p=129602","url":"https:\/\/quehacerpolitico.mx\/?p=129602","name":"Taxistas desatan caos en la Terminal 1 y 2 del AICM; amagan con plant\u00f3n -","isPartOf":{"@id":"https:\/\/quehacerpolitico.mx\/#website"},"primaryImageOfPage":{"@id":"https:\/\/quehacerpolitico.mx\/?p=129602#primaryimage"},"image":{"@id":"https:\/\/quehacerpolitico.mx\/?p=129602#primaryimage"},"thumbnailUrl":"https:\/\/quehacerpolitico.mx\/wp-content\/uploads\/2026\/03\/IMG_7182.jpeg","datePublished":"2026-03-11T19:16:11+00:00","dateModified":"2026-03-11T19:16:14+00:00","author":{"@id":"https:\/\/quehacerpolitico.mx\/#\/schema\/person\/496d8ad2d1d3f8036101dca7ee39e585"},"breadcrumb":{"@id":"https:\/\/quehacerpolitico.mx\/?p=129602#breadcrumb"},"inLanguage":"es","potentialAction":[{"@type":"ReadAction","target":["https:\/\/quehacerpolitico.mx\/?p=129602"]}]},{"@type":"ImageObject","inLanguage":"es","@id":"https:\/\/quehacerpolitico.mx\/?p=129602#primaryimage","url":"https:\/\/quehacerpolitico.mx\/wp-content\/uploads\/2026\/03\/IMG_7182.jpeg","contentUrl":"https:\/\/quehacerpolitico.mx\/wp-content\/uploads\/2026\/03\/IMG_7182.jpeg","width":1170,"height":644,"caption":"Screenshot"},{"@type":"BreadcrumbList","@id":"https:\/\/quehacerpolitico.mx\/?p=129602#breadcrumb","itemListElement":[{"@type":"ListItem","position":1,"name":"Inicio","item":"https:\/\/quehacerpolitico.mx\/"},{"@type":"ListItem","position":2,"name":"Taxistas desatan caos en la Terminal 1 y 2 del AICM; amagan con plant\u00f3n"}]},{"@type":"WebSite","@id":"https:\/\/quehacerpolitico.mx\/#website","url":"https:\/\/quehacerpolitico.mx\/","name":"","description":"","potentialAction":[{"@type":"SearchAction","target":{"@type":"EntryPoint","urlTemplate":"https:\/\/quehacerpolitico.mx\/?s={search_term_string}"},"query-input":{"@type":"PropertyValueSpecification","valueRequired":true,"valueName":"search_term_string"}}],"inLanguage":"es"},{"@type":"Person","@id":"https:\/\/quehacerpolitico.mx\/#\/schema\/person\/496d8ad2d1d3f8036101dca7ee39e585","name":"Redacci\u00f3n QP","image":{"@type":"ImageObject","inLanguage":"es","@id":"https:\/\/secure.gravatar.com\/avatar\/c7164ed6fdec453195284ad24a5ae5b6e1eed2b848477fa2a4787ba9adf39a41?s=96&d=mm&r=g","url":"https:\/\/secure.gravatar.com\/avatar\/c7164ed6fdec453195284ad24a5ae5b6e1eed2b848477fa2a4787ba9adf39a41?s=96&d=mm&r=g","contentUrl":"https:\/\/secure.gravatar.com\/avatar\/c7164ed6fdec453195284ad24a5ae5b6e1eed2b848477fa2a4787ba9adf39a41?s=96&d=mm&r=g","caption":"Redacci\u00f3n QP"},"url":"https:\/\/quehacerpolitico.mx\/?author=2"}]}},"featured_image_urls":{"full":["https:\/\/quehacerpolitico.mx\/wp-content\/uploads\/2026\/03\/IMG_7182.jpeg",1170,644,false],"thumbnail":["https:\/\/quehacerpolitico.mx\/wp-content\/uploads\/2026\/03\/IMG_7182-150x150.jpeg",150,150,true],"medium":["https:\/\/quehacerpolitico.mx\/wp-content\/uploads\/2026\/03\/IMG_7182-300x165.jpeg",300,165,true],"medium_large":["https:\/\/quehacerpolitico.mx\/wp-content\/uploads\/2026\/03\/IMG_7182-768x423.jpeg",640,353,true],"large":["https:\/\/quehacerpolitico.mx\/wp-content\/uploads\/2026\/03\/IMG_7182-1024x564.jpeg",640,353,true],"1536x1536":["https:\/\/quehacerpolitico.mx\/wp-content\/uploads\/2026\/03\/IMG_7182.jpeg",1170,644,false],"2048x2048":["https:\/\/quehacerpolitico.mx\/wp-content\/uploads\/2026\/03\/IMG_7182.jpeg",1170,644,false],"covernews-featured":["https:\/\/quehacerpolitico.mx\/wp-content\/uploads\/2026\/03\/IMG_7182-1024x564.jpeg",1024,564,true],"covernews-medium":["https:\/\/quehacerpolitico.mx\/wp-content\/uploads\/2026\/03\/IMG_7182-540x340.jpeg",540,340,true]},"author_info":{"display_name":"Redacci\u00f3n QP","author_link":"https:\/\/quehacerpolitico.mx\/?author=2"},"category_info":"<a href=\"https:\/\/quehacerpolitico.mx\/?cat=55\" rel=\"category\">CDMX<\/a>","tag_info":"CDMX","comment_count":"0","_links":{"self":[{"href":"https:\/\/quehacerpolitico.mx\/index.php?rest_route=\/wp\/v2\/posts\/129602","targetHints":{"allow":["GET"]}}],"collection":[{"href":"https:\/\/quehacerpolitico.mx\/index.php?rest_route=\/wp\/v2\/posts"}],"about":[{"href":"https:\/\/quehacerpolitico.mx\/index.php?rest_route=\/wp\/v2\/types\/post"}],"author":[{"embeddable":true,"href":"https:\/\/quehacerpolitico.mx\/index.php?rest_route=\/wp\/v2\/users\/2"}],"replies":[{"embeddable":true,"href":"https:\/\/quehacerpolitico.mx\/index.php?rest_route=%2Fwp%2Fv2%2Fcomments&post=129602"}],"version-history":[{"count":1,"href":"https:\/\/quehacerpolitico.mx\/index.php?rest_route=\/wp\/v2\/posts\/129602\/revisions"}],"predecessor-version":[{"id":129604,"href":"https:\/\/quehacerpolitico.mx\/index.php?rest_route=\/wp\/v2\/posts\/129602\/revisions\/129604"}],"wp:featuredmedia":[{"embeddable":true,"href":"https:\/\/quehacerpolitico.mx\/index.php?rest_route=\/wp\/v2\/media\/129603"}],"wp:attachment":[{"href":"https:\/\/quehacerpolitico.mx\/index.php?rest_route=%2Fwp%2Fv2%2Fmedia&parent=129602"}],"wp:term":[{"taxonomy":"category","embeddable":true,"href":"https:\/\/quehacerpolitico.mx\/index.php?rest_route=%2Fwp%2Fv2%2Fcategories&post=129602"},{"taxonomy":"post_tag","embeddable":true,"href":"https:\/\/quehacerpolitico.mx\/index.php?rest_route=%2Fwp%2Fv2%2Ftags&post=129602"}],"curies":[{"name":"wp","href":"https:\/\/api.w.org\/{rel}","templated":true}]}}