{"id":129591,"date":"2026-03-11T11:15:37","date_gmt":"2026-03-11T17:15:37","guid":{"rendered":"https:\/\/quehacerpolitico.mx\/?p=129591"},"modified":"2026-03-11T11:15:42","modified_gmt":"2026-03-11T17:15:42","slug":"aumenta-6-5-el-precio-de-la-canasta-alimentaria-en-zonas-urbanas-de-mexico-jitomate-cuesta-hasta-60-mas","status":"publish","type":"post","link":"https:\/\/quehacerpolitico.mx\/?p=129591","title":{"rendered":"Aumenta 6.5% el precio de la canasta alimentaria en zonas urbanas de M\u00e9xico; jitomate cuesta hasta 60% m\u00e1s"},"content":{"rendered":"\n<p>Por Redacci\u00f3n QP<\/p>\n\n\n\n<p>Seg\u00fan las cifras del Inegi, el \u00e1mbito rural, donde se necesitan mil 887.58 pesos al mes para comida, tuvo un incremento del 5.6%<\/p>\n\n\n\n<p>Los&nbsp;<strong>productos de la canasta alimentaria<\/strong>&nbsp;registraron un aumento anual en febrero de 5.6% en el \u00e1mbito rural y de 6.5% en el urbano, seg\u00fan revel\u00f3 este mi\u00e9rcoles el&nbsp;<strong>Instituto Nacional de Estad\u00edstica y Geograf\u00eda<\/strong>(Inegi).&nbsp;<\/p>\n\n\n\n<p>De acuerdo con el&nbsp;<a href=\"https:\/\/www.inegi.org.mx\/app\/saladeprensa\/noticia\/10725\" target=\"_blank\" rel=\"noreferrer noopener\">reporte<\/a><strong>&nbsp;L\u00edneas de Pobreza<\/strong>, durante el segundo mes del a\u00f1o los precios tanto en zonas urbanas como rurales estuvieron&nbsp;<strong>por encima de la inflaci\u00f3n,<\/strong>&nbsp;la cual fue de 4%.<\/p>\n\n\n\n<p>Los productos que m\u00e1s se encarecieron\u00a0fueron el\u00a0<strong>jitomate<\/strong>(60.2%),\u00a0<strong>alimentos y bebidas consumidas fuera del hogar<\/strong>\u00a0(7.2%) y el\u00a0<strong>bistec de res\u00a0<\/strong>(14.2%).<\/p>\n\n\n\n<p>En t\u00e9rminos nominales, el monto mensual que un mexicano que vive en el campo necesita para satisfacer sus necesidad alimentarias es de mil 887.58 pesos al mes, mientras que en las ciudades es de dos mil 516.97.<\/p>\n\n\n\n<p>Cabe recordar&nbsp; que desde su llegada a la presidencia,&nbsp;Claudia Sheinbaum&nbsp;ha buscado mantener en 910 pesos el precio de los<strong>&nbsp;24 productos considerados como parte de la canasta b\u00e1sica<\/strong>; el Inegi contabiliza 50 productos como parte de la canasta&nbsp;alimentaria de los mexicanos.&nbsp;<\/p>\n\n\n\n<p>Por su parte, en las&nbsp;<strong>zonas rurales&nbsp;<\/strong>usan&nbsp;tres mil 494.95 pesos para<strong>satisfacer las necesidades alimentarias y no alimentarias,<\/strong>&nbsp;un aumento del 4.6% a nivel anual.&nbsp;<\/p>\n\n\n\n<p>Asimismo, en el \u00e1mbito urbano los mexicans&nbsp;emplean cuatro mil 877.87 pesos para poder cubrir las necesidades&nbsp;alimentarias y no alimentaria,&nbsp;4.5% m\u00e1s a nivel anual.&nbsp;<\/p>\n\n\n\n<p>Seg\u00fan las cifras del Inegi, los productos que m\u00e1s se encarecieron en el \u00e1mbito rural fueron la canasta alimentaria (5.6%), transporte p\u00fablico (6.6%) y cuidados<strong> personales\u00a0<\/strong>(5.5%).\u00a0\u00a0<\/p>\n\n\n\n<p>Mientras que en las zonas urbanas fueron la canasta alimentaria (6.5%),&nbsp;<strong>educaci\u00f3n, cultura y recreaci\u00f3n<\/strong>&nbsp;(5.9%) y transporte p\u00fablico (6%).<\/p>\n","protected":false},"excerpt":{"rendered":"<p>Por Redacci\u00f3n QP Seg\u00fan las cifras del Inegi, el \u00e1mbito rural, donde se necesitan mil&#8230;<\/p>\n","protected":false},"author":2,"featured_media":129592,"comment_status":"open","ping_status":"open","sticky":false,"template":"","format":"standard","meta":{"_monsterinsights_skip_tracking":false,"_monsterinsights_sitenote_active":false,"_monsterinsights_sitenote_note":"","_monsterinsights_sitenote_category":0,"footnotes":""},"categories":[56],"tags":[],"class_list":["post-129591","post","type-post","status-publish","format-standard","has-post-thumbnail","hentry","category-economia"],"yoast_head":"<!-- This site is optimized with the Yoast SEO plugin v27.3 - https:\/\/yoast.com\/product\/yoast-seo-wordpress\/ -->\n<title>Aumenta 6.5% el precio de la canasta alimentaria en zonas urbanas de M\u00e9xico; jitomate cuesta hasta 60% m\u00e1s -<\/title>\n<meta name=\"robots\" content=\"index, follow, max-snippet:-1, max-image-preview:large, max-video-preview:-1\" \/>\n<link rel=\"canonical\" href=\"https:\/\/quehacerpolitico.mx\/?p=129591\" \/>\n<meta property=\"og:locale\" content=\"es_MX\" \/>\n<meta property=\"og:type\" content=\"article\" \/>\n<meta property=\"og:title\" content=\"Aumenta 6.5% el precio de la canasta alimentaria en zonas urbanas de M\u00e9xico; jitomate cuesta hasta 60% m\u00e1s -\" \/>\n<meta property=\"og:description\" content=\"Por Redacci\u00f3n QP Seg\u00fan las cifras del Inegi, el \u00e1mbito rural, donde se necesitan mil...\" \/>\n<meta property=\"og:url\" content=\"https:\/\/quehacerpolitico.mx\/?p=129591\" \/>\n<meta property=\"article:published_time\" content=\"2026-03-11T17:15:37+00:00\" \/>\n<meta property=\"article:modified_time\" content=\"2026-03-11T17:15:42+00:00\" \/>\n<meta property=\"og:image\" content=\"http:\/\/quehacerpolitico.mx\/wp-content\/uploads\/2026\/03\/IMG_7179.png\" \/>\n\t<meta property=\"og:image:width\" content=\"600\" \/>\n\t<meta property=\"og:image:height\" content=\"300\" \/>\n\t<meta property=\"og:image:type\" content=\"image\/png\" \/>\n<meta name=\"author\" content=\"Redacci\u00f3n QP\" \/>\n<meta name=\"twitter:card\" content=\"summary_large_image\" \/>\n<meta name=\"twitter:label1\" content=\"Escrito por\" \/>\n\t<meta name=\"twitter:data1\" content=\"Redacci\u00f3n QP\" \/>\n\t<meta name=\"twitter:label2\" content=\"Tiempo de lectura\" \/>\n\t<meta name=\"twitter:data2\" content=\"2 minutos\" \/>\n<script type=\"application\/ld+json\" class=\"yoast-schema-graph\">{\"@context\":\"https:\\\/\\\/schema.org\",\"@graph\":[{\"@type\":\"Article\",\"@id\":\"https:\\\/\\\/quehacerpolitico.mx\\\/?p=129591#article\",\"isPartOf\":{\"@id\":\"https:\\\/\\\/quehacerpolitico.mx\\\/?p=129591\"},\"author\":{\"name\":\"Redacci\u00f3n QP\",\"@id\":\"https:\\\/\\\/quehacerpolitico.mx\\\/#\\\/schema\\\/person\\\/496d8ad2d1d3f8036101dca7ee39e585\"},\"headline\":\"Aumenta 6.5% el precio de la canasta alimentaria en zonas urbanas de M\u00e9xico; jitomate cuesta hasta 60% m\u00e1s\",\"datePublished\":\"2026-03-11T17:15:37+00:00\",\"dateModified\":\"2026-03-11T17:15:42+00:00\",\"mainEntityOfPage\":{\"@id\":\"https:\\\/\\\/quehacerpolitico.mx\\\/?p=129591\"},\"wordCount\":338,\"commentCount\":0,\"image\":{\"@id\":\"https:\\\/\\\/quehacerpolitico.mx\\\/?p=129591#primaryimage\"},\"thumbnailUrl\":\"https:\\\/\\\/quehacerpolitico.mx\\\/wp-content\\\/uploads\\\/2026\\\/03\\\/IMG_7179.png\",\"articleSection\":[\"Econom\u00eda\"],\"inLanguage\":\"es\",\"potentialAction\":[{\"@type\":\"CommentAction\",\"name\":\"Comment\",\"target\":[\"https:\\\/\\\/quehacerpolitico.mx\\\/?p=129591#respond\"]}]},{\"@type\":\"WebPage\",\"@id\":\"https:\\\/\\\/quehacerpolitico.mx\\\/?p=129591\",\"url\":\"https:\\\/\\\/quehacerpolitico.mx\\\/?p=129591\",\"name\":\"Aumenta 6.5% el precio de la canasta alimentaria en zonas urbanas de M\u00e9xico; jitomate cuesta hasta 60% m\u00e1s -\",\"isPartOf\":{\"@id\":\"https:\\\/\\\/quehacerpolitico.mx\\\/#website\"},\"primaryImageOfPage\":{\"@id\":\"https:\\\/\\\/quehacerpolitico.mx\\\/?p=129591#primaryimage\"},\"image\":{\"@id\":\"https:\\\/\\\/quehacerpolitico.mx\\\/?p=129591#primaryimage\"},\"thumbnailUrl\":\"https:\\\/\\\/quehacerpolitico.mx\\\/wp-content\\\/uploads\\\/2026\\\/03\\\/IMG_7179.png\",\"datePublished\":\"2026-03-11T17:15:37+00:00\",\"dateModified\":\"2026-03-11T17:15:42+00:00\",\"author\":{\"@id\":\"https:\\\/\\\/quehacerpolitico.mx\\\/#\\\/schema\\\/person\\\/496d8ad2d1d3f8036101dca7ee39e585\"},\"breadcrumb\":{\"@id\":\"https:\\\/\\\/quehacerpolitico.mx\\\/?p=129591#breadcrumb\"},\"inLanguage\":\"es\",\"potentialAction\":[{\"@type\":\"ReadAction\",\"target\":[\"https:\\\/\\\/quehacerpolitico.mx\\\/?p=129591\"]}]},{\"@type\":\"ImageObject\",\"inLanguage\":\"es\",\"@id\":\"https:\\\/\\\/quehacerpolitico.mx\\\/?p=129591#primaryimage\",\"url\":\"https:\\\/\\\/quehacerpolitico.mx\\\/wp-content\\\/uploads\\\/2026\\\/03\\\/IMG_7179.png\",\"contentUrl\":\"https:\\\/\\\/quehacerpolitico.mx\\\/wp-content\\\/uploads\\\/2026\\\/03\\\/IMG_7179.png\",\"width\":600,\"height\":300},{\"@type\":\"BreadcrumbList\",\"@id\":\"https:\\\/\\\/quehacerpolitico.mx\\\/?p=129591#breadcrumb\",\"itemListElement\":[{\"@type\":\"ListItem\",\"position\":1,\"name\":\"Inicio\",\"item\":\"https:\\\/\\\/quehacerpolitico.mx\\\/\"},{\"@type\":\"ListItem\",\"position\":2,\"name\":\"Aumenta 6.5% el precio de la canasta alimentaria en zonas urbanas de M\u00e9xico; jitomate cuesta hasta 60% m\u00e1s\"}]},{\"@type\":\"WebSite\",\"@id\":\"https:\\\/\\\/quehacerpolitico.mx\\\/#website\",\"url\":\"https:\\\/\\\/quehacerpolitico.mx\\\/\",\"name\":\"\",\"description\":\"\",\"potentialAction\":[{\"@type\":\"SearchAction\",\"target\":{\"@type\":\"EntryPoint\",\"urlTemplate\":\"https:\\\/\\\/quehacerpolitico.mx\\\/?s={search_term_string}\"},\"query-input\":{\"@type\":\"PropertyValueSpecification\",\"valueRequired\":true,\"valueName\":\"search_term_string\"}}],\"inLanguage\":\"es\"},{\"@type\":\"Person\",\"@id\":\"https:\\\/\\\/quehacerpolitico.mx\\\/#\\\/schema\\\/person\\\/496d8ad2d1d3f8036101dca7ee39e585\",\"name\":\"Redacci\u00f3n QP\",\"image\":{\"@type\":\"ImageObject\",\"inLanguage\":\"es\",\"@id\":\"https:\\\/\\\/secure.gravatar.com\\\/avatar\\\/c7164ed6fdec453195284ad24a5ae5b6e1eed2b848477fa2a4787ba9adf39a41?s=96&d=mm&r=g\",\"url\":\"https:\\\/\\\/secure.gravatar.com\\\/avatar\\\/c7164ed6fdec453195284ad24a5ae5b6e1eed2b848477fa2a4787ba9adf39a41?s=96&d=mm&r=g\",\"contentUrl\":\"https:\\\/\\\/secure.gravatar.com\\\/avatar\\\/c7164ed6fdec453195284ad24a5ae5b6e1eed2b848477fa2a4787ba9adf39a41?s=96&d=mm&r=g\",\"caption\":\"Redacci\u00f3n QP\"},\"url\":\"https:\\\/\\\/quehacerpolitico.mx\\\/?author=2\"}]}<\/script>\n<!-- \/ Yoast SEO plugin. -->","yoast_head_json":{"title":"Aumenta 6.5% el precio de la canasta alimentaria en zonas urbanas de M\u00e9xico; jitomate cuesta hasta 60% m\u00e1s -","robots":{"index":"index","follow":"follow","max-snippet":"max-snippet:-1","max-image-preview":"max-image-preview:large","max-video-preview":"max-video-preview:-1"},"canonical":"https:\/\/quehacerpolitico.mx\/?p=129591","og_locale":"es_MX","og_type":"article","og_title":"Aumenta 6.5% el precio de la canasta alimentaria en zonas urbanas de M\u00e9xico; jitomate cuesta hasta 60% m\u00e1s -","og_description":"Por Redacci\u00f3n QP Seg\u00fan las cifras del Inegi, el \u00e1mbito rural, donde se necesitan mil...","og_url":"https:\/\/quehacerpolitico.mx\/?p=129591","article_published_time":"2026-03-11T17:15:37+00:00","article_modified_time":"2026-03-11T17:15:42+00:00","og_image":[{"width":600,"height":300,"url":"http:\/\/quehacerpolitico.mx\/wp-content\/uploads\/2026\/03\/IMG_7179.png","type":"image\/png"}],"author":"Redacci\u00f3n QP","twitter_card":"summary_large_image","twitter_misc":{"Escrito por":"Redacci\u00f3n QP","Tiempo de lectura":"2 minutos"},"schema":{"@context":"https:\/\/schema.org","@graph":[{"@type":"Article","@id":"https:\/\/quehacerpolitico.mx\/?p=129591#article","isPartOf":{"@id":"https:\/\/quehacerpolitico.mx\/?p=129591"},"author":{"name":"Redacci\u00f3n QP","@id":"https:\/\/quehacerpolitico.mx\/#\/schema\/person\/496d8ad2d1d3f8036101dca7ee39e585"},"headline":"Aumenta 6.5% el precio de la canasta alimentaria en zonas urbanas de M\u00e9xico; jitomate cuesta hasta 60% m\u00e1s","datePublished":"2026-03-11T17:15:37+00:00","dateModified":"2026-03-11T17:15:42+00:00","mainEntityOfPage":{"@id":"https:\/\/quehacerpolitico.mx\/?p=129591"},"wordCount":338,"commentCount":0,"image":{"@id":"https:\/\/quehacerpolitico.mx\/?p=129591#primaryimage"},"thumbnailUrl":"https:\/\/quehacerpolitico.mx\/wp-content\/uploads\/2026\/03\/IMG_7179.png","articleSection":["Econom\u00eda"],"inLanguage":"es","potentialAction":[{"@type":"CommentAction","name":"Comment","target":["https:\/\/quehacerpolitico.mx\/?p=129591#respond"]}]},{"@type":"WebPage","@id":"https:\/\/quehacerpolitico.mx\/?p=129591","url":"https:\/\/quehacerpolitico.mx\/?p=129591","name":"Aumenta 6.5% el precio de la canasta alimentaria en zonas urbanas de M\u00e9xico; jitomate cuesta hasta 60% m\u00e1s -","isPartOf":{"@id":"https:\/\/quehacerpolitico.mx\/#website"},"primaryImageOfPage":{"@id":"https:\/\/quehacerpolitico.mx\/?p=129591#primaryimage"},"image":{"@id":"https:\/\/quehacerpolitico.mx\/?p=129591#primaryimage"},"thumbnailUrl":"https:\/\/quehacerpolitico.mx\/wp-content\/uploads\/2026\/03\/IMG_7179.png","datePublished":"2026-03-11T17:15:37+00:00","dateModified":"2026-03-11T17:15:42+00:00","author":{"@id":"https:\/\/quehacerpolitico.mx\/#\/schema\/person\/496d8ad2d1d3f8036101dca7ee39e585"},"breadcrumb":{"@id":"https:\/\/quehacerpolitico.mx\/?p=129591#breadcrumb"},"inLanguage":"es","potentialAction":[{"@type":"ReadAction","target":["https:\/\/quehacerpolitico.mx\/?p=129591"]}]},{"@type":"ImageObject","inLanguage":"es","@id":"https:\/\/quehacerpolitico.mx\/?p=129591#primaryimage","url":"https:\/\/quehacerpolitico.mx\/wp-content\/uploads\/2026\/03\/IMG_7179.png","contentUrl":"https:\/\/quehacerpolitico.mx\/wp-content\/uploads\/2026\/03\/IMG_7179.png","width":600,"height":300},{"@type":"BreadcrumbList","@id":"https:\/\/quehacerpolitico.mx\/?p=129591#breadcrumb","itemListElement":[{"@type":"ListItem","position":1,"name":"Inicio","item":"https:\/\/quehacerpolitico.mx\/"},{"@type":"ListItem","position":2,"name":"Aumenta 6.5% el precio de la canasta alimentaria en zonas urbanas de M\u00e9xico; jitomate cuesta hasta 60% m\u00e1s"}]},{"@type":"WebSite","@id":"https:\/\/quehacerpolitico.mx\/#website","url":"https:\/\/quehacerpolitico.mx\/","name":"","description":"","potentialAction":[{"@type":"SearchAction","target":{"@type":"EntryPoint","urlTemplate":"https:\/\/quehacerpolitico.mx\/?s={search_term_string}"},"query-input":{"@type":"PropertyValueSpecification","valueRequired":true,"valueName":"search_term_string"}}],"inLanguage":"es"},{"@type":"Person","@id":"https:\/\/quehacerpolitico.mx\/#\/schema\/person\/496d8ad2d1d3f8036101dca7ee39e585","name":"Redacci\u00f3n QP","image":{"@type":"ImageObject","inLanguage":"es","@id":"https:\/\/secure.gravatar.com\/avatar\/c7164ed6fdec453195284ad24a5ae5b6e1eed2b848477fa2a4787ba9adf39a41?s=96&d=mm&r=g","url":"https:\/\/secure.gravatar.com\/avatar\/c7164ed6fdec453195284ad24a5ae5b6e1eed2b848477fa2a4787ba9adf39a41?s=96&d=mm&r=g","contentUrl":"https:\/\/secure.gravatar.com\/avatar\/c7164ed6fdec453195284ad24a5ae5b6e1eed2b848477fa2a4787ba9adf39a41?s=96&d=mm&r=g","caption":"Redacci\u00f3n QP"},"url":"https:\/\/quehacerpolitico.mx\/?author=2"}]}},"featured_image_urls":{"full":["https:\/\/quehacerpolitico.mx\/wp-content\/uploads\/2026\/03\/IMG_7179.png",600,300,false],"thumbnail":["https:\/\/quehacerpolitico.mx\/wp-content\/uploads\/2026\/03\/IMG_7179-150x150.png",150,150,true],"medium":["https:\/\/quehacerpolitico.mx\/wp-content\/uploads\/2026\/03\/IMG_7179-300x150.png",300,150,true],"medium_large":["https:\/\/quehacerpolitico.mx\/wp-content\/uploads\/2026\/03\/IMG_7179.png",600,300,false],"large":["https:\/\/quehacerpolitico.mx\/wp-content\/uploads\/2026\/03\/IMG_7179.png",600,300,false],"1536x1536":["https:\/\/quehacerpolitico.mx\/wp-content\/uploads\/2026\/03\/IMG_7179.png",600,300,false],"2048x2048":["https:\/\/quehacerpolitico.mx\/wp-content\/uploads\/2026\/03\/IMG_7179.png",600,300,false],"covernews-featured":["https:\/\/quehacerpolitico.mx\/wp-content\/uploads\/2026\/03\/IMG_7179.png",600,300,false],"covernews-medium":["https:\/\/quehacerpolitico.mx\/wp-content\/uploads\/2026\/03\/IMG_7179-540x300.png",540,300,true]},"author_info":{"display_name":"Redacci\u00f3n QP","author_link":"https:\/\/quehacerpolitico.mx\/?author=2"},"category_info":"<a href=\"https:\/\/quehacerpolitico.mx\/?cat=56\" rel=\"category\">Econom\u00eda<\/a>","tag_info":"Econom\u00eda","comment_count":"0","_links":{"self":[{"href":"https:\/\/quehacerpolitico.mx\/index.php?rest_route=\/wp\/v2\/posts\/129591","targetHints":{"allow":["GET"]}}],"collection":[{"href":"https:\/\/quehacerpolitico.mx\/index.php?rest_route=\/wp\/v2\/posts"}],"about":[{"href":"https:\/\/quehacerpolitico.mx\/index.php?rest_route=\/wp\/v2\/types\/post"}],"author":[{"embeddable":true,"href":"https:\/\/quehacerpolitico.mx\/index.php?rest_route=\/wp\/v2\/users\/2"}],"replies":[{"embeddable":true,"href":"https:\/\/quehacerpolitico.mx\/index.php?rest_route=%2Fwp%2Fv2%2Fcomments&post=129591"}],"version-history":[{"count":1,"href":"https:\/\/quehacerpolitico.mx\/index.php?rest_route=\/wp\/v2\/posts\/129591\/revisions"}],"predecessor-version":[{"id":129593,"href":"https:\/\/quehacerpolitico.mx\/index.php?rest_route=\/wp\/v2\/posts\/129591\/revisions\/129593"}],"wp:featuredmedia":[{"embeddable":true,"href":"https:\/\/quehacerpolitico.mx\/index.php?rest_route=\/wp\/v2\/media\/129592"}],"wp:attachment":[{"href":"https:\/\/quehacerpolitico.mx\/index.php?rest_route=%2Fwp%2Fv2%2Fmedia&parent=129591"}],"wp:term":[{"taxonomy":"category","embeddable":true,"href":"https:\/\/quehacerpolitico.mx\/index.php?rest_route=%2Fwp%2Fv2%2Fcategories&post=129591"},{"taxonomy":"post_tag","embeddable":true,"href":"https:\/\/quehacerpolitico.mx\/index.php?rest_route=%2Fwp%2Fv2%2Ftags&post=129591"}],"curies":[{"name":"wp","href":"https:\/\/api.w.org\/{rel}","templated":true}]}}