{"id":129587,"date":"2026-03-11T10:34:19","date_gmt":"2026-03-11T16:34:19","guid":{"rendered":"https:\/\/quehacerpolitico.mx\/?p=129587"},"modified":"2026-03-11T10:34:27","modified_gmt":"2026-03-11T16:34:27","slug":"continua-el-doble-hoy-no-circula-este-miercoles-se-prolonga-la-contingencia-ambiental-en-el-valle-de-mexico","status":"publish","type":"post","link":"https:\/\/quehacerpolitico.mx\/?p=129587","title":{"rendered":"Contin\u00faa el doble &#8220;Hoy No Circula&#8221; este mi\u00e9rcoles: se prolonga la contingencia ambiental en el Valle de M\u00e9xico"},"content":{"rendered":"\n<p>Por Redacci\u00f3n QP<\/p>\n\n\n\n<p>Por el momento, se reporta mala calidad del aire en las alcald\u00edas Iztacalco, Gustavo A. Madero y Tl\u00e1huac, de la CDMX<\/p>\n\n\n\n<p>La Comisi\u00f3n Ambiental de la Megal\u00f3polis inform\u00f3 este mi\u00e9rcoles que se mantendr\u00e1 activa la fase 1 de contingencia ambiental en el Valle de M\u00e9xico ante la alta cantidad de part\u00edculas contaminantes.<\/p>\n\n\n\n<figure class=\"wp-block-embed is-type-rich is-provider-twitter wp-block-embed-twitter\"><div class=\"wp-block-embed__wrapper\">\n<blockquote class=\"twitter-tweet\" data-width=\"550\" data-dnt=\"true\"><p lang=\"es\" dir=\"ltr\">CONTIN\u00daA LA FASE I DE CONTINGENCIA AMBIENTAL ATMOSF\u00c9RICA POR OZONO EN LA ZONA METROPOLITANA DEL VALLE DE M\u00c9XICO<br><br>M\u00e1s informaci\u00f3n: <a href=\"https:\/\/t.co\/1XAzxbgS7d\">https:\/\/t.co\/1XAzxbgS7d<\/a> <a href=\"https:\/\/t.co\/62lT0Xfwi5\">pic.twitter.com\/62lT0Xfwi5<\/a><\/p>&mdash; CAMegal\u00f3polis (@CAMegalopolis) <a href=\"https:\/\/twitter.com\/CAMegalopolis\/status\/2031765578545758248?ref_src=twsrc%5Etfw\">March 11, 2026<\/a><\/blockquote><script async src=\"https:\/\/platform.twitter.com\/widgets.js\" charset=\"utf-8\"><\/script>\n<\/div><\/figure>\n\n\n\n<p>En consecuencia, este mi\u00e9rcoles seguir\u00e1n vigentes las restricciones como el doble &#8220;Hoy No Circula&#8221;\u00a0y medidas preventivas para reducir la cantidad de emisiones al ambiente.<\/p>\n\n\n\n<p>La tarde de este martes se activ\u00f3 la contingencia ambiental despu\u00e9s de que las autoridades registraran altas concentraciones de ozono en su estaci\u00f3n en la\u00a0Facultad de Estudios Superiores Acatl\u00e1n, en el municipio de\u00a0Naucalpan de Ju\u00e1rez, Estado de M\u00e9xico.<\/p>\n\n\n\n<figure class=\"wp-block-embed is-type-rich is-provider-twitter wp-block-embed-twitter\"><div class=\"wp-block-embed__wrapper\">\n<blockquote class=\"twitter-tweet\" data-width=\"550\" data-dnt=\"true\"><p lang=\"es\" dir=\"ltr\">Por Fase 1 de <a href=\"https:\/\/twitter.com\/hashtag\/ContingenciaAmbiental?src=hash&amp;ref_src=twsrc%5Etfw\">#ContingenciaAmbiental<\/a> en la <a href=\"https:\/\/twitter.com\/hashtag\/ZMVM?src=hash&amp;ref_src=twsrc%5Etfw\">#ZMVM<\/a>, el <a href=\"https:\/\/twitter.com\/hashtag\/HoyNoCircula?src=hash&amp;ref_src=twsrc%5Etfw\">#HoyNoCircula<\/a> de este mi\u00e9rcoles 11 de marzo de 2026 aplica para: <a href=\"https:\/\/t.co\/MgYD3MKEzD\">pic.twitter.com\/MgYD3MKEzD<\/a><\/p>&mdash; CAMegal\u00f3polis (@CAMegalopolis) <a href=\"https:\/\/twitter.com\/CAMegalopolis\/status\/2031707390215606581?ref_src=twsrc%5Etfw\">March 11, 2026<\/a><\/blockquote><script async src=\"https:\/\/platform.twitter.com\/widgets.js\" charset=\"utf-8\"><\/script>\n<\/div><\/figure>\n\n\n\n<h2 class=\"wp-block-heading\">\u00bfQu\u00e9 autom\u00f3viles no circulan hoy?<\/h2>\n\n\n\n<p>Desde las 5:00 de la ma\u00f1ana y hasta las 10:00 de la noche no podr\u00e1n circular todos&nbsp;los coches con holograma de verficaci\u00f3n 2 y los que tengan holograma 1, terminaci\u00f3n&nbsp;1, 3, 4, 5, 7 y 9.<\/p>\n\n\n\n<p>Y la medida tambi\u00e9n se aplica a los autom\u00f3viles de uso particular con hologramas&nbsp;&nbsp;0 y 00, engomado rojo, terminaci\u00f3n de&nbsp;placa 3 o 4.<\/p>\n\n\n\n<h2 class=\"wp-block-heading\">\u00bfC\u00f3mo est\u00e1 la calidad del aire hoy?<\/h2>\n\n\n\n<p>De acuerdo con el\u00a0Sistema de Monitoreo Atmosf\u00e9rico, actualmente se registra una mala calidad del aire en las alcald\u00edas Iztacalco, Gustavo A. Madero e Iztacalco.<\/p>\n\n\n\n<figure class=\"wp-block-image size-large\"><img loading=\"lazy\" decoding=\"async\" width=\"1024\" height=\"817\" src=\"https:\/\/quehacerpolitico.mx\/wp-content\/uploads\/2026\/03\/IMG_7177-1024x817.jpeg\" alt=\"\" class=\"wp-image-129588\" srcset=\"https:\/\/quehacerpolitico.mx\/wp-content\/uploads\/2026\/03\/IMG_7177-1024x817.jpeg 1024w, https:\/\/quehacerpolitico.mx\/wp-content\/uploads\/2026\/03\/IMG_7177-300x239.jpeg 300w, https:\/\/quehacerpolitico.mx\/wp-content\/uploads\/2026\/03\/IMG_7177-768x613.jpeg 768w, https:\/\/quehacerpolitico.mx\/wp-content\/uploads\/2026\/03\/IMG_7177.jpeg 1170w\" sizes=\"auto, (max-width: 1024px) 100vw, 1024px\" \/><figcaption class=\"wp-element-caption\">Screenshot<\/figcaption><\/figure>\n","protected":false},"excerpt":{"rendered":"<p>Por Redacci\u00f3n QP Por el momento, se reporta mala calidad del aire en las alcald\u00edas&#8230;<\/p>\n","protected":false},"author":2,"featured_media":129589,"comment_status":"open","ping_status":"open","sticky":false,"template":"","format":"standard","meta":{"_monsterinsights_skip_tracking":false,"_monsterinsights_sitenote_active":false,"_monsterinsights_sitenote_note":"","_monsterinsights_sitenote_category":0,"footnotes":""},"categories":[55],"tags":[],"class_list":["post-129587","post","type-post","status-publish","format-standard","has-post-thumbnail","hentry","category-cdmx"],"yoast_head":"<!-- This site is optimized with the Yoast SEO plugin v27.3 - https:\/\/yoast.com\/product\/yoast-seo-wordpress\/ -->\n<title>Contin\u00faa el doble &quot;Hoy No Circula&quot; este mi\u00e9rcoles: se prolonga la contingencia ambiental en el Valle de M\u00e9xico -<\/title>\n<meta name=\"robots\" content=\"index, follow, max-snippet:-1, max-image-preview:large, max-video-preview:-1\" \/>\n<link rel=\"canonical\" href=\"https:\/\/quehacerpolitico.mx\/?p=129587\" \/>\n<meta property=\"og:locale\" content=\"es_MX\" \/>\n<meta property=\"og:type\" content=\"article\" \/>\n<meta property=\"og:title\" content=\"Contin\u00faa el doble &quot;Hoy No Circula&quot; este mi\u00e9rcoles: se prolonga la contingencia ambiental en el Valle de M\u00e9xico -\" \/>\n<meta property=\"og:description\" content=\"Por Redacci\u00f3n QP Por el momento, se reporta mala calidad del aire en las alcald\u00edas...\" \/>\n<meta property=\"og:url\" content=\"https:\/\/quehacerpolitico.mx\/?p=129587\" \/>\n<meta property=\"article:published_time\" content=\"2026-03-11T16:34:19+00:00\" \/>\n<meta property=\"article:modified_time\" content=\"2026-03-11T16:34:27+00:00\" \/>\n<meta property=\"og:image\" content=\"http:\/\/quehacerpolitico.mx\/wp-content\/uploads\/2026\/03\/IMG_7178.jpeg\" \/>\n\t<meta property=\"og:image:width\" content=\"673\" \/>\n\t<meta property=\"og:image:height\" content=\"455\" \/>\n\t<meta property=\"og:image:type\" content=\"image\/jpeg\" \/>\n<meta name=\"author\" content=\"Redacci\u00f3n QP\" \/>\n<meta name=\"twitter:card\" content=\"summary_large_image\" \/>\n<meta name=\"twitter:label1\" content=\"Escrito por\" \/>\n\t<meta name=\"twitter:data1\" content=\"Redacci\u00f3n QP\" \/>\n\t<meta name=\"twitter:label2\" content=\"Tiempo de lectura\" \/>\n\t<meta name=\"twitter:data2\" content=\"2 minutos\" \/>\n<script type=\"application\/ld+json\" class=\"yoast-schema-graph\">{\"@context\":\"https:\\\/\\\/schema.org\",\"@graph\":[{\"@type\":\"Article\",\"@id\":\"https:\\\/\\\/quehacerpolitico.mx\\\/?p=129587#article\",\"isPartOf\":{\"@id\":\"https:\\\/\\\/quehacerpolitico.mx\\\/?p=129587\"},\"author\":{\"name\":\"Redacci\u00f3n QP\",\"@id\":\"https:\\\/\\\/quehacerpolitico.mx\\\/#\\\/schema\\\/person\\\/496d8ad2d1d3f8036101dca7ee39e585\"},\"headline\":\"Contin\u00faa el doble &#8220;Hoy No Circula&#8221; este mi\u00e9rcoles: se prolonga la contingencia ambiental en el Valle de M\u00e9xico\",\"datePublished\":\"2026-03-11T16:34:19+00:00\",\"dateModified\":\"2026-03-11T16:34:27+00:00\",\"mainEntityOfPage\":{\"@id\":\"https:\\\/\\\/quehacerpolitico.mx\\\/?p=129587\"},\"wordCount\":270,\"commentCount\":0,\"image\":{\"@id\":\"https:\\\/\\\/quehacerpolitico.mx\\\/?p=129587#primaryimage\"},\"thumbnailUrl\":\"https:\\\/\\\/quehacerpolitico.mx\\\/wp-content\\\/uploads\\\/2026\\\/03\\\/IMG_7178.jpeg\",\"articleSection\":[\"CDMX\"],\"inLanguage\":\"es\",\"potentialAction\":[{\"@type\":\"CommentAction\",\"name\":\"Comment\",\"target\":[\"https:\\\/\\\/quehacerpolitico.mx\\\/?p=129587#respond\"]}]},{\"@type\":\"WebPage\",\"@id\":\"https:\\\/\\\/quehacerpolitico.mx\\\/?p=129587\",\"url\":\"https:\\\/\\\/quehacerpolitico.mx\\\/?p=129587\",\"name\":\"Contin\u00faa el doble \\\"Hoy No Circula\\\" este mi\u00e9rcoles: se prolonga la contingencia ambiental en el Valle de M\u00e9xico -\",\"isPartOf\":{\"@id\":\"https:\\\/\\\/quehacerpolitico.mx\\\/#website\"},\"primaryImageOfPage\":{\"@id\":\"https:\\\/\\\/quehacerpolitico.mx\\\/?p=129587#primaryimage\"},\"image\":{\"@id\":\"https:\\\/\\\/quehacerpolitico.mx\\\/?p=129587#primaryimage\"},\"thumbnailUrl\":\"https:\\\/\\\/quehacerpolitico.mx\\\/wp-content\\\/uploads\\\/2026\\\/03\\\/IMG_7178.jpeg\",\"datePublished\":\"2026-03-11T16:34:19+00:00\",\"dateModified\":\"2026-03-11T16:34:27+00:00\",\"author\":{\"@id\":\"https:\\\/\\\/quehacerpolitico.mx\\\/#\\\/schema\\\/person\\\/496d8ad2d1d3f8036101dca7ee39e585\"},\"breadcrumb\":{\"@id\":\"https:\\\/\\\/quehacerpolitico.mx\\\/?p=129587#breadcrumb\"},\"inLanguage\":\"es\",\"potentialAction\":[{\"@type\":\"ReadAction\",\"target\":[\"https:\\\/\\\/quehacerpolitico.mx\\\/?p=129587\"]}]},{\"@type\":\"ImageObject\",\"inLanguage\":\"es\",\"@id\":\"https:\\\/\\\/quehacerpolitico.mx\\\/?p=129587#primaryimage\",\"url\":\"https:\\\/\\\/quehacerpolitico.mx\\\/wp-content\\\/uploads\\\/2026\\\/03\\\/IMG_7178.jpeg\",\"contentUrl\":\"https:\\\/\\\/quehacerpolitico.mx\\\/wp-content\\\/uploads\\\/2026\\\/03\\\/IMG_7178.jpeg\",\"width\":673,\"height\":455},{\"@type\":\"BreadcrumbList\",\"@id\":\"https:\\\/\\\/quehacerpolitico.mx\\\/?p=129587#breadcrumb\",\"itemListElement\":[{\"@type\":\"ListItem\",\"position\":1,\"name\":\"Inicio\",\"item\":\"https:\\\/\\\/quehacerpolitico.mx\\\/\"},{\"@type\":\"ListItem\",\"position\":2,\"name\":\"Contin\u00faa el doble &#8220;Hoy No Circula&#8221; este mi\u00e9rcoles: se prolonga la contingencia ambiental en el Valle de M\u00e9xico\"}]},{\"@type\":\"WebSite\",\"@id\":\"https:\\\/\\\/quehacerpolitico.mx\\\/#website\",\"url\":\"https:\\\/\\\/quehacerpolitico.mx\\\/\",\"name\":\"\",\"description\":\"\",\"potentialAction\":[{\"@type\":\"SearchAction\",\"target\":{\"@type\":\"EntryPoint\",\"urlTemplate\":\"https:\\\/\\\/quehacerpolitico.mx\\\/?s={search_term_string}\"},\"query-input\":{\"@type\":\"PropertyValueSpecification\",\"valueRequired\":true,\"valueName\":\"search_term_string\"}}],\"inLanguage\":\"es\"},{\"@type\":\"Person\",\"@id\":\"https:\\\/\\\/quehacerpolitico.mx\\\/#\\\/schema\\\/person\\\/496d8ad2d1d3f8036101dca7ee39e585\",\"name\":\"Redacci\u00f3n QP\",\"image\":{\"@type\":\"ImageObject\",\"inLanguage\":\"es\",\"@id\":\"https:\\\/\\\/secure.gravatar.com\\\/avatar\\\/c7164ed6fdec453195284ad24a5ae5b6e1eed2b848477fa2a4787ba9adf39a41?s=96&d=mm&r=g\",\"url\":\"https:\\\/\\\/secure.gravatar.com\\\/avatar\\\/c7164ed6fdec453195284ad24a5ae5b6e1eed2b848477fa2a4787ba9adf39a41?s=96&d=mm&r=g\",\"contentUrl\":\"https:\\\/\\\/secure.gravatar.com\\\/avatar\\\/c7164ed6fdec453195284ad24a5ae5b6e1eed2b848477fa2a4787ba9adf39a41?s=96&d=mm&r=g\",\"caption\":\"Redacci\u00f3n QP\"},\"url\":\"https:\\\/\\\/quehacerpolitico.mx\\\/?author=2\"}]}<\/script>\n<!-- \/ Yoast SEO plugin. -->","yoast_head_json":{"title":"Contin\u00faa el doble \"Hoy No Circula\" este mi\u00e9rcoles: se prolonga la contingencia ambiental en el Valle de M\u00e9xico -","robots":{"index":"index","follow":"follow","max-snippet":"max-snippet:-1","max-image-preview":"max-image-preview:large","max-video-preview":"max-video-preview:-1"},"canonical":"https:\/\/quehacerpolitico.mx\/?p=129587","og_locale":"es_MX","og_type":"article","og_title":"Contin\u00faa el doble \"Hoy No Circula\" este mi\u00e9rcoles: se prolonga la contingencia ambiental en el Valle de M\u00e9xico -","og_description":"Por Redacci\u00f3n QP Por el momento, se reporta mala calidad del aire en las alcald\u00edas...","og_url":"https:\/\/quehacerpolitico.mx\/?p=129587","article_published_time":"2026-03-11T16:34:19+00:00","article_modified_time":"2026-03-11T16:34:27+00:00","og_image":[{"width":673,"height":455,"url":"http:\/\/quehacerpolitico.mx\/wp-content\/uploads\/2026\/03\/IMG_7178.jpeg","type":"image\/jpeg"}],"author":"Redacci\u00f3n QP","twitter_card":"summary_large_image","twitter_misc":{"Escrito por":"Redacci\u00f3n QP","Tiempo de lectura":"2 minutos"},"schema":{"@context":"https:\/\/schema.org","@graph":[{"@type":"Article","@id":"https:\/\/quehacerpolitico.mx\/?p=129587#article","isPartOf":{"@id":"https:\/\/quehacerpolitico.mx\/?p=129587"},"author":{"name":"Redacci\u00f3n QP","@id":"https:\/\/quehacerpolitico.mx\/#\/schema\/person\/496d8ad2d1d3f8036101dca7ee39e585"},"headline":"Contin\u00faa el doble &#8220;Hoy No Circula&#8221; este mi\u00e9rcoles: se prolonga la contingencia ambiental en el Valle de M\u00e9xico","datePublished":"2026-03-11T16:34:19+00:00","dateModified":"2026-03-11T16:34:27+00:00","mainEntityOfPage":{"@id":"https:\/\/quehacerpolitico.mx\/?p=129587"},"wordCount":270,"commentCount":0,"image":{"@id":"https:\/\/quehacerpolitico.mx\/?p=129587#primaryimage"},"thumbnailUrl":"https:\/\/quehacerpolitico.mx\/wp-content\/uploads\/2026\/03\/IMG_7178.jpeg","articleSection":["CDMX"],"inLanguage":"es","potentialAction":[{"@type":"CommentAction","name":"Comment","target":["https:\/\/quehacerpolitico.mx\/?p=129587#respond"]}]},{"@type":"WebPage","@id":"https:\/\/quehacerpolitico.mx\/?p=129587","url":"https:\/\/quehacerpolitico.mx\/?p=129587","name":"Contin\u00faa el doble \"Hoy No Circula\" este mi\u00e9rcoles: se prolonga la contingencia ambiental en el Valle de M\u00e9xico -","isPartOf":{"@id":"https:\/\/quehacerpolitico.mx\/#website"},"primaryImageOfPage":{"@id":"https:\/\/quehacerpolitico.mx\/?p=129587#primaryimage"},"image":{"@id":"https:\/\/quehacerpolitico.mx\/?p=129587#primaryimage"},"thumbnailUrl":"https:\/\/quehacerpolitico.mx\/wp-content\/uploads\/2026\/03\/IMG_7178.jpeg","datePublished":"2026-03-11T16:34:19+00:00","dateModified":"2026-03-11T16:34:27+00:00","author":{"@id":"https:\/\/quehacerpolitico.mx\/#\/schema\/person\/496d8ad2d1d3f8036101dca7ee39e585"},"breadcrumb":{"@id":"https:\/\/quehacerpolitico.mx\/?p=129587#breadcrumb"},"inLanguage":"es","potentialAction":[{"@type":"ReadAction","target":["https:\/\/quehacerpolitico.mx\/?p=129587"]}]},{"@type":"ImageObject","inLanguage":"es","@id":"https:\/\/quehacerpolitico.mx\/?p=129587#primaryimage","url":"https:\/\/quehacerpolitico.mx\/wp-content\/uploads\/2026\/03\/IMG_7178.jpeg","contentUrl":"https:\/\/quehacerpolitico.mx\/wp-content\/uploads\/2026\/03\/IMG_7178.jpeg","width":673,"height":455},{"@type":"BreadcrumbList","@id":"https:\/\/quehacerpolitico.mx\/?p=129587#breadcrumb","itemListElement":[{"@type":"ListItem","position":1,"name":"Inicio","item":"https:\/\/quehacerpolitico.mx\/"},{"@type":"ListItem","position":2,"name":"Contin\u00faa el doble &#8220;Hoy No Circula&#8221; este mi\u00e9rcoles: se prolonga la contingencia ambiental en el Valle de M\u00e9xico"}]},{"@type":"WebSite","@id":"https:\/\/quehacerpolitico.mx\/#website","url":"https:\/\/quehacerpolitico.mx\/","name":"","description":"","potentialAction":[{"@type":"SearchAction","target":{"@type":"EntryPoint","urlTemplate":"https:\/\/quehacerpolitico.mx\/?s={search_term_string}"},"query-input":{"@type":"PropertyValueSpecification","valueRequired":true,"valueName":"search_term_string"}}],"inLanguage":"es"},{"@type":"Person","@id":"https:\/\/quehacerpolitico.mx\/#\/schema\/person\/496d8ad2d1d3f8036101dca7ee39e585","name":"Redacci\u00f3n QP","image":{"@type":"ImageObject","inLanguage":"es","@id":"https:\/\/secure.gravatar.com\/avatar\/c7164ed6fdec453195284ad24a5ae5b6e1eed2b848477fa2a4787ba9adf39a41?s=96&d=mm&r=g","url":"https:\/\/secure.gravatar.com\/avatar\/c7164ed6fdec453195284ad24a5ae5b6e1eed2b848477fa2a4787ba9adf39a41?s=96&d=mm&r=g","contentUrl":"https:\/\/secure.gravatar.com\/avatar\/c7164ed6fdec453195284ad24a5ae5b6e1eed2b848477fa2a4787ba9adf39a41?s=96&d=mm&r=g","caption":"Redacci\u00f3n QP"},"url":"https:\/\/quehacerpolitico.mx\/?author=2"}]}},"featured_image_urls":{"full":["https:\/\/quehacerpolitico.mx\/wp-content\/uploads\/2026\/03\/IMG_7178.jpeg",673,455,false],"thumbnail":["https:\/\/quehacerpolitico.mx\/wp-content\/uploads\/2026\/03\/IMG_7178-150x150.jpeg",150,150,true],"medium":["https:\/\/quehacerpolitico.mx\/wp-content\/uploads\/2026\/03\/IMG_7178-300x203.jpeg",300,203,true],"medium_large":["https:\/\/quehacerpolitico.mx\/wp-content\/uploads\/2026\/03\/IMG_7178.jpeg",640,433,false],"large":["https:\/\/quehacerpolitico.mx\/wp-content\/uploads\/2026\/03\/IMG_7178.jpeg",640,433,false],"1536x1536":["https:\/\/quehacerpolitico.mx\/wp-content\/uploads\/2026\/03\/IMG_7178.jpeg",673,455,false],"2048x2048":["https:\/\/quehacerpolitico.mx\/wp-content\/uploads\/2026\/03\/IMG_7178.jpeg",673,455,false],"covernews-featured":["https:\/\/quehacerpolitico.mx\/wp-content\/uploads\/2026\/03\/IMG_7178.jpeg",673,455,false],"covernews-medium":["https:\/\/quehacerpolitico.mx\/wp-content\/uploads\/2026\/03\/IMG_7178-540x340.jpeg",540,340,true]},"author_info":{"display_name":"Redacci\u00f3n QP","author_link":"https:\/\/quehacerpolitico.mx\/?author=2"},"category_info":"<a href=\"https:\/\/quehacerpolitico.mx\/?cat=55\" rel=\"category\">CDMX<\/a>","tag_info":"CDMX","comment_count":"0","_links":{"self":[{"href":"https:\/\/quehacerpolitico.mx\/index.php?rest_route=\/wp\/v2\/posts\/129587","targetHints":{"allow":["GET"]}}],"collection":[{"href":"https:\/\/quehacerpolitico.mx\/index.php?rest_route=\/wp\/v2\/posts"}],"about":[{"href":"https:\/\/quehacerpolitico.mx\/index.php?rest_route=\/wp\/v2\/types\/post"}],"author":[{"embeddable":true,"href":"https:\/\/quehacerpolitico.mx\/index.php?rest_route=\/wp\/v2\/users\/2"}],"replies":[{"embeddable":true,"href":"https:\/\/quehacerpolitico.mx\/index.php?rest_route=%2Fwp%2Fv2%2Fcomments&post=129587"}],"version-history":[{"count":1,"href":"https:\/\/quehacerpolitico.mx\/index.php?rest_route=\/wp\/v2\/posts\/129587\/revisions"}],"predecessor-version":[{"id":129590,"href":"https:\/\/quehacerpolitico.mx\/index.php?rest_route=\/wp\/v2\/posts\/129587\/revisions\/129590"}],"wp:featuredmedia":[{"embeddable":true,"href":"https:\/\/quehacerpolitico.mx\/index.php?rest_route=\/wp\/v2\/media\/129589"}],"wp:attachment":[{"href":"https:\/\/quehacerpolitico.mx\/index.php?rest_route=%2Fwp%2Fv2%2Fmedia&parent=129587"}],"wp:term":[{"taxonomy":"category","embeddable":true,"href":"https:\/\/quehacerpolitico.mx\/index.php?rest_route=%2Fwp%2Fv2%2Fcategories&post=129587"},{"taxonomy":"post_tag","embeddable":true,"href":"https:\/\/quehacerpolitico.mx\/index.php?rest_route=%2Fwp%2Fv2%2Ftags&post=129587"}],"curies":[{"name":"wp","href":"https:\/\/api.w.org\/{rel}","templated":true}]}}