{"id":129581,"date":"2026-03-11T09:17:37","date_gmt":"2026-03-11T15:17:37","guid":{"rendered":"https:\/\/quehacerpolitico.mx\/?p=129581"},"modified":"2026-03-11T09:17:40","modified_gmt":"2026-03-11T15:17:40","slug":"el-quehacer-politico-internacional-a-traves-de-la-opinion-carolina-alonso-romei-el-regreso-de-la-diplomacia-selectiva-aliadosprioritarios-en-la-era-trump-2-0","status":"publish","type":"post","link":"https:\/\/quehacerpolitico.mx\/?p=129581","title":{"rendered":"El Quehacer Pol\u00edtico Internacional a trav\u00e9s de la opini\u00f3n\/\/\/Carolina Alonso Romei\/\/\/El regreso de la diplomacia selectiva: aliadosprioritarios en la era Trump 2.0"},"content":{"rendered":"\n<p>Por Carolina Alonso Romei<\/p>\n\n\n\n<p>Internacionalista <\/p>\n\n\n\n<p>El regreso de&nbsp;Donald Trump&nbsp;a la Casa Blanca ha tra\u00eddo consigo una forma de hacer pol\u00edtica exterior mucho m\u00e1s directa, personalizada y abiertamente transaccional. Fiel a su estilo, el mandatario ha optado por reducir los espacios multilaterales tradicionales y privilegiar encuentros selectivos donde la afinidad ideol\u00f3gica y la lealtad pol\u00edtica pesan m\u00e1s que los equilibrios diplom\u00e1ticos cl\u00e1sicos. Su pr\u00f3xima gran cita ser\u00e1 el 7 de marzo de 2026 en Miami, espec\u00edficamente en el hotel Trump National Doral, un lugar que no solo es emblem\u00e1tico dentro de su universo empresarial, sino que tambi\u00e9n simboliza esa diplomacia \u201cen casa\u201d que le permite controlar tanto el mensaje como la escenograf\u00eda. No se trata de una cumbre regional cualquiera, sino del primer encuentro de alto nivel con l\u00edderes latinoamericanos en su segundo mandato, y todo indica que su objetivo es marcar una l\u00ednea clara sobre qui\u00e9nes son los aliados prioritarios de Estados Unidos en la regi\u00f3n.<\/p>\n\n\n\n<p>La elecci\u00f3n de Miami tampoco es casual. La ciudad se ha consolidado como el epicentro pol\u00edtico, financiero y cultural del v\u00ednculo entre Estados Unidos y Am\u00e9rica Latina. All\u00ed confluyen capitales, di\u00e1sporas influyentes y redes empresariales que articulan buena parte de los negocios hemisf\u00e9ricos. Adem\u00e1s, Florida sigue siendo un estado clave en la pol\u00edtica interna estadounidense, donde el voto latino \u2014especialmente el de comunidades cubanas, venezolanas y colombianas\u2014 ha mostrado una creciente inclinaci\u00f3n hacia posiciones conservadoras. Al organizar la reuni\u00f3n en su propio hotel, Trump no solo refuerza su estilo personalista, sino que env\u00eda una se\u00f1al simb\u00f3lica: la relaci\u00f3n con Am\u00e9rica Latina pasa por su liderazgo directo, sin intermediarios inc\u00f3modos ni protocolos excesivos.<\/p>\n\n\n\n<p>Los invitados han sido seleccionados con extremo cuidado, priorizando afinidad ideol\u00f3gica y alineamiento con la agenda de Washington. En la lista figuran el argentino&nbsp;Javier Milei, el salvadore\u00f1o&nbsp;Nayib Bukele, el paraguayo&nbsp;Santiago Pe\u00f1a, el ecuatoriano&nbsp;Daniel Noboa, el boliviano&nbsp;Rodrigo Paz&nbsp;y el hondure\u00f1o&nbsp;Nasry Asfura. Es un grupo heterog\u00e9neo en t\u00e9rminos econ\u00f3micos, pero con coincidencias claras en su visi\u00f3n de orden, mercado y seguridad. Algunos promueven reformas de libre mercado profundas; otros han construido su legitimidad en torno a pol\u00edticas de mano dura contra el crimen organizado. En todos los casos, comparten una narrativa que enfatiza la soberan\u00eda nacional frente a proyectos de integraci\u00f3n ideol\u00f3gica de izquierda y una relaci\u00f3n pragm\u00e1tica \u2014cuando no estrat\u00e9gica\u2014 con Washington.<\/p>\n\n\n\n<p>Las ausencias son tan elocuentes como las presencias. No est\u00e1n invitados el colombiano&nbsp;Gustavo Petro&nbsp;ni la presidenta mexicana&nbsp;Claudia Sheinbaum. Tampoco figura Brasil, pese a su peso regional. Esta exclusi\u00f3n confirma que Trump prefiere consolidar primero un bloque compacto de aliados ideol\u00f3gicamente afines antes que sentarse a negociar con gobiernos que sostienen posturas divergentes en temas clave como cambio clim\u00e1tico, regulaci\u00f3n econ\u00f3mica o relaciones con China. En lugar de buscar consensos amplios, la estrategia parece orientada a construir un n\u00facleo duro de cooperaci\u00f3n pol\u00edtica que funcione como contrapeso a los gobiernos progresistas del continente.<\/p>\n\n\n\n<p>La ausencia de M\u00e9xico es, sin duda, el dato m\u00e1s significativo. Se trata del vecino inmediato, el principal socio comercial de Estados Unidos y el pa\u00eds con el que comparte una frontera de m\u00e1s de 3,000 kil\u00f3metros. Que no est\u00e9 invitado env\u00eda una se\u00f1al de distanciamiento deliberado. Para Trump y su secretario de Estado,&nbsp;Marco Rubio, M\u00e9xico ha pasado de ser un \u201csocio estrat\u00e9gico\u201d a un \u201csocio no alineado\u201d. Las tensiones acumuladas durante 2025 explican buena parte de esta redefinici\u00f3n: la negativa de Sheinbaum a aceptar propuestas de intervenci\u00f3n militar directa contra los c\u00e1rteles, las disputas comerciales derivadas de aranceles del 25% impuestos por Washington y la creciente relaci\u00f3n econ\u00f3mica de M\u00e9xico con China en sectores como infraestructura y manufactura tecnol\u00f3gica.<\/p>\n\n\n\n<p>Al dejar fuera a M\u00e9xico, la Casa Blanca env\u00eda un mensaje pedag\u00f3gico al resto del continente: la proximidad geogr\u00e1fica ya no garantiza un asiento en la mesa si no existe alineamiento pol\u00edtico. Esta postura introduce un elemento de incertidumbre en la revisi\u00f3n del&nbsp;Tratado entre M\u00e9xico, Estados Unidos y Canad\u00e1prevista para julio de 2026. Si la relaci\u00f3n bilateral se vuelve m\u00e1s ideol\u00f3gica que t\u00e9cnica, las negociaciones comerciales podr\u00edan adoptar un tono mucho m\u00e1s duro y transaccional. M\u00e9xico, cuya econom\u00eda depende en gran medida del acceso preferencial al mercado estadounidense, se enfrenta as\u00ed a un escenario de mayor vulnerabilidad estrat\u00e9gica.<\/p>\n\n\n\n<p>El eje central de la reuni\u00f3n ser\u00e1, previsiblemente, la contenci\u00f3n de la influencia china en Am\u00e9rica Latina. Desde hace m\u00e1s de una d\u00e9cada, el capital proveniente de Beijing ha ganado terreno en sectores estrat\u00e9gicos como miner\u00eda, energ\u00eda, telecomunicaciones y puertos. Para Washington, esta expansi\u00f3n no es solo econ\u00f3mica, sino geopol\u00edtica. Trump buscar\u00e1 compromisos expl\u00edcitos para limitar acuerdos con empresas estatales chinas, ofreciendo a cambio inversiones estadounidenses, acceso preferencial a mercados y cooperaci\u00f3n en seguridad. En t\u00e9rminos conceptuales, la iniciativa recuerda una&nbsp;reinterpretaci\u00f3n contempor\u00e1nea de la&nbsp;James Monroe, adaptada al siglo XXI bajo la premisa de que el hemisferio occidental debe permanecer libre de influencias consideradas hostiles.<\/p>\n\n\n\n<p>Sin embargo, esta estrategia plantea dilemas complejos para los pa\u00edses invitados. China es hoy uno de los principales socios comerciales de varias econom\u00edas sudamericanas y un financista clave de proyectos de infraestructura. Romper o limitar esos v\u00ednculos puede tener costos inmediatos en inversi\u00f3n y crecimiento. La apuesta por una alineaci\u00f3n exclusiva con Washington implica confiar en que Estados Unidos compensar\u00e1 esas p\u00e9rdidas con capital y acceso comercial suficientes. La historia reciente muestra que ese tipo de promesas no siempre se materializan con la rapidez o magnitud esperadas.<\/p>\n\n\n\n<p>La agenda tambi\u00e9n incluir\u00e1 seguridad y migraci\u00f3n. Trump buscar\u00e1 que estos gobiernos refuercen sus controles fronterizos y cooperen activamente para frenar los flujos migratorios antes de que lleguen a territorio estadounidense. La idea es consolidar una red de \u201cprimeras barreras\u201d que reduzca la presi\u00f3n en la frontera sur de Estados Unidos. En paralelo, se discutir\u00e1 cooperaci\u00f3n en inteligencia y combate al narcotr\u00e1fico, con un enfoque m\u00e1s agresivo que en administraciones anteriores. Esta dimensi\u00f3n refuerza la l\u00f3gica de recompensas y castigos: mayor asistencia para quienes colaboren activamente; mayor presi\u00f3n para quienes se resistan.<\/p>\n\n\n\n<p>El contexto regional a\u00f1ade otra capa de complejidad. La reciente captura de&nbsp;Nicol\u00e1s Maduro&nbsp;y el proceso de transici\u00f3n en Venezuela han reconfigurado el equilibrio sudamericano. Trump pretende utilizar la cumbre como plataforma para consolidar un nuevo orden en Caracas alineado con sus intereses, premiando a los gobiernos que respaldaron activamente el cambio pol\u00edtico. Este movimiento no solo busca estabilidad en Venezuela, sino tambi\u00e9n enviar un mensaje claro a otros actores regionales sobre las consecuencias de desafiar la influencia estadounidense.<\/p>\n\n\n\n<p>En t\u00e9rminos econ\u00f3micos, la cumbre ofrece oportunidades y riesgos. Para los pa\u00edses asistentes, el respaldo pol\u00edtico de Washington puede traducirse en mayor confianza de inversionistas y acceso a financiamiento. Pero al mismo tiempo, una alineaci\u00f3n demasiado expl\u00edcita podr\u00eda tensar sus relaciones con socios alternativos y generar divisiones internas. En sociedades pol\u00edticamente polarizadas, la percepci\u00f3n de subordinaci\u00f3n a una potencia extranjera puede convertirse en un costo dom\u00e9stico significativo.<\/p>\n\n\n\n<p>En definitiva, la cita del 7 de marzo en Miami marca el inicio de una etapa caracterizada por presi\u00f3n selectiva y recompensas estrat\u00e9gicas. Trump deja claro que, en su concepci\u00f3n del hemisferio, no hay espacio para la neutralidad prolongada. Los gobiernos invitados deber\u00e1n decidir si est\u00e1n dispuestos a apostar por una alianza prioritaria con Washington, asumiendo los riesgos que ello implica. Mientras tanto, potencias regionales como M\u00e9xico, Brasil y Colombia quedan al margen de este primer c\u00edrculo, obligadas a redefinir su estrategia frente a una Casa Blanca m\u00e1s r\u00edgida, ideol\u00f3gica e impredecible.<\/p>\n\n\n\n<p>Despu\u00e9s de este encuentro, el mapa de influencias en Am\u00e9rica Latina podr\u00eda fragmentarse a\u00fan m\u00e1s. Un n\u00facleo de gobiernos \u201cleales\u201d operar\u00eda bajo el paraguas pol\u00edtico de Washington, mientras otros buscar\u00edan equilibrar relaciones entre Estados Unidos, China y actores&nbsp;extra hemisf\u00e9ricos. La regi\u00f3n, hist\u00f3ricamente atravesada por tensiones entre autonom\u00eda y dependencia, entra as\u00ed en una nueva fase de competencia geopol\u00edtica abierta. Lo que est\u00e1 en juego no es solo la orientaci\u00f3n econ\u00f3mica de los pr\u00f3ximos a\u00f1os, sino la arquitectura misma del poder hemisf\u00e9rico en un contexto global cada vez m\u00e1s polarizado.<\/p>\n","protected":false},"excerpt":{"rendered":"<p>Por Carolina Alonso Romei Internacionalista El regreso de&nbsp;Donald Trump&nbsp;a la Casa Blanca ha tra\u00eddo consigo&#8230;<\/p>\n","protected":false},"author":2,"featured_media":128510,"comment_status":"open","ping_status":"open","sticky":false,"template":"","format":"standard","meta":{"_monsterinsights_skip_tracking":false,"_monsterinsights_sitenote_active":false,"_monsterinsights_sitenote_note":"","_monsterinsights_sitenote_category":0,"footnotes":""},"categories":[1],"tags":[],"class_list":["post-129581","post","type-post","status-publish","format-standard","has-post-thumbnail","hentry","category-sin-categoria"],"yoast_head":"<!-- This site is optimized with the Yoast SEO plugin v27.3 - https:\/\/yoast.com\/product\/yoast-seo-wordpress\/ -->\n<title>El Quehacer Pol\u00edtico Internacional a trav\u00e9s de la opini\u00f3n\/\/\/Carolina Alonso Romei\/\/\/El regreso de la diplomacia selectiva: aliadosprioritarios en la era Trump 2.0 -<\/title>\n<meta name=\"robots\" content=\"index, follow, max-snippet:-1, max-image-preview:large, max-video-preview:-1\" \/>\n<link rel=\"canonical\" href=\"https:\/\/quehacerpolitico.mx\/?p=129581\" \/>\n<meta property=\"og:locale\" content=\"es_MX\" \/>\n<meta property=\"og:type\" content=\"article\" \/>\n<meta property=\"og:title\" content=\"El Quehacer Pol\u00edtico Internacional a trav\u00e9s de la opini\u00f3n\/\/\/Carolina Alonso Romei\/\/\/El regreso de la diplomacia selectiva: aliadosprioritarios en la era Trump 2.0 -\" \/>\n<meta property=\"og:description\" content=\"Por Carolina Alonso Romei Internacionalista El regreso de&nbsp;Donald Trump&nbsp;a la Casa Blanca ha tra\u00eddo consigo...\" \/>\n<meta property=\"og:url\" content=\"https:\/\/quehacerpolitico.mx\/?p=129581\" \/>\n<meta property=\"article:published_time\" content=\"2026-03-11T15:17:37+00:00\" \/>\n<meta property=\"article:modified_time\" content=\"2026-03-11T15:17:40+00:00\" \/>\n<meta property=\"og:image\" content=\"http:\/\/quehacerpolitico.mx\/wp-content\/uploads\/2026\/01\/03fa6135-c3fe-44b7-8e96-c6ca323ffebb-1.jpeg\" \/>\n\t<meta property=\"og:image:width\" content=\"963\" \/>\n\t<meta property=\"og:image:height\" content=\"493\" \/>\n\t<meta property=\"og:image:type\" content=\"image\/jpeg\" \/>\n<meta name=\"author\" content=\"Redacci\u00f3n QP\" \/>\n<meta name=\"twitter:card\" content=\"summary_large_image\" \/>\n<meta name=\"twitter:label1\" content=\"Escrito por\" \/>\n\t<meta name=\"twitter:data1\" content=\"Redacci\u00f3n QP\" \/>\n\t<meta name=\"twitter:label2\" content=\"Tiempo de lectura\" \/>\n\t<meta name=\"twitter:data2\" content=\"7 minutos\" \/>\n<script type=\"application\/ld+json\" class=\"yoast-schema-graph\">{\"@context\":\"https:\\\/\\\/schema.org\",\"@graph\":[{\"@type\":\"Article\",\"@id\":\"https:\\\/\\\/quehacerpolitico.mx\\\/?p=129581#article\",\"isPartOf\":{\"@id\":\"https:\\\/\\\/quehacerpolitico.mx\\\/?p=129581\"},\"author\":{\"name\":\"Redacci\u00f3n QP\",\"@id\":\"https:\\\/\\\/quehacerpolitico.mx\\\/#\\\/schema\\\/person\\\/496d8ad2d1d3f8036101dca7ee39e585\"},\"headline\":\"El Quehacer Pol\u00edtico Internacional a trav\u00e9s de la opini\u00f3n\\\/\\\/\\\/Carolina Alonso Romei\\\/\\\/\\\/El regreso de la diplomacia selectiva: aliadosprioritarios en la era Trump 2.0\",\"datePublished\":\"2026-03-11T15:17:37+00:00\",\"dateModified\":\"2026-03-11T15:17:40+00:00\",\"mainEntityOfPage\":{\"@id\":\"https:\\\/\\\/quehacerpolitico.mx\\\/?p=129581\"},\"wordCount\":1522,\"commentCount\":0,\"image\":{\"@id\":\"https:\\\/\\\/quehacerpolitico.mx\\\/?p=129581#primaryimage\"},\"thumbnailUrl\":\"https:\\\/\\\/quehacerpolitico.mx\\\/wp-content\\\/uploads\\\/2026\\\/01\\\/03fa6135-c3fe-44b7-8e96-c6ca323ffebb-1.jpeg\",\"articleSection\":[\"Internacionales\"],\"inLanguage\":\"es\",\"potentialAction\":[{\"@type\":\"CommentAction\",\"name\":\"Comment\",\"target\":[\"https:\\\/\\\/quehacerpolitico.mx\\\/?p=129581#respond\"]}]},{\"@type\":\"WebPage\",\"@id\":\"https:\\\/\\\/quehacerpolitico.mx\\\/?p=129581\",\"url\":\"https:\\\/\\\/quehacerpolitico.mx\\\/?p=129581\",\"name\":\"El Quehacer Pol\u00edtico Internacional a trav\u00e9s de la opini\u00f3n\\\/\\\/\\\/Carolina Alonso Romei\\\/\\\/\\\/El regreso de la diplomacia selectiva: aliadosprioritarios en la era Trump 2.0 -\",\"isPartOf\":{\"@id\":\"https:\\\/\\\/quehacerpolitico.mx\\\/#website\"},\"primaryImageOfPage\":{\"@id\":\"https:\\\/\\\/quehacerpolitico.mx\\\/?p=129581#primaryimage\"},\"image\":{\"@id\":\"https:\\\/\\\/quehacerpolitico.mx\\\/?p=129581#primaryimage\"},\"thumbnailUrl\":\"https:\\\/\\\/quehacerpolitico.mx\\\/wp-content\\\/uploads\\\/2026\\\/01\\\/03fa6135-c3fe-44b7-8e96-c6ca323ffebb-1.jpeg\",\"datePublished\":\"2026-03-11T15:17:37+00:00\",\"dateModified\":\"2026-03-11T15:17:40+00:00\",\"author\":{\"@id\":\"https:\\\/\\\/quehacerpolitico.mx\\\/#\\\/schema\\\/person\\\/496d8ad2d1d3f8036101dca7ee39e585\"},\"breadcrumb\":{\"@id\":\"https:\\\/\\\/quehacerpolitico.mx\\\/?p=129581#breadcrumb\"},\"inLanguage\":\"es\",\"potentialAction\":[{\"@type\":\"ReadAction\",\"target\":[\"https:\\\/\\\/quehacerpolitico.mx\\\/?p=129581\"]}]},{\"@type\":\"ImageObject\",\"inLanguage\":\"es\",\"@id\":\"https:\\\/\\\/quehacerpolitico.mx\\\/?p=129581#primaryimage\",\"url\":\"https:\\\/\\\/quehacerpolitico.mx\\\/wp-content\\\/uploads\\\/2026\\\/01\\\/03fa6135-c3fe-44b7-8e96-c6ca323ffebb-1.jpeg\",\"contentUrl\":\"https:\\\/\\\/quehacerpolitico.mx\\\/wp-content\\\/uploads\\\/2026\\\/01\\\/03fa6135-c3fe-44b7-8e96-c6ca323ffebb-1.jpeg\",\"width\":963,\"height\":493},{\"@type\":\"BreadcrumbList\",\"@id\":\"https:\\\/\\\/quehacerpolitico.mx\\\/?p=129581#breadcrumb\",\"itemListElement\":[{\"@type\":\"ListItem\",\"position\":1,\"name\":\"Inicio\",\"item\":\"https:\\\/\\\/quehacerpolitico.mx\\\/\"},{\"@type\":\"ListItem\",\"position\":2,\"name\":\"El Quehacer Pol\u00edtico Internacional a trav\u00e9s de la opini\u00f3n\\\/\\\/\\\/Carolina Alonso Romei\\\/\\\/\\\/El regreso de la diplomacia selectiva: aliadosprioritarios en la era Trump 2.0\"}]},{\"@type\":\"WebSite\",\"@id\":\"https:\\\/\\\/quehacerpolitico.mx\\\/#website\",\"url\":\"https:\\\/\\\/quehacerpolitico.mx\\\/\",\"name\":\"\",\"description\":\"\",\"potentialAction\":[{\"@type\":\"SearchAction\",\"target\":{\"@type\":\"EntryPoint\",\"urlTemplate\":\"https:\\\/\\\/quehacerpolitico.mx\\\/?s={search_term_string}\"},\"query-input\":{\"@type\":\"PropertyValueSpecification\",\"valueRequired\":true,\"valueName\":\"search_term_string\"}}],\"inLanguage\":\"es\"},{\"@type\":\"Person\",\"@id\":\"https:\\\/\\\/quehacerpolitico.mx\\\/#\\\/schema\\\/person\\\/496d8ad2d1d3f8036101dca7ee39e585\",\"name\":\"Redacci\u00f3n QP\",\"image\":{\"@type\":\"ImageObject\",\"inLanguage\":\"es\",\"@id\":\"https:\\\/\\\/secure.gravatar.com\\\/avatar\\\/c7164ed6fdec453195284ad24a5ae5b6e1eed2b848477fa2a4787ba9adf39a41?s=96&d=mm&r=g\",\"url\":\"https:\\\/\\\/secure.gravatar.com\\\/avatar\\\/c7164ed6fdec453195284ad24a5ae5b6e1eed2b848477fa2a4787ba9adf39a41?s=96&d=mm&r=g\",\"contentUrl\":\"https:\\\/\\\/secure.gravatar.com\\\/avatar\\\/c7164ed6fdec453195284ad24a5ae5b6e1eed2b848477fa2a4787ba9adf39a41?s=96&d=mm&r=g\",\"caption\":\"Redacci\u00f3n QP\"},\"url\":\"https:\\\/\\\/quehacerpolitico.mx\\\/?author=2\"}]}<\/script>\n<!-- \/ Yoast SEO plugin. -->","yoast_head_json":{"title":"El Quehacer Pol\u00edtico Internacional a trav\u00e9s de la opini\u00f3n\/\/\/Carolina Alonso Romei\/\/\/El regreso de la diplomacia selectiva: aliadosprioritarios en la era Trump 2.0 -","robots":{"index":"index","follow":"follow","max-snippet":"max-snippet:-1","max-image-preview":"max-image-preview:large","max-video-preview":"max-video-preview:-1"},"canonical":"https:\/\/quehacerpolitico.mx\/?p=129581","og_locale":"es_MX","og_type":"article","og_title":"El Quehacer Pol\u00edtico Internacional a trav\u00e9s de la opini\u00f3n\/\/\/Carolina Alonso Romei\/\/\/El regreso de la diplomacia selectiva: aliadosprioritarios en la era Trump 2.0 -","og_description":"Por Carolina Alonso Romei Internacionalista El regreso de&nbsp;Donald Trump&nbsp;a la Casa Blanca ha tra\u00eddo consigo...","og_url":"https:\/\/quehacerpolitico.mx\/?p=129581","article_published_time":"2026-03-11T15:17:37+00:00","article_modified_time":"2026-03-11T15:17:40+00:00","og_image":[{"width":963,"height":493,"url":"http:\/\/quehacerpolitico.mx\/wp-content\/uploads\/2026\/01\/03fa6135-c3fe-44b7-8e96-c6ca323ffebb-1.jpeg","type":"image\/jpeg"}],"author":"Redacci\u00f3n QP","twitter_card":"summary_large_image","twitter_misc":{"Escrito por":"Redacci\u00f3n QP","Tiempo de lectura":"7 minutos"},"schema":{"@context":"https:\/\/schema.org","@graph":[{"@type":"Article","@id":"https:\/\/quehacerpolitico.mx\/?p=129581#article","isPartOf":{"@id":"https:\/\/quehacerpolitico.mx\/?p=129581"},"author":{"name":"Redacci\u00f3n QP","@id":"https:\/\/quehacerpolitico.mx\/#\/schema\/person\/496d8ad2d1d3f8036101dca7ee39e585"},"headline":"El Quehacer Pol\u00edtico Internacional a trav\u00e9s de la opini\u00f3n\/\/\/Carolina Alonso Romei\/\/\/El regreso de la diplomacia selectiva: aliadosprioritarios en la era Trump 2.0","datePublished":"2026-03-11T15:17:37+00:00","dateModified":"2026-03-11T15:17:40+00:00","mainEntityOfPage":{"@id":"https:\/\/quehacerpolitico.mx\/?p=129581"},"wordCount":1522,"commentCount":0,"image":{"@id":"https:\/\/quehacerpolitico.mx\/?p=129581#primaryimage"},"thumbnailUrl":"https:\/\/quehacerpolitico.mx\/wp-content\/uploads\/2026\/01\/03fa6135-c3fe-44b7-8e96-c6ca323ffebb-1.jpeg","articleSection":["Internacionales"],"inLanguage":"es","potentialAction":[{"@type":"CommentAction","name":"Comment","target":["https:\/\/quehacerpolitico.mx\/?p=129581#respond"]}]},{"@type":"WebPage","@id":"https:\/\/quehacerpolitico.mx\/?p=129581","url":"https:\/\/quehacerpolitico.mx\/?p=129581","name":"El Quehacer Pol\u00edtico Internacional a trav\u00e9s de la opini\u00f3n\/\/\/Carolina Alonso Romei\/\/\/El regreso de la diplomacia selectiva: aliadosprioritarios en la era Trump 2.0 -","isPartOf":{"@id":"https:\/\/quehacerpolitico.mx\/#website"},"primaryImageOfPage":{"@id":"https:\/\/quehacerpolitico.mx\/?p=129581#primaryimage"},"image":{"@id":"https:\/\/quehacerpolitico.mx\/?p=129581#primaryimage"},"thumbnailUrl":"https:\/\/quehacerpolitico.mx\/wp-content\/uploads\/2026\/01\/03fa6135-c3fe-44b7-8e96-c6ca323ffebb-1.jpeg","datePublished":"2026-03-11T15:17:37+00:00","dateModified":"2026-03-11T15:17:40+00:00","author":{"@id":"https:\/\/quehacerpolitico.mx\/#\/schema\/person\/496d8ad2d1d3f8036101dca7ee39e585"},"breadcrumb":{"@id":"https:\/\/quehacerpolitico.mx\/?p=129581#breadcrumb"},"inLanguage":"es","potentialAction":[{"@type":"ReadAction","target":["https:\/\/quehacerpolitico.mx\/?p=129581"]}]},{"@type":"ImageObject","inLanguage":"es","@id":"https:\/\/quehacerpolitico.mx\/?p=129581#primaryimage","url":"https:\/\/quehacerpolitico.mx\/wp-content\/uploads\/2026\/01\/03fa6135-c3fe-44b7-8e96-c6ca323ffebb-1.jpeg","contentUrl":"https:\/\/quehacerpolitico.mx\/wp-content\/uploads\/2026\/01\/03fa6135-c3fe-44b7-8e96-c6ca323ffebb-1.jpeg","width":963,"height":493},{"@type":"BreadcrumbList","@id":"https:\/\/quehacerpolitico.mx\/?p=129581#breadcrumb","itemListElement":[{"@type":"ListItem","position":1,"name":"Inicio","item":"https:\/\/quehacerpolitico.mx\/"},{"@type":"ListItem","position":2,"name":"El Quehacer Pol\u00edtico Internacional a trav\u00e9s de la opini\u00f3n\/\/\/Carolina Alonso Romei\/\/\/El regreso de la diplomacia selectiva: aliadosprioritarios en la era Trump 2.0"}]},{"@type":"WebSite","@id":"https:\/\/quehacerpolitico.mx\/#website","url":"https:\/\/quehacerpolitico.mx\/","name":"","description":"","potentialAction":[{"@type":"SearchAction","target":{"@type":"EntryPoint","urlTemplate":"https:\/\/quehacerpolitico.mx\/?s={search_term_string}"},"query-input":{"@type":"PropertyValueSpecification","valueRequired":true,"valueName":"search_term_string"}}],"inLanguage":"es"},{"@type":"Person","@id":"https:\/\/quehacerpolitico.mx\/#\/schema\/person\/496d8ad2d1d3f8036101dca7ee39e585","name":"Redacci\u00f3n QP","image":{"@type":"ImageObject","inLanguage":"es","@id":"https:\/\/secure.gravatar.com\/avatar\/c7164ed6fdec453195284ad24a5ae5b6e1eed2b848477fa2a4787ba9adf39a41?s=96&d=mm&r=g","url":"https:\/\/secure.gravatar.com\/avatar\/c7164ed6fdec453195284ad24a5ae5b6e1eed2b848477fa2a4787ba9adf39a41?s=96&d=mm&r=g","contentUrl":"https:\/\/secure.gravatar.com\/avatar\/c7164ed6fdec453195284ad24a5ae5b6e1eed2b848477fa2a4787ba9adf39a41?s=96&d=mm&r=g","caption":"Redacci\u00f3n QP"},"url":"https:\/\/quehacerpolitico.mx\/?author=2"}]}},"featured_image_urls":{"full":["https:\/\/quehacerpolitico.mx\/wp-content\/uploads\/2026\/01\/03fa6135-c3fe-44b7-8e96-c6ca323ffebb-1.jpeg",963,493,false],"thumbnail":["https:\/\/quehacerpolitico.mx\/wp-content\/uploads\/2026\/01\/03fa6135-c3fe-44b7-8e96-c6ca323ffebb-1-150x150.jpeg",150,150,true],"medium":["https:\/\/quehacerpolitico.mx\/wp-content\/uploads\/2026\/01\/03fa6135-c3fe-44b7-8e96-c6ca323ffebb-1-300x154.jpeg",300,154,true],"medium_large":["https:\/\/quehacerpolitico.mx\/wp-content\/uploads\/2026\/01\/03fa6135-c3fe-44b7-8e96-c6ca323ffebb-1-768x393.jpeg",640,328,true],"large":["https:\/\/quehacerpolitico.mx\/wp-content\/uploads\/2026\/01\/03fa6135-c3fe-44b7-8e96-c6ca323ffebb-1.jpeg",640,328,false],"1536x1536":["https:\/\/quehacerpolitico.mx\/wp-content\/uploads\/2026\/01\/03fa6135-c3fe-44b7-8e96-c6ca323ffebb-1.jpeg",963,493,false],"2048x2048":["https:\/\/quehacerpolitico.mx\/wp-content\/uploads\/2026\/01\/03fa6135-c3fe-44b7-8e96-c6ca323ffebb-1.jpeg",963,493,false],"covernews-featured":["https:\/\/quehacerpolitico.mx\/wp-content\/uploads\/2026\/01\/03fa6135-c3fe-44b7-8e96-c6ca323ffebb-1.jpeg",963,493,false],"covernews-medium":["https:\/\/quehacerpolitico.mx\/wp-content\/uploads\/2026\/01\/03fa6135-c3fe-44b7-8e96-c6ca323ffebb-1-540x340.jpeg",540,340,true]},"author_info":{"display_name":"Redacci\u00f3n QP","author_link":"https:\/\/quehacerpolitico.mx\/?author=2"},"category_info":"<a href=\"https:\/\/quehacerpolitico.mx\/?cat=1\" rel=\"category\">Internacionales<\/a>","tag_info":"Internacionales","comment_count":"0","_links":{"self":[{"href":"https:\/\/quehacerpolitico.mx\/index.php?rest_route=\/wp\/v2\/posts\/129581","targetHints":{"allow":["GET"]}}],"collection":[{"href":"https:\/\/quehacerpolitico.mx\/index.php?rest_route=\/wp\/v2\/posts"}],"about":[{"href":"https:\/\/quehacerpolitico.mx\/index.php?rest_route=\/wp\/v2\/types\/post"}],"author":[{"embeddable":true,"href":"https:\/\/quehacerpolitico.mx\/index.php?rest_route=\/wp\/v2\/users\/2"}],"replies":[{"embeddable":true,"href":"https:\/\/quehacerpolitico.mx\/index.php?rest_route=%2Fwp%2Fv2%2Fcomments&post=129581"}],"version-history":[{"count":1,"href":"https:\/\/quehacerpolitico.mx\/index.php?rest_route=\/wp\/v2\/posts\/129581\/revisions"}],"predecessor-version":[{"id":129582,"href":"https:\/\/quehacerpolitico.mx\/index.php?rest_route=\/wp\/v2\/posts\/129581\/revisions\/129582"}],"wp:featuredmedia":[{"embeddable":true,"href":"https:\/\/quehacerpolitico.mx\/index.php?rest_route=\/wp\/v2\/media\/128510"}],"wp:attachment":[{"href":"https:\/\/quehacerpolitico.mx\/index.php?rest_route=%2Fwp%2Fv2%2Fmedia&parent=129581"}],"wp:term":[{"taxonomy":"category","embeddable":true,"href":"https:\/\/quehacerpolitico.mx\/index.php?rest_route=%2Fwp%2Fv2%2Fcategories&post=129581"},{"taxonomy":"post_tag","embeddable":true,"href":"https:\/\/quehacerpolitico.mx\/index.php?rest_route=%2Fwp%2Fv2%2Ftags&post=129581"}],"curies":[{"name":"wp","href":"https:\/\/api.w.org\/{rel}","templated":true}]}}