{"id":129566,"date":"2026-03-10T22:08:47","date_gmt":"2026-03-11T04:08:47","guid":{"rendered":"https:\/\/quehacerpolitico.mx\/?p=129566"},"modified":"2026-03-10T22:08:52","modified_gmt":"2026-03-11T04:08:52","slug":"cruz-azul-aprovecha-expulsion-del-portero-de-rayados-y-lo-derrota-2-1-en-la-concachampions","status":"publish","type":"post","link":"https:\/\/quehacerpolitico.mx\/?p=129566","title":{"rendered":"Cruz Azul aprovecha expulsi\u00f3n del portero de Rayados y lo derrota 2-1 en la Concachampions"},"content":{"rendered":"\n<p>Por Redacci\u00f3n QP<\/p>\n\n\n\n<p>La M\u00e1quina dio la vuelta en la recta final tras la expulsi\u00f3n de Santiago Mele; Stefan Medina hizo de arquero, pero Piovi, de penalti, e Ib\u00e1\u00f1ez con golazo de volea, lo castigaron (2-3).<\/p>\n\n\n\n<p>Cruz Azul venci\u00f3 este mi\u00e9rcoles al Monterrey en la Ida de Octavos de Final de la Concachampions, disputada en el Estadio BBVA (2-3).<\/p>\n\n\n\n<p>Fue un partido electrizante en el que La M\u00e1quina sac\u00f3 provecho a la superioridad num\u00e9rica y a que su rival termin\u00f3 con un defensa en la posici\u00f3n de portero.<\/p>\n\n\n\n<p>Las cosas empezaron bien para los celestes, que tomaron ventaja al 25&#8242; con un remate cerca del \u00e1rea chica de Erik Lira.<\/p>\n\n\n\n<figure class=\"wp-block-embed is-type-rich is-provider-twitter wp-block-embed-twitter\"><div class=\"wp-block-embed__wrapper\">\n<blockquote class=\"twitter-tweet\" data-width=\"550\" data-dnt=\"true\"><p lang=\"es\" dir=\"ltr\">\u00a1Erik Lira abre el marcador! \ud83d\udca5 <a href=\"https:\/\/t.co\/OvYGBDmp3f\">pic.twitter.com\/OvYGBDmp3f<\/a><\/p>&mdash; Concacaf Champions Cup (@TheChampions) <a href=\"https:\/\/twitter.com\/TheChampions\/status\/2031545241233489970?ref_src=twsrc%5Etfw\">March 11, 2026<\/a><\/blockquote><script async src=\"https:\/\/platform.twitter.com\/widgets.js\" charset=\"utf-8\"><\/script>\n<\/div><\/figure>\n\n\n\n<p>El elenco regio reaccion\u00f3 10 minutos m\u00e1s tarde y nivel\u00f3 el marcador con un oportuno contrarremate de Roberto de la Rosa.<\/p>\n\n\n\n<figure class=\"wp-block-embed is-type-rich is-provider-twitter wp-block-embed-twitter\"><div class=\"wp-block-embed__wrapper\">\n<blockquote class=\"twitter-tweet\" data-width=\"550\" data-dnt=\"true\"><p lang=\"es\" dir=\"ltr\">\u00a1De la Rosa aparece en el momento justo! \ud83d\ude2e\u200d\ud83d\udca8 <a href=\"https:\/\/t.co\/E23R5xyT4l\">pic.twitter.com\/E23R5xyT4l<\/a><\/p>&mdash; Concacaf Champions Cup (@TheChampions) <a href=\"https:\/\/twitter.com\/TheChampions\/status\/2031546901062197524?ref_src=twsrc%5Etfw\">March 11, 2026<\/a><\/blockquote><script async src=\"https:\/\/platform.twitter.com\/widgets.js\" charset=\"utf-8\"><\/script>\n<\/div><\/figure>\n\n\n\n<p>Y al 40&#8242;, el exdelantero del Pachuca firm\u00f3 la voltereta&nbsp;para los albiazules con un zurdazo cruzado en el \u00e1rea.<\/p>\n\n\n\n<figure class=\"wp-block-embed is-type-rich is-provider-twitter wp-block-embed-twitter\"><div class=\"wp-block-embed__wrapper\">\n<blockquote class=\"twitter-tweet\" data-width=\"550\" data-dnt=\"true\"><p lang=\"es\" dir=\"ltr\">\u00a1Doblete de Roberto De la Rosa! \u26bd\u26bd <a href=\"https:\/\/t.co\/hSmMIVwwTV\">pic.twitter.com\/hSmMIVwwTV<\/a><\/p>&mdash; Concacaf Champions Cup (@TheChampions) <a href=\"https:\/\/twitter.com\/TheChampions\/status\/2031548207340433438?ref_src=twsrc%5Etfw\">March 11, 2026<\/a><\/blockquote><script async src=\"https:\/\/platform.twitter.com\/widgets.js\" charset=\"utf-8\"><\/script>\n<\/div><\/figure>\n\n\n\n<p>La segunda mitad fue electrizante. Los locale supieron defenderse buena parte del tr\u00e1mite, mas no en la recta final, que result\u00f3 lapidaria para ellos.<\/p>\n\n\n\n<p>TODO CAMBIO CON LA EXPULSI\u00d3N<\/p>\n\n\n\n<p>Al 78&#8242;, el uruguayo Santiago Mele cometi\u00f3 un penalti &#8216;imprudente&#8217; sobre Rodarte y se gan\u00f3 la segunda amarilla cuando su equipo ya no ten\u00eda cambios. Stefan Medina, lateral nominal, tuvo que ponerse los guantes.<\/p>\n\n\n\n<figure class=\"wp-block-embed is-type-rich is-provider-twitter wp-block-embed-twitter\"><div class=\"wp-block-embed__wrapper\">\n<blockquote class=\"twitter-tweet\" data-width=\"550\" data-dnt=\"true\"><p lang=\"es\" dir=\"ltr\">\u00a1ADI\u00d3SSS!<br><br>Santiago Mele se va expulsado. <br><br>\ud83e\udd20 <a href=\"https:\/\/twitter.com\/Rayados?ref_src=twsrc%5Etfw\">@Rayados<\/a> 2-1 <a href=\"https:\/\/twitter.com\/CruzAzul?ref_src=twsrc%5Etfw\">@CruzAzul<\/a>\ud83d\ude82<br><br>\u26ab\ufe0f EN VIVO por FOX ONE \ud83d\udc49<a href=\"https:\/\/t.co\/WzovPo9LxO\">https:\/\/t.co\/WzovPo9LxO<\/a><a href=\"https:\/\/twitter.com\/hashtag\/Concachampions?src=hash&amp;ref_src=twsrc%5Etfw\">#Concachampions<\/a> <a href=\"https:\/\/t.co\/qjpssLlwlp\">pic.twitter.com\/qjpssLlwlp<\/a><\/p>&mdash; FOX (@somos_FOX) <a href=\"https:\/\/twitter.com\/somos_FOX\/status\/2031563650004103441?ref_src=twsrc%5Etfw\">March 11, 2026<\/a><\/blockquote><script async src=\"https:\/\/platform.twitter.com\/widgets.js\" charset=\"utf-8\"><\/script>\n<\/div><\/figure>\n\n\n\n<p>Piovi no fall\u00f3 y fusil\u00f3 al colmbiano para empatar el juego al 84&#8242;.<\/p>\n\n\n\n<figure class=\"wp-block-embed is-type-rich is-provider-twitter wp-block-embed-twitter\"><div class=\"wp-block-embed__wrapper\">\n<blockquote class=\"twitter-tweet\" data-width=\"550\" data-dnt=\"true\"><p lang=\"it\" dir=\"ltr\">\u00a1Piovi no falla! Empate celeste \ud83c\udfaf <a href=\"https:\/\/t.co\/tqVUzu0Lfg\">pic.twitter.com\/tqVUzu0Lfg<\/a><\/p>&mdash; Concacaf Champions Cup (@TheChampions) <a href=\"https:\/\/twitter.com\/TheChampions\/status\/2031564579491426469?ref_src=twsrc%5Etfw\">March 11, 2026<\/a><\/blockquote><script async src=\"https:\/\/platform.twitter.com\/widgets.js\" charset=\"utf-8\"><\/script>\n<\/div><\/figure>\n\n\n\n<p>Y al 90&#8242;, Nicol\u00e1s Ib\u00e1\u00f1ez, de pasado tigre, silenci\u00f3 el denominado &#8216;Gigante de Acero&#8217; con un golazo de volea que firm\u00f3 la electrizante voltereta de los cementeros.<\/p>\n\n\n\n<figure class=\"wp-block-embed is-type-rich is-provider-twitter wp-block-embed-twitter\"><div class=\"wp-block-embed__wrapper\">\n<blockquote class=\"twitter-tweet\" data-width=\"550\" data-dnt=\"true\"><p lang=\"es\" dir=\"ltr\">\u00a1Nicol\u00e1s Ib\u00e1\u00f1ez firma un golazo para darle la vuelta al marcador! \ud83d\udd25 <a href=\"https:\/\/t.co\/e2iqOupkFt\">pic.twitter.com\/e2iqOupkFt<\/a><\/p>&mdash; Concacaf Champions Cup (@TheChampions) <a href=\"https:\/\/twitter.com\/TheChampions\/status\/2031566131949936656?ref_src=twsrc%5Etfw\">March 11, 2026<\/a><\/blockquote><script async src=\"https:\/\/platform.twitter.com\/widgets.js\" charset=\"utf-8\"><\/script>\n<\/div><\/figure>\n\n\n\n<p>Cruz Azul lleva ventaja para el cap\u00edtulo de vuelta ante Rayados, en busca de los Cuartos de Final del certamen de Concacaf.<\/p>\n\n\n\n<figure class=\"wp-block-embed is-type-rich is-provider-twitter wp-block-embed-twitter\"><div class=\"wp-block-embed__wrapper\">\n<blockquote class=\"twitter-tweet\" data-width=\"550\" data-dnt=\"true\"><p lang=\"es\" dir=\"ltr\">\u00a1Cruz Azul derrota a Monterrey en el primer cap\u00edtulo de los Octavos de Final! \ud83d\ude82 <a href=\"https:\/\/t.co\/cI3WL2glPw\">pic.twitter.com\/cI3WL2glPw<\/a><\/p>&mdash; Concacaf Champions Cup (@TheChampions) <a href=\"https:\/\/twitter.com\/TheChampions\/status\/2031569113835774205?ref_src=twsrc%5Etfw\">March 11, 2026<\/a><\/blockquote><script async src=\"https:\/\/platform.twitter.com\/widgets.js\" charset=\"utf-8\"><\/script>\n<\/div><\/figure>\n","protected":false},"excerpt":{"rendered":"<p>Por Redacci\u00f3n QP La M\u00e1quina dio la vuelta en la recta final tras la expulsi\u00f3n&#8230;<\/p>\n","protected":false},"author":2,"featured_media":129567,"comment_status":"open","ping_status":"open","sticky":false,"template":"","format":"standard","meta":{"_monsterinsights_skip_tracking":false,"_monsterinsights_sitenote_active":false,"_monsterinsights_sitenote_note":"","_monsterinsights_sitenote_category":0,"footnotes":""},"categories":[54],"tags":[],"class_list":["post-129566","post","type-post","status-publish","format-standard","has-post-thumbnail","hentry","category-deportes"],"yoast_head":"<!-- This site is optimized with the Yoast SEO plugin v27.3 - https:\/\/yoast.com\/product\/yoast-seo-wordpress\/ -->\n<title>Cruz Azul aprovecha expulsi\u00f3n del portero de Rayados y lo derrota 2-1 en la Concachampions -<\/title>\n<meta name=\"robots\" content=\"index, follow, max-snippet:-1, max-image-preview:large, max-video-preview:-1\" \/>\n<link rel=\"canonical\" href=\"https:\/\/quehacerpolitico.mx\/?p=129566\" \/>\n<meta property=\"og:locale\" content=\"es_MX\" \/>\n<meta property=\"og:type\" content=\"article\" \/>\n<meta property=\"og:title\" content=\"Cruz Azul aprovecha expulsi\u00f3n del portero de Rayados y lo derrota 2-1 en la Concachampions -\" \/>\n<meta property=\"og:description\" content=\"Por Redacci\u00f3n QP La M\u00e1quina dio la vuelta en la recta final tras la expulsi\u00f3n...\" \/>\n<meta property=\"og:url\" content=\"https:\/\/quehacerpolitico.mx\/?p=129566\" \/>\n<meta property=\"article:published_time\" content=\"2026-03-11T04:08:47+00:00\" \/>\n<meta property=\"article:modified_time\" content=\"2026-03-11T04:08:52+00:00\" \/>\n<meta property=\"og:image\" content=\"http:\/\/quehacerpolitico.mx\/wp-content\/uploads\/2026\/03\/IMG_7173.jpeg\" \/>\n\t<meta property=\"og:image:width\" content=\"1116\" \/>\n\t<meta property=\"og:image:height\" content=\"834\" \/>\n\t<meta property=\"og:image:type\" content=\"image\/jpeg\" \/>\n<meta name=\"author\" content=\"Redacci\u00f3n QP\" \/>\n<meta name=\"twitter:card\" content=\"summary_large_image\" \/>\n<meta name=\"twitter:label1\" content=\"Escrito por\" \/>\n\t<meta name=\"twitter:data1\" content=\"Redacci\u00f3n QP\" \/>\n\t<meta name=\"twitter:label2\" content=\"Tiempo de lectura\" \/>\n\t<meta name=\"twitter:data2\" content=\"2 minutos\" \/>\n<script type=\"application\/ld+json\" class=\"yoast-schema-graph\">{\"@context\":\"https:\\\/\\\/schema.org\",\"@graph\":[{\"@type\":\"Article\",\"@id\":\"https:\\\/\\\/quehacerpolitico.mx\\\/?p=129566#article\",\"isPartOf\":{\"@id\":\"https:\\\/\\\/quehacerpolitico.mx\\\/?p=129566\"},\"author\":{\"name\":\"Redacci\u00f3n QP\",\"@id\":\"https:\\\/\\\/quehacerpolitico.mx\\\/#\\\/schema\\\/person\\\/496d8ad2d1d3f8036101dca7ee39e585\"},\"headline\":\"Cruz Azul aprovecha expulsi\u00f3n del portero de Rayados y lo derrota 2-1 en la Concachampions\",\"datePublished\":\"2026-03-11T04:08:47+00:00\",\"dateModified\":\"2026-03-11T04:08:52+00:00\",\"mainEntityOfPage\":{\"@id\":\"https:\\\/\\\/quehacerpolitico.mx\\\/?p=129566\"},\"wordCount\":345,\"commentCount\":0,\"image\":{\"@id\":\"https:\\\/\\\/quehacerpolitico.mx\\\/?p=129566#primaryimage\"},\"thumbnailUrl\":\"https:\\\/\\\/quehacerpolitico.mx\\\/wp-content\\\/uploads\\\/2026\\\/03\\\/IMG_7173.jpeg\",\"articleSection\":[\"Deportes\"],\"inLanguage\":\"es\",\"potentialAction\":[{\"@type\":\"CommentAction\",\"name\":\"Comment\",\"target\":[\"https:\\\/\\\/quehacerpolitico.mx\\\/?p=129566#respond\"]}]},{\"@type\":\"WebPage\",\"@id\":\"https:\\\/\\\/quehacerpolitico.mx\\\/?p=129566\",\"url\":\"https:\\\/\\\/quehacerpolitico.mx\\\/?p=129566\",\"name\":\"Cruz Azul aprovecha expulsi\u00f3n del portero de Rayados y lo derrota 2-1 en la Concachampions -\",\"isPartOf\":{\"@id\":\"https:\\\/\\\/quehacerpolitico.mx\\\/#website\"},\"primaryImageOfPage\":{\"@id\":\"https:\\\/\\\/quehacerpolitico.mx\\\/?p=129566#primaryimage\"},\"image\":{\"@id\":\"https:\\\/\\\/quehacerpolitico.mx\\\/?p=129566#primaryimage\"},\"thumbnailUrl\":\"https:\\\/\\\/quehacerpolitico.mx\\\/wp-content\\\/uploads\\\/2026\\\/03\\\/IMG_7173.jpeg\",\"datePublished\":\"2026-03-11T04:08:47+00:00\",\"dateModified\":\"2026-03-11T04:08:52+00:00\",\"author\":{\"@id\":\"https:\\\/\\\/quehacerpolitico.mx\\\/#\\\/schema\\\/person\\\/496d8ad2d1d3f8036101dca7ee39e585\"},\"breadcrumb\":{\"@id\":\"https:\\\/\\\/quehacerpolitico.mx\\\/?p=129566#breadcrumb\"},\"inLanguage\":\"es\",\"potentialAction\":[{\"@type\":\"ReadAction\",\"target\":[\"https:\\\/\\\/quehacerpolitico.mx\\\/?p=129566\"]}]},{\"@type\":\"ImageObject\",\"inLanguage\":\"es\",\"@id\":\"https:\\\/\\\/quehacerpolitico.mx\\\/?p=129566#primaryimage\",\"url\":\"https:\\\/\\\/quehacerpolitico.mx\\\/wp-content\\\/uploads\\\/2026\\\/03\\\/IMG_7173.jpeg\",\"contentUrl\":\"https:\\\/\\\/quehacerpolitico.mx\\\/wp-content\\\/uploads\\\/2026\\\/03\\\/IMG_7173.jpeg\",\"width\":1116,\"height\":834},{\"@type\":\"BreadcrumbList\",\"@id\":\"https:\\\/\\\/quehacerpolitico.mx\\\/?p=129566#breadcrumb\",\"itemListElement\":[{\"@type\":\"ListItem\",\"position\":1,\"name\":\"Inicio\",\"item\":\"https:\\\/\\\/quehacerpolitico.mx\\\/\"},{\"@type\":\"ListItem\",\"position\":2,\"name\":\"Cruz Azul aprovecha expulsi\u00f3n del portero de Rayados y lo derrota 2-1 en la Concachampions\"}]},{\"@type\":\"WebSite\",\"@id\":\"https:\\\/\\\/quehacerpolitico.mx\\\/#website\",\"url\":\"https:\\\/\\\/quehacerpolitico.mx\\\/\",\"name\":\"\",\"description\":\"\",\"potentialAction\":[{\"@type\":\"SearchAction\",\"target\":{\"@type\":\"EntryPoint\",\"urlTemplate\":\"https:\\\/\\\/quehacerpolitico.mx\\\/?s={search_term_string}\"},\"query-input\":{\"@type\":\"PropertyValueSpecification\",\"valueRequired\":true,\"valueName\":\"search_term_string\"}}],\"inLanguage\":\"es\"},{\"@type\":\"Person\",\"@id\":\"https:\\\/\\\/quehacerpolitico.mx\\\/#\\\/schema\\\/person\\\/496d8ad2d1d3f8036101dca7ee39e585\",\"name\":\"Redacci\u00f3n QP\",\"image\":{\"@type\":\"ImageObject\",\"inLanguage\":\"es\",\"@id\":\"https:\\\/\\\/secure.gravatar.com\\\/avatar\\\/c7164ed6fdec453195284ad24a5ae5b6e1eed2b848477fa2a4787ba9adf39a41?s=96&d=mm&r=g\",\"url\":\"https:\\\/\\\/secure.gravatar.com\\\/avatar\\\/c7164ed6fdec453195284ad24a5ae5b6e1eed2b848477fa2a4787ba9adf39a41?s=96&d=mm&r=g\",\"contentUrl\":\"https:\\\/\\\/secure.gravatar.com\\\/avatar\\\/c7164ed6fdec453195284ad24a5ae5b6e1eed2b848477fa2a4787ba9adf39a41?s=96&d=mm&r=g\",\"caption\":\"Redacci\u00f3n QP\"},\"url\":\"https:\\\/\\\/quehacerpolitico.mx\\\/?author=2\"}]}<\/script>\n<!-- \/ Yoast SEO plugin. -->","yoast_head_json":{"title":"Cruz Azul aprovecha expulsi\u00f3n del portero de Rayados y lo derrota 2-1 en la Concachampions -","robots":{"index":"index","follow":"follow","max-snippet":"max-snippet:-1","max-image-preview":"max-image-preview:large","max-video-preview":"max-video-preview:-1"},"canonical":"https:\/\/quehacerpolitico.mx\/?p=129566","og_locale":"es_MX","og_type":"article","og_title":"Cruz Azul aprovecha expulsi\u00f3n del portero de Rayados y lo derrota 2-1 en la Concachampions -","og_description":"Por Redacci\u00f3n QP La M\u00e1quina dio la vuelta en la recta final tras la expulsi\u00f3n...","og_url":"https:\/\/quehacerpolitico.mx\/?p=129566","article_published_time":"2026-03-11T04:08:47+00:00","article_modified_time":"2026-03-11T04:08:52+00:00","og_image":[{"width":1116,"height":834,"url":"http:\/\/quehacerpolitico.mx\/wp-content\/uploads\/2026\/03\/IMG_7173.jpeg","type":"image\/jpeg"}],"author":"Redacci\u00f3n QP","twitter_card":"summary_large_image","twitter_misc":{"Escrito por":"Redacci\u00f3n QP","Tiempo de lectura":"2 minutos"},"schema":{"@context":"https:\/\/schema.org","@graph":[{"@type":"Article","@id":"https:\/\/quehacerpolitico.mx\/?p=129566#article","isPartOf":{"@id":"https:\/\/quehacerpolitico.mx\/?p=129566"},"author":{"name":"Redacci\u00f3n QP","@id":"https:\/\/quehacerpolitico.mx\/#\/schema\/person\/496d8ad2d1d3f8036101dca7ee39e585"},"headline":"Cruz Azul aprovecha expulsi\u00f3n del portero de Rayados y lo derrota 2-1 en la Concachampions","datePublished":"2026-03-11T04:08:47+00:00","dateModified":"2026-03-11T04:08:52+00:00","mainEntityOfPage":{"@id":"https:\/\/quehacerpolitico.mx\/?p=129566"},"wordCount":345,"commentCount":0,"image":{"@id":"https:\/\/quehacerpolitico.mx\/?p=129566#primaryimage"},"thumbnailUrl":"https:\/\/quehacerpolitico.mx\/wp-content\/uploads\/2026\/03\/IMG_7173.jpeg","articleSection":["Deportes"],"inLanguage":"es","potentialAction":[{"@type":"CommentAction","name":"Comment","target":["https:\/\/quehacerpolitico.mx\/?p=129566#respond"]}]},{"@type":"WebPage","@id":"https:\/\/quehacerpolitico.mx\/?p=129566","url":"https:\/\/quehacerpolitico.mx\/?p=129566","name":"Cruz Azul aprovecha expulsi\u00f3n del portero de Rayados y lo derrota 2-1 en la Concachampions -","isPartOf":{"@id":"https:\/\/quehacerpolitico.mx\/#website"},"primaryImageOfPage":{"@id":"https:\/\/quehacerpolitico.mx\/?p=129566#primaryimage"},"image":{"@id":"https:\/\/quehacerpolitico.mx\/?p=129566#primaryimage"},"thumbnailUrl":"https:\/\/quehacerpolitico.mx\/wp-content\/uploads\/2026\/03\/IMG_7173.jpeg","datePublished":"2026-03-11T04:08:47+00:00","dateModified":"2026-03-11T04:08:52+00:00","author":{"@id":"https:\/\/quehacerpolitico.mx\/#\/schema\/person\/496d8ad2d1d3f8036101dca7ee39e585"},"breadcrumb":{"@id":"https:\/\/quehacerpolitico.mx\/?p=129566#breadcrumb"},"inLanguage":"es","potentialAction":[{"@type":"ReadAction","target":["https:\/\/quehacerpolitico.mx\/?p=129566"]}]},{"@type":"ImageObject","inLanguage":"es","@id":"https:\/\/quehacerpolitico.mx\/?p=129566#primaryimage","url":"https:\/\/quehacerpolitico.mx\/wp-content\/uploads\/2026\/03\/IMG_7173.jpeg","contentUrl":"https:\/\/quehacerpolitico.mx\/wp-content\/uploads\/2026\/03\/IMG_7173.jpeg","width":1116,"height":834},{"@type":"BreadcrumbList","@id":"https:\/\/quehacerpolitico.mx\/?p=129566#breadcrumb","itemListElement":[{"@type":"ListItem","position":1,"name":"Inicio","item":"https:\/\/quehacerpolitico.mx\/"},{"@type":"ListItem","position":2,"name":"Cruz Azul aprovecha expulsi\u00f3n del portero de Rayados y lo derrota 2-1 en la Concachampions"}]},{"@type":"WebSite","@id":"https:\/\/quehacerpolitico.mx\/#website","url":"https:\/\/quehacerpolitico.mx\/","name":"","description":"","potentialAction":[{"@type":"SearchAction","target":{"@type":"EntryPoint","urlTemplate":"https:\/\/quehacerpolitico.mx\/?s={search_term_string}"},"query-input":{"@type":"PropertyValueSpecification","valueRequired":true,"valueName":"search_term_string"}}],"inLanguage":"es"},{"@type":"Person","@id":"https:\/\/quehacerpolitico.mx\/#\/schema\/person\/496d8ad2d1d3f8036101dca7ee39e585","name":"Redacci\u00f3n QP","image":{"@type":"ImageObject","inLanguage":"es","@id":"https:\/\/secure.gravatar.com\/avatar\/c7164ed6fdec453195284ad24a5ae5b6e1eed2b848477fa2a4787ba9adf39a41?s=96&d=mm&r=g","url":"https:\/\/secure.gravatar.com\/avatar\/c7164ed6fdec453195284ad24a5ae5b6e1eed2b848477fa2a4787ba9adf39a41?s=96&d=mm&r=g","contentUrl":"https:\/\/secure.gravatar.com\/avatar\/c7164ed6fdec453195284ad24a5ae5b6e1eed2b848477fa2a4787ba9adf39a41?s=96&d=mm&r=g","caption":"Redacci\u00f3n QP"},"url":"https:\/\/quehacerpolitico.mx\/?author=2"}]}},"featured_image_urls":{"full":["https:\/\/quehacerpolitico.mx\/wp-content\/uploads\/2026\/03\/IMG_7173.jpeg",1116,834,false],"thumbnail":["https:\/\/quehacerpolitico.mx\/wp-content\/uploads\/2026\/03\/IMG_7173-150x150.jpeg",150,150,true],"medium":["https:\/\/quehacerpolitico.mx\/wp-content\/uploads\/2026\/03\/IMG_7173-300x224.jpeg",300,224,true],"medium_large":["https:\/\/quehacerpolitico.mx\/wp-content\/uploads\/2026\/03\/IMG_7173-768x574.jpeg",640,478,true],"large":["https:\/\/quehacerpolitico.mx\/wp-content\/uploads\/2026\/03\/IMG_7173-1024x765.jpeg",640,478,true],"1536x1536":["https:\/\/quehacerpolitico.mx\/wp-content\/uploads\/2026\/03\/IMG_7173.jpeg",1116,834,false],"2048x2048":["https:\/\/quehacerpolitico.mx\/wp-content\/uploads\/2026\/03\/IMG_7173.jpeg",1116,834,false],"covernews-featured":["https:\/\/quehacerpolitico.mx\/wp-content\/uploads\/2026\/03\/IMG_7173-1024x765.jpeg",1024,765,true],"covernews-medium":["https:\/\/quehacerpolitico.mx\/wp-content\/uploads\/2026\/03\/IMG_7173-540x340.jpeg",540,340,true]},"author_info":{"display_name":"Redacci\u00f3n QP","author_link":"https:\/\/quehacerpolitico.mx\/?author=2"},"category_info":"<a href=\"https:\/\/quehacerpolitico.mx\/?cat=54\" rel=\"category\">Deportes<\/a>","tag_info":"Deportes","comment_count":"0","_links":{"self":[{"href":"https:\/\/quehacerpolitico.mx\/index.php?rest_route=\/wp\/v2\/posts\/129566","targetHints":{"allow":["GET"]}}],"collection":[{"href":"https:\/\/quehacerpolitico.mx\/index.php?rest_route=\/wp\/v2\/posts"}],"about":[{"href":"https:\/\/quehacerpolitico.mx\/index.php?rest_route=\/wp\/v2\/types\/post"}],"author":[{"embeddable":true,"href":"https:\/\/quehacerpolitico.mx\/index.php?rest_route=\/wp\/v2\/users\/2"}],"replies":[{"embeddable":true,"href":"https:\/\/quehacerpolitico.mx\/index.php?rest_route=%2Fwp%2Fv2%2Fcomments&post=129566"}],"version-history":[{"count":1,"href":"https:\/\/quehacerpolitico.mx\/index.php?rest_route=\/wp\/v2\/posts\/129566\/revisions"}],"predecessor-version":[{"id":129568,"href":"https:\/\/quehacerpolitico.mx\/index.php?rest_route=\/wp\/v2\/posts\/129566\/revisions\/129568"}],"wp:featuredmedia":[{"embeddable":true,"href":"https:\/\/quehacerpolitico.mx\/index.php?rest_route=\/wp\/v2\/media\/129567"}],"wp:attachment":[{"href":"https:\/\/quehacerpolitico.mx\/index.php?rest_route=%2Fwp%2Fv2%2Fmedia&parent=129566"}],"wp:term":[{"taxonomy":"category","embeddable":true,"href":"https:\/\/quehacerpolitico.mx\/index.php?rest_route=%2Fwp%2Fv2%2Fcategories&post=129566"},{"taxonomy":"post_tag","embeddable":true,"href":"https:\/\/quehacerpolitico.mx\/index.php?rest_route=%2Fwp%2Fv2%2Ftags&post=129566"}],"curies":[{"name":"wp","href":"https:\/\/api.w.org\/{rel}","templated":true}]}}