{"id":129559,"date":"2026-03-10T21:05:17","date_gmt":"2026-03-11T03:05:17","guid":{"rendered":"https:\/\/quehacerpolitico.mx\/?p=129559"},"modified":"2026-03-10T21:05:21","modified_gmt":"2026-03-11T03:05:21","slug":"mala-calidad-del-aire-se-mantiene-fase-1-de-contingencia-ambiental-en-el-valle-de-mexico","status":"publish","type":"post","link":"https:\/\/quehacerpolitico.mx\/?p=129559","title":{"rendered":"Mala calidad del aire: se mantiene fase 1 de contingencia ambiental en el Valle de M\u00e9xico"},"content":{"rendered":"\n<p>Por Redacci\u00f3n QP<\/p>\n\n\n\n<p>La medida se tom\u00f3 luego de que se registraran altas concentraciones horarias m\u00e1ximas de ozono, por lo que habr\u00e1 doble no circula<\/p>\n\n\n\n<p>La\u00a0<strong>Comisi\u00f3n Ambiental de la Megal\u00f3polis\u00a0<\/strong>(<strong>CAMe<\/strong>) inform\u00f3 que la fase 1 de contingencia ambiental en el<strong>\u00a0Valle de M\u00e9xico\u00a0<\/strong>se mantendr\u00e1 hasta el mi\u00e9rcoles 11 de marzo.<\/p>\n\n\n\n<figure class=\"wp-block-embed is-type-rich is-provider-twitter wp-block-embed-twitter\"><div class=\"wp-block-embed__wrapper\">\n<blockquote class=\"twitter-tweet\" data-width=\"550\" data-dnt=\"true\"><p lang=\"es\" dir=\"ltr\">\ud83d\udce2<a href=\"https:\/\/twitter.com\/hashtag\/QueNoSeTePase?src=hash&amp;ref_src=twsrc%5Etfw\">#QueNoSeTePase<\/a><br> Por Fase 1 de <a href=\"https:\/\/twitter.com\/hashtag\/ContingenciaAmbiental?src=hash&amp;ref_src=twsrc%5Etfw\">#ContingenciaAmbiental<\/a> en la <a href=\"https:\/\/twitter.com\/hashtag\/ZMVM?src=hash&amp;ref_src=twsrc%5Etfw\">#ZMVM<\/a>, el <a href=\"https:\/\/twitter.com\/hashtag\/HoyNoCircula?src=hash&amp;ref_src=twsrc%5Etfw\">#HoyNoCircula<\/a> para el 11 de marzo de 2026 aplica para: <a href=\"https:\/\/t.co\/822Qf2plEN\">pic.twitter.com\/822Qf2plEN<\/a><\/p>&mdash; CAMegal\u00f3polis (@CAMegalopolis) <a href=\"https:\/\/twitter.com\/CAMegalopolis\/status\/2031562211320053984?ref_src=twsrc%5Etfw\">March 11, 2026<\/a><\/blockquote><script async src=\"https:\/\/platform.twitter.com\/widgets.js\" charset=\"utf-8\"><\/script>\n<\/div><\/figure>\n\n\n\n<p>La medida se tom\u00f3 luego de que se registraran altas concentraciones horarias m\u00e1ximas de ozono, por lo que habr\u00e1 doble no circula.<\/p>\n\n\n\n<p>&#8220;El objeto es disminuir la exposici\u00f3n de la poblaci\u00f3n al aire contaminado y el riesgo de afectaci\u00f3n a su salud, as\u00ed como para reducir la emisi\u00f3n de contaminantes&#8221;, se\u00f1al\u00f3 la\u00a0<strong>CAMe<\/strong>.<\/p>\n\n\n\n<figure class=\"wp-block-image size-large\"><img loading=\"lazy\" decoding=\"async\" width=\"1024\" height=\"642\" src=\"https:\/\/quehacerpolitico.mx\/wp-content\/uploads\/2026\/03\/b1608589-d495-45b2-b3b8-790c0707fe5f-1024x642.jpeg\" alt=\"\" class=\"wp-image-129560\" srcset=\"https:\/\/quehacerpolitico.mx\/wp-content\/uploads\/2026\/03\/b1608589-d495-45b2-b3b8-790c0707fe5f-1024x642.jpeg 1024w, https:\/\/quehacerpolitico.mx\/wp-content\/uploads\/2026\/03\/b1608589-d495-45b2-b3b8-790c0707fe5f-300x188.jpeg 300w, https:\/\/quehacerpolitico.mx\/wp-content\/uploads\/2026\/03\/b1608589-d495-45b2-b3b8-790c0707fe5f-768x481.jpeg 768w, https:\/\/quehacerpolitico.mx\/wp-content\/uploads\/2026\/03\/b1608589-d495-45b2-b3b8-790c0707fe5f-540x340.jpeg 540w, https:\/\/quehacerpolitico.mx\/wp-content\/uploads\/2026\/03\/b1608589-d495-45b2-b3b8-790c0707fe5f.jpeg 1280w\" sizes=\"auto, (max-width: 1024px) 100vw, 1024px\" \/><\/figure>\n\n\n\n<p>Por lo anterior, se inform\u00f3 que\u00a0los veh\u00edculos\u00a0con holograma de verificaci\u00f3n\u00a00 y 00, engomado rojo, terminaci\u00f3n de\u00a0placa 3 o 4, as\u00ed como\u00a0veh\u00edculos de uso particular con holograma de verificaci\u00f3n 1, cuyo \u00faltimo d\u00edgito num\u00e9rico sea\u00a01, 3, 4, 5, 7 y 9 y todos los veh\u00edculos con verificaci\u00f3n 2, no podr\u00e1n circular en un horario de las 5:00 de la ma\u00f1ana a las 10:00 de la noche.<\/p>\n\n\n\n<p>Asimismo,&nbsp;se pidi\u00f3 a la ciudadan\u00eda evitar&nbsp;eventos al aire libre, deportivos, culturales o espect\u00e1culos masivos, programados entre la&nbsp;1:00 y las 7:00 de la tarde.<\/p>\n\n\n\n<p>La medida responde a un&nbsp;sistema anticicl\u00f3nico que desde hace varios d\u00eda ha estado afectando al centro del pa\u00eds pero que este martes se intensific\u00f3.<\/p>\n","protected":false},"excerpt":{"rendered":"<p>Por Redacci\u00f3n QP La medida se tom\u00f3 luego de que se registraran altas concentraciones horarias&#8230;<\/p>\n","protected":false},"author":2,"featured_media":129561,"comment_status":"open","ping_status":"open","sticky":false,"template":"","format":"standard","meta":{"_monsterinsights_skip_tracking":false,"_monsterinsights_sitenote_active":false,"_monsterinsights_sitenote_note":"","_monsterinsights_sitenote_category":0,"footnotes":""},"categories":[55],"tags":[],"class_list":["post-129559","post","type-post","status-publish","format-standard","has-post-thumbnail","hentry","category-cdmx"],"yoast_head":"<!-- This site is optimized with the Yoast SEO plugin v27.3 - https:\/\/yoast.com\/product\/yoast-seo-wordpress\/ -->\n<title>Mala calidad del aire: se mantiene fase 1 de contingencia ambiental en el Valle de M\u00e9xico -<\/title>\n<meta name=\"robots\" content=\"index, follow, max-snippet:-1, max-image-preview:large, max-video-preview:-1\" \/>\n<link rel=\"canonical\" href=\"https:\/\/quehacerpolitico.mx\/?p=129559\" \/>\n<meta property=\"og:locale\" content=\"es_MX\" \/>\n<meta property=\"og:type\" content=\"article\" \/>\n<meta property=\"og:title\" content=\"Mala calidad del aire: se mantiene fase 1 de contingencia ambiental en el Valle de M\u00e9xico -\" \/>\n<meta property=\"og:description\" content=\"Por Redacci\u00f3n QP La medida se tom\u00f3 luego de que se registraran altas concentraciones horarias...\" \/>\n<meta property=\"og:url\" content=\"https:\/\/quehacerpolitico.mx\/?p=129559\" \/>\n<meta property=\"article:published_time\" content=\"2026-03-11T03:05:17+00:00\" \/>\n<meta property=\"article:modified_time\" content=\"2026-03-11T03:05:21+00:00\" \/>\n<meta property=\"og:image\" content=\"http:\/\/quehacerpolitico.mx\/wp-content\/uploads\/2026\/03\/IMG_7171.jpeg\" \/>\n\t<meta property=\"og:image:width\" content=\"1280\" \/>\n\t<meta property=\"og:image:height\" content=\"797\" \/>\n\t<meta property=\"og:image:type\" content=\"image\/jpeg\" \/>\n<meta name=\"author\" content=\"Redacci\u00f3n QP\" \/>\n<meta name=\"twitter:card\" content=\"summary_large_image\" \/>\n<meta name=\"twitter:label1\" content=\"Escrito por\" \/>\n\t<meta name=\"twitter:data1\" content=\"Redacci\u00f3n QP\" \/>\n\t<meta name=\"twitter:label2\" content=\"Tiempo de lectura\" \/>\n\t<meta name=\"twitter:data2\" content=\"2 minutos\" \/>\n<script type=\"application\/ld+json\" class=\"yoast-schema-graph\">{\"@context\":\"https:\\\/\\\/schema.org\",\"@graph\":[{\"@type\":\"Article\",\"@id\":\"https:\\\/\\\/quehacerpolitico.mx\\\/?p=129559#article\",\"isPartOf\":{\"@id\":\"https:\\\/\\\/quehacerpolitico.mx\\\/?p=129559\"},\"author\":{\"name\":\"Redacci\u00f3n QP\",\"@id\":\"https:\\\/\\\/quehacerpolitico.mx\\\/#\\\/schema\\\/person\\\/496d8ad2d1d3f8036101dca7ee39e585\"},\"headline\":\"Mala calidad del aire: se mantiene fase 1 de contingencia ambiental en el Valle de M\u00e9xico\",\"datePublished\":\"2026-03-11T03:05:17+00:00\",\"dateModified\":\"2026-03-11T03:05:21+00:00\",\"mainEntityOfPage\":{\"@id\":\"https:\\\/\\\/quehacerpolitico.mx\\\/?p=129559\"},\"wordCount\":264,\"commentCount\":0,\"image\":{\"@id\":\"https:\\\/\\\/quehacerpolitico.mx\\\/?p=129559#primaryimage\"},\"thumbnailUrl\":\"https:\\\/\\\/quehacerpolitico.mx\\\/wp-content\\\/uploads\\\/2026\\\/03\\\/IMG_7171.jpeg\",\"articleSection\":[\"CDMX\"],\"inLanguage\":\"es\",\"potentialAction\":[{\"@type\":\"CommentAction\",\"name\":\"Comment\",\"target\":[\"https:\\\/\\\/quehacerpolitico.mx\\\/?p=129559#respond\"]}]},{\"@type\":\"WebPage\",\"@id\":\"https:\\\/\\\/quehacerpolitico.mx\\\/?p=129559\",\"url\":\"https:\\\/\\\/quehacerpolitico.mx\\\/?p=129559\",\"name\":\"Mala calidad del aire: se mantiene fase 1 de contingencia ambiental en el Valle de M\u00e9xico -\",\"isPartOf\":{\"@id\":\"https:\\\/\\\/quehacerpolitico.mx\\\/#website\"},\"primaryImageOfPage\":{\"@id\":\"https:\\\/\\\/quehacerpolitico.mx\\\/?p=129559#primaryimage\"},\"image\":{\"@id\":\"https:\\\/\\\/quehacerpolitico.mx\\\/?p=129559#primaryimage\"},\"thumbnailUrl\":\"https:\\\/\\\/quehacerpolitico.mx\\\/wp-content\\\/uploads\\\/2026\\\/03\\\/IMG_7171.jpeg\",\"datePublished\":\"2026-03-11T03:05:17+00:00\",\"dateModified\":\"2026-03-11T03:05:21+00:00\",\"author\":{\"@id\":\"https:\\\/\\\/quehacerpolitico.mx\\\/#\\\/schema\\\/person\\\/496d8ad2d1d3f8036101dca7ee39e585\"},\"breadcrumb\":{\"@id\":\"https:\\\/\\\/quehacerpolitico.mx\\\/?p=129559#breadcrumb\"},\"inLanguage\":\"es\",\"potentialAction\":[{\"@type\":\"ReadAction\",\"target\":[\"https:\\\/\\\/quehacerpolitico.mx\\\/?p=129559\"]}]},{\"@type\":\"ImageObject\",\"inLanguage\":\"es\",\"@id\":\"https:\\\/\\\/quehacerpolitico.mx\\\/?p=129559#primaryimage\",\"url\":\"https:\\\/\\\/quehacerpolitico.mx\\\/wp-content\\\/uploads\\\/2026\\\/03\\\/IMG_7171.jpeg\",\"contentUrl\":\"https:\\\/\\\/quehacerpolitico.mx\\\/wp-content\\\/uploads\\\/2026\\\/03\\\/IMG_7171.jpeg\",\"width\":1280,\"height\":797},{\"@type\":\"BreadcrumbList\",\"@id\":\"https:\\\/\\\/quehacerpolitico.mx\\\/?p=129559#breadcrumb\",\"itemListElement\":[{\"@type\":\"ListItem\",\"position\":1,\"name\":\"Inicio\",\"item\":\"https:\\\/\\\/quehacerpolitico.mx\\\/\"},{\"@type\":\"ListItem\",\"position\":2,\"name\":\"Mala calidad del aire: se mantiene fase 1 de contingencia ambiental en el Valle de M\u00e9xico\"}]},{\"@type\":\"WebSite\",\"@id\":\"https:\\\/\\\/quehacerpolitico.mx\\\/#website\",\"url\":\"https:\\\/\\\/quehacerpolitico.mx\\\/\",\"name\":\"\",\"description\":\"\",\"potentialAction\":[{\"@type\":\"SearchAction\",\"target\":{\"@type\":\"EntryPoint\",\"urlTemplate\":\"https:\\\/\\\/quehacerpolitico.mx\\\/?s={search_term_string}\"},\"query-input\":{\"@type\":\"PropertyValueSpecification\",\"valueRequired\":true,\"valueName\":\"search_term_string\"}}],\"inLanguage\":\"es\"},{\"@type\":\"Person\",\"@id\":\"https:\\\/\\\/quehacerpolitico.mx\\\/#\\\/schema\\\/person\\\/496d8ad2d1d3f8036101dca7ee39e585\",\"name\":\"Redacci\u00f3n QP\",\"image\":{\"@type\":\"ImageObject\",\"inLanguage\":\"es\",\"@id\":\"https:\\\/\\\/secure.gravatar.com\\\/avatar\\\/c7164ed6fdec453195284ad24a5ae5b6e1eed2b848477fa2a4787ba9adf39a41?s=96&d=mm&r=g\",\"url\":\"https:\\\/\\\/secure.gravatar.com\\\/avatar\\\/c7164ed6fdec453195284ad24a5ae5b6e1eed2b848477fa2a4787ba9adf39a41?s=96&d=mm&r=g\",\"contentUrl\":\"https:\\\/\\\/secure.gravatar.com\\\/avatar\\\/c7164ed6fdec453195284ad24a5ae5b6e1eed2b848477fa2a4787ba9adf39a41?s=96&d=mm&r=g\",\"caption\":\"Redacci\u00f3n QP\"},\"url\":\"https:\\\/\\\/quehacerpolitico.mx\\\/?author=2\"}]}<\/script>\n<!-- \/ Yoast SEO plugin. -->","yoast_head_json":{"title":"Mala calidad del aire: se mantiene fase 1 de contingencia ambiental en el Valle de M\u00e9xico -","robots":{"index":"index","follow":"follow","max-snippet":"max-snippet:-1","max-image-preview":"max-image-preview:large","max-video-preview":"max-video-preview:-1"},"canonical":"https:\/\/quehacerpolitico.mx\/?p=129559","og_locale":"es_MX","og_type":"article","og_title":"Mala calidad del aire: se mantiene fase 1 de contingencia ambiental en el Valle de M\u00e9xico -","og_description":"Por Redacci\u00f3n QP La medida se tom\u00f3 luego de que se registraran altas concentraciones horarias...","og_url":"https:\/\/quehacerpolitico.mx\/?p=129559","article_published_time":"2026-03-11T03:05:17+00:00","article_modified_time":"2026-03-11T03:05:21+00:00","og_image":[{"width":1280,"height":797,"url":"http:\/\/quehacerpolitico.mx\/wp-content\/uploads\/2026\/03\/IMG_7171.jpeg","type":"image\/jpeg"}],"author":"Redacci\u00f3n QP","twitter_card":"summary_large_image","twitter_misc":{"Escrito por":"Redacci\u00f3n QP","Tiempo de lectura":"2 minutos"},"schema":{"@context":"https:\/\/schema.org","@graph":[{"@type":"Article","@id":"https:\/\/quehacerpolitico.mx\/?p=129559#article","isPartOf":{"@id":"https:\/\/quehacerpolitico.mx\/?p=129559"},"author":{"name":"Redacci\u00f3n QP","@id":"https:\/\/quehacerpolitico.mx\/#\/schema\/person\/496d8ad2d1d3f8036101dca7ee39e585"},"headline":"Mala calidad del aire: se mantiene fase 1 de contingencia ambiental en el Valle de M\u00e9xico","datePublished":"2026-03-11T03:05:17+00:00","dateModified":"2026-03-11T03:05:21+00:00","mainEntityOfPage":{"@id":"https:\/\/quehacerpolitico.mx\/?p=129559"},"wordCount":264,"commentCount":0,"image":{"@id":"https:\/\/quehacerpolitico.mx\/?p=129559#primaryimage"},"thumbnailUrl":"https:\/\/quehacerpolitico.mx\/wp-content\/uploads\/2026\/03\/IMG_7171.jpeg","articleSection":["CDMX"],"inLanguage":"es","potentialAction":[{"@type":"CommentAction","name":"Comment","target":["https:\/\/quehacerpolitico.mx\/?p=129559#respond"]}]},{"@type":"WebPage","@id":"https:\/\/quehacerpolitico.mx\/?p=129559","url":"https:\/\/quehacerpolitico.mx\/?p=129559","name":"Mala calidad del aire: se mantiene fase 1 de contingencia ambiental en el Valle de M\u00e9xico -","isPartOf":{"@id":"https:\/\/quehacerpolitico.mx\/#website"},"primaryImageOfPage":{"@id":"https:\/\/quehacerpolitico.mx\/?p=129559#primaryimage"},"image":{"@id":"https:\/\/quehacerpolitico.mx\/?p=129559#primaryimage"},"thumbnailUrl":"https:\/\/quehacerpolitico.mx\/wp-content\/uploads\/2026\/03\/IMG_7171.jpeg","datePublished":"2026-03-11T03:05:17+00:00","dateModified":"2026-03-11T03:05:21+00:00","author":{"@id":"https:\/\/quehacerpolitico.mx\/#\/schema\/person\/496d8ad2d1d3f8036101dca7ee39e585"},"breadcrumb":{"@id":"https:\/\/quehacerpolitico.mx\/?p=129559#breadcrumb"},"inLanguage":"es","potentialAction":[{"@type":"ReadAction","target":["https:\/\/quehacerpolitico.mx\/?p=129559"]}]},{"@type":"ImageObject","inLanguage":"es","@id":"https:\/\/quehacerpolitico.mx\/?p=129559#primaryimage","url":"https:\/\/quehacerpolitico.mx\/wp-content\/uploads\/2026\/03\/IMG_7171.jpeg","contentUrl":"https:\/\/quehacerpolitico.mx\/wp-content\/uploads\/2026\/03\/IMG_7171.jpeg","width":1280,"height":797},{"@type":"BreadcrumbList","@id":"https:\/\/quehacerpolitico.mx\/?p=129559#breadcrumb","itemListElement":[{"@type":"ListItem","position":1,"name":"Inicio","item":"https:\/\/quehacerpolitico.mx\/"},{"@type":"ListItem","position":2,"name":"Mala calidad del aire: se mantiene fase 1 de contingencia ambiental en el Valle de M\u00e9xico"}]},{"@type":"WebSite","@id":"https:\/\/quehacerpolitico.mx\/#website","url":"https:\/\/quehacerpolitico.mx\/","name":"","description":"","potentialAction":[{"@type":"SearchAction","target":{"@type":"EntryPoint","urlTemplate":"https:\/\/quehacerpolitico.mx\/?s={search_term_string}"},"query-input":{"@type":"PropertyValueSpecification","valueRequired":true,"valueName":"search_term_string"}}],"inLanguage":"es"},{"@type":"Person","@id":"https:\/\/quehacerpolitico.mx\/#\/schema\/person\/496d8ad2d1d3f8036101dca7ee39e585","name":"Redacci\u00f3n QP","image":{"@type":"ImageObject","inLanguage":"es","@id":"https:\/\/secure.gravatar.com\/avatar\/c7164ed6fdec453195284ad24a5ae5b6e1eed2b848477fa2a4787ba9adf39a41?s=96&d=mm&r=g","url":"https:\/\/secure.gravatar.com\/avatar\/c7164ed6fdec453195284ad24a5ae5b6e1eed2b848477fa2a4787ba9adf39a41?s=96&d=mm&r=g","contentUrl":"https:\/\/secure.gravatar.com\/avatar\/c7164ed6fdec453195284ad24a5ae5b6e1eed2b848477fa2a4787ba9adf39a41?s=96&d=mm&r=g","caption":"Redacci\u00f3n QP"},"url":"https:\/\/quehacerpolitico.mx\/?author=2"}]}},"featured_image_urls":{"full":["https:\/\/quehacerpolitico.mx\/wp-content\/uploads\/2026\/03\/IMG_7171.jpeg",1280,797,false],"thumbnail":["https:\/\/quehacerpolitico.mx\/wp-content\/uploads\/2026\/03\/IMG_7171-150x150.jpeg",150,150,true],"medium":["https:\/\/quehacerpolitico.mx\/wp-content\/uploads\/2026\/03\/IMG_7171-300x187.jpeg",300,187,true],"medium_large":["https:\/\/quehacerpolitico.mx\/wp-content\/uploads\/2026\/03\/IMG_7171-768x478.jpeg",640,398,true],"large":["https:\/\/quehacerpolitico.mx\/wp-content\/uploads\/2026\/03\/IMG_7171-1024x638.jpeg",640,399,true],"1536x1536":["https:\/\/quehacerpolitico.mx\/wp-content\/uploads\/2026\/03\/IMG_7171.jpeg",1280,797,false],"2048x2048":["https:\/\/quehacerpolitico.mx\/wp-content\/uploads\/2026\/03\/IMG_7171.jpeg",1280,797,false],"covernews-featured":["https:\/\/quehacerpolitico.mx\/wp-content\/uploads\/2026\/03\/IMG_7171-1024x638.jpeg",1024,638,true],"covernews-medium":["https:\/\/quehacerpolitico.mx\/wp-content\/uploads\/2026\/03\/IMG_7171-540x340.jpeg",540,340,true]},"author_info":{"display_name":"Redacci\u00f3n QP","author_link":"https:\/\/quehacerpolitico.mx\/?author=2"},"category_info":"<a href=\"https:\/\/quehacerpolitico.mx\/?cat=55\" rel=\"category\">CDMX<\/a>","tag_info":"CDMX","comment_count":"0","_links":{"self":[{"href":"https:\/\/quehacerpolitico.mx\/index.php?rest_route=\/wp\/v2\/posts\/129559","targetHints":{"allow":["GET"]}}],"collection":[{"href":"https:\/\/quehacerpolitico.mx\/index.php?rest_route=\/wp\/v2\/posts"}],"about":[{"href":"https:\/\/quehacerpolitico.mx\/index.php?rest_route=\/wp\/v2\/types\/post"}],"author":[{"embeddable":true,"href":"https:\/\/quehacerpolitico.mx\/index.php?rest_route=\/wp\/v2\/users\/2"}],"replies":[{"embeddable":true,"href":"https:\/\/quehacerpolitico.mx\/index.php?rest_route=%2Fwp%2Fv2%2Fcomments&post=129559"}],"version-history":[{"count":1,"href":"https:\/\/quehacerpolitico.mx\/index.php?rest_route=\/wp\/v2\/posts\/129559\/revisions"}],"predecessor-version":[{"id":129562,"href":"https:\/\/quehacerpolitico.mx\/index.php?rest_route=\/wp\/v2\/posts\/129559\/revisions\/129562"}],"wp:featuredmedia":[{"embeddable":true,"href":"https:\/\/quehacerpolitico.mx\/index.php?rest_route=\/wp\/v2\/media\/129561"}],"wp:attachment":[{"href":"https:\/\/quehacerpolitico.mx\/index.php?rest_route=%2Fwp%2Fv2%2Fmedia&parent=129559"}],"wp:term":[{"taxonomy":"category","embeddable":true,"href":"https:\/\/quehacerpolitico.mx\/index.php?rest_route=%2Fwp%2Fv2%2Fcategories&post=129559"},{"taxonomy":"post_tag","embeddable":true,"href":"https:\/\/quehacerpolitico.mx\/index.php?rest_route=%2Fwp%2Fv2%2Ftags&post=129559"}],"curies":[{"name":"wp","href":"https:\/\/api.w.org\/{rel}","templated":true}]}}