{"id":129556,"date":"2026-03-10T20:32:11","date_gmt":"2026-03-11T02:32:11","guid":{"rendered":"https:\/\/quehacerpolitico.mx\/?p=129556"},"modified":"2026-03-10T20:32:18","modified_gmt":"2026-03-11T02:32:18","slug":"ya-no-doy-entrevistas-adan-augusto-evita-a-la-prensa-y-huye-del-senado-en-un-taxi","status":"publish","type":"post","link":"https:\/\/quehacerpolitico.mx\/?p=129556","title":{"rendered":"\u201cYa no doy entrevistas\u201d: Ad\u00e1n Augusto evita a la prensa y huye del Senado en un taxi"},"content":{"rendered":"\n<p>Por Redacci\u00f3n QP<\/p>\n\n\n\n<p>El legislador morenista ignor\u00f3 a periodistas y medios luego que en d\u00edas recientes se le vinculara con &#8220;La Barredora&#8221; y la familia de Hern\u00e1n Berm\u00fadez Requena<\/p>\n\n\n\n<p>Este martes, el senador de&nbsp;<strong>Morena<\/strong>,&nbsp;<strong>Ad\u00e1n Augusto L\u00f3pez<\/strong>, evit\u00f3 ser cuestionado por los&nbsp;medios de comunicaci\u00f3n al salir&nbsp;del Senado de la Rep\u00fablica, y huy\u00f3&nbsp;a bordo de un taxi capitalino.&nbsp;<\/p>\n\n\n\n<p>&#8220;Ya no doy entrevistas&#8221;, se excus\u00f3 ante reporteros antes de evitar cualquier otra declaraci\u00f3n y salir del recinto seguido por c\u00e1maras, pero sin decir nada m\u00e1s.<\/p>\n\n\n\n<figure class=\"wp-block-embed is-type-rich is-provider-twitter wp-block-embed-twitter\"><div class=\"wp-block-embed__wrapper\">\n<blockquote class=\"twitter-tweet\" data-width=\"550\" data-dnt=\"true\"><p lang=\"es\" dir=\"ltr\">\ud83d\udd34 El senador Ad\u00e1n Augusto L\u00f3pez Hern\u00e1ndez evit\u00f3 a la prensa tras la publicaci\u00f3n de una investigaci\u00f3n de El Universal que se\u00f1ala que, cuando fue \u201ccorcholata\u201d de Morena, habr\u00eda recibido apoyo de un empresario ligado a Hern\u00e1n Berm\u00fadez Requena.<br><br>\ud83d\udc49 Al salir del Senado, el legislador\u2026 <a href=\"https:\/\/t.co\/FVuW9oI4z1\">pic.twitter.com\/FVuW9oI4z1<\/a><\/p>&mdash; Azucena Uresti (@azucenau) <a href=\"https:\/\/twitter.com\/azucenau\/status\/2031439403726614809?ref_src=twsrc%5Etfw\">March 10, 2026<\/a><\/blockquote><script async src=\"https:\/\/platform.twitter.com\/widgets.js\" charset=\"utf-8\"><\/script>\n<\/div><\/figure>\n\n\n\n<p>El morenista subi\u00f3 al veh\u00edculo en compa\u00f1\u00eda de otra persona, mientras miembros de la prensa lo cuestionaban sobre si se dirig\u00eda a comer.<\/p>\n\n\n\n<p>El legislador se retir\u00f3 lo m\u00e1s pronto posible del recinto y, en vez de irse en Uber o llamar a su chofer, prefiri\u00f3 subirse a un taxi para salir r\u00e1pidamente del Senado.<\/p>\n\n\n\n<p>Lo anterior ocurre luego de que en d\u00edas recientes se vinculara al exaspirante presidencial de&nbsp;<strong>Morena&nbsp;<\/strong>con la familia de Hern\u00e1n Berm\u00fadez Requena, alias&nbsp;<strong>\u201cEl Abuelo\u201d<\/strong>, acusado y detenido como presunto l\u00edder del grupo delincuencial&nbsp;<strong>\u201cLa Barredora\u201d,<\/strong>&nbsp;a quien \u00e9l Ad\u00e1n Augusto nombr\u00f3 como su secretario de Seguridad cuando fue gobernador de Tabasco en 2021.<\/p>\n\n\n\n<p>La gradual p\u00e9rdida de poder pol\u00edtico que tuvo el senador&nbsp;en el \u00faltimo a\u00f1o no le ha pasado factura a las redes de negocios ligadas a \u00e9l.<\/p>\n\n\n\n<figure class=\"wp-block-embed is-type-rich is-provider-twitter wp-block-embed-twitter\"><div class=\"wp-block-embed__wrapper\">\n<blockquote class=\"twitter-tweet\" data-width=\"550\" data-dnt=\"true\"><p lang=\"es\" dir=\"ltr\">\u201c\u00a1Rata!\u201d: le gritan a Ad\u00e1n Augusto cuando intenta huir de los cuestionamientos de la prensa<a href=\"https:\/\/twitter.com\/matosadrian?ref_src=twsrc%5Etfw\">@matosadrian<\/a> <a href=\"https:\/\/t.co\/MobH7L7b0Q\">pic.twitter.com\/MobH7L7b0Q<\/a><\/p>&mdash; Jos\u00e9 D\u00edaz (@JJDiazMachuca) <a href=\"https:\/\/twitter.com\/JJDiazMachuca\/status\/2031520486128062793?ref_src=twsrc%5Etfw\">March 11, 2026<\/a><\/blockquote><script async src=\"https:\/\/platform.twitter.com\/widgets.js\" charset=\"utf-8\"><\/script>\n<\/div><\/figure>\n\n\n\n<p>En 2025 las administraciones morenistas de&nbsp;<strong>Tabasco<\/strong>,&nbsp;Campeche, Hidalgo y Chiapas entregaron contratos por mil 700 millones de pesos a un grupo de empresas y socios que desde hace a\u00f1os son se\u00f1alados de operar bajo el amparo de&nbsp;L\u00f3pez Hern\u00e1ndez.<\/p>\n\n\n\n<p>Mil 700 millones que se suman a otros mil 800 millones de pesos que estos gobiernos dieron en 2023 y 2024 por la adquisici\u00f3n de alimentos y&nbsp;despensas&nbsp;para menores de edad, grupos vulnerables y los m\u00e1s pobres.&nbsp;<\/p>\n\n\n\n<p>En los contratos de esta red, que hace negocio con los programas sociales, aparece&nbsp;Hugo Miguel Vignola Palma, socio de&nbsp;<strong>Ad\u00e1n<\/strong>&nbsp;<strong>Augusto L\u00f3pez Hern\u00e1ndez&nbsp;<\/strong>en la empresa&nbsp;Corporaci\u00f3n Inmobiliaria&nbsp;<strong>Villahermosa<\/strong>, as\u00ed como un amigo de los hijos del expresidente L\u00f3pez Obrador y un sobrino de&nbsp;Layda Sansores, gobernadora de&nbsp;Campeche.<\/p>\n","protected":false},"excerpt":{"rendered":"<p>Por Redacci\u00f3n QP El legislador morenista ignor\u00f3 a periodistas y medios luego que en d\u00edas&#8230;<\/p>\n","protected":false},"author":2,"featured_media":129557,"comment_status":"open","ping_status":"open","sticky":false,"template":"","format":"standard","meta":{"_monsterinsights_skip_tracking":false,"_monsterinsights_sitenote_active":false,"_monsterinsights_sitenote_note":"","_monsterinsights_sitenote_category":0,"footnotes":""},"categories":[280,2],"tags":[],"class_list":["post-129556","post","type-post","status-publish","format-standard","has-post-thumbnail","hentry","category-nacionales","category-noticias"],"yoast_head":"<!-- This site is optimized with the Yoast SEO plugin v27.3 - https:\/\/yoast.com\/product\/yoast-seo-wordpress\/ -->\n<title>\u201cYa no doy entrevistas\u201d: Ad\u00e1n Augusto evita a la prensa y huye del Senado en un taxi -<\/title>\n<meta name=\"robots\" content=\"index, follow, max-snippet:-1, max-image-preview:large, max-video-preview:-1\" \/>\n<link rel=\"canonical\" href=\"https:\/\/quehacerpolitico.mx\/?p=129556\" \/>\n<meta property=\"og:locale\" content=\"es_MX\" \/>\n<meta property=\"og:type\" content=\"article\" \/>\n<meta property=\"og:title\" content=\"\u201cYa no doy entrevistas\u201d: Ad\u00e1n Augusto evita a la prensa y huye del Senado en un taxi -\" \/>\n<meta property=\"og:description\" content=\"Por Redacci\u00f3n QP El legislador morenista ignor\u00f3 a periodistas y medios luego que en d\u00edas...\" \/>\n<meta property=\"og:url\" content=\"https:\/\/quehacerpolitico.mx\/?p=129556\" \/>\n<meta property=\"article:published_time\" content=\"2026-03-11T02:32:11+00:00\" \/>\n<meta property=\"article:modified_time\" content=\"2026-03-11T02:32:18+00:00\" \/>\n<meta property=\"og:image\" content=\"http:\/\/quehacerpolitico.mx\/wp-content\/uploads\/2026\/03\/IMG_7169.jpeg\" \/>\n\t<meta property=\"og:image:width\" content=\"952\" \/>\n\t<meta property=\"og:image:height\" content=\"624\" \/>\n\t<meta property=\"og:image:type\" content=\"image\/jpeg\" \/>\n<meta name=\"author\" content=\"Redacci\u00f3n QP\" \/>\n<meta name=\"twitter:card\" content=\"summary_large_image\" \/>\n<meta name=\"twitter:label1\" content=\"Escrito por\" \/>\n\t<meta name=\"twitter:data1\" content=\"Redacci\u00f3n QP\" \/>\n\t<meta name=\"twitter:label2\" content=\"Tiempo de lectura\" \/>\n\t<meta name=\"twitter:data2\" content=\"2 minutos\" \/>\n<script type=\"application\/ld+json\" class=\"yoast-schema-graph\">{\"@context\":\"https:\\\/\\\/schema.org\",\"@graph\":[{\"@type\":\"Article\",\"@id\":\"https:\\\/\\\/quehacerpolitico.mx\\\/?p=129556#article\",\"isPartOf\":{\"@id\":\"https:\\\/\\\/quehacerpolitico.mx\\\/?p=129556\"},\"author\":{\"name\":\"Redacci\u00f3n QP\",\"@id\":\"https:\\\/\\\/quehacerpolitico.mx\\\/#\\\/schema\\\/person\\\/496d8ad2d1d3f8036101dca7ee39e585\"},\"headline\":\"\u201cYa no doy entrevistas\u201d: Ad\u00e1n Augusto evita a la prensa y huye del Senado en un taxi\",\"datePublished\":\"2026-03-11T02:32:11+00:00\",\"dateModified\":\"2026-03-11T02:32:18+00:00\",\"mainEntityOfPage\":{\"@id\":\"https:\\\/\\\/quehacerpolitico.mx\\\/?p=129556\"},\"wordCount\":436,\"commentCount\":0,\"image\":{\"@id\":\"https:\\\/\\\/quehacerpolitico.mx\\\/?p=129556#primaryimage\"},\"thumbnailUrl\":\"https:\\\/\\\/quehacerpolitico.mx\\\/wp-content\\\/uploads\\\/2026\\\/03\\\/IMG_7169.jpeg\",\"articleSection\":[\"Nacionales\",\"Noticias\"],\"inLanguage\":\"es\",\"potentialAction\":[{\"@type\":\"CommentAction\",\"name\":\"Comment\",\"target\":[\"https:\\\/\\\/quehacerpolitico.mx\\\/?p=129556#respond\"]}]},{\"@type\":\"WebPage\",\"@id\":\"https:\\\/\\\/quehacerpolitico.mx\\\/?p=129556\",\"url\":\"https:\\\/\\\/quehacerpolitico.mx\\\/?p=129556\",\"name\":\"\u201cYa no doy entrevistas\u201d: Ad\u00e1n Augusto evita a la prensa y huye del Senado en un taxi -\",\"isPartOf\":{\"@id\":\"https:\\\/\\\/quehacerpolitico.mx\\\/#website\"},\"primaryImageOfPage\":{\"@id\":\"https:\\\/\\\/quehacerpolitico.mx\\\/?p=129556#primaryimage\"},\"image\":{\"@id\":\"https:\\\/\\\/quehacerpolitico.mx\\\/?p=129556#primaryimage\"},\"thumbnailUrl\":\"https:\\\/\\\/quehacerpolitico.mx\\\/wp-content\\\/uploads\\\/2026\\\/03\\\/IMG_7169.jpeg\",\"datePublished\":\"2026-03-11T02:32:11+00:00\",\"dateModified\":\"2026-03-11T02:32:18+00:00\",\"author\":{\"@id\":\"https:\\\/\\\/quehacerpolitico.mx\\\/#\\\/schema\\\/person\\\/496d8ad2d1d3f8036101dca7ee39e585\"},\"breadcrumb\":{\"@id\":\"https:\\\/\\\/quehacerpolitico.mx\\\/?p=129556#breadcrumb\"},\"inLanguage\":\"es\",\"potentialAction\":[{\"@type\":\"ReadAction\",\"target\":[\"https:\\\/\\\/quehacerpolitico.mx\\\/?p=129556\"]}]},{\"@type\":\"ImageObject\",\"inLanguage\":\"es\",\"@id\":\"https:\\\/\\\/quehacerpolitico.mx\\\/?p=129556#primaryimage\",\"url\":\"https:\\\/\\\/quehacerpolitico.mx\\\/wp-content\\\/uploads\\\/2026\\\/03\\\/IMG_7169.jpeg\",\"contentUrl\":\"https:\\\/\\\/quehacerpolitico.mx\\\/wp-content\\\/uploads\\\/2026\\\/03\\\/IMG_7169.jpeg\",\"width\":952,\"height\":624,\"caption\":\"Screenshot\"},{\"@type\":\"BreadcrumbList\",\"@id\":\"https:\\\/\\\/quehacerpolitico.mx\\\/?p=129556#breadcrumb\",\"itemListElement\":[{\"@type\":\"ListItem\",\"position\":1,\"name\":\"Inicio\",\"item\":\"https:\\\/\\\/quehacerpolitico.mx\\\/\"},{\"@type\":\"ListItem\",\"position\":2,\"name\":\"\u201cYa no doy entrevistas\u201d: Ad\u00e1n Augusto evita a la prensa y huye del Senado en un taxi\"}]},{\"@type\":\"WebSite\",\"@id\":\"https:\\\/\\\/quehacerpolitico.mx\\\/#website\",\"url\":\"https:\\\/\\\/quehacerpolitico.mx\\\/\",\"name\":\"\",\"description\":\"\",\"potentialAction\":[{\"@type\":\"SearchAction\",\"target\":{\"@type\":\"EntryPoint\",\"urlTemplate\":\"https:\\\/\\\/quehacerpolitico.mx\\\/?s={search_term_string}\"},\"query-input\":{\"@type\":\"PropertyValueSpecification\",\"valueRequired\":true,\"valueName\":\"search_term_string\"}}],\"inLanguage\":\"es\"},{\"@type\":\"Person\",\"@id\":\"https:\\\/\\\/quehacerpolitico.mx\\\/#\\\/schema\\\/person\\\/496d8ad2d1d3f8036101dca7ee39e585\",\"name\":\"Redacci\u00f3n QP\",\"image\":{\"@type\":\"ImageObject\",\"inLanguage\":\"es\",\"@id\":\"https:\\\/\\\/secure.gravatar.com\\\/avatar\\\/c7164ed6fdec453195284ad24a5ae5b6e1eed2b848477fa2a4787ba9adf39a41?s=96&d=mm&r=g\",\"url\":\"https:\\\/\\\/secure.gravatar.com\\\/avatar\\\/c7164ed6fdec453195284ad24a5ae5b6e1eed2b848477fa2a4787ba9adf39a41?s=96&d=mm&r=g\",\"contentUrl\":\"https:\\\/\\\/secure.gravatar.com\\\/avatar\\\/c7164ed6fdec453195284ad24a5ae5b6e1eed2b848477fa2a4787ba9adf39a41?s=96&d=mm&r=g\",\"caption\":\"Redacci\u00f3n QP\"},\"url\":\"https:\\\/\\\/quehacerpolitico.mx\\\/?author=2\"}]}<\/script>\n<!-- \/ Yoast SEO plugin. -->","yoast_head_json":{"title":"\u201cYa no doy entrevistas\u201d: Ad\u00e1n Augusto evita a la prensa y huye del Senado en un taxi -","robots":{"index":"index","follow":"follow","max-snippet":"max-snippet:-1","max-image-preview":"max-image-preview:large","max-video-preview":"max-video-preview:-1"},"canonical":"https:\/\/quehacerpolitico.mx\/?p=129556","og_locale":"es_MX","og_type":"article","og_title":"\u201cYa no doy entrevistas\u201d: Ad\u00e1n Augusto evita a la prensa y huye del Senado en un taxi -","og_description":"Por Redacci\u00f3n QP El legislador morenista ignor\u00f3 a periodistas y medios luego que en d\u00edas...","og_url":"https:\/\/quehacerpolitico.mx\/?p=129556","article_published_time":"2026-03-11T02:32:11+00:00","article_modified_time":"2026-03-11T02:32:18+00:00","og_image":[{"width":952,"height":624,"url":"http:\/\/quehacerpolitico.mx\/wp-content\/uploads\/2026\/03\/IMG_7169.jpeg","type":"image\/jpeg"}],"author":"Redacci\u00f3n QP","twitter_card":"summary_large_image","twitter_misc":{"Escrito por":"Redacci\u00f3n QP","Tiempo de lectura":"2 minutos"},"schema":{"@context":"https:\/\/schema.org","@graph":[{"@type":"Article","@id":"https:\/\/quehacerpolitico.mx\/?p=129556#article","isPartOf":{"@id":"https:\/\/quehacerpolitico.mx\/?p=129556"},"author":{"name":"Redacci\u00f3n QP","@id":"https:\/\/quehacerpolitico.mx\/#\/schema\/person\/496d8ad2d1d3f8036101dca7ee39e585"},"headline":"\u201cYa no doy entrevistas\u201d: Ad\u00e1n Augusto evita a la prensa y huye del Senado en un taxi","datePublished":"2026-03-11T02:32:11+00:00","dateModified":"2026-03-11T02:32:18+00:00","mainEntityOfPage":{"@id":"https:\/\/quehacerpolitico.mx\/?p=129556"},"wordCount":436,"commentCount":0,"image":{"@id":"https:\/\/quehacerpolitico.mx\/?p=129556#primaryimage"},"thumbnailUrl":"https:\/\/quehacerpolitico.mx\/wp-content\/uploads\/2026\/03\/IMG_7169.jpeg","articleSection":["Nacionales","Noticias"],"inLanguage":"es","potentialAction":[{"@type":"CommentAction","name":"Comment","target":["https:\/\/quehacerpolitico.mx\/?p=129556#respond"]}]},{"@type":"WebPage","@id":"https:\/\/quehacerpolitico.mx\/?p=129556","url":"https:\/\/quehacerpolitico.mx\/?p=129556","name":"\u201cYa no doy entrevistas\u201d: Ad\u00e1n Augusto evita a la prensa y huye del Senado en un taxi -","isPartOf":{"@id":"https:\/\/quehacerpolitico.mx\/#website"},"primaryImageOfPage":{"@id":"https:\/\/quehacerpolitico.mx\/?p=129556#primaryimage"},"image":{"@id":"https:\/\/quehacerpolitico.mx\/?p=129556#primaryimage"},"thumbnailUrl":"https:\/\/quehacerpolitico.mx\/wp-content\/uploads\/2026\/03\/IMG_7169.jpeg","datePublished":"2026-03-11T02:32:11+00:00","dateModified":"2026-03-11T02:32:18+00:00","author":{"@id":"https:\/\/quehacerpolitico.mx\/#\/schema\/person\/496d8ad2d1d3f8036101dca7ee39e585"},"breadcrumb":{"@id":"https:\/\/quehacerpolitico.mx\/?p=129556#breadcrumb"},"inLanguage":"es","potentialAction":[{"@type":"ReadAction","target":["https:\/\/quehacerpolitico.mx\/?p=129556"]}]},{"@type":"ImageObject","inLanguage":"es","@id":"https:\/\/quehacerpolitico.mx\/?p=129556#primaryimage","url":"https:\/\/quehacerpolitico.mx\/wp-content\/uploads\/2026\/03\/IMG_7169.jpeg","contentUrl":"https:\/\/quehacerpolitico.mx\/wp-content\/uploads\/2026\/03\/IMG_7169.jpeg","width":952,"height":624,"caption":"Screenshot"},{"@type":"BreadcrumbList","@id":"https:\/\/quehacerpolitico.mx\/?p=129556#breadcrumb","itemListElement":[{"@type":"ListItem","position":1,"name":"Inicio","item":"https:\/\/quehacerpolitico.mx\/"},{"@type":"ListItem","position":2,"name":"\u201cYa no doy entrevistas\u201d: Ad\u00e1n Augusto evita a la prensa y huye del Senado en un taxi"}]},{"@type":"WebSite","@id":"https:\/\/quehacerpolitico.mx\/#website","url":"https:\/\/quehacerpolitico.mx\/","name":"","description":"","potentialAction":[{"@type":"SearchAction","target":{"@type":"EntryPoint","urlTemplate":"https:\/\/quehacerpolitico.mx\/?s={search_term_string}"},"query-input":{"@type":"PropertyValueSpecification","valueRequired":true,"valueName":"search_term_string"}}],"inLanguage":"es"},{"@type":"Person","@id":"https:\/\/quehacerpolitico.mx\/#\/schema\/person\/496d8ad2d1d3f8036101dca7ee39e585","name":"Redacci\u00f3n QP","image":{"@type":"ImageObject","inLanguage":"es","@id":"https:\/\/secure.gravatar.com\/avatar\/c7164ed6fdec453195284ad24a5ae5b6e1eed2b848477fa2a4787ba9adf39a41?s=96&d=mm&r=g","url":"https:\/\/secure.gravatar.com\/avatar\/c7164ed6fdec453195284ad24a5ae5b6e1eed2b848477fa2a4787ba9adf39a41?s=96&d=mm&r=g","contentUrl":"https:\/\/secure.gravatar.com\/avatar\/c7164ed6fdec453195284ad24a5ae5b6e1eed2b848477fa2a4787ba9adf39a41?s=96&d=mm&r=g","caption":"Redacci\u00f3n QP"},"url":"https:\/\/quehacerpolitico.mx\/?author=2"}]}},"featured_image_urls":{"full":["https:\/\/quehacerpolitico.mx\/wp-content\/uploads\/2026\/03\/IMG_7169.jpeg",952,624,false],"thumbnail":["https:\/\/quehacerpolitico.mx\/wp-content\/uploads\/2026\/03\/IMG_7169-150x150.jpeg",150,150,true],"medium":["https:\/\/quehacerpolitico.mx\/wp-content\/uploads\/2026\/03\/IMG_7169-300x197.jpeg",300,197,true],"medium_large":["https:\/\/quehacerpolitico.mx\/wp-content\/uploads\/2026\/03\/IMG_7169-768x503.jpeg",640,419,true],"large":["https:\/\/quehacerpolitico.mx\/wp-content\/uploads\/2026\/03\/IMG_7169.jpeg",640,419,false],"1536x1536":["https:\/\/quehacerpolitico.mx\/wp-content\/uploads\/2026\/03\/IMG_7169.jpeg",952,624,false],"2048x2048":["https:\/\/quehacerpolitico.mx\/wp-content\/uploads\/2026\/03\/IMG_7169.jpeg",952,624,false],"covernews-featured":["https:\/\/quehacerpolitico.mx\/wp-content\/uploads\/2026\/03\/IMG_7169.jpeg",952,624,false],"covernews-medium":["https:\/\/quehacerpolitico.mx\/wp-content\/uploads\/2026\/03\/IMG_7169-540x340.jpeg",540,340,true]},"author_info":{"display_name":"Redacci\u00f3n QP","author_link":"https:\/\/quehacerpolitico.mx\/?author=2"},"category_info":"<a href=\"https:\/\/quehacerpolitico.mx\/?cat=280\" rel=\"category\">Nacionales<\/a> <a href=\"https:\/\/quehacerpolitico.mx\/?cat=2\" rel=\"category\">Noticias<\/a>","tag_info":"Noticias","comment_count":"0","_links":{"self":[{"href":"https:\/\/quehacerpolitico.mx\/index.php?rest_route=\/wp\/v2\/posts\/129556","targetHints":{"allow":["GET"]}}],"collection":[{"href":"https:\/\/quehacerpolitico.mx\/index.php?rest_route=\/wp\/v2\/posts"}],"about":[{"href":"https:\/\/quehacerpolitico.mx\/index.php?rest_route=\/wp\/v2\/types\/post"}],"author":[{"embeddable":true,"href":"https:\/\/quehacerpolitico.mx\/index.php?rest_route=\/wp\/v2\/users\/2"}],"replies":[{"embeddable":true,"href":"https:\/\/quehacerpolitico.mx\/index.php?rest_route=%2Fwp%2Fv2%2Fcomments&post=129556"}],"version-history":[{"count":1,"href":"https:\/\/quehacerpolitico.mx\/index.php?rest_route=\/wp\/v2\/posts\/129556\/revisions"}],"predecessor-version":[{"id":129558,"href":"https:\/\/quehacerpolitico.mx\/index.php?rest_route=\/wp\/v2\/posts\/129556\/revisions\/129558"}],"wp:featuredmedia":[{"embeddable":true,"href":"https:\/\/quehacerpolitico.mx\/index.php?rest_route=\/wp\/v2\/media\/129557"}],"wp:attachment":[{"href":"https:\/\/quehacerpolitico.mx\/index.php?rest_route=%2Fwp%2Fv2%2Fmedia&parent=129556"}],"wp:term":[{"taxonomy":"category","embeddable":true,"href":"https:\/\/quehacerpolitico.mx\/index.php?rest_route=%2Fwp%2Fv2%2Fcategories&post=129556"},{"taxonomy":"post_tag","embeddable":true,"href":"https:\/\/quehacerpolitico.mx\/index.php?rest_route=%2Fwp%2Fv2%2Ftags&post=129556"}],"curies":[{"name":"wp","href":"https:\/\/api.w.org\/{rel}","templated":true}]}}