{"id":129553,"date":"2026-03-10T20:03:11","date_gmt":"2026-03-11T02:03:11","guid":{"rendered":"https:\/\/quehacerpolitico.mx\/?p=129553"},"modified":"2026-03-10T20:03:18","modified_gmt":"2026-03-11T02:03:18","slug":"morena-aprueba-en-comisiones-dictamen-de-reforma-electoral-sin-el-apoyo-de-sus-aliados-pvem-y-pt-manana-se-vota-en-el-pleno","status":"publish","type":"post","link":"https:\/\/quehacerpolitico.mx\/?p=129553","title":{"rendered":"Morena aprueba en comisiones dictamen de reforma electoral sin el apoyo de sus aliados PVEM y PT; ma\u00f1ana se vota en el pleno"},"content":{"rendered":"\n<p>Por Redacci\u00f3n QP<\/p>\n\n\n\n<p>Con 45 votos del Grupo Parlamentario de Morena, las comisiones unidas de Puntos Constitucionales y Reforma Pol\u00edtica-Electoral aprobaron en lo general el dictamen de reforma pol\u00edtica electoral<\/p>\n\n\n\n<p>Con 45 votos del\u00a0<strong>Grupo Parlamentario de Morena,<\/strong>\u00a0las comisiones unidas de Puntos Constitucionales y Reforma Pol\u00edtica-Electoral aprobaron en lo general el dictamen de reforma pol\u00edtica electoral, por lo que este mi\u00e9rcoles ser\u00e1 discutido y votado en el pleno.<\/p>\n\n\n\n<p>En medio de un \u201cdebate pactado\u201d desde la Junta de Coordinaci\u00f3n Pol\u00edtica (Jucopo), las bancadas de la oposici\u00f3n, el Partido Verde Ecologista de M\u00e9xico (PVEM) y el Partido del Trabajo (PT) sumaron 39 sufragios en contra.<\/p>\n\n\n\n<p>Cabe recordar que este martes el\u00a0<strong>Grupo parlamentario de Morena<\/strong>\u00a0incorpor\u00f3 a cuatro morenistas a la Comisi\u00f3n de Reforma Pol\u00edtica-Electoral para garantizar su mayor\u00eda simple en las dos comisiones que dictaminaron el proyecto.<\/p>\n\n\n\n<figure class=\"wp-block-embed is-type-rich is-provider-twitter wp-block-embed-twitter\"><div class=\"wp-block-embed__wrapper\">\n<blockquote class=\"twitter-tweet\" data-width=\"550\" data-dnt=\"true\"><p lang=\"es\" dir=\"ltr\">\ud83d\udd34 EN VIVO \/ Reuni\u00f3n de Comisiones Unidas de Puntos Constitucionales y de Reforma Pol\u00edtica-Electoral<a href=\"https:\/\/t.co\/AxDZzq5sep\">https:\/\/t.co\/AxDZzq5sep<\/a><\/p>&mdash; H. C\u00e1mara de Diputados (@Mx_Diputados) <a href=\"https:\/\/twitter.com\/Mx_Diputados\/status\/2031522100456898831?ref_src=twsrc%5Etfw\">March 11, 2026<\/a><\/blockquote><script async src=\"https:\/\/platform.twitter.com\/widgets.js\" charset=\"utf-8\"><\/script>\n<\/div><\/figure>\n\n\n\n<p>En la discusi\u00f3n del dictamen, Morena se qued\u00f3 solo, hasta su equipo de prensa le hizo el vac\u00edo a sus diputados tras abstenerse de difundir las intervenciones de sus diputados, como ocurre con el diputado vocero, Arturo \u00c1vila o el coordinador, Ricardo Monreal.<\/p>\n\n\n\n<p>La intenci\u00f3n del coordinador de los diputados de Morena, Ricardo Monreal con el debate pactado, fue evitar descalificaciones entre los legisladores de la 4T, aunque el diputado del PT, Pedro V\u00e1zquez subray\u00f3 que \u201chemos sido objeto de un linchamiento medi\u00e1tico\u201d, desde el gobierno federal.<\/p>\n\n\n\n<p>En su intervenci\u00f3n, la diputada del Partido Revolucionario Institucional (PRI), Abigail Arredondo adelant\u00f3 el voto en contra de su bancada, porque \u201cnadie reforma la incursi\u00f3n del crimen organizado en las elecciones que, por desgracia, han incrementado en los \u00faltimos a\u00f1os\u201d.<\/p>\n\n\n\n<p>\u201cAs\u00ed como el financiamiento il\u00edcito en las campa\u00f1as electorales, la violencia pol\u00edtica extrema que hemos tenido con ejecuciones de muchos partidos y de muchas candidatas y candidatos, el chapulineo legislativo, la sobrerrepresentaci\u00f3n que le seguimos debiendo a la democracia de este pa\u00eds, y el uso de los programas sociales con fines electorales\u201d, indic\u00f3.<\/p>\n","protected":false},"excerpt":{"rendered":"<p>Por Redacci\u00f3n QP Con 45 votos del Grupo Parlamentario de Morena, las comisiones unidas de&#8230;<\/p>\n","protected":false},"author":2,"featured_media":129554,"comment_status":"open","ping_status":"open","sticky":false,"template":"","format":"standard","meta":{"_monsterinsights_skip_tracking":false,"_monsterinsights_sitenote_active":false,"_monsterinsights_sitenote_note":"","_monsterinsights_sitenote_category":0,"footnotes":""},"categories":[280,2],"tags":[],"class_list":["post-129553","post","type-post","status-publish","format-standard","has-post-thumbnail","hentry","category-nacionales","category-noticias"],"yoast_head":"<!-- This site is optimized with the Yoast SEO plugin v27.3 - https:\/\/yoast.com\/product\/yoast-seo-wordpress\/ -->\n<title>Morena aprueba en comisiones dictamen de reforma electoral sin el apoyo de sus aliados PVEM y PT; ma\u00f1ana se vota en el pleno -<\/title>\n<meta name=\"robots\" content=\"index, follow, max-snippet:-1, max-image-preview:large, max-video-preview:-1\" \/>\n<link rel=\"canonical\" href=\"https:\/\/quehacerpolitico.mx\/?p=129553\" \/>\n<meta property=\"og:locale\" content=\"es_MX\" \/>\n<meta property=\"og:type\" content=\"article\" \/>\n<meta property=\"og:title\" content=\"Morena aprueba en comisiones dictamen de reforma electoral sin el apoyo de sus aliados PVEM y PT; ma\u00f1ana se vota en el pleno -\" \/>\n<meta property=\"og:description\" content=\"Por Redacci\u00f3n QP Con 45 votos del Grupo Parlamentario de Morena, las comisiones unidas de...\" \/>\n<meta property=\"og:url\" content=\"https:\/\/quehacerpolitico.mx\/?p=129553\" \/>\n<meta property=\"article:published_time\" content=\"2026-03-11T02:03:11+00:00\" \/>\n<meta property=\"article:modified_time\" content=\"2026-03-11T02:03:18+00:00\" \/>\n<meta property=\"og:image\" content=\"http:\/\/quehacerpolitico.mx\/wp-content\/uploads\/2026\/03\/IMG_7167.jpeg\" \/>\n\t<meta property=\"og:image:width\" content=\"2048\" \/>\n\t<meta property=\"og:image:height\" content=\"1536\" \/>\n\t<meta property=\"og:image:type\" content=\"image\/jpeg\" \/>\n<meta name=\"author\" content=\"Redacci\u00f3n QP\" \/>\n<meta name=\"twitter:card\" content=\"summary_large_image\" \/>\n<meta name=\"twitter:label1\" content=\"Escrito por\" \/>\n\t<meta name=\"twitter:data1\" content=\"Redacci\u00f3n QP\" \/>\n\t<meta name=\"twitter:label2\" content=\"Tiempo de lectura\" \/>\n\t<meta name=\"twitter:data2\" content=\"2 minutos\" \/>\n<script type=\"application\/ld+json\" class=\"yoast-schema-graph\">{\"@context\":\"https:\\\/\\\/schema.org\",\"@graph\":[{\"@type\":\"Article\",\"@id\":\"https:\\\/\\\/quehacerpolitico.mx\\\/?p=129553#article\",\"isPartOf\":{\"@id\":\"https:\\\/\\\/quehacerpolitico.mx\\\/?p=129553\"},\"author\":{\"name\":\"Redacci\u00f3n QP\",\"@id\":\"https:\\\/\\\/quehacerpolitico.mx\\\/#\\\/schema\\\/person\\\/496d8ad2d1d3f8036101dca7ee39e585\"},\"headline\":\"Morena aprueba en comisiones dictamen de reforma electoral sin el apoyo de sus aliados PVEM y PT; ma\u00f1ana se vota en el pleno\",\"datePublished\":\"2026-03-11T02:03:11+00:00\",\"dateModified\":\"2026-03-11T02:03:18+00:00\",\"mainEntityOfPage\":{\"@id\":\"https:\\\/\\\/quehacerpolitico.mx\\\/?p=129553\"},\"wordCount\":372,\"commentCount\":0,\"image\":{\"@id\":\"https:\\\/\\\/quehacerpolitico.mx\\\/?p=129553#primaryimage\"},\"thumbnailUrl\":\"https:\\\/\\\/quehacerpolitico.mx\\\/wp-content\\\/uploads\\\/2026\\\/03\\\/IMG_7167.jpeg\",\"articleSection\":[\"Nacionales\",\"Noticias\"],\"inLanguage\":\"es\",\"potentialAction\":[{\"@type\":\"CommentAction\",\"name\":\"Comment\",\"target\":[\"https:\\\/\\\/quehacerpolitico.mx\\\/?p=129553#respond\"]}]},{\"@type\":\"WebPage\",\"@id\":\"https:\\\/\\\/quehacerpolitico.mx\\\/?p=129553\",\"url\":\"https:\\\/\\\/quehacerpolitico.mx\\\/?p=129553\",\"name\":\"Morena aprueba en comisiones dictamen de reforma electoral sin el apoyo de sus aliados PVEM y PT; ma\u00f1ana se vota en el pleno -\",\"isPartOf\":{\"@id\":\"https:\\\/\\\/quehacerpolitico.mx\\\/#website\"},\"primaryImageOfPage\":{\"@id\":\"https:\\\/\\\/quehacerpolitico.mx\\\/?p=129553#primaryimage\"},\"image\":{\"@id\":\"https:\\\/\\\/quehacerpolitico.mx\\\/?p=129553#primaryimage\"},\"thumbnailUrl\":\"https:\\\/\\\/quehacerpolitico.mx\\\/wp-content\\\/uploads\\\/2026\\\/03\\\/IMG_7167.jpeg\",\"datePublished\":\"2026-03-11T02:03:11+00:00\",\"dateModified\":\"2026-03-11T02:03:18+00:00\",\"author\":{\"@id\":\"https:\\\/\\\/quehacerpolitico.mx\\\/#\\\/schema\\\/person\\\/496d8ad2d1d3f8036101dca7ee39e585\"},\"breadcrumb\":{\"@id\":\"https:\\\/\\\/quehacerpolitico.mx\\\/?p=129553#breadcrumb\"},\"inLanguage\":\"es\",\"potentialAction\":[{\"@type\":\"ReadAction\",\"target\":[\"https:\\\/\\\/quehacerpolitico.mx\\\/?p=129553\"]}]},{\"@type\":\"ImageObject\",\"inLanguage\":\"es\",\"@id\":\"https:\\\/\\\/quehacerpolitico.mx\\\/?p=129553#primaryimage\",\"url\":\"https:\\\/\\\/quehacerpolitico.mx\\\/wp-content\\\/uploads\\\/2026\\\/03\\\/IMG_7167.jpeg\",\"contentUrl\":\"https:\\\/\\\/quehacerpolitico.mx\\\/wp-content\\\/uploads\\\/2026\\\/03\\\/IMG_7167.jpeg\",\"width\":2048,\"height\":1536},{\"@type\":\"BreadcrumbList\",\"@id\":\"https:\\\/\\\/quehacerpolitico.mx\\\/?p=129553#breadcrumb\",\"itemListElement\":[{\"@type\":\"ListItem\",\"position\":1,\"name\":\"Inicio\",\"item\":\"https:\\\/\\\/quehacerpolitico.mx\\\/\"},{\"@type\":\"ListItem\",\"position\":2,\"name\":\"Morena aprueba en comisiones dictamen de reforma electoral sin el apoyo de sus aliados PVEM y PT; ma\u00f1ana se vota en el pleno\"}]},{\"@type\":\"WebSite\",\"@id\":\"https:\\\/\\\/quehacerpolitico.mx\\\/#website\",\"url\":\"https:\\\/\\\/quehacerpolitico.mx\\\/\",\"name\":\"\",\"description\":\"\",\"potentialAction\":[{\"@type\":\"SearchAction\",\"target\":{\"@type\":\"EntryPoint\",\"urlTemplate\":\"https:\\\/\\\/quehacerpolitico.mx\\\/?s={search_term_string}\"},\"query-input\":{\"@type\":\"PropertyValueSpecification\",\"valueRequired\":true,\"valueName\":\"search_term_string\"}}],\"inLanguage\":\"es\"},{\"@type\":\"Person\",\"@id\":\"https:\\\/\\\/quehacerpolitico.mx\\\/#\\\/schema\\\/person\\\/496d8ad2d1d3f8036101dca7ee39e585\",\"name\":\"Redacci\u00f3n QP\",\"image\":{\"@type\":\"ImageObject\",\"inLanguage\":\"es\",\"@id\":\"https:\\\/\\\/secure.gravatar.com\\\/avatar\\\/c7164ed6fdec453195284ad24a5ae5b6e1eed2b848477fa2a4787ba9adf39a41?s=96&d=mm&r=g\",\"url\":\"https:\\\/\\\/secure.gravatar.com\\\/avatar\\\/c7164ed6fdec453195284ad24a5ae5b6e1eed2b848477fa2a4787ba9adf39a41?s=96&d=mm&r=g\",\"contentUrl\":\"https:\\\/\\\/secure.gravatar.com\\\/avatar\\\/c7164ed6fdec453195284ad24a5ae5b6e1eed2b848477fa2a4787ba9adf39a41?s=96&d=mm&r=g\",\"caption\":\"Redacci\u00f3n QP\"},\"url\":\"https:\\\/\\\/quehacerpolitico.mx\\\/?author=2\"}]}<\/script>\n<!-- \/ Yoast SEO plugin. -->","yoast_head_json":{"title":"Morena aprueba en comisiones dictamen de reforma electoral sin el apoyo de sus aliados PVEM y PT; ma\u00f1ana se vota en el pleno -","robots":{"index":"index","follow":"follow","max-snippet":"max-snippet:-1","max-image-preview":"max-image-preview:large","max-video-preview":"max-video-preview:-1"},"canonical":"https:\/\/quehacerpolitico.mx\/?p=129553","og_locale":"es_MX","og_type":"article","og_title":"Morena aprueba en comisiones dictamen de reforma electoral sin el apoyo de sus aliados PVEM y PT; ma\u00f1ana se vota en el pleno -","og_description":"Por Redacci\u00f3n QP Con 45 votos del Grupo Parlamentario de Morena, las comisiones unidas de...","og_url":"https:\/\/quehacerpolitico.mx\/?p=129553","article_published_time":"2026-03-11T02:03:11+00:00","article_modified_time":"2026-03-11T02:03:18+00:00","og_image":[{"width":2048,"height":1536,"url":"http:\/\/quehacerpolitico.mx\/wp-content\/uploads\/2026\/03\/IMG_7167.jpeg","type":"image\/jpeg"}],"author":"Redacci\u00f3n QP","twitter_card":"summary_large_image","twitter_misc":{"Escrito por":"Redacci\u00f3n QP","Tiempo de lectura":"2 minutos"},"schema":{"@context":"https:\/\/schema.org","@graph":[{"@type":"Article","@id":"https:\/\/quehacerpolitico.mx\/?p=129553#article","isPartOf":{"@id":"https:\/\/quehacerpolitico.mx\/?p=129553"},"author":{"name":"Redacci\u00f3n QP","@id":"https:\/\/quehacerpolitico.mx\/#\/schema\/person\/496d8ad2d1d3f8036101dca7ee39e585"},"headline":"Morena aprueba en comisiones dictamen de reforma electoral sin el apoyo de sus aliados PVEM y PT; ma\u00f1ana se vota en el pleno","datePublished":"2026-03-11T02:03:11+00:00","dateModified":"2026-03-11T02:03:18+00:00","mainEntityOfPage":{"@id":"https:\/\/quehacerpolitico.mx\/?p=129553"},"wordCount":372,"commentCount":0,"image":{"@id":"https:\/\/quehacerpolitico.mx\/?p=129553#primaryimage"},"thumbnailUrl":"https:\/\/quehacerpolitico.mx\/wp-content\/uploads\/2026\/03\/IMG_7167.jpeg","articleSection":["Nacionales","Noticias"],"inLanguage":"es","potentialAction":[{"@type":"CommentAction","name":"Comment","target":["https:\/\/quehacerpolitico.mx\/?p=129553#respond"]}]},{"@type":"WebPage","@id":"https:\/\/quehacerpolitico.mx\/?p=129553","url":"https:\/\/quehacerpolitico.mx\/?p=129553","name":"Morena aprueba en comisiones dictamen de reforma electoral sin el apoyo de sus aliados PVEM y PT; ma\u00f1ana se vota en el pleno -","isPartOf":{"@id":"https:\/\/quehacerpolitico.mx\/#website"},"primaryImageOfPage":{"@id":"https:\/\/quehacerpolitico.mx\/?p=129553#primaryimage"},"image":{"@id":"https:\/\/quehacerpolitico.mx\/?p=129553#primaryimage"},"thumbnailUrl":"https:\/\/quehacerpolitico.mx\/wp-content\/uploads\/2026\/03\/IMG_7167.jpeg","datePublished":"2026-03-11T02:03:11+00:00","dateModified":"2026-03-11T02:03:18+00:00","author":{"@id":"https:\/\/quehacerpolitico.mx\/#\/schema\/person\/496d8ad2d1d3f8036101dca7ee39e585"},"breadcrumb":{"@id":"https:\/\/quehacerpolitico.mx\/?p=129553#breadcrumb"},"inLanguage":"es","potentialAction":[{"@type":"ReadAction","target":["https:\/\/quehacerpolitico.mx\/?p=129553"]}]},{"@type":"ImageObject","inLanguage":"es","@id":"https:\/\/quehacerpolitico.mx\/?p=129553#primaryimage","url":"https:\/\/quehacerpolitico.mx\/wp-content\/uploads\/2026\/03\/IMG_7167.jpeg","contentUrl":"https:\/\/quehacerpolitico.mx\/wp-content\/uploads\/2026\/03\/IMG_7167.jpeg","width":2048,"height":1536},{"@type":"BreadcrumbList","@id":"https:\/\/quehacerpolitico.mx\/?p=129553#breadcrumb","itemListElement":[{"@type":"ListItem","position":1,"name":"Inicio","item":"https:\/\/quehacerpolitico.mx\/"},{"@type":"ListItem","position":2,"name":"Morena aprueba en comisiones dictamen de reforma electoral sin el apoyo de sus aliados PVEM y PT; ma\u00f1ana se vota en el pleno"}]},{"@type":"WebSite","@id":"https:\/\/quehacerpolitico.mx\/#website","url":"https:\/\/quehacerpolitico.mx\/","name":"","description":"","potentialAction":[{"@type":"SearchAction","target":{"@type":"EntryPoint","urlTemplate":"https:\/\/quehacerpolitico.mx\/?s={search_term_string}"},"query-input":{"@type":"PropertyValueSpecification","valueRequired":true,"valueName":"search_term_string"}}],"inLanguage":"es"},{"@type":"Person","@id":"https:\/\/quehacerpolitico.mx\/#\/schema\/person\/496d8ad2d1d3f8036101dca7ee39e585","name":"Redacci\u00f3n QP","image":{"@type":"ImageObject","inLanguage":"es","@id":"https:\/\/secure.gravatar.com\/avatar\/c7164ed6fdec453195284ad24a5ae5b6e1eed2b848477fa2a4787ba9adf39a41?s=96&d=mm&r=g","url":"https:\/\/secure.gravatar.com\/avatar\/c7164ed6fdec453195284ad24a5ae5b6e1eed2b848477fa2a4787ba9adf39a41?s=96&d=mm&r=g","contentUrl":"https:\/\/secure.gravatar.com\/avatar\/c7164ed6fdec453195284ad24a5ae5b6e1eed2b848477fa2a4787ba9adf39a41?s=96&d=mm&r=g","caption":"Redacci\u00f3n QP"},"url":"https:\/\/quehacerpolitico.mx\/?author=2"}]}},"featured_image_urls":{"full":["https:\/\/quehacerpolitico.mx\/wp-content\/uploads\/2026\/03\/IMG_7167.jpeg",2048,1536,false],"thumbnail":["https:\/\/quehacerpolitico.mx\/wp-content\/uploads\/2026\/03\/IMG_7167-150x150.jpeg",150,150,true],"medium":["https:\/\/quehacerpolitico.mx\/wp-content\/uploads\/2026\/03\/IMG_7167-300x225.jpeg",300,225,true],"medium_large":["https:\/\/quehacerpolitico.mx\/wp-content\/uploads\/2026\/03\/IMG_7167-768x576.jpeg",640,480,true],"large":["https:\/\/quehacerpolitico.mx\/wp-content\/uploads\/2026\/03\/IMG_7167-1024x768.jpeg",640,480,true],"1536x1536":["https:\/\/quehacerpolitico.mx\/wp-content\/uploads\/2026\/03\/IMG_7167-1536x1152.jpeg",1536,1152,true],"2048x2048":["https:\/\/quehacerpolitico.mx\/wp-content\/uploads\/2026\/03\/IMG_7167.jpeg",2048,1536,false],"covernews-featured":["https:\/\/quehacerpolitico.mx\/wp-content\/uploads\/2026\/03\/IMG_7167-1024x768.jpeg",1024,768,true],"covernews-medium":["https:\/\/quehacerpolitico.mx\/wp-content\/uploads\/2026\/03\/IMG_7167-540x340.jpeg",540,340,true]},"author_info":{"display_name":"Redacci\u00f3n QP","author_link":"https:\/\/quehacerpolitico.mx\/?author=2"},"category_info":"<a href=\"https:\/\/quehacerpolitico.mx\/?cat=280\" rel=\"category\">Nacionales<\/a> <a href=\"https:\/\/quehacerpolitico.mx\/?cat=2\" rel=\"category\">Noticias<\/a>","tag_info":"Noticias","comment_count":"0","_links":{"self":[{"href":"https:\/\/quehacerpolitico.mx\/index.php?rest_route=\/wp\/v2\/posts\/129553","targetHints":{"allow":["GET"]}}],"collection":[{"href":"https:\/\/quehacerpolitico.mx\/index.php?rest_route=\/wp\/v2\/posts"}],"about":[{"href":"https:\/\/quehacerpolitico.mx\/index.php?rest_route=\/wp\/v2\/types\/post"}],"author":[{"embeddable":true,"href":"https:\/\/quehacerpolitico.mx\/index.php?rest_route=\/wp\/v2\/users\/2"}],"replies":[{"embeddable":true,"href":"https:\/\/quehacerpolitico.mx\/index.php?rest_route=%2Fwp%2Fv2%2Fcomments&post=129553"}],"version-history":[{"count":1,"href":"https:\/\/quehacerpolitico.mx\/index.php?rest_route=\/wp\/v2\/posts\/129553\/revisions"}],"predecessor-version":[{"id":129555,"href":"https:\/\/quehacerpolitico.mx\/index.php?rest_route=\/wp\/v2\/posts\/129553\/revisions\/129555"}],"wp:featuredmedia":[{"embeddable":true,"href":"https:\/\/quehacerpolitico.mx\/index.php?rest_route=\/wp\/v2\/media\/129554"}],"wp:attachment":[{"href":"https:\/\/quehacerpolitico.mx\/index.php?rest_route=%2Fwp%2Fv2%2Fmedia&parent=129553"}],"wp:term":[{"taxonomy":"category","embeddable":true,"href":"https:\/\/quehacerpolitico.mx\/index.php?rest_route=%2Fwp%2Fv2%2Fcategories&post=129553"},{"taxonomy":"post_tag","embeddable":true,"href":"https:\/\/quehacerpolitico.mx\/index.php?rest_route=%2Fwp%2Fv2%2Ftags&post=129553"}],"curies":[{"name":"wp","href":"https:\/\/api.w.org\/{rel}","templated":true}]}}