{"id":129544,"date":"2026-03-09T19:55:36","date_gmt":"2026-03-10T01:55:36","guid":{"rendered":"https:\/\/quehacerpolitico.mx\/?p=129544"},"modified":"2026-03-09T19:55:40","modified_gmt":"2026-03-10T01:55:40","slug":"willie-colon-es-despedido-en-nueva-york-al-ritmo-de-la-salsa-y-en-medio-de-aplausos","status":"publish","type":"post","link":"https:\/\/quehacerpolitico.mx\/?p=129544","title":{"rendered":"Willie Col\u00f3n es despedido en Nueva York al ritmo de la salsa y en medio de aplausos"},"content":{"rendered":"\n<p>Por Redacci\u00f3n QP<\/p>\n\n\n\n<p>Admiradores del m\u00fasico fallecido el pasado 21 de febrero de todas partes de la ciudad y de Canad\u00e1 acudieron a la misa celebrada en la catedral de San Patricio, y a la salida una banda de trombones interpret\u00f3 &#8220;La murga&#8221;<\/p>\n\n\n\n<p><strong>Willie Col\u00f3n<\/strong>&nbsp;fue despedido este lunes como vivi\u00f3,&nbsp;<strong>con la m\u00fasica de salsa<\/strong>que llev\u00f3 a todas partes del mundo y el aplauso de un p\u00fablico fiel que se congreg\u00f3 fuera de la catedral de<strong>&nbsp;San Patricio de Nueva York<\/strong>&nbsp;para dar su \u00faltimo adi\u00f3s al m\u00fasico, compositor y productor, exintegrante de las legendarias&nbsp;<strong>Estrellas de Fania<\/strong>.<\/p>\n\n\n\n<figure class=\"wp-block-embed is-type-video is-provider-youtube wp-block-embed-youtube wp-embed-aspect-16-9 wp-has-aspect-ratio\"><div class=\"wp-block-embed__wrapper\">\n<iframe loading=\"lazy\" title=\"Miles de fans despiden a Willie Col\u00f3n, al ritmo de la m\u00fasica que amaba. #peri\u00f3dicos\u00edntesis\" width=\"640\" height=\"360\" src=\"https:\/\/www.youtube.com\/embed\/Ff3IfyAlN0o?feature=oembed\" frameborder=\"0\" allow=\"accelerometer; autoplay; clipboard-write; encrypted-media; gyroscope; picture-in-picture; web-share\" referrerpolicy=\"strict-origin-when-cross-origin\" allowfullscreen><\/iframe>\n<\/div><\/figure>\n\n\n\n<p>&#8220;La murga&#8221;&nbsp;o &#8220;La murga de Panam\u00e1&#8221;, como algunos la conocen, uno de sus grandes \u00e9xitos, que grab\u00f3 en&nbsp;<strong>1970<\/strong>&nbsp;junto a&nbsp;<strong>H\u00e9ctor Lavoe<\/strong>&nbsp;(con quien conform\u00f3 uno de las parejas m\u00e1s importantes de la&nbsp;<strong>salsa<\/strong>), se escuch\u00f3 con fuerza interpretada por una&nbsp;<strong>banda de trombones<\/strong>, instrumento que acompa\u00f1\u00f3 a&nbsp;<strong>Col\u00f3n<\/strong>&nbsp;a lo largo de su&nbsp;<strong>carrera<\/strong>, cuando las puertas de la catedral se abrieron para dar paso al ata\u00fad con los restos del artista, que falleci\u00f3&nbsp;<strong>el pasado 21 de febrero<\/strong>.<\/p>\n\n\n\n<p>Los aplausos de sus admiradores tambi\u00e9n se escucharon en la&nbsp;<strong>Quinta Avenida<\/strong>&nbsp;mientras cantaban, contorneaban sus cuerpos o mov\u00edan sus pies al&nbsp;ritmo de la m\u00fasica que interpretaban integrantes de su banda y otros m\u00fasicos que<strong>&nbsp;se unieron al tributo<\/strong>, antes de que el artista<strong>&nbsp;fuera sepultado<\/strong>en una ceremonia privada tras&nbsp;<strong>dos d\u00edas de velatorio<\/strong>.<\/p>\n\n\n\n<figure class=\"wp-block-image size-full\"><img loading=\"lazy\" decoding=\"async\" width=\"768\" height=\"511\" src=\"https:\/\/quehacerpolitico.mx\/wp-content\/uploads\/2026\/03\/IMG_7153.webp\" alt=\"\" class=\"wp-image-129545\" srcset=\"https:\/\/quehacerpolitico.mx\/wp-content\/uploads\/2026\/03\/IMG_7153.webp 768w, https:\/\/quehacerpolitico.mx\/wp-content\/uploads\/2026\/03\/IMG_7153-300x200.webp 300w\" sizes=\"auto, (max-width: 768px) 100vw, 768px\" \/><\/figure>\n\n\n\n<p>Banderas de&nbsp;<strong>Puerto Rico<\/strong>,&nbsp;<strong>Ecuador<\/strong>&nbsp;y otros pa\u00edses latinoamericanos ondeaban en alto en las manos de sus seguidores, mientras se desped\u00edan del artista y cantaban tambi\u00e9n al ritmo de los trombones &#8220;Che Che Col\u00e9&#8221;, que compuso&nbsp;<strong>Col\u00f3n<\/strong>, otro de los temas inolvidables de &#8220;<strong>El Malo&nbsp;del Bronx<\/strong>&#8220;, incluido en su \u00e1lbum &#8220;Cosa Nuestra&#8221;&nbsp;(1969), seguido por &#8220;<strong>Idilio<\/strong>&#8220;, de su \u00e1lbum &#8220;Hecho en&nbsp;<strong>Puerto Rico<\/strong>&#8221;&nbsp;(1993).<\/p>\n\n\n\n<p>Aunque hab\u00eda j\u00f3venes, la mayor\u00eda de los congregados era el p\u00fablico que bail\u00f3 la salsa que naci\u00f3 en<strong>&nbsp;Nueva York<\/strong>, que vio surgir a Fania All-Stars, que agrupaban a m\u00fasicos del sello&nbsp;<strong>Fania Records<\/strong>, o que creci\u00f3 escuchando ese g\u00e9nero en sus hogares.<\/p>\n\n\n\n<p>\u00c1ngela Lebr\u00f3n, en sus 80&nbsp;a\u00f1os, parada detr\u00e1s del coche f\u00fanebre, mov\u00eda de un lado a otro una peque\u00f1a&nbsp;<strong>bandera de Puerto Rico<\/strong>&nbsp;mientras dec\u00eda adi\u00f3s al artista e intentaba secar las l\u00e1grimas que rodaban por sus mejillas.<\/p>\n\n\n\n<p>&#8220;Estamos despidiendo a uno de los mejores de la salsa. \u00c9l puso en alto el nombre de&nbsp;<strong>Puerto Rico<\/strong>&#8220;, dijo a&nbsp;<em>EFE<\/em>entre l\u00e1grimas.&nbsp;<\/p>\n\n\n\n<figure class=\"wp-block-image\"><img decoding=\"async\" src=\"https:\/\/latinus.us\/u\/fotografias\/m\/2026\/3\/9\/f768x1-141288_141415_5050.jpg\" alt=\"\"\/><\/figure>\n\n\n\n<p>&#8220;Estamos dici\u00e9ndole hasta luego, es como un familiar que se nos va, lo vamos a recordar&#8221;, a\u00f1adi\u00f3 sin parar de llorar.&nbsp;<\/p>\n\n\n\n<p>Junto a ella, Emilia mov\u00eda su bandera de&nbsp;<strong>Ecuador<\/strong>. &#8220;Ped\u00ed permiso en el trabajo para venir y me lo dieron&#8221;, dijo la<strong>repartidora de comida<\/strong>&nbsp;mientras bailaba al ritmo de &#8220;Che Che Col\u00e9&#8221;.&nbsp;<\/p>\n\n\n\n<p>Como ella, otros admiradores faltaron a sus empleos para despedirse de&nbsp;<strong>William Anthony Col\u00f3n Rom\u00e1n<\/strong>&nbsp;(1950-2026), a quien el mundo de la m\u00fasica conoci\u00f3 como&nbsp;<strong>Willie Col\u00f3n<\/strong>, nacido y criado en el sur de&nbsp;<strong>El Bronx<\/strong>.&nbsp;<\/p>\n\n\n\n<h2 class=\"wp-block-heading\">Misa del obispo Espaillat<\/h2>\n\n\n\n<p>Los admiradores del m\u00fasico llegaron de distintas partes de la ciudad e incluso desde&nbsp;<strong>Montreal<\/strong>, en&nbsp;<strong>Canad\u00e1<\/strong>. Davis Alvarado y su esposa, Yanice, viajaron a&nbsp;<strong>Nueva York j<\/strong>unto a su hijo Ismael, de nueve&nbsp;a\u00f1os, para asistir al funeral.&nbsp;<\/p>\n\n\n\n<p>&#8220;Tuve la suerte de conocerle, tomarme una foto con \u00e9l y que me firmara un disco&#8221;, dijo Davis, quien al igual que su hijo llevaba una sudadera negra con la car\u00e1tula de uno de sus discos.&nbsp;<\/p>\n\n\n\n<p>Antes de que los seguidores dijeran adi\u00f3s a&nbsp;<strong>Col\u00f3n<\/strong>, que firm\u00f3 su primer contrato a los 15 a\u00f1os y grab\u00f3 su primer \u00e1lbum dos a\u00f1os despu\u00e9s, se celebr\u00f3 una misa en ingl\u00e9s y espa\u00f1ol en la catedral, donde el ata\u00fad de madera con<strong>&nbsp;los restos del m\u00fasico<\/strong>&nbsp;fue recibido a las puertas de la&nbsp;<strong>iglesia<\/strong>&nbsp;por el obispo Joseph Espaillat, de origen dominicano, quien encabez\u00f3 la marcha hasta el altar.<\/p>\n\n\n\n<figure class=\"wp-block-embed is-type-video is-provider-youtube wp-block-embed-youtube wp-embed-aspect-16-9 wp-has-aspect-ratio\"><div class=\"wp-block-embed__wrapper\">\n<iframe loading=\"lazy\" title=\"Despiden al salsero Willie Col\u00f3n con un funeral en Nueva York\" width=\"640\" height=\"360\" src=\"https:\/\/www.youtube.com\/embed\/KZGZB-I2lM4?feature=oembed\" frameborder=\"0\" allow=\"accelerometer; autoplay; clipboard-write; encrypted-media; gyroscope; picture-in-picture; web-share\" referrerpolicy=\"strict-origin-when-cross-origin\" allowfullscreen><\/iframe>\n<\/div><\/figure>\n\n\n\n<p>Escoltando el ata\u00fad iba un grupo de alguaciles del condado de&nbsp;<strong>Westchester<\/strong>, donde viv\u00eda el artista, que trabaj\u00f3 como voluntario y ocup\u00f3 el cargo de &#8220;teniente sheriff&#8221;.&nbsp;<\/p>\n\n\n\n<p>El servicio comenz\u00f3 con el paneg\u00edrico a cargo de sus hijos Diego y Alejandro Miguel, quien record\u00f3 que&nbsp;<strong>su padre so\u00f1\u00f3<\/strong>&nbsp;con celebrar su funeral en la catedral. &#8220;Lo logramos&#8221;, afirm\u00f3.&nbsp;<\/p>\n\n\n\n<p>Espaillat se declar\u00f3 un<strong>&nbsp;amante de la salsa<\/strong>, que escuchaba desde peque\u00f1o por influencia de su padre, quien le hablaba de&nbsp;<strong>Col\u00f3n<\/strong>.&nbsp;<\/p>\n\n\n\n<p>&#8220;Mi padre dec\u00eda: &#8216;<strong>No hay tromb\u00f3n como ese, \u00f3yelo<\/strong>&#8216;&#8221;, record\u00f3 Espaillat, tambi\u00e9n originario de<strong>&nbsp;El Bronx<\/strong>, quien agradeci\u00f3 a la familia del m\u00fasico por haberlo elegido para el servicio.&nbsp;<\/p>\n\n\n\n<p>Espaillat culmin\u00f3 su mensaje diciendo: &#8220;Pronto llegar\u00e1 el d\u00eda de mi suerte, s\u00e9 que antes de mi muerte<strong>&nbsp;<\/strong>seguro que mi suerte cambiar\u00e1&#8221;, en referencia al tema &#8220;El d\u00eda de mi suerte&#8221;, otro \u00e9xito en la voz de&nbsp;<strong>H\u00e9ctor Lavoe&nbsp;<\/strong>junto a&nbsp;<strong>Willie Col\u00f3n<\/strong>.<\/p>\n\n\n\n<p>Con informaci\u00f3n de EFE<\/p>\n","protected":false},"excerpt":{"rendered":"<p>Por Redacci\u00f3n QP Admiradores del m\u00fasico fallecido el pasado 21 de febrero de todas partes&#8230;<\/p>\n","protected":false},"author":2,"featured_media":129546,"comment_status":"open","ping_status":"open","sticky":false,"template":"","format":"standard","meta":{"_monsterinsights_skip_tracking":false,"_monsterinsights_sitenote_active":false,"_monsterinsights_sitenote_note":"","_monsterinsights_sitenote_category":0,"footnotes":""},"categories":[58,280,2],"tags":[],"class_list":["post-129544","post","type-post","status-publish","format-standard","has-post-thumbnail","hentry","category-cultura","category-nacionales","category-noticias"],"yoast_head":"<!-- This site is optimized with the Yoast SEO plugin v27.3 - https:\/\/yoast.com\/product\/yoast-seo-wordpress\/ -->\n<title>Willie Col\u00f3n es despedido en Nueva York al ritmo de la salsa y en medio de aplausos -<\/title>\n<meta name=\"robots\" content=\"index, follow, max-snippet:-1, max-image-preview:large, max-video-preview:-1\" \/>\n<link rel=\"canonical\" href=\"https:\/\/quehacerpolitico.mx\/?p=129544\" \/>\n<meta property=\"og:locale\" content=\"es_MX\" \/>\n<meta property=\"og:type\" content=\"article\" \/>\n<meta property=\"og:title\" content=\"Willie Col\u00f3n es despedido en Nueva York al ritmo de la salsa y en medio de aplausos -\" \/>\n<meta property=\"og:description\" content=\"Por Redacci\u00f3n QP Admiradores del m\u00fasico fallecido el pasado 21 de febrero de todas partes...\" \/>\n<meta property=\"og:url\" content=\"https:\/\/quehacerpolitico.mx\/?p=129544\" \/>\n<meta property=\"article:published_time\" content=\"2026-03-10T01:55:36+00:00\" \/>\n<meta property=\"article:modified_time\" content=\"2026-03-10T01:55:40+00:00\" \/>\n<meta property=\"og:image\" content=\"http:\/\/quehacerpolitico.mx\/wp-content\/uploads\/2026\/03\/IMG_7154.jpeg\" \/>\n\t<meta property=\"og:image:width\" content=\"1024\" \/>\n\t<meta property=\"og:image:height\" content=\"683\" \/>\n\t<meta property=\"og:image:type\" content=\"image\/jpeg\" \/>\n<meta name=\"author\" content=\"Redacci\u00f3n QP\" \/>\n<meta name=\"twitter:card\" content=\"summary_large_image\" \/>\n<meta name=\"twitter:label1\" content=\"Escrito por\" \/>\n\t<meta name=\"twitter:data1\" content=\"Redacci\u00f3n QP\" \/>\n\t<meta name=\"twitter:label2\" content=\"Tiempo de lectura\" \/>\n\t<meta name=\"twitter:data2\" content=\"5 minutos\" \/>\n<script type=\"application\/ld+json\" class=\"yoast-schema-graph\">{\"@context\":\"https:\\\/\\\/schema.org\",\"@graph\":[{\"@type\":\"Article\",\"@id\":\"https:\\\/\\\/quehacerpolitico.mx\\\/?p=129544#article\",\"isPartOf\":{\"@id\":\"https:\\\/\\\/quehacerpolitico.mx\\\/?p=129544\"},\"author\":{\"name\":\"Redacci\u00f3n QP\",\"@id\":\"https:\\\/\\\/quehacerpolitico.mx\\\/#\\\/schema\\\/person\\\/496d8ad2d1d3f8036101dca7ee39e585\"},\"headline\":\"Willie Col\u00f3n es despedido en Nueva York al ritmo de la salsa y en medio de aplausos\",\"datePublished\":\"2026-03-10T01:55:36+00:00\",\"dateModified\":\"2026-03-10T01:55:40+00:00\",\"mainEntityOfPage\":{\"@id\":\"https:\\\/\\\/quehacerpolitico.mx\\\/?p=129544\"},\"wordCount\":972,\"commentCount\":0,\"image\":{\"@id\":\"https:\\\/\\\/quehacerpolitico.mx\\\/?p=129544#primaryimage\"},\"thumbnailUrl\":\"https:\\\/\\\/quehacerpolitico.mx\\\/wp-content\\\/uploads\\\/2026\\\/03\\\/IMG_7154.jpeg\",\"articleSection\":[\"Cultura y Entretenimiento\",\"Nacionales\",\"Noticias\"],\"inLanguage\":\"es\",\"potentialAction\":[{\"@type\":\"CommentAction\",\"name\":\"Comment\",\"target\":[\"https:\\\/\\\/quehacerpolitico.mx\\\/?p=129544#respond\"]}]},{\"@type\":\"WebPage\",\"@id\":\"https:\\\/\\\/quehacerpolitico.mx\\\/?p=129544\",\"url\":\"https:\\\/\\\/quehacerpolitico.mx\\\/?p=129544\",\"name\":\"Willie Col\u00f3n es despedido en Nueva York al ritmo de la salsa y en medio de aplausos -\",\"isPartOf\":{\"@id\":\"https:\\\/\\\/quehacerpolitico.mx\\\/#website\"},\"primaryImageOfPage\":{\"@id\":\"https:\\\/\\\/quehacerpolitico.mx\\\/?p=129544#primaryimage\"},\"image\":{\"@id\":\"https:\\\/\\\/quehacerpolitico.mx\\\/?p=129544#primaryimage\"},\"thumbnailUrl\":\"https:\\\/\\\/quehacerpolitico.mx\\\/wp-content\\\/uploads\\\/2026\\\/03\\\/IMG_7154.jpeg\",\"datePublished\":\"2026-03-10T01:55:36+00:00\",\"dateModified\":\"2026-03-10T01:55:40+00:00\",\"author\":{\"@id\":\"https:\\\/\\\/quehacerpolitico.mx\\\/#\\\/schema\\\/person\\\/496d8ad2d1d3f8036101dca7ee39e585\"},\"breadcrumb\":{\"@id\":\"https:\\\/\\\/quehacerpolitico.mx\\\/?p=129544#breadcrumb\"},\"inLanguage\":\"es\",\"potentialAction\":[{\"@type\":\"ReadAction\",\"target\":[\"https:\\\/\\\/quehacerpolitico.mx\\\/?p=129544\"]}]},{\"@type\":\"ImageObject\",\"inLanguage\":\"es\",\"@id\":\"https:\\\/\\\/quehacerpolitico.mx\\\/?p=129544#primaryimage\",\"url\":\"https:\\\/\\\/quehacerpolitico.mx\\\/wp-content\\\/uploads\\\/2026\\\/03\\\/IMG_7154.jpeg\",\"contentUrl\":\"https:\\\/\\\/quehacerpolitico.mx\\\/wp-content\\\/uploads\\\/2026\\\/03\\\/IMG_7154.jpeg\",\"width\":1024,\"height\":683,\"caption\":\"Personas sostienen el f\u00e9retro del cantante Willie Col\u00f3n este lunes, al finalizar una misa p\u00fablica en la Catedral de San Patricio en Nueva York (Estados Unidos). EFE\\\/ \u00c1ngel Colmenares\"},{\"@type\":\"BreadcrumbList\",\"@id\":\"https:\\\/\\\/quehacerpolitico.mx\\\/?p=129544#breadcrumb\",\"itemListElement\":[{\"@type\":\"ListItem\",\"position\":1,\"name\":\"Inicio\",\"item\":\"https:\\\/\\\/quehacerpolitico.mx\\\/\"},{\"@type\":\"ListItem\",\"position\":2,\"name\":\"Willie Col\u00f3n es despedido en Nueva York al ritmo de la salsa y en medio de aplausos\"}]},{\"@type\":\"WebSite\",\"@id\":\"https:\\\/\\\/quehacerpolitico.mx\\\/#website\",\"url\":\"https:\\\/\\\/quehacerpolitico.mx\\\/\",\"name\":\"\",\"description\":\"\",\"potentialAction\":[{\"@type\":\"SearchAction\",\"target\":{\"@type\":\"EntryPoint\",\"urlTemplate\":\"https:\\\/\\\/quehacerpolitico.mx\\\/?s={search_term_string}\"},\"query-input\":{\"@type\":\"PropertyValueSpecification\",\"valueRequired\":true,\"valueName\":\"search_term_string\"}}],\"inLanguage\":\"es\"},{\"@type\":\"Person\",\"@id\":\"https:\\\/\\\/quehacerpolitico.mx\\\/#\\\/schema\\\/person\\\/496d8ad2d1d3f8036101dca7ee39e585\",\"name\":\"Redacci\u00f3n QP\",\"image\":{\"@type\":\"ImageObject\",\"inLanguage\":\"es\",\"@id\":\"https:\\\/\\\/secure.gravatar.com\\\/avatar\\\/c7164ed6fdec453195284ad24a5ae5b6e1eed2b848477fa2a4787ba9adf39a41?s=96&d=mm&r=g\",\"url\":\"https:\\\/\\\/secure.gravatar.com\\\/avatar\\\/c7164ed6fdec453195284ad24a5ae5b6e1eed2b848477fa2a4787ba9adf39a41?s=96&d=mm&r=g\",\"contentUrl\":\"https:\\\/\\\/secure.gravatar.com\\\/avatar\\\/c7164ed6fdec453195284ad24a5ae5b6e1eed2b848477fa2a4787ba9adf39a41?s=96&d=mm&r=g\",\"caption\":\"Redacci\u00f3n QP\"},\"url\":\"https:\\\/\\\/quehacerpolitico.mx\\\/?author=2\"}]}<\/script>\n<!-- \/ Yoast SEO plugin. -->","yoast_head_json":{"title":"Willie Col\u00f3n es despedido en Nueva York al ritmo de la salsa y en medio de aplausos -","robots":{"index":"index","follow":"follow","max-snippet":"max-snippet:-1","max-image-preview":"max-image-preview:large","max-video-preview":"max-video-preview:-1"},"canonical":"https:\/\/quehacerpolitico.mx\/?p=129544","og_locale":"es_MX","og_type":"article","og_title":"Willie Col\u00f3n es despedido en Nueva York al ritmo de la salsa y en medio de aplausos -","og_description":"Por Redacci\u00f3n QP Admiradores del m\u00fasico fallecido el pasado 21 de febrero de todas partes...","og_url":"https:\/\/quehacerpolitico.mx\/?p=129544","article_published_time":"2026-03-10T01:55:36+00:00","article_modified_time":"2026-03-10T01:55:40+00:00","og_image":[{"width":1024,"height":683,"url":"http:\/\/quehacerpolitico.mx\/wp-content\/uploads\/2026\/03\/IMG_7154.jpeg","type":"image\/jpeg"}],"author":"Redacci\u00f3n QP","twitter_card":"summary_large_image","twitter_misc":{"Escrito por":"Redacci\u00f3n QP","Tiempo de lectura":"5 minutos"},"schema":{"@context":"https:\/\/schema.org","@graph":[{"@type":"Article","@id":"https:\/\/quehacerpolitico.mx\/?p=129544#article","isPartOf":{"@id":"https:\/\/quehacerpolitico.mx\/?p=129544"},"author":{"name":"Redacci\u00f3n QP","@id":"https:\/\/quehacerpolitico.mx\/#\/schema\/person\/496d8ad2d1d3f8036101dca7ee39e585"},"headline":"Willie Col\u00f3n es despedido en Nueva York al ritmo de la salsa y en medio de aplausos","datePublished":"2026-03-10T01:55:36+00:00","dateModified":"2026-03-10T01:55:40+00:00","mainEntityOfPage":{"@id":"https:\/\/quehacerpolitico.mx\/?p=129544"},"wordCount":972,"commentCount":0,"image":{"@id":"https:\/\/quehacerpolitico.mx\/?p=129544#primaryimage"},"thumbnailUrl":"https:\/\/quehacerpolitico.mx\/wp-content\/uploads\/2026\/03\/IMG_7154.jpeg","articleSection":["Cultura y Entretenimiento","Nacionales","Noticias"],"inLanguage":"es","potentialAction":[{"@type":"CommentAction","name":"Comment","target":["https:\/\/quehacerpolitico.mx\/?p=129544#respond"]}]},{"@type":"WebPage","@id":"https:\/\/quehacerpolitico.mx\/?p=129544","url":"https:\/\/quehacerpolitico.mx\/?p=129544","name":"Willie Col\u00f3n es despedido en Nueva York al ritmo de la salsa y en medio de aplausos -","isPartOf":{"@id":"https:\/\/quehacerpolitico.mx\/#website"},"primaryImageOfPage":{"@id":"https:\/\/quehacerpolitico.mx\/?p=129544#primaryimage"},"image":{"@id":"https:\/\/quehacerpolitico.mx\/?p=129544#primaryimage"},"thumbnailUrl":"https:\/\/quehacerpolitico.mx\/wp-content\/uploads\/2026\/03\/IMG_7154.jpeg","datePublished":"2026-03-10T01:55:36+00:00","dateModified":"2026-03-10T01:55:40+00:00","author":{"@id":"https:\/\/quehacerpolitico.mx\/#\/schema\/person\/496d8ad2d1d3f8036101dca7ee39e585"},"breadcrumb":{"@id":"https:\/\/quehacerpolitico.mx\/?p=129544#breadcrumb"},"inLanguage":"es","potentialAction":[{"@type":"ReadAction","target":["https:\/\/quehacerpolitico.mx\/?p=129544"]}]},{"@type":"ImageObject","inLanguage":"es","@id":"https:\/\/quehacerpolitico.mx\/?p=129544#primaryimage","url":"https:\/\/quehacerpolitico.mx\/wp-content\/uploads\/2026\/03\/IMG_7154.jpeg","contentUrl":"https:\/\/quehacerpolitico.mx\/wp-content\/uploads\/2026\/03\/IMG_7154.jpeg","width":1024,"height":683,"caption":"Personas sostienen el f\u00e9retro del cantante Willie Col\u00f3n este lunes, al finalizar una misa p\u00fablica en la Catedral de San Patricio en Nueva York (Estados Unidos). EFE\/ \u00c1ngel Colmenares"},{"@type":"BreadcrumbList","@id":"https:\/\/quehacerpolitico.mx\/?p=129544#breadcrumb","itemListElement":[{"@type":"ListItem","position":1,"name":"Inicio","item":"https:\/\/quehacerpolitico.mx\/"},{"@type":"ListItem","position":2,"name":"Willie Col\u00f3n es despedido en Nueva York al ritmo de la salsa y en medio de aplausos"}]},{"@type":"WebSite","@id":"https:\/\/quehacerpolitico.mx\/#website","url":"https:\/\/quehacerpolitico.mx\/","name":"","description":"","potentialAction":[{"@type":"SearchAction","target":{"@type":"EntryPoint","urlTemplate":"https:\/\/quehacerpolitico.mx\/?s={search_term_string}"},"query-input":{"@type":"PropertyValueSpecification","valueRequired":true,"valueName":"search_term_string"}}],"inLanguage":"es"},{"@type":"Person","@id":"https:\/\/quehacerpolitico.mx\/#\/schema\/person\/496d8ad2d1d3f8036101dca7ee39e585","name":"Redacci\u00f3n QP","image":{"@type":"ImageObject","inLanguage":"es","@id":"https:\/\/secure.gravatar.com\/avatar\/c7164ed6fdec453195284ad24a5ae5b6e1eed2b848477fa2a4787ba9adf39a41?s=96&d=mm&r=g","url":"https:\/\/secure.gravatar.com\/avatar\/c7164ed6fdec453195284ad24a5ae5b6e1eed2b848477fa2a4787ba9adf39a41?s=96&d=mm&r=g","contentUrl":"https:\/\/secure.gravatar.com\/avatar\/c7164ed6fdec453195284ad24a5ae5b6e1eed2b848477fa2a4787ba9adf39a41?s=96&d=mm&r=g","caption":"Redacci\u00f3n QP"},"url":"https:\/\/quehacerpolitico.mx\/?author=2"}]}},"featured_image_urls":{"full":["https:\/\/quehacerpolitico.mx\/wp-content\/uploads\/2026\/03\/IMG_7154.jpeg",1024,683,false],"thumbnail":["https:\/\/quehacerpolitico.mx\/wp-content\/uploads\/2026\/03\/IMG_7154-150x150.jpeg",150,150,true],"medium":["https:\/\/quehacerpolitico.mx\/wp-content\/uploads\/2026\/03\/IMG_7154-300x200.jpeg",300,200,true],"medium_large":["https:\/\/quehacerpolitico.mx\/wp-content\/uploads\/2026\/03\/IMG_7154-768x512.jpeg",640,427,true],"large":["https:\/\/quehacerpolitico.mx\/wp-content\/uploads\/2026\/03\/IMG_7154.jpeg",640,427,false],"1536x1536":["https:\/\/quehacerpolitico.mx\/wp-content\/uploads\/2026\/03\/IMG_7154.jpeg",1024,683,false],"2048x2048":["https:\/\/quehacerpolitico.mx\/wp-content\/uploads\/2026\/03\/IMG_7154.jpeg",1024,683,false],"covernews-featured":["https:\/\/quehacerpolitico.mx\/wp-content\/uploads\/2026\/03\/IMG_7154.jpeg",1024,683,false],"covernews-medium":["https:\/\/quehacerpolitico.mx\/wp-content\/uploads\/2026\/03\/IMG_7154-540x340.jpeg",540,340,true]},"author_info":{"display_name":"Redacci\u00f3n QP","author_link":"https:\/\/quehacerpolitico.mx\/?author=2"},"category_info":"<a href=\"https:\/\/quehacerpolitico.mx\/?cat=58\" rel=\"category\">Cultura y Entretenimiento<\/a> <a href=\"https:\/\/quehacerpolitico.mx\/?cat=280\" rel=\"category\">Nacionales<\/a> <a href=\"https:\/\/quehacerpolitico.mx\/?cat=2\" rel=\"category\">Noticias<\/a>","tag_info":"Noticias","comment_count":"0","_links":{"self":[{"href":"https:\/\/quehacerpolitico.mx\/index.php?rest_route=\/wp\/v2\/posts\/129544","targetHints":{"allow":["GET"]}}],"collection":[{"href":"https:\/\/quehacerpolitico.mx\/index.php?rest_route=\/wp\/v2\/posts"}],"about":[{"href":"https:\/\/quehacerpolitico.mx\/index.php?rest_route=\/wp\/v2\/types\/post"}],"author":[{"embeddable":true,"href":"https:\/\/quehacerpolitico.mx\/index.php?rest_route=\/wp\/v2\/users\/2"}],"replies":[{"embeddable":true,"href":"https:\/\/quehacerpolitico.mx\/index.php?rest_route=%2Fwp%2Fv2%2Fcomments&post=129544"}],"version-history":[{"count":1,"href":"https:\/\/quehacerpolitico.mx\/index.php?rest_route=\/wp\/v2\/posts\/129544\/revisions"}],"predecessor-version":[{"id":129547,"href":"https:\/\/quehacerpolitico.mx\/index.php?rest_route=\/wp\/v2\/posts\/129544\/revisions\/129547"}],"wp:featuredmedia":[{"embeddable":true,"href":"https:\/\/quehacerpolitico.mx\/index.php?rest_route=\/wp\/v2\/media\/129546"}],"wp:attachment":[{"href":"https:\/\/quehacerpolitico.mx\/index.php?rest_route=%2Fwp%2Fv2%2Fmedia&parent=129544"}],"wp:term":[{"taxonomy":"category","embeddable":true,"href":"https:\/\/quehacerpolitico.mx\/index.php?rest_route=%2Fwp%2Fv2%2Fcategories&post=129544"},{"taxonomy":"post_tag","embeddable":true,"href":"https:\/\/quehacerpolitico.mx\/index.php?rest_route=%2Fwp%2Fv2%2Ftags&post=129544"}],"curies":[{"name":"wp","href":"https:\/\/api.w.org\/{rel}","templated":true}]}}