{"id":129537,"date":"2026-03-09T19:32:17","date_gmt":"2026-03-10T01:32:17","guid":{"rendered":"https:\/\/quehacerpolitico.mx\/?p=129537"},"modified":"2026-03-09T19:32:23","modified_gmt":"2026-03-10T01:32:23","slug":"localizan-tres-cuerpos-al-interior-de-un-domicilio-en-tolcayuca-hidalgo","status":"publish","type":"post","link":"https:\/\/quehacerpolitico.mx\/?p=129537","title":{"rendered":"Localizan tres cuerpos al interior de un domicilio en Tolcayuca, Hidalgo"},"content":{"rendered":"\n<p>Por Redacci\u00f3n QP<\/p>\n\n\n\n<p>Seg\u00fan el titular de la procuradur\u00eda, Francisco Fern\u00e1ndez, los cuerpos se encontraban en estado de descomposici\u00f3n, pero no ofreci\u00f3 m\u00e1s detalles<\/p>\n\n\n\n<p>El hallazgo de&nbsp;<strong>tres cuerpos<\/strong>&nbsp;en avanzado estado de descomposici\u00f3n en un domicilio en Tolcayuca, Hidalgo, fue informado esta ma\u00f1ana durante la conferencia de prensa del titular de la Procuradur\u00eda General de Justicia estatal, Francisco Fern\u00e1ndez.<\/p>\n\n\n\n<p>En respuesta a la pregunta de un reportero, el titular destac\u00f3 que, al haber ocurrido minutos antes, en ese momento no pod\u00eda dar informaci\u00f3n precisa sobre el hallazgo, pero que m\u00e1s tarde brindar\u00eda otra conferencia de prensa en la que revelar\u00edan los detalles.<\/p>\n\n\n\n<figure class=\"wp-block-embed is-type-rich is-provider-twitter wp-block-embed-twitter\"><div class=\"wp-block-embed__wrapper\">\n<blockquote class=\"twitter-tweet\" data-width=\"550\" data-dnt=\"true\"><p lang=\"es\" dir=\"ltr\">\ud83d\udd34\ud83c\udfa5<a href=\"https:\/\/twitter.com\/hashtag\/EnVivo?src=hash&amp;ref_src=twsrc%5Etfw\">#EnVivo<\/a> | Conferencia de prensa desde la Sala del Pueblo en el Edificio de Gobierno.<a href=\"https:\/\/t.co\/cqkmducZ17\">https:\/\/t.co\/cqkmducZ17<\/a><\/p>&mdash; Gobierno Hidalgo (@gobiernohidalgo) <a href=\"https:\/\/twitter.com\/gobiernohidalgo\/status\/2031022817098285460?ref_src=twsrc%5Etfw\">March 9, 2026<\/a><\/blockquote><script async src=\"https:\/\/platform.twitter.com\/widgets.js\" charset=\"utf-8\"><\/script>\n<\/div><\/figure>\n\n\n\n<p>Por su parte, medios de comunicaci\u00f3n locales han reportado que\u00a0en el interior del domicilio ubicado en la\u00a0<strong>calle Narciso Mendoza\u00a0<\/strong>fueron encontradas\u00a0dos mujeres y un hombre<strong>.<\/strong><\/p>\n\n\n\n<p>Seg\u00fan estos reportes basados en la informaci\u00f3n preliminar, los\u00a0<strong>cuerpos\u00a0<\/strong>se encontraban en habitaciones distintas. Hasta el momento se desconoce de manera oficial las identidades de las v\u00edctimas.<\/p>\n\n\n\n<p>Por otro lado, en el mismo&nbsp;<strong>municipio de Tolcayuca<\/strong>, se report\u00f3 la desaparici\u00f3n de un sujeto identificado como C\u00e9sar Cu\u00e9llar Flores, alias &#8220;El Potrillo&#8221;,&nbsp;de 31 a\u00f1os de edad, cuya ausencia fue reportada por el presidente municipal de&nbsp;<strong>Zapotl\u00e1n&nbsp;de Ju\u00e1rez<\/strong>, Erick Islas, este lunes.&nbsp;<\/p>\n\n\n\n<p>Seg\u00fan la publicaci\u00f3n, al momento de su desaparici\u00f3n vest\u00eda un su\u00e9ter de color verde, pantal\u00f3n negro y tenis blancos con el mismo color del pantal\u00f3n.<\/p>\n\n\n\n<figure class=\"wp-block-gallery has-nested-images columns-default is-cropped wp-block-gallery-1 is-layout-flex wp-block-gallery-is-layout-flex\">\n<figure class=\"wp-block-image size-large\"><img loading=\"lazy\" decoding=\"async\" width=\"1024\" height=\"584\" data-id=\"129538\" src=\"https:\/\/quehacerpolitico.mx\/wp-content\/uploads\/2026\/03\/IMG_7149-1024x584.jpeg\" alt=\"\" class=\"wp-image-129538\" srcset=\"https:\/\/quehacerpolitico.mx\/wp-content\/uploads\/2026\/03\/IMG_7149-1024x584.jpeg 1024w, https:\/\/quehacerpolitico.mx\/wp-content\/uploads\/2026\/03\/IMG_7149-300x171.jpeg 300w, https:\/\/quehacerpolitico.mx\/wp-content\/uploads\/2026\/03\/IMG_7149-768x438.jpeg 768w, https:\/\/quehacerpolitico.mx\/wp-content\/uploads\/2026\/03\/IMG_7149-1536x875.jpeg 1536w, https:\/\/quehacerpolitico.mx\/wp-content\/uploads\/2026\/03\/IMG_7149.jpeg 2048w\" sizes=\"auto, (max-width: 1024px) 100vw, 1024px\" \/><\/figure>\n\n\n\n<figure class=\"wp-block-image size-large\"><img loading=\"lazy\" decoding=\"async\" width=\"1024\" height=\"683\" data-id=\"129540\" src=\"https:\/\/quehacerpolitico.mx\/wp-content\/uploads\/2026\/03\/IMG_7150-1024x683.jpeg\" alt=\"\" class=\"wp-image-129540\" srcset=\"https:\/\/quehacerpolitico.mx\/wp-content\/uploads\/2026\/03\/IMG_7150-1024x683.jpeg 1024w, https:\/\/quehacerpolitico.mx\/wp-content\/uploads\/2026\/03\/IMG_7150-300x200.jpeg 300w, https:\/\/quehacerpolitico.mx\/wp-content\/uploads\/2026\/03\/IMG_7150-768x512.jpeg 768w, https:\/\/quehacerpolitico.mx\/wp-content\/uploads\/2026\/03\/IMG_7150-1536x1025.jpeg 1536w, https:\/\/quehacerpolitico.mx\/wp-content\/uploads\/2026\/03\/IMG_7150.jpeg 2048w\" sizes=\"auto, (max-width: 1024px) 100vw, 1024px\" \/><\/figure>\n\n\n\n<figure class=\"wp-block-image size-large\"><img loading=\"lazy\" decoding=\"async\" width=\"1024\" height=\"683\" data-id=\"129541\" src=\"https:\/\/quehacerpolitico.mx\/wp-content\/uploads\/2026\/03\/IMG_7151-1024x683.jpeg\" alt=\"\" class=\"wp-image-129541\" srcset=\"https:\/\/quehacerpolitico.mx\/wp-content\/uploads\/2026\/03\/IMG_7151-1024x683.jpeg 1024w, https:\/\/quehacerpolitico.mx\/wp-content\/uploads\/2026\/03\/IMG_7151-300x200.jpeg 300w, https:\/\/quehacerpolitico.mx\/wp-content\/uploads\/2026\/03\/IMG_7151-768x512.jpeg 768w, https:\/\/quehacerpolitico.mx\/wp-content\/uploads\/2026\/03\/IMG_7151-1536x1025.jpeg 1536w, https:\/\/quehacerpolitico.mx\/wp-content\/uploads\/2026\/03\/IMG_7151.jpeg 2048w\" sizes=\"auto, (max-width: 1024px) 100vw, 1024px\" \/><\/figure>\n\n\n\n<figure class=\"wp-block-image size-large\"><img loading=\"lazy\" decoding=\"async\" width=\"1024\" height=\"683\" data-id=\"129539\" src=\"https:\/\/quehacerpolitico.mx\/wp-content\/uploads\/2026\/03\/IMG_7152-1024x683.jpeg\" alt=\"\" class=\"wp-image-129539\" srcset=\"https:\/\/quehacerpolitico.mx\/wp-content\/uploads\/2026\/03\/IMG_7152-1024x683.jpeg 1024w, https:\/\/quehacerpolitico.mx\/wp-content\/uploads\/2026\/03\/IMG_7152-300x200.jpeg 300w, https:\/\/quehacerpolitico.mx\/wp-content\/uploads\/2026\/03\/IMG_7152-768x512.jpeg 768w, https:\/\/quehacerpolitico.mx\/wp-content\/uploads\/2026\/03\/IMG_7152-1536x1025.jpeg 1536w, https:\/\/quehacerpolitico.mx\/wp-content\/uploads\/2026\/03\/IMG_7152.jpeg 2048w\" sizes=\"auto, (max-width: 1024px) 100vw, 1024px\" \/><\/figure>\n<\/figure>\n\n\n\n<p>Asimismo, el 4 de marzo la Secretar\u00eda de Seguridad P\u00fablica (SSP) inform\u00f3 sobre la&nbsp;<strong>localizaci\u00f3n de una persona sin vida<\/strong>en las inmediaciones de una gasolinera ubicada en el municipio de&nbsp;<strong>Zapotl\u00e1n de Ju\u00e1rez<\/strong>, misma entidad donde &#8220;El Potrillo&#8221; fue visto por \u00faltima vez.&nbsp;<\/p>\n\n\n\n<p>Seg\u00fan la informaci\u00f3n, testigos habr\u00edan narrado a las autoridades que la muerte del hombre ocurri\u00f3 tras resistirse a un asalto. Sin embargo, el segundo sujeto con quien se encontraba el&nbsp;<strong>hombre asesinado<\/strong>&nbsp;fue identificado como su hijo, quien fue privado de la libertad por los asaltantes.&nbsp;<\/p>\n\n\n\n<p>Ante esto, se despleg\u00f3 un operativo de b\u00fasqueda a trav\u00e9s del&nbsp;<strong>C5i<\/strong>&nbsp;para su rescate con vida, que dio como resultado la localizaci\u00f3n de los dos autores del delito, ambos originarios del Estado de M\u00e9xico, de 20 y 23 a\u00f1os de edad, a quienes se les decomis\u00f3 un arma de fuego.<\/p>\n","protected":false},"excerpt":{"rendered":"<p>Por Redacci\u00f3n QP Seg\u00fan el titular de la procuradur\u00eda, Francisco Fern\u00e1ndez, los cuerpos se encontraban&#8230;<\/p>\n","protected":false},"author":2,"featured_media":129542,"comment_status":"open","ping_status":"open","sticky":false,"template":"","format":"standard","meta":{"_monsterinsights_skip_tracking":false,"_monsterinsights_sitenote_active":false,"_monsterinsights_sitenote_note":"","_monsterinsights_sitenote_category":0,"footnotes":""},"categories":[280,2],"tags":[],"class_list":["post-129537","post","type-post","status-publish","format-standard","has-post-thumbnail","hentry","category-nacionales","category-noticias"],"yoast_head":"<!-- This site is optimized with the Yoast SEO plugin v27.3 - https:\/\/yoast.com\/product\/yoast-seo-wordpress\/ -->\n<title>Localizan tres cuerpos al interior de un domicilio en Tolcayuca, Hidalgo -<\/title>\n<meta name=\"robots\" content=\"index, follow, max-snippet:-1, max-image-preview:large, max-video-preview:-1\" \/>\n<link rel=\"canonical\" href=\"https:\/\/quehacerpolitico.mx\/?p=129537\" \/>\n<meta property=\"og:locale\" content=\"es_MX\" \/>\n<meta property=\"og:type\" content=\"article\" \/>\n<meta property=\"og:title\" content=\"Localizan tres cuerpos al interior de un domicilio en Tolcayuca, Hidalgo -\" \/>\n<meta property=\"og:description\" content=\"Por Redacci\u00f3n QP Seg\u00fan el titular de la procuradur\u00eda, Francisco Fern\u00e1ndez, los cuerpos se encontraban...\" \/>\n<meta property=\"og:url\" content=\"https:\/\/quehacerpolitico.mx\/?p=129537\" \/>\n<meta property=\"article:published_time\" content=\"2026-03-10T01:32:17+00:00\" \/>\n<meta property=\"article:modified_time\" content=\"2026-03-10T01:32:23+00:00\" \/>\n<meta property=\"og:image\" content=\"http:\/\/quehacerpolitico.mx\/wp-content\/uploads\/2026\/03\/IMG_7148.webp\" \/>\n\t<meta property=\"og:image:width\" content=\"425\" \/>\n\t<meta property=\"og:image:height\" content=\"230\" \/>\n\t<meta property=\"og:image:type\" content=\"image\/webp\" \/>\n<meta name=\"author\" content=\"Redacci\u00f3n QP\" \/>\n<meta name=\"twitter:card\" content=\"summary_large_image\" \/>\n<meta name=\"twitter:label1\" content=\"Escrito por\" \/>\n\t<meta name=\"twitter:data1\" content=\"Redacci\u00f3n QP\" \/>\n\t<meta name=\"twitter:label2\" content=\"Tiempo de lectura\" \/>\n\t<meta name=\"twitter:data2\" content=\"3 minutos\" \/>\n<script type=\"application\/ld+json\" class=\"yoast-schema-graph\">{\"@context\":\"https:\\\/\\\/schema.org\",\"@graph\":[{\"@type\":\"Article\",\"@id\":\"https:\\\/\\\/quehacerpolitico.mx\\\/?p=129537#article\",\"isPartOf\":{\"@id\":\"https:\\\/\\\/quehacerpolitico.mx\\\/?p=129537\"},\"author\":{\"name\":\"Redacci\u00f3n QP\",\"@id\":\"https:\\\/\\\/quehacerpolitico.mx\\\/#\\\/schema\\\/person\\\/496d8ad2d1d3f8036101dca7ee39e585\"},\"headline\":\"Localizan tres cuerpos al interior de un domicilio en Tolcayuca, Hidalgo\",\"datePublished\":\"2026-03-10T01:32:17+00:00\",\"dateModified\":\"2026-03-10T01:32:23+00:00\",\"mainEntityOfPage\":{\"@id\":\"https:\\\/\\\/quehacerpolitico.mx\\\/?p=129537\"},\"wordCount\":443,\"commentCount\":0,\"image\":{\"@id\":\"https:\\\/\\\/quehacerpolitico.mx\\\/?p=129537#primaryimage\"},\"thumbnailUrl\":\"https:\\\/\\\/quehacerpolitico.mx\\\/wp-content\\\/uploads\\\/2026\\\/03\\\/IMG_7148.webp\",\"articleSection\":[\"Nacionales\",\"Noticias\"],\"inLanguage\":\"es\",\"potentialAction\":[{\"@type\":\"CommentAction\",\"name\":\"Comment\",\"target\":[\"https:\\\/\\\/quehacerpolitico.mx\\\/?p=129537#respond\"]}]},{\"@type\":\"WebPage\",\"@id\":\"https:\\\/\\\/quehacerpolitico.mx\\\/?p=129537\",\"url\":\"https:\\\/\\\/quehacerpolitico.mx\\\/?p=129537\",\"name\":\"Localizan tres cuerpos al interior de un domicilio en Tolcayuca, Hidalgo -\",\"isPartOf\":{\"@id\":\"https:\\\/\\\/quehacerpolitico.mx\\\/#website\"},\"primaryImageOfPage\":{\"@id\":\"https:\\\/\\\/quehacerpolitico.mx\\\/?p=129537#primaryimage\"},\"image\":{\"@id\":\"https:\\\/\\\/quehacerpolitico.mx\\\/?p=129537#primaryimage\"},\"thumbnailUrl\":\"https:\\\/\\\/quehacerpolitico.mx\\\/wp-content\\\/uploads\\\/2026\\\/03\\\/IMG_7148.webp\",\"datePublished\":\"2026-03-10T01:32:17+00:00\",\"dateModified\":\"2026-03-10T01:32:23+00:00\",\"author\":{\"@id\":\"https:\\\/\\\/quehacerpolitico.mx\\\/#\\\/schema\\\/person\\\/496d8ad2d1d3f8036101dca7ee39e585\"},\"breadcrumb\":{\"@id\":\"https:\\\/\\\/quehacerpolitico.mx\\\/?p=129537#breadcrumb\"},\"inLanguage\":\"es\",\"potentialAction\":[{\"@type\":\"ReadAction\",\"target\":[\"https:\\\/\\\/quehacerpolitico.mx\\\/?p=129537\"]}]},{\"@type\":\"ImageObject\",\"inLanguage\":\"es\",\"@id\":\"https:\\\/\\\/quehacerpolitico.mx\\\/?p=129537#primaryimage\",\"url\":\"https:\\\/\\\/quehacerpolitico.mx\\\/wp-content\\\/uploads\\\/2026\\\/03\\\/IMG_7148.webp\",\"contentUrl\":\"https:\\\/\\\/quehacerpolitico.mx\\\/wp-content\\\/uploads\\\/2026\\\/03\\\/IMG_7148.webp\",\"width\":425,\"height\":230},{\"@type\":\"BreadcrumbList\",\"@id\":\"https:\\\/\\\/quehacerpolitico.mx\\\/?p=129537#breadcrumb\",\"itemListElement\":[{\"@type\":\"ListItem\",\"position\":1,\"name\":\"Inicio\",\"item\":\"https:\\\/\\\/quehacerpolitico.mx\\\/\"},{\"@type\":\"ListItem\",\"position\":2,\"name\":\"Localizan tres cuerpos al interior de un domicilio en Tolcayuca, Hidalgo\"}]},{\"@type\":\"WebSite\",\"@id\":\"https:\\\/\\\/quehacerpolitico.mx\\\/#website\",\"url\":\"https:\\\/\\\/quehacerpolitico.mx\\\/\",\"name\":\"\",\"description\":\"\",\"potentialAction\":[{\"@type\":\"SearchAction\",\"target\":{\"@type\":\"EntryPoint\",\"urlTemplate\":\"https:\\\/\\\/quehacerpolitico.mx\\\/?s={search_term_string}\"},\"query-input\":{\"@type\":\"PropertyValueSpecification\",\"valueRequired\":true,\"valueName\":\"search_term_string\"}}],\"inLanguage\":\"es\"},{\"@type\":\"Person\",\"@id\":\"https:\\\/\\\/quehacerpolitico.mx\\\/#\\\/schema\\\/person\\\/496d8ad2d1d3f8036101dca7ee39e585\",\"name\":\"Redacci\u00f3n QP\",\"image\":{\"@type\":\"ImageObject\",\"inLanguage\":\"es\",\"@id\":\"https:\\\/\\\/secure.gravatar.com\\\/avatar\\\/c7164ed6fdec453195284ad24a5ae5b6e1eed2b848477fa2a4787ba9adf39a41?s=96&d=mm&r=g\",\"url\":\"https:\\\/\\\/secure.gravatar.com\\\/avatar\\\/c7164ed6fdec453195284ad24a5ae5b6e1eed2b848477fa2a4787ba9adf39a41?s=96&d=mm&r=g\",\"contentUrl\":\"https:\\\/\\\/secure.gravatar.com\\\/avatar\\\/c7164ed6fdec453195284ad24a5ae5b6e1eed2b848477fa2a4787ba9adf39a41?s=96&d=mm&r=g\",\"caption\":\"Redacci\u00f3n QP\"},\"url\":\"https:\\\/\\\/quehacerpolitico.mx\\\/?author=2\"}]}<\/script>\n<!-- \/ Yoast SEO plugin. -->","yoast_head_json":{"title":"Localizan tres cuerpos al interior de un domicilio en Tolcayuca, Hidalgo -","robots":{"index":"index","follow":"follow","max-snippet":"max-snippet:-1","max-image-preview":"max-image-preview:large","max-video-preview":"max-video-preview:-1"},"canonical":"https:\/\/quehacerpolitico.mx\/?p=129537","og_locale":"es_MX","og_type":"article","og_title":"Localizan tres cuerpos al interior de un domicilio en Tolcayuca, Hidalgo -","og_description":"Por Redacci\u00f3n QP Seg\u00fan el titular de la procuradur\u00eda, Francisco Fern\u00e1ndez, los cuerpos se encontraban...","og_url":"https:\/\/quehacerpolitico.mx\/?p=129537","article_published_time":"2026-03-10T01:32:17+00:00","article_modified_time":"2026-03-10T01:32:23+00:00","og_image":[{"width":425,"height":230,"url":"http:\/\/quehacerpolitico.mx\/wp-content\/uploads\/2026\/03\/IMG_7148.webp","type":"image\/webp"}],"author":"Redacci\u00f3n QP","twitter_card":"summary_large_image","twitter_misc":{"Escrito por":"Redacci\u00f3n QP","Tiempo de lectura":"3 minutos"},"schema":{"@context":"https:\/\/schema.org","@graph":[{"@type":"Article","@id":"https:\/\/quehacerpolitico.mx\/?p=129537#article","isPartOf":{"@id":"https:\/\/quehacerpolitico.mx\/?p=129537"},"author":{"name":"Redacci\u00f3n QP","@id":"https:\/\/quehacerpolitico.mx\/#\/schema\/person\/496d8ad2d1d3f8036101dca7ee39e585"},"headline":"Localizan tres cuerpos al interior de un domicilio en Tolcayuca, Hidalgo","datePublished":"2026-03-10T01:32:17+00:00","dateModified":"2026-03-10T01:32:23+00:00","mainEntityOfPage":{"@id":"https:\/\/quehacerpolitico.mx\/?p=129537"},"wordCount":443,"commentCount":0,"image":{"@id":"https:\/\/quehacerpolitico.mx\/?p=129537#primaryimage"},"thumbnailUrl":"https:\/\/quehacerpolitico.mx\/wp-content\/uploads\/2026\/03\/IMG_7148.webp","articleSection":["Nacionales","Noticias"],"inLanguage":"es","potentialAction":[{"@type":"CommentAction","name":"Comment","target":["https:\/\/quehacerpolitico.mx\/?p=129537#respond"]}]},{"@type":"WebPage","@id":"https:\/\/quehacerpolitico.mx\/?p=129537","url":"https:\/\/quehacerpolitico.mx\/?p=129537","name":"Localizan tres cuerpos al interior de un domicilio en Tolcayuca, Hidalgo -","isPartOf":{"@id":"https:\/\/quehacerpolitico.mx\/#website"},"primaryImageOfPage":{"@id":"https:\/\/quehacerpolitico.mx\/?p=129537#primaryimage"},"image":{"@id":"https:\/\/quehacerpolitico.mx\/?p=129537#primaryimage"},"thumbnailUrl":"https:\/\/quehacerpolitico.mx\/wp-content\/uploads\/2026\/03\/IMG_7148.webp","datePublished":"2026-03-10T01:32:17+00:00","dateModified":"2026-03-10T01:32:23+00:00","author":{"@id":"https:\/\/quehacerpolitico.mx\/#\/schema\/person\/496d8ad2d1d3f8036101dca7ee39e585"},"breadcrumb":{"@id":"https:\/\/quehacerpolitico.mx\/?p=129537#breadcrumb"},"inLanguage":"es","potentialAction":[{"@type":"ReadAction","target":["https:\/\/quehacerpolitico.mx\/?p=129537"]}]},{"@type":"ImageObject","inLanguage":"es","@id":"https:\/\/quehacerpolitico.mx\/?p=129537#primaryimage","url":"https:\/\/quehacerpolitico.mx\/wp-content\/uploads\/2026\/03\/IMG_7148.webp","contentUrl":"https:\/\/quehacerpolitico.mx\/wp-content\/uploads\/2026\/03\/IMG_7148.webp","width":425,"height":230},{"@type":"BreadcrumbList","@id":"https:\/\/quehacerpolitico.mx\/?p=129537#breadcrumb","itemListElement":[{"@type":"ListItem","position":1,"name":"Inicio","item":"https:\/\/quehacerpolitico.mx\/"},{"@type":"ListItem","position":2,"name":"Localizan tres cuerpos al interior de un domicilio en Tolcayuca, Hidalgo"}]},{"@type":"WebSite","@id":"https:\/\/quehacerpolitico.mx\/#website","url":"https:\/\/quehacerpolitico.mx\/","name":"","description":"","potentialAction":[{"@type":"SearchAction","target":{"@type":"EntryPoint","urlTemplate":"https:\/\/quehacerpolitico.mx\/?s={search_term_string}"},"query-input":{"@type":"PropertyValueSpecification","valueRequired":true,"valueName":"search_term_string"}}],"inLanguage":"es"},{"@type":"Person","@id":"https:\/\/quehacerpolitico.mx\/#\/schema\/person\/496d8ad2d1d3f8036101dca7ee39e585","name":"Redacci\u00f3n QP","image":{"@type":"ImageObject","inLanguage":"es","@id":"https:\/\/secure.gravatar.com\/avatar\/c7164ed6fdec453195284ad24a5ae5b6e1eed2b848477fa2a4787ba9adf39a41?s=96&d=mm&r=g","url":"https:\/\/secure.gravatar.com\/avatar\/c7164ed6fdec453195284ad24a5ae5b6e1eed2b848477fa2a4787ba9adf39a41?s=96&d=mm&r=g","contentUrl":"https:\/\/secure.gravatar.com\/avatar\/c7164ed6fdec453195284ad24a5ae5b6e1eed2b848477fa2a4787ba9adf39a41?s=96&d=mm&r=g","caption":"Redacci\u00f3n QP"},"url":"https:\/\/quehacerpolitico.mx\/?author=2"}]}},"featured_image_urls":{"full":["https:\/\/quehacerpolitico.mx\/wp-content\/uploads\/2026\/03\/IMG_7148.webp",425,230,false],"thumbnail":["https:\/\/quehacerpolitico.mx\/wp-content\/uploads\/2026\/03\/IMG_7148-150x150.webp",150,150,true],"medium":["https:\/\/quehacerpolitico.mx\/wp-content\/uploads\/2026\/03\/IMG_7148-300x162.webp",300,162,true],"medium_large":["https:\/\/quehacerpolitico.mx\/wp-content\/uploads\/2026\/03\/IMG_7148.webp",425,230,false],"large":["https:\/\/quehacerpolitico.mx\/wp-content\/uploads\/2026\/03\/IMG_7148.webp",425,230,false],"1536x1536":["https:\/\/quehacerpolitico.mx\/wp-content\/uploads\/2026\/03\/IMG_7148.webp",425,230,false],"2048x2048":["https:\/\/quehacerpolitico.mx\/wp-content\/uploads\/2026\/03\/IMG_7148.webp",425,230,false],"covernews-featured":["https:\/\/quehacerpolitico.mx\/wp-content\/uploads\/2026\/03\/IMG_7148.webp",425,230,false],"covernews-medium":["https:\/\/quehacerpolitico.mx\/wp-content\/uploads\/2026\/03\/IMG_7148.webp",425,230,false]},"author_info":{"display_name":"Redacci\u00f3n QP","author_link":"https:\/\/quehacerpolitico.mx\/?author=2"},"category_info":"<a href=\"https:\/\/quehacerpolitico.mx\/?cat=280\" rel=\"category\">Nacionales<\/a> <a href=\"https:\/\/quehacerpolitico.mx\/?cat=2\" rel=\"category\">Noticias<\/a>","tag_info":"Noticias","comment_count":"0","_links":{"self":[{"href":"https:\/\/quehacerpolitico.mx\/index.php?rest_route=\/wp\/v2\/posts\/129537","targetHints":{"allow":["GET"]}}],"collection":[{"href":"https:\/\/quehacerpolitico.mx\/index.php?rest_route=\/wp\/v2\/posts"}],"about":[{"href":"https:\/\/quehacerpolitico.mx\/index.php?rest_route=\/wp\/v2\/types\/post"}],"author":[{"embeddable":true,"href":"https:\/\/quehacerpolitico.mx\/index.php?rest_route=\/wp\/v2\/users\/2"}],"replies":[{"embeddable":true,"href":"https:\/\/quehacerpolitico.mx\/index.php?rest_route=%2Fwp%2Fv2%2Fcomments&post=129537"}],"version-history":[{"count":1,"href":"https:\/\/quehacerpolitico.mx\/index.php?rest_route=\/wp\/v2\/posts\/129537\/revisions"}],"predecessor-version":[{"id":129543,"href":"https:\/\/quehacerpolitico.mx\/index.php?rest_route=\/wp\/v2\/posts\/129537\/revisions\/129543"}],"wp:featuredmedia":[{"embeddable":true,"href":"https:\/\/quehacerpolitico.mx\/index.php?rest_route=\/wp\/v2\/media\/129542"}],"wp:attachment":[{"href":"https:\/\/quehacerpolitico.mx\/index.php?rest_route=%2Fwp%2Fv2%2Fmedia&parent=129537"}],"wp:term":[{"taxonomy":"category","embeddable":true,"href":"https:\/\/quehacerpolitico.mx\/index.php?rest_route=%2Fwp%2Fv2%2Fcategories&post=129537"},{"taxonomy":"post_tag","embeddable":true,"href":"https:\/\/quehacerpolitico.mx\/index.php?rest_route=%2Fwp%2Fv2%2Ftags&post=129537"}],"curies":[{"name":"wp","href":"https:\/\/api.w.org\/{rel}","templated":true}]}}