{"id":129532,"date":"2026-03-09T18:58:17","date_gmt":"2026-03-10T00:58:17","guid":{"rendered":"https:\/\/quehacerpolitico.mx\/?p=129532"},"modified":"2026-03-09T18:58:21","modified_gmt":"2026-03-10T00:58:21","slug":"localizan-muerto-a-trabajador-tras-derrumbe-de-edificio-en-san-antonio-abad-dos-continuan-atrapados","status":"publish","type":"post","link":"https:\/\/quehacerpolitico.mx\/?p=129532","title":{"rendered":"Localizan muerto a trabajador tras derrumbe de edificio en San Antonio Abad; dos contin\u00faan atrapados"},"content":{"rendered":"\n<p>Por Redacci\u00f3n QP<\/p>\n\n\n\n<p>El rescate de un segunda trabajador podr\u00eda darse en las pr\u00f3ximas horas; sin embargo, aclararon que no han recibido se\u00f1ales de vida de ninguna de las otras dos personas que permanecen bajo los escombros<\/p>\n\n\n\n<figure class=\"wp-block-embed is-type-rich is-provider-twitter wp-block-embed-twitter\"><div class=\"wp-block-embed__wrapper\">\n<blockquote class=\"twitter-tweet\" data-width=\"550\" data-dnt=\"true\"><p lang=\"es\" dir=\"ltr\">\ud83c\udfd7\ufe0f\u26a0\ufe0f Derrumbe en la alcald\u00eda Cuauht\u00e9moc, CDMX: un edificio en demolici\u00f3n colaps\u00f3.<a href=\"https:\/\/twitter.com\/hashtag\/DerrumbeCDMX?src=hash&amp;ref_src=twsrc%5Etfw\">#DerrumbeCDMX<\/a> <a href=\"https:\/\/twitter.com\/hashtag\/Cuauht%C3%A9moc?src=hash&amp;ref_src=twsrc%5Etfw\">#Cuauht\u00e9moc<\/a> <a href=\"https:\/\/twitter.com\/hashtag\/Protecci%C3%B3nCivil?src=hash&amp;ref_src=twsrc%5Etfw\">#Protecci\u00f3nCivil<\/a> <a href=\"https:\/\/t.co\/ieqpNvhwyL\">pic.twitter.com\/ieqpNvhwyL<\/a><\/p>&mdash; Paola Rojas (@PaolaRojas) <a href=\"https:\/\/twitter.com\/PaolaRojas\/status\/2031145497985990959?ref_src=twsrc%5Etfw\">March 9, 2026<\/a><\/blockquote><script async src=\"https:\/\/platform.twitter.com\/widgets.js\" charset=\"utf-8\"><\/script>\n<\/div><\/figure>\n\n\n\n<p>La secretaria de Protecci\u00f3n Civil,&nbsp;<strong>Myriam<\/strong>&nbsp;<strong>Urz\u00faa<\/strong>, dio a conocer que han rescatado el cuerpo sin vida de uno de los tres trabajadores que permanec\u00eda atrapado tras el&nbsp;<strong>derrumbe del edificio<\/strong>ubicado en&nbsp;<strong>Calzada de San Antonio Abad.<\/strong>&nbsp;<\/p>\n\n\n\n<p>De acuerdo con las autoridades locales, el rescate de un segunda trabajador podr\u00eda darse en las pr\u00f3ximas horas; sin embargo, aclararon que no han recibido se\u00f1ales de vida de ninguna de las otras dos personas que permanecen atrapadas.<\/p>\n\n\n\n<figure class=\"wp-block-embed is-type-rich is-provider-twitter wp-block-embed-twitter\"><div class=\"wp-block-embed__wrapper\">\n<blockquote class=\"twitter-tweet\" data-width=\"550\" data-dnt=\"true\"><p lang=\"es\" dir=\"ltr\">\ud83d\udccd<a href=\"https:\/\/twitter.com\/hashtag\/Ahora?src=hash&amp;ref_src=twsrc%5Etfw\">#Ahora<\/a> | La alcaldesa de Cuauht\u00e9moc, <a href=\"https:\/\/twitter.com\/AlessandraRdlv?ref_src=twsrc%5Etfw\">@AlessandraRdlv<\/a>, lleg\u00f3 hasta el edificio colapsado en la Av. San Antonio Abad. <br><br>Se\u00f1ala que el inmueble estaba a cargo de un particular y que habr\u00e1 una mesa de trabajo con el <a href=\"https:\/\/twitter.com\/GobCDMX?ref_src=twsrc%5Etfw\">@GobCDMX<\/a>. <br><br>Tambi\u00e9n dijo que brindar\u00e1n apoyo a las familias\u2026 <a href=\"https:\/\/t.co\/u92HmpwZUt\">pic.twitter.com\/u92HmpwZUt<\/a><\/p>&mdash; Animal Pol\u00edtico (@Pajaropolitico) <a href=\"https:\/\/twitter.com\/Pajaropolitico\/status\/2031151907872395343?ref_src=twsrc%5Etfw\">March 9, 2026<\/a><\/blockquote><script async src=\"https:\/\/platform.twitter.com\/widgets.js\" charset=\"utf-8\"><\/script>\n<\/div><\/figure>\n\n\n\n<p>El edificio que se encontraba en proceso de demolici\u00f3n se derrumb\u00f3 cerca de las 1:39 de la tarde, por lo que al \u00faltimo Corte llevar\u00edan ya casi cuatro horas bajo los escombros.<\/p>\n\n\n\n<p>Hasta el momento se encuentran trabajando en el rescate m\u00e1s de 50 personas, entre Secretar\u00eda de Marina, Secretar\u00eda de la Defensa, Protecci\u00f3n Civil y rescatistas especializados. Han ingresado al menos dos binomios caninos y al lugar han llegado rescatistas voluntarios, como el equipo Topos de M\u00e9xico para apoyar con el rescate de las personas atrapadas.<\/p>\n\n\n\n<figure class=\"wp-block-gallery has-nested-images columns-default is-cropped wp-block-gallery-1 is-layout-flex wp-block-gallery-is-layout-flex\">\n<figure class=\"wp-block-image size-large\"><img loading=\"lazy\" decoding=\"async\" width=\"576\" height=\"1024\" data-id=\"129534\" src=\"https:\/\/quehacerpolitico.mx\/wp-content\/uploads\/2026\/03\/IMG_7144-576x1024.jpeg\" alt=\"\" class=\"wp-image-129534\" srcset=\"https:\/\/quehacerpolitico.mx\/wp-content\/uploads\/2026\/03\/IMG_7144-576x1024.jpeg 576w, https:\/\/quehacerpolitico.mx\/wp-content\/uploads\/2026\/03\/IMG_7144-169x300.jpeg 169w, https:\/\/quehacerpolitico.mx\/wp-content\/uploads\/2026\/03\/IMG_7144-768x1365.jpeg 768w, https:\/\/quehacerpolitico.mx\/wp-content\/uploads\/2026\/03\/IMG_7144-864x1536.jpeg 864w, https:\/\/quehacerpolitico.mx\/wp-content\/uploads\/2026\/03\/IMG_7144.jpeg 900w\" sizes=\"auto, (max-width: 576px) 100vw, 576px\" \/><\/figure>\n\n\n\n<figure class=\"wp-block-image size-large\"><img loading=\"lazy\" decoding=\"async\" width=\"1024\" height=\"746\" data-id=\"129535\" src=\"https:\/\/quehacerpolitico.mx\/wp-content\/uploads\/2026\/03\/IMG_7145-1024x746.jpeg\" alt=\"\" class=\"wp-image-129535\" srcset=\"https:\/\/quehacerpolitico.mx\/wp-content\/uploads\/2026\/03\/IMG_7145-1024x746.jpeg 1024w, https:\/\/quehacerpolitico.mx\/wp-content\/uploads\/2026\/03\/IMG_7145-300x219.jpeg 300w, https:\/\/quehacerpolitico.mx\/wp-content\/uploads\/2026\/03\/IMG_7145-768x559.jpeg 768w, https:\/\/quehacerpolitico.mx\/wp-content\/uploads\/2026\/03\/IMG_7145.jpeg 1200w\" sizes=\"auto, (max-width: 1024px) 100vw, 1024px\" \/><\/figure>\n<\/figure>\n\n\n\n<p>En un primer momento, la Secretar\u00eda de Seguridad Ciudadana (<strong>SSC<\/strong>) de la capital detall\u00f3 en una tarjeta informativa que el incidente se produjo &#8220;debido a&nbsp;un colapso no controlado&nbsp;donde, al parecer, hay cuatro personas atrapadas&#8221;.<\/p>\n\n\n\n<p>Por su parte, la jefa de Gobierno de la Ciudad de M\u00e9xico,&nbsp;<strong>Clara<\/strong>&nbsp;<strong>Brugada<\/strong>, precis\u00f3 minutos despu\u00e9s a medios que el trabajador rescatado fue trasladado para&nbsp;su atenci\u00f3n m\u00e9dica por &#8220;politraumatismos&#8221; al hospital &#8220;Rub\u00e9n Le\u00f1ero&#8221;.<\/p>\n\n\n\n<figure class=\"wp-block-embed is-type-rich is-provider-twitter wp-block-embed-twitter\"><div class=\"wp-block-embed__wrapper\">\n<blockquote class=\"twitter-tweet\" data-width=\"550\" data-dnt=\"true\"><p lang=\"es\" dir=\"ltr\"><a href=\"https:\/\/twitter.com\/hashtag\/Ahora?src=hash&amp;ref_src=twsrc%5Etfw\">#Ahora<\/a>\ud83d\udea8I Tras colapso de edificio cerca del metro San Antonio Abad, informa la jefa de Gobierno, Clara Brugada:<br><br>\ud83d\udd34Es un edificio particular en proceso de demolici\u00f3n, da\u00f1ado por los sismos del 2017<br>\ud83d\udd34Hay 1 persona rescatada; faltan 3<br>\ud83d\udd34Colapsaron 3 pisos<a href=\"https:\/\/t.co\/bSdpXP5dMC\">pic.twitter.com\/bSdpXP5dMC<\/a><\/p>&mdash; Publimetro M\u00e9xico \ud83c\udf10 (@PublimetroMX) <a href=\"https:\/\/twitter.com\/PublimetroMX\/status\/2031124902456054172?ref_src=twsrc%5Etfw\">March 9, 2026<\/a><\/blockquote><script async src=\"https:\/\/platform.twitter.com\/widgets.js\" charset=\"utf-8\"><\/script>\n<\/div><\/figure>\n","protected":false},"excerpt":{"rendered":"<p>Por Redacci\u00f3n QP El rescate de un segunda trabajador podr\u00eda darse en las pr\u00f3ximas horas;&#8230;<\/p>\n","protected":false},"author":2,"featured_media":129533,"comment_status":"open","ping_status":"open","sticky":false,"template":"","format":"standard","meta":{"_monsterinsights_skip_tracking":false,"_monsterinsights_sitenote_active":false,"_monsterinsights_sitenote_note":"","_monsterinsights_sitenote_category":0,"footnotes":""},"categories":[55],"tags":[],"class_list":["post-129532","post","type-post","status-publish","format-standard","has-post-thumbnail","hentry","category-cdmx"],"yoast_head":"<!-- This site is optimized with the Yoast SEO plugin v27.3 - https:\/\/yoast.com\/product\/yoast-seo-wordpress\/ -->\n<title>Localizan muerto a trabajador tras derrumbe de edificio en San Antonio Abad; dos contin\u00faan atrapados -<\/title>\n<meta name=\"robots\" content=\"index, follow, max-snippet:-1, max-image-preview:large, max-video-preview:-1\" \/>\n<link rel=\"canonical\" href=\"https:\/\/quehacerpolitico.mx\/?p=129532\" \/>\n<meta property=\"og:locale\" content=\"es_MX\" \/>\n<meta property=\"og:type\" content=\"article\" \/>\n<meta property=\"og:title\" content=\"Localizan muerto a trabajador tras derrumbe de edificio en San Antonio Abad; dos contin\u00faan atrapados -\" \/>\n<meta property=\"og:description\" content=\"Por Redacci\u00f3n QP El rescate de un segunda trabajador podr\u00eda darse en las pr\u00f3ximas horas;...\" \/>\n<meta property=\"og:url\" content=\"https:\/\/quehacerpolitico.mx\/?p=129532\" \/>\n<meta property=\"article:published_time\" content=\"2026-03-10T00:58:17+00:00\" \/>\n<meta property=\"article:modified_time\" content=\"2026-03-10T00:58:21+00:00\" \/>\n<meta property=\"og:image\" content=\"http:\/\/quehacerpolitico.mx\/wp-content\/uploads\/2026\/03\/IMG_7146.jpeg\" \/>\n\t<meta property=\"og:image:width\" content=\"1200\" \/>\n\t<meta property=\"og:image:height\" content=\"1600\" \/>\n\t<meta property=\"og:image:type\" content=\"image\/jpeg\" \/>\n<meta name=\"author\" content=\"Redacci\u00f3n QP\" \/>\n<meta name=\"twitter:card\" content=\"summary_large_image\" \/>\n<meta name=\"twitter:label1\" content=\"Escrito por\" \/>\n\t<meta name=\"twitter:data1\" content=\"Redacci\u00f3n QP\" \/>\n\t<meta name=\"twitter:label2\" content=\"Tiempo de lectura\" \/>\n\t<meta name=\"twitter:data2\" content=\"2 minutos\" \/>\n<script type=\"application\/ld+json\" class=\"yoast-schema-graph\">{\"@context\":\"https:\\\/\\\/schema.org\",\"@graph\":[{\"@type\":\"Article\",\"@id\":\"https:\\\/\\\/quehacerpolitico.mx\\\/?p=129532#article\",\"isPartOf\":{\"@id\":\"https:\\\/\\\/quehacerpolitico.mx\\\/?p=129532\"},\"author\":{\"name\":\"Redacci\u00f3n QP\",\"@id\":\"https:\\\/\\\/quehacerpolitico.mx\\\/#\\\/schema\\\/person\\\/496d8ad2d1d3f8036101dca7ee39e585\"},\"headline\":\"Localizan muerto a trabajador tras derrumbe de edificio en San Antonio Abad; dos contin\u00faan atrapados\",\"datePublished\":\"2026-03-10T00:58:17+00:00\",\"dateModified\":\"2026-03-10T00:58:21+00:00\",\"mainEntityOfPage\":{\"@id\":\"https:\\\/\\\/quehacerpolitico.mx\\\/?p=129532\"},\"wordCount\":336,\"commentCount\":0,\"image\":{\"@id\":\"https:\\\/\\\/quehacerpolitico.mx\\\/?p=129532#primaryimage\"},\"thumbnailUrl\":\"https:\\\/\\\/quehacerpolitico.mx\\\/wp-content\\\/uploads\\\/2026\\\/03\\\/IMG_7146.jpeg\",\"articleSection\":[\"CDMX\"],\"inLanguage\":\"es\",\"potentialAction\":[{\"@type\":\"CommentAction\",\"name\":\"Comment\",\"target\":[\"https:\\\/\\\/quehacerpolitico.mx\\\/?p=129532#respond\"]}]},{\"@type\":\"WebPage\",\"@id\":\"https:\\\/\\\/quehacerpolitico.mx\\\/?p=129532\",\"url\":\"https:\\\/\\\/quehacerpolitico.mx\\\/?p=129532\",\"name\":\"Localizan muerto a trabajador tras derrumbe de edificio en San Antonio Abad; dos contin\u00faan atrapados -\",\"isPartOf\":{\"@id\":\"https:\\\/\\\/quehacerpolitico.mx\\\/#website\"},\"primaryImageOfPage\":{\"@id\":\"https:\\\/\\\/quehacerpolitico.mx\\\/?p=129532#primaryimage\"},\"image\":{\"@id\":\"https:\\\/\\\/quehacerpolitico.mx\\\/?p=129532#primaryimage\"},\"thumbnailUrl\":\"https:\\\/\\\/quehacerpolitico.mx\\\/wp-content\\\/uploads\\\/2026\\\/03\\\/IMG_7146.jpeg\",\"datePublished\":\"2026-03-10T00:58:17+00:00\",\"dateModified\":\"2026-03-10T00:58:21+00:00\",\"author\":{\"@id\":\"https:\\\/\\\/quehacerpolitico.mx\\\/#\\\/schema\\\/person\\\/496d8ad2d1d3f8036101dca7ee39e585\"},\"breadcrumb\":{\"@id\":\"https:\\\/\\\/quehacerpolitico.mx\\\/?p=129532#breadcrumb\"},\"inLanguage\":\"es\",\"potentialAction\":[{\"@type\":\"ReadAction\",\"target\":[\"https:\\\/\\\/quehacerpolitico.mx\\\/?p=129532\"]}]},{\"@type\":\"ImageObject\",\"inLanguage\":\"es\",\"@id\":\"https:\\\/\\\/quehacerpolitico.mx\\\/?p=129532#primaryimage\",\"url\":\"https:\\\/\\\/quehacerpolitico.mx\\\/wp-content\\\/uploads\\\/2026\\\/03\\\/IMG_7146.jpeg\",\"contentUrl\":\"https:\\\/\\\/quehacerpolitico.mx\\\/wp-content\\\/uploads\\\/2026\\\/03\\\/IMG_7146.jpeg\",\"width\":1200,\"height\":1600},{\"@type\":\"BreadcrumbList\",\"@id\":\"https:\\\/\\\/quehacerpolitico.mx\\\/?p=129532#breadcrumb\",\"itemListElement\":[{\"@type\":\"ListItem\",\"position\":1,\"name\":\"Inicio\",\"item\":\"https:\\\/\\\/quehacerpolitico.mx\\\/\"},{\"@type\":\"ListItem\",\"position\":2,\"name\":\"Localizan muerto a trabajador tras derrumbe de edificio en San Antonio Abad; dos contin\u00faan atrapados\"}]},{\"@type\":\"WebSite\",\"@id\":\"https:\\\/\\\/quehacerpolitico.mx\\\/#website\",\"url\":\"https:\\\/\\\/quehacerpolitico.mx\\\/\",\"name\":\"\",\"description\":\"\",\"potentialAction\":[{\"@type\":\"SearchAction\",\"target\":{\"@type\":\"EntryPoint\",\"urlTemplate\":\"https:\\\/\\\/quehacerpolitico.mx\\\/?s={search_term_string}\"},\"query-input\":{\"@type\":\"PropertyValueSpecification\",\"valueRequired\":true,\"valueName\":\"search_term_string\"}}],\"inLanguage\":\"es\"},{\"@type\":\"Person\",\"@id\":\"https:\\\/\\\/quehacerpolitico.mx\\\/#\\\/schema\\\/person\\\/496d8ad2d1d3f8036101dca7ee39e585\",\"name\":\"Redacci\u00f3n QP\",\"image\":{\"@type\":\"ImageObject\",\"inLanguage\":\"es\",\"@id\":\"https:\\\/\\\/secure.gravatar.com\\\/avatar\\\/c7164ed6fdec453195284ad24a5ae5b6e1eed2b848477fa2a4787ba9adf39a41?s=96&d=mm&r=g\",\"url\":\"https:\\\/\\\/secure.gravatar.com\\\/avatar\\\/c7164ed6fdec453195284ad24a5ae5b6e1eed2b848477fa2a4787ba9adf39a41?s=96&d=mm&r=g\",\"contentUrl\":\"https:\\\/\\\/secure.gravatar.com\\\/avatar\\\/c7164ed6fdec453195284ad24a5ae5b6e1eed2b848477fa2a4787ba9adf39a41?s=96&d=mm&r=g\",\"caption\":\"Redacci\u00f3n QP\"},\"url\":\"https:\\\/\\\/quehacerpolitico.mx\\\/?author=2\"}]}<\/script>\n<!-- \/ Yoast SEO plugin. -->","yoast_head_json":{"title":"Localizan muerto a trabajador tras derrumbe de edificio en San Antonio Abad; dos contin\u00faan atrapados -","robots":{"index":"index","follow":"follow","max-snippet":"max-snippet:-1","max-image-preview":"max-image-preview:large","max-video-preview":"max-video-preview:-1"},"canonical":"https:\/\/quehacerpolitico.mx\/?p=129532","og_locale":"es_MX","og_type":"article","og_title":"Localizan muerto a trabajador tras derrumbe de edificio en San Antonio Abad; dos contin\u00faan atrapados -","og_description":"Por Redacci\u00f3n QP El rescate de un segunda trabajador podr\u00eda darse en las pr\u00f3ximas horas;...","og_url":"https:\/\/quehacerpolitico.mx\/?p=129532","article_published_time":"2026-03-10T00:58:17+00:00","article_modified_time":"2026-03-10T00:58:21+00:00","og_image":[{"width":1200,"height":1600,"url":"http:\/\/quehacerpolitico.mx\/wp-content\/uploads\/2026\/03\/IMG_7146.jpeg","type":"image\/jpeg"}],"author":"Redacci\u00f3n QP","twitter_card":"summary_large_image","twitter_misc":{"Escrito por":"Redacci\u00f3n QP","Tiempo de lectura":"2 minutos"},"schema":{"@context":"https:\/\/schema.org","@graph":[{"@type":"Article","@id":"https:\/\/quehacerpolitico.mx\/?p=129532#article","isPartOf":{"@id":"https:\/\/quehacerpolitico.mx\/?p=129532"},"author":{"name":"Redacci\u00f3n QP","@id":"https:\/\/quehacerpolitico.mx\/#\/schema\/person\/496d8ad2d1d3f8036101dca7ee39e585"},"headline":"Localizan muerto a trabajador tras derrumbe de edificio en San Antonio Abad; dos contin\u00faan atrapados","datePublished":"2026-03-10T00:58:17+00:00","dateModified":"2026-03-10T00:58:21+00:00","mainEntityOfPage":{"@id":"https:\/\/quehacerpolitico.mx\/?p=129532"},"wordCount":336,"commentCount":0,"image":{"@id":"https:\/\/quehacerpolitico.mx\/?p=129532#primaryimage"},"thumbnailUrl":"https:\/\/quehacerpolitico.mx\/wp-content\/uploads\/2026\/03\/IMG_7146.jpeg","articleSection":["CDMX"],"inLanguage":"es","potentialAction":[{"@type":"CommentAction","name":"Comment","target":["https:\/\/quehacerpolitico.mx\/?p=129532#respond"]}]},{"@type":"WebPage","@id":"https:\/\/quehacerpolitico.mx\/?p=129532","url":"https:\/\/quehacerpolitico.mx\/?p=129532","name":"Localizan muerto a trabajador tras derrumbe de edificio en San Antonio Abad; dos contin\u00faan atrapados -","isPartOf":{"@id":"https:\/\/quehacerpolitico.mx\/#website"},"primaryImageOfPage":{"@id":"https:\/\/quehacerpolitico.mx\/?p=129532#primaryimage"},"image":{"@id":"https:\/\/quehacerpolitico.mx\/?p=129532#primaryimage"},"thumbnailUrl":"https:\/\/quehacerpolitico.mx\/wp-content\/uploads\/2026\/03\/IMG_7146.jpeg","datePublished":"2026-03-10T00:58:17+00:00","dateModified":"2026-03-10T00:58:21+00:00","author":{"@id":"https:\/\/quehacerpolitico.mx\/#\/schema\/person\/496d8ad2d1d3f8036101dca7ee39e585"},"breadcrumb":{"@id":"https:\/\/quehacerpolitico.mx\/?p=129532#breadcrumb"},"inLanguage":"es","potentialAction":[{"@type":"ReadAction","target":["https:\/\/quehacerpolitico.mx\/?p=129532"]}]},{"@type":"ImageObject","inLanguage":"es","@id":"https:\/\/quehacerpolitico.mx\/?p=129532#primaryimage","url":"https:\/\/quehacerpolitico.mx\/wp-content\/uploads\/2026\/03\/IMG_7146.jpeg","contentUrl":"https:\/\/quehacerpolitico.mx\/wp-content\/uploads\/2026\/03\/IMG_7146.jpeg","width":1200,"height":1600},{"@type":"BreadcrumbList","@id":"https:\/\/quehacerpolitico.mx\/?p=129532#breadcrumb","itemListElement":[{"@type":"ListItem","position":1,"name":"Inicio","item":"https:\/\/quehacerpolitico.mx\/"},{"@type":"ListItem","position":2,"name":"Localizan muerto a trabajador tras derrumbe de edificio en San Antonio Abad; dos contin\u00faan atrapados"}]},{"@type":"WebSite","@id":"https:\/\/quehacerpolitico.mx\/#website","url":"https:\/\/quehacerpolitico.mx\/","name":"","description":"","potentialAction":[{"@type":"SearchAction","target":{"@type":"EntryPoint","urlTemplate":"https:\/\/quehacerpolitico.mx\/?s={search_term_string}"},"query-input":{"@type":"PropertyValueSpecification","valueRequired":true,"valueName":"search_term_string"}}],"inLanguage":"es"},{"@type":"Person","@id":"https:\/\/quehacerpolitico.mx\/#\/schema\/person\/496d8ad2d1d3f8036101dca7ee39e585","name":"Redacci\u00f3n QP","image":{"@type":"ImageObject","inLanguage":"es","@id":"https:\/\/secure.gravatar.com\/avatar\/c7164ed6fdec453195284ad24a5ae5b6e1eed2b848477fa2a4787ba9adf39a41?s=96&d=mm&r=g","url":"https:\/\/secure.gravatar.com\/avatar\/c7164ed6fdec453195284ad24a5ae5b6e1eed2b848477fa2a4787ba9adf39a41?s=96&d=mm&r=g","contentUrl":"https:\/\/secure.gravatar.com\/avatar\/c7164ed6fdec453195284ad24a5ae5b6e1eed2b848477fa2a4787ba9adf39a41?s=96&d=mm&r=g","caption":"Redacci\u00f3n QP"},"url":"https:\/\/quehacerpolitico.mx\/?author=2"}]}},"featured_image_urls":{"full":["https:\/\/quehacerpolitico.mx\/wp-content\/uploads\/2026\/03\/IMG_7146.jpeg",1200,1600,false],"thumbnail":["https:\/\/quehacerpolitico.mx\/wp-content\/uploads\/2026\/03\/IMG_7146-150x150.jpeg",150,150,true],"medium":["https:\/\/quehacerpolitico.mx\/wp-content\/uploads\/2026\/03\/IMG_7146-225x300.jpeg",225,300,true],"medium_large":["https:\/\/quehacerpolitico.mx\/wp-content\/uploads\/2026\/03\/IMG_7146-768x1024.jpeg",640,853,true],"large":["https:\/\/quehacerpolitico.mx\/wp-content\/uploads\/2026\/03\/IMG_7146-768x1024.jpeg",640,853,true],"1536x1536":["https:\/\/quehacerpolitico.mx\/wp-content\/uploads\/2026\/03\/IMG_7146-1152x1536.jpeg",1152,1536,true],"2048x2048":["https:\/\/quehacerpolitico.mx\/wp-content\/uploads\/2026\/03\/IMG_7146.jpeg",1200,1600,false],"covernews-featured":["https:\/\/quehacerpolitico.mx\/wp-content\/uploads\/2026\/03\/IMG_7146-1024x1365.jpeg",1024,1365,true],"covernews-medium":["https:\/\/quehacerpolitico.mx\/wp-content\/uploads\/2026\/03\/IMG_7146-540x340.jpeg",540,340,true]},"author_info":{"display_name":"Redacci\u00f3n QP","author_link":"https:\/\/quehacerpolitico.mx\/?author=2"},"category_info":"<a href=\"https:\/\/quehacerpolitico.mx\/?cat=55\" rel=\"category\">CDMX<\/a>","tag_info":"CDMX","comment_count":"0","_links":{"self":[{"href":"https:\/\/quehacerpolitico.mx\/index.php?rest_route=\/wp\/v2\/posts\/129532","targetHints":{"allow":["GET"]}}],"collection":[{"href":"https:\/\/quehacerpolitico.mx\/index.php?rest_route=\/wp\/v2\/posts"}],"about":[{"href":"https:\/\/quehacerpolitico.mx\/index.php?rest_route=\/wp\/v2\/types\/post"}],"author":[{"embeddable":true,"href":"https:\/\/quehacerpolitico.mx\/index.php?rest_route=\/wp\/v2\/users\/2"}],"replies":[{"embeddable":true,"href":"https:\/\/quehacerpolitico.mx\/index.php?rest_route=%2Fwp%2Fv2%2Fcomments&post=129532"}],"version-history":[{"count":1,"href":"https:\/\/quehacerpolitico.mx\/index.php?rest_route=\/wp\/v2\/posts\/129532\/revisions"}],"predecessor-version":[{"id":129536,"href":"https:\/\/quehacerpolitico.mx\/index.php?rest_route=\/wp\/v2\/posts\/129532\/revisions\/129536"}],"wp:featuredmedia":[{"embeddable":true,"href":"https:\/\/quehacerpolitico.mx\/index.php?rest_route=\/wp\/v2\/media\/129533"}],"wp:attachment":[{"href":"https:\/\/quehacerpolitico.mx\/index.php?rest_route=%2Fwp%2Fv2%2Fmedia&parent=129532"}],"wp:term":[{"taxonomy":"category","embeddable":true,"href":"https:\/\/quehacerpolitico.mx\/index.php?rest_route=%2Fwp%2Fv2%2Fcategories&post=129532"},{"taxonomy":"post_tag","embeddable":true,"href":"https:\/\/quehacerpolitico.mx\/index.php?rest_route=%2Fwp%2Fv2%2Ftags&post=129532"}],"curies":[{"name":"wp","href":"https:\/\/api.w.org\/{rel}","templated":true}]}}