{"id":129529,"date":"2026-03-09T18:35:21","date_gmt":"2026-03-10T00:35:21","guid":{"rendered":"https:\/\/quehacerpolitico.mx\/?p=129529"},"modified":"2026-03-09T18:35:26","modified_gmt":"2026-03-10T00:35:26","slug":"cae-lider-de-banda-de-venezolanos-implicada-en-el-robo-a-la-casa-de-susana-zabaleta-en-cdmx","status":"publish","type":"post","link":"https:\/\/quehacerpolitico.mx\/?p=129529","title":{"rendered":"Cae l\u00edder de banda de venezolanos implicada en el robo a la casa de Susana Zabaleta en CDMX"},"content":{"rendered":"\n<p>Por Redacci\u00f3n QP<\/p>\n\n\n\n<p>Ronny &#8220;N&#8221; fue aprehendido junto a Jhorianna Klismar &#8220;N&#8221; en la carretera M\u00e9xico &#8211; Cuernavaca; se les implica con el modus operandi de &#8220;La Patrona&#8221;<\/p>\n\n\n\n<p>La Secretr\u00eda de Seguridad Ciudadana de la Ciudad de M\u00e9xico inform\u00f3 este lunes que fue detenido&nbsp;<strong>Ronny Antonio &#8220;M&#8221;,<\/strong>identificado como l\u00edder de una banda de una banda de venezolanos dedicada al robo a casa habitaci\u00f3n.<\/p>\n\n\n\n<p>El sujeto venezolano fue aprehendido junto a una mujer de 27 a\u00f1os,&nbsp;<strong>Jhorianna Klismar &#8220;N&#8221;<\/strong>, en la&nbsp;carretera M\u00e9xico &#8211; Cuernavaca por elementos de seguridad.<\/p>\n\n\n\n<figure class=\"wp-block-embed is-type-rich is-provider-twitter wp-block-embed-twitter\"><div class=\"wp-block-embed__wrapper\">\n<blockquote class=\"twitter-tweet\" data-width=\"550\" data-dnt=\"true\"><p lang=\"es\" dir=\"ltr\">\u25b6\ufe0f \u00a1Ya cayeron! Delincuentes de origen venezolano se escondieron en Puebla tras presuntamente ser responsables del robo en la casa de la artista Susana Zabaleta, en la \u00c1lvaro Obreg\u00f3n. <br><br>\ud83d\udcfa Sigue informado con Carlos Jim\u00e9nez (<a href=\"https:\/\/twitter.com\/c4jimenez?ref_src=twsrc%5Etfw\">@c4jimenez<\/a>) en <a href=\"https:\/\/twitter.com\/hashtag\/C4EnAlerta?src=hash&amp;ref_src=twsrc%5Etfw\">#C4EnAlerta<\/a> <a href=\"https:\/\/t.co\/aHKbrsTteF\">pic.twitter.com\/aHKbrsTteF<\/a><\/p>&mdash; Telediario CdMx (@telediario) <a href=\"https:\/\/twitter.com\/telediario\/status\/2031165588819607847?ref_src=twsrc%5Etfw\">March 10, 2026<\/a><\/blockquote><script async src=\"https:\/\/platform.twitter.com\/widgets.js\" charset=\"utf-8\"><\/script>\n<\/div><\/figure>\n\n\n\n<p>Las autoridades capitalinas relacionan a este sujeto y su banda con el robo de la casa de la actriz&nbsp;<strong>Susana Zavaleta&nbsp;<\/strong>en octubre del a\u00f1o pasado, en la<strong>&nbsp;alcald\u00eda \u00c1lvaro Obreg\u00f3n.&nbsp;<\/strong><\/p>\n\n\n\n<p>De acuerdo con lo se\u00f1alado por la dependencia, los sujetos utilizan el&nbsp;<strong>modus operandi de &#8220;La Patrona&#8221;&nbsp;<\/strong>para cometer robos en inmuebles, que consiste en marcar o enviar un mensaje al trabajador de una casa o negocio para hacer creer que su jefe se encuentra en una situaci\u00f3n de riesgo y necesita ayuda.<\/p>\n\n\n\n<p>Adem\u00e1s, se les relaciona con venta de armas y narcomenudeo, con operaciones en la Ciudad de M\u00e9xico, el Estado de M\u00e9xico y Puebla.<\/p>\n\n\n\n<figure class=\"wp-block-embed is-type-rich is-provider-twitter wp-block-embed-twitter\"><div class=\"wp-block-embed__wrapper\">\n<blockquote class=\"twitter-tweet\" data-width=\"550\" data-dnt=\"true\"><p lang=\"es\" dir=\"ltr\"><a href=\"https:\/\/twitter.com\/hashtag\/Importante?src=hash&amp;ref_src=twsrc%5Etfw\">#Importante<\/a> | Resultado de trabajos de investigaci\u00f3n e inteligencia para desarticular c\u00e9lulas delictivas, en <a href=\"https:\/\/twitter.com\/TlalpanAl?ref_src=twsrc%5Etfw\">@TlalpanAl<\/a>, compa\u00f1eros de <a href=\"https:\/\/twitter.com\/SSC_CDMX?ref_src=twsrc%5Etfw\">@SSC_CDMX<\/a> detuvieron a Ronny Antonio &quot;N&quot;, identificado como l\u00edder de un grupo dedicado al robo a casa habitaci\u00f3n bajo la modalidad conocida como\u2026 <a href=\"https:\/\/t.co\/tRP2qftOFy\">pic.twitter.com\/tRP2qftOFy<\/a><\/p>&mdash; Pablo V\u00e1zquez Camacho (@PabloVazC) <a href=\"https:\/\/twitter.com\/PabloVazC\/status\/2031054074829799849?ref_src=twsrc%5Etfw\">March 9, 2026<\/a><\/blockquote><script async src=\"https:\/\/platform.twitter.com\/widgets.js\" charset=\"utf-8\"><\/script>\n<\/div><\/figure>\n\n\n\n<p>La detenci\u00f3n ocurri\u00f3 despu\u00e9s de que elementos observaran un autom\u00f3vil al que se le daba seguimiento por su relaci\u00f3n con robo a una vivienda y se percataron de que al interior&nbsp;<strong>dos personas manipulaban bolsas &#8220;de manera inusual&#8221;.&nbsp;<\/strong><\/p>\n\n\n\n<p>Ante esto, los polic\u00edas le marcaron el alto y realizaron una revisi\u00f3n de sguridad, en donde aseguraron 155 bolsitas con posible marihuana, 91 dosis de coca\u00edna en piedra, un arma de fuego con 10 cartuchos \u00fatiles, otras 50 cajas con cartuchos y un tel\u00e9fono celular.&nbsp;<\/p>\n\n\n\n<p>El a\u00f1o pasado, la&nbsp;<strong>actriz&nbsp;Susana Zabaleta<\/strong> narr\u00f3 que&nbsp;la trabajadora dom\u00e9stica de su casa fue&nbsp;extorsionada para sacar cosas&nbsp;valiosas de la propiedad.&nbsp;<\/p>\n","protected":false},"excerpt":{"rendered":"<p>Por Redacci\u00f3n QP Ronny &#8220;N&#8221; fue aprehendido junto a Jhorianna Klismar &#8220;N&#8221; en la carretera&#8230;<\/p>\n","protected":false},"author":2,"featured_media":129530,"comment_status":"open","ping_status":"open","sticky":false,"template":"","format":"standard","meta":{"_monsterinsights_skip_tracking":false,"_monsterinsights_sitenote_active":false,"_monsterinsights_sitenote_note":"","_monsterinsights_sitenote_category":0,"footnotes":""},"categories":[55],"tags":[],"class_list":["post-129529","post","type-post","status-publish","format-standard","has-post-thumbnail","hentry","category-cdmx"],"yoast_head":"<!-- This site is optimized with the Yoast SEO plugin v27.3 - https:\/\/yoast.com\/product\/yoast-seo-wordpress\/ -->\n<title>Cae l\u00edder de banda de venezolanos implicada en el robo a la casa de Susana Zabaleta en CDMX -<\/title>\n<meta name=\"robots\" content=\"index, follow, max-snippet:-1, max-image-preview:large, max-video-preview:-1\" \/>\n<link rel=\"canonical\" href=\"https:\/\/quehacerpolitico.mx\/?p=129529\" \/>\n<meta property=\"og:locale\" content=\"es_MX\" \/>\n<meta property=\"og:type\" content=\"article\" \/>\n<meta property=\"og:title\" content=\"Cae l\u00edder de banda de venezolanos implicada en el robo a la casa de Susana Zabaleta en CDMX -\" \/>\n<meta property=\"og:description\" content=\"Por Redacci\u00f3n QP Ronny &#8220;N&#8221; fue aprehendido junto a Jhorianna Klismar &#8220;N&#8221; en la carretera...\" \/>\n<meta property=\"og:url\" content=\"https:\/\/quehacerpolitico.mx\/?p=129529\" \/>\n<meta property=\"article:published_time\" content=\"2026-03-10T00:35:21+00:00\" \/>\n<meta property=\"article:modified_time\" content=\"2026-03-10T00:35:26+00:00\" \/>\n<meta property=\"og:image\" content=\"http:\/\/quehacerpolitico.mx\/wp-content\/uploads\/2026\/03\/IMG_7143.webp\" \/>\n\t<meta property=\"og:image:width\" content=\"425\" \/>\n\t<meta property=\"og:image:height\" content=\"230\" \/>\n\t<meta property=\"og:image:type\" content=\"image\/webp\" \/>\n<meta name=\"author\" content=\"Redacci\u00f3n QP\" \/>\n<meta name=\"twitter:card\" content=\"summary_large_image\" \/>\n<meta name=\"twitter:label1\" content=\"Escrito por\" \/>\n\t<meta name=\"twitter:data1\" content=\"Redacci\u00f3n QP\" \/>\n\t<meta name=\"twitter:label2\" content=\"Tiempo de lectura\" \/>\n\t<meta name=\"twitter:data2\" content=\"2 minutos\" \/>\n<script type=\"application\/ld+json\" class=\"yoast-schema-graph\">{\"@context\":\"https:\\\/\\\/schema.org\",\"@graph\":[{\"@type\":\"Article\",\"@id\":\"https:\\\/\\\/quehacerpolitico.mx\\\/?p=129529#article\",\"isPartOf\":{\"@id\":\"https:\\\/\\\/quehacerpolitico.mx\\\/?p=129529\"},\"author\":{\"name\":\"Redacci\u00f3n QP\",\"@id\":\"https:\\\/\\\/quehacerpolitico.mx\\\/#\\\/schema\\\/person\\\/496d8ad2d1d3f8036101dca7ee39e585\"},\"headline\":\"Cae l\u00edder de banda de venezolanos implicada en el robo a la casa de Susana Zabaleta en CDMX\",\"datePublished\":\"2026-03-10T00:35:21+00:00\",\"dateModified\":\"2026-03-10T00:35:26+00:00\",\"mainEntityOfPage\":{\"@id\":\"https:\\\/\\\/quehacerpolitico.mx\\\/?p=129529\"},\"wordCount\":373,\"commentCount\":0,\"image\":{\"@id\":\"https:\\\/\\\/quehacerpolitico.mx\\\/?p=129529#primaryimage\"},\"thumbnailUrl\":\"https:\\\/\\\/quehacerpolitico.mx\\\/wp-content\\\/uploads\\\/2026\\\/03\\\/IMG_7143.webp\",\"articleSection\":[\"CDMX\"],\"inLanguage\":\"es\",\"potentialAction\":[{\"@type\":\"CommentAction\",\"name\":\"Comment\",\"target\":[\"https:\\\/\\\/quehacerpolitico.mx\\\/?p=129529#respond\"]}]},{\"@type\":\"WebPage\",\"@id\":\"https:\\\/\\\/quehacerpolitico.mx\\\/?p=129529\",\"url\":\"https:\\\/\\\/quehacerpolitico.mx\\\/?p=129529\",\"name\":\"Cae l\u00edder de banda de venezolanos implicada en el robo a la casa de Susana Zabaleta en CDMX -\",\"isPartOf\":{\"@id\":\"https:\\\/\\\/quehacerpolitico.mx\\\/#website\"},\"primaryImageOfPage\":{\"@id\":\"https:\\\/\\\/quehacerpolitico.mx\\\/?p=129529#primaryimage\"},\"image\":{\"@id\":\"https:\\\/\\\/quehacerpolitico.mx\\\/?p=129529#primaryimage\"},\"thumbnailUrl\":\"https:\\\/\\\/quehacerpolitico.mx\\\/wp-content\\\/uploads\\\/2026\\\/03\\\/IMG_7143.webp\",\"datePublished\":\"2026-03-10T00:35:21+00:00\",\"dateModified\":\"2026-03-10T00:35:26+00:00\",\"author\":{\"@id\":\"https:\\\/\\\/quehacerpolitico.mx\\\/#\\\/schema\\\/person\\\/496d8ad2d1d3f8036101dca7ee39e585\"},\"breadcrumb\":{\"@id\":\"https:\\\/\\\/quehacerpolitico.mx\\\/?p=129529#breadcrumb\"},\"inLanguage\":\"es\",\"potentialAction\":[{\"@type\":\"ReadAction\",\"target\":[\"https:\\\/\\\/quehacerpolitico.mx\\\/?p=129529\"]}]},{\"@type\":\"ImageObject\",\"inLanguage\":\"es\",\"@id\":\"https:\\\/\\\/quehacerpolitico.mx\\\/?p=129529#primaryimage\",\"url\":\"https:\\\/\\\/quehacerpolitico.mx\\\/wp-content\\\/uploads\\\/2026\\\/03\\\/IMG_7143.webp\",\"contentUrl\":\"https:\\\/\\\/quehacerpolitico.mx\\\/wp-content\\\/uploads\\\/2026\\\/03\\\/IMG_7143.webp\",\"width\":425,\"height\":230},{\"@type\":\"BreadcrumbList\",\"@id\":\"https:\\\/\\\/quehacerpolitico.mx\\\/?p=129529#breadcrumb\",\"itemListElement\":[{\"@type\":\"ListItem\",\"position\":1,\"name\":\"Inicio\",\"item\":\"https:\\\/\\\/quehacerpolitico.mx\\\/\"},{\"@type\":\"ListItem\",\"position\":2,\"name\":\"Cae l\u00edder de banda de venezolanos implicada en el robo a la casa de Susana Zabaleta en CDMX\"}]},{\"@type\":\"WebSite\",\"@id\":\"https:\\\/\\\/quehacerpolitico.mx\\\/#website\",\"url\":\"https:\\\/\\\/quehacerpolitico.mx\\\/\",\"name\":\"\",\"description\":\"\",\"potentialAction\":[{\"@type\":\"SearchAction\",\"target\":{\"@type\":\"EntryPoint\",\"urlTemplate\":\"https:\\\/\\\/quehacerpolitico.mx\\\/?s={search_term_string}\"},\"query-input\":{\"@type\":\"PropertyValueSpecification\",\"valueRequired\":true,\"valueName\":\"search_term_string\"}}],\"inLanguage\":\"es\"},{\"@type\":\"Person\",\"@id\":\"https:\\\/\\\/quehacerpolitico.mx\\\/#\\\/schema\\\/person\\\/496d8ad2d1d3f8036101dca7ee39e585\",\"name\":\"Redacci\u00f3n QP\",\"image\":{\"@type\":\"ImageObject\",\"inLanguage\":\"es\",\"@id\":\"https:\\\/\\\/secure.gravatar.com\\\/avatar\\\/c7164ed6fdec453195284ad24a5ae5b6e1eed2b848477fa2a4787ba9adf39a41?s=96&d=mm&r=g\",\"url\":\"https:\\\/\\\/secure.gravatar.com\\\/avatar\\\/c7164ed6fdec453195284ad24a5ae5b6e1eed2b848477fa2a4787ba9adf39a41?s=96&d=mm&r=g\",\"contentUrl\":\"https:\\\/\\\/secure.gravatar.com\\\/avatar\\\/c7164ed6fdec453195284ad24a5ae5b6e1eed2b848477fa2a4787ba9adf39a41?s=96&d=mm&r=g\",\"caption\":\"Redacci\u00f3n QP\"},\"url\":\"https:\\\/\\\/quehacerpolitico.mx\\\/?author=2\"}]}<\/script>\n<!-- \/ Yoast SEO plugin. -->","yoast_head_json":{"title":"Cae l\u00edder de banda de venezolanos implicada en el robo a la casa de Susana Zabaleta en CDMX -","robots":{"index":"index","follow":"follow","max-snippet":"max-snippet:-1","max-image-preview":"max-image-preview:large","max-video-preview":"max-video-preview:-1"},"canonical":"https:\/\/quehacerpolitico.mx\/?p=129529","og_locale":"es_MX","og_type":"article","og_title":"Cae l\u00edder de banda de venezolanos implicada en el robo a la casa de Susana Zabaleta en CDMX -","og_description":"Por Redacci\u00f3n QP Ronny &#8220;N&#8221; fue aprehendido junto a Jhorianna Klismar &#8220;N&#8221; en la carretera...","og_url":"https:\/\/quehacerpolitico.mx\/?p=129529","article_published_time":"2026-03-10T00:35:21+00:00","article_modified_time":"2026-03-10T00:35:26+00:00","og_image":[{"width":425,"height":230,"url":"http:\/\/quehacerpolitico.mx\/wp-content\/uploads\/2026\/03\/IMG_7143.webp","type":"image\/webp"}],"author":"Redacci\u00f3n QP","twitter_card":"summary_large_image","twitter_misc":{"Escrito por":"Redacci\u00f3n QP","Tiempo de lectura":"2 minutos"},"schema":{"@context":"https:\/\/schema.org","@graph":[{"@type":"Article","@id":"https:\/\/quehacerpolitico.mx\/?p=129529#article","isPartOf":{"@id":"https:\/\/quehacerpolitico.mx\/?p=129529"},"author":{"name":"Redacci\u00f3n QP","@id":"https:\/\/quehacerpolitico.mx\/#\/schema\/person\/496d8ad2d1d3f8036101dca7ee39e585"},"headline":"Cae l\u00edder de banda de venezolanos implicada en el robo a la casa de Susana Zabaleta en CDMX","datePublished":"2026-03-10T00:35:21+00:00","dateModified":"2026-03-10T00:35:26+00:00","mainEntityOfPage":{"@id":"https:\/\/quehacerpolitico.mx\/?p=129529"},"wordCount":373,"commentCount":0,"image":{"@id":"https:\/\/quehacerpolitico.mx\/?p=129529#primaryimage"},"thumbnailUrl":"https:\/\/quehacerpolitico.mx\/wp-content\/uploads\/2026\/03\/IMG_7143.webp","articleSection":["CDMX"],"inLanguage":"es","potentialAction":[{"@type":"CommentAction","name":"Comment","target":["https:\/\/quehacerpolitico.mx\/?p=129529#respond"]}]},{"@type":"WebPage","@id":"https:\/\/quehacerpolitico.mx\/?p=129529","url":"https:\/\/quehacerpolitico.mx\/?p=129529","name":"Cae l\u00edder de banda de venezolanos implicada en el robo a la casa de Susana Zabaleta en CDMX -","isPartOf":{"@id":"https:\/\/quehacerpolitico.mx\/#website"},"primaryImageOfPage":{"@id":"https:\/\/quehacerpolitico.mx\/?p=129529#primaryimage"},"image":{"@id":"https:\/\/quehacerpolitico.mx\/?p=129529#primaryimage"},"thumbnailUrl":"https:\/\/quehacerpolitico.mx\/wp-content\/uploads\/2026\/03\/IMG_7143.webp","datePublished":"2026-03-10T00:35:21+00:00","dateModified":"2026-03-10T00:35:26+00:00","author":{"@id":"https:\/\/quehacerpolitico.mx\/#\/schema\/person\/496d8ad2d1d3f8036101dca7ee39e585"},"breadcrumb":{"@id":"https:\/\/quehacerpolitico.mx\/?p=129529#breadcrumb"},"inLanguage":"es","potentialAction":[{"@type":"ReadAction","target":["https:\/\/quehacerpolitico.mx\/?p=129529"]}]},{"@type":"ImageObject","inLanguage":"es","@id":"https:\/\/quehacerpolitico.mx\/?p=129529#primaryimage","url":"https:\/\/quehacerpolitico.mx\/wp-content\/uploads\/2026\/03\/IMG_7143.webp","contentUrl":"https:\/\/quehacerpolitico.mx\/wp-content\/uploads\/2026\/03\/IMG_7143.webp","width":425,"height":230},{"@type":"BreadcrumbList","@id":"https:\/\/quehacerpolitico.mx\/?p=129529#breadcrumb","itemListElement":[{"@type":"ListItem","position":1,"name":"Inicio","item":"https:\/\/quehacerpolitico.mx\/"},{"@type":"ListItem","position":2,"name":"Cae l\u00edder de banda de venezolanos implicada en el robo a la casa de Susana Zabaleta en CDMX"}]},{"@type":"WebSite","@id":"https:\/\/quehacerpolitico.mx\/#website","url":"https:\/\/quehacerpolitico.mx\/","name":"","description":"","potentialAction":[{"@type":"SearchAction","target":{"@type":"EntryPoint","urlTemplate":"https:\/\/quehacerpolitico.mx\/?s={search_term_string}"},"query-input":{"@type":"PropertyValueSpecification","valueRequired":true,"valueName":"search_term_string"}}],"inLanguage":"es"},{"@type":"Person","@id":"https:\/\/quehacerpolitico.mx\/#\/schema\/person\/496d8ad2d1d3f8036101dca7ee39e585","name":"Redacci\u00f3n QP","image":{"@type":"ImageObject","inLanguage":"es","@id":"https:\/\/secure.gravatar.com\/avatar\/c7164ed6fdec453195284ad24a5ae5b6e1eed2b848477fa2a4787ba9adf39a41?s=96&d=mm&r=g","url":"https:\/\/secure.gravatar.com\/avatar\/c7164ed6fdec453195284ad24a5ae5b6e1eed2b848477fa2a4787ba9adf39a41?s=96&d=mm&r=g","contentUrl":"https:\/\/secure.gravatar.com\/avatar\/c7164ed6fdec453195284ad24a5ae5b6e1eed2b848477fa2a4787ba9adf39a41?s=96&d=mm&r=g","caption":"Redacci\u00f3n QP"},"url":"https:\/\/quehacerpolitico.mx\/?author=2"}]}},"featured_image_urls":{"full":["https:\/\/quehacerpolitico.mx\/wp-content\/uploads\/2026\/03\/IMG_7143.webp",425,230,false],"thumbnail":["https:\/\/quehacerpolitico.mx\/wp-content\/uploads\/2026\/03\/IMG_7143-150x150.webp",150,150,true],"medium":["https:\/\/quehacerpolitico.mx\/wp-content\/uploads\/2026\/03\/IMG_7143-300x162.webp",300,162,true],"medium_large":["https:\/\/quehacerpolitico.mx\/wp-content\/uploads\/2026\/03\/IMG_7143.webp",425,230,false],"large":["https:\/\/quehacerpolitico.mx\/wp-content\/uploads\/2026\/03\/IMG_7143.webp",425,230,false],"1536x1536":["https:\/\/quehacerpolitico.mx\/wp-content\/uploads\/2026\/03\/IMG_7143.webp",425,230,false],"2048x2048":["https:\/\/quehacerpolitico.mx\/wp-content\/uploads\/2026\/03\/IMG_7143.webp",425,230,false],"covernews-featured":["https:\/\/quehacerpolitico.mx\/wp-content\/uploads\/2026\/03\/IMG_7143.webp",425,230,false],"covernews-medium":["https:\/\/quehacerpolitico.mx\/wp-content\/uploads\/2026\/03\/IMG_7143.webp",425,230,false]},"author_info":{"display_name":"Redacci\u00f3n QP","author_link":"https:\/\/quehacerpolitico.mx\/?author=2"},"category_info":"<a href=\"https:\/\/quehacerpolitico.mx\/?cat=55\" rel=\"category\">CDMX<\/a>","tag_info":"CDMX","comment_count":"0","_links":{"self":[{"href":"https:\/\/quehacerpolitico.mx\/index.php?rest_route=\/wp\/v2\/posts\/129529","targetHints":{"allow":["GET"]}}],"collection":[{"href":"https:\/\/quehacerpolitico.mx\/index.php?rest_route=\/wp\/v2\/posts"}],"about":[{"href":"https:\/\/quehacerpolitico.mx\/index.php?rest_route=\/wp\/v2\/types\/post"}],"author":[{"embeddable":true,"href":"https:\/\/quehacerpolitico.mx\/index.php?rest_route=\/wp\/v2\/users\/2"}],"replies":[{"embeddable":true,"href":"https:\/\/quehacerpolitico.mx\/index.php?rest_route=%2Fwp%2Fv2%2Fcomments&post=129529"}],"version-history":[{"count":1,"href":"https:\/\/quehacerpolitico.mx\/index.php?rest_route=\/wp\/v2\/posts\/129529\/revisions"}],"predecessor-version":[{"id":129531,"href":"https:\/\/quehacerpolitico.mx\/index.php?rest_route=\/wp\/v2\/posts\/129529\/revisions\/129531"}],"wp:featuredmedia":[{"embeddable":true,"href":"https:\/\/quehacerpolitico.mx\/index.php?rest_route=\/wp\/v2\/media\/129530"}],"wp:attachment":[{"href":"https:\/\/quehacerpolitico.mx\/index.php?rest_route=%2Fwp%2Fv2%2Fmedia&parent=129529"}],"wp:term":[{"taxonomy":"category","embeddable":true,"href":"https:\/\/quehacerpolitico.mx\/index.php?rest_route=%2Fwp%2Fv2%2Fcategories&post=129529"},{"taxonomy":"post_tag","embeddable":true,"href":"https:\/\/quehacerpolitico.mx\/index.php?rest_route=%2Fwp%2Fv2%2Ftags&post=129529"}],"curies":[{"name":"wp","href":"https:\/\/api.w.org\/{rel}","templated":true}]}}