{"id":128663,"date":"2026-01-30T14:15:03","date_gmt":"2026-01-30T20:15:03","guid":{"rendered":"https:\/\/quehacerpolitico.mx\/?p=128663"},"modified":"2026-01-30T14:15:06","modified_gmt":"2026-01-30T20:15:06","slug":"ya-no-hay-privilegios-sheinbaum-celebra-pago-de-grupo-salinas-por-32-mil-mdp","status":"publish","type":"post","link":"https:\/\/quehacerpolitico.mx\/?p=128663","title":{"rendered":"&#8220;Ya no hay privilegios&#8221;: Sheinbaum celebra pago de Grupo Salinas por 32 mil mdp"},"content":{"rendered":"\n<p>Por Redacci\u00f3n QP<\/p>\n\n\n\n<p>La mandataria asegur\u00f3 que este es el pago m\u00e1s grande que se haya hecho en M\u00e9xico por un caso similar; la empresa lo saldar\u00e1 en 18 cuotas meses<\/p>\n\n\n\n<p>La presidenta de M\u00e9xico,<strong>&nbsp;Claudia Sheinbaum<\/strong>, celebr\u00f3 este viernes el pago de impuestos, por 32 mil millones de pesos,&nbsp;realizado por&nbsp;<strong>empresas de Grupo Salinas,<\/strong>&nbsp;al calificarlo como el m\u00e1s grande efectuado en el pa\u00eds en un caso de este tipo y como una muestra de que<strong>ya no existen privilegios fiscales.<\/strong><\/p>\n\n\n\n<p>\u201cAyer se inform\u00f3, inform\u00f3 el SAT (Servicio de Administraci\u00f3n Tributaria). Ayer se hizo un pago de poco m\u00e1s de 10 mil millones de pesos. Y el resto, poco m\u00e1s de 32 mil millones de pesos se va a hacer mensualmente en 18 pagos. Ese es el pago que van a hacer. Es el&nbsp;<strong>pago m\u00e1s grande que se haya hecho&nbsp;<\/strong>por un caso de este tipo\u201d, afirm\u00f3 la mandataria mexicana durante su conferencia matutina desde Tijuana.<\/p>\n\n\n\n<figure class=\"wp-block-embed is-type-video is-provider-youtube wp-block-embed-youtube wp-embed-aspect-16-9 wp-has-aspect-ratio\"><div class=\"wp-block-embed__wrapper\">\n<iframe loading=\"lazy\" title=\"&#039;Pago de Grupo Salinas, el m\u00e1s grande que se haya hecho&#039;\" width=\"640\" height=\"360\" src=\"https:\/\/www.youtube.com\/embed\/Q2DP7Mv8_bU?feature=oembed\" frameborder=\"0\" allow=\"accelerometer; autoplay; clipboard-write; encrypted-media; gyroscope; picture-in-picture; web-share\" referrerpolicy=\"strict-origin-when-cross-origin\" allowfullscreen><\/iframe>\n<\/div><\/figure>\n\n\n\n<p>Sheinbaum valor\u00f3 de forma positiva que el conglomerado empresarial\u00a0<strong>saldara su deuda con el fisco mexicano<\/strong>, tras a\u00f1os de litigios y fallos judiciales. \u201cLa verdad, qu\u00e9 bueno que decidieron pagar. Qu\u00e9 bueno\u201d, expres\u00f3.<\/p>\n\n\n\n<p>El jueves, el SAT anunci\u00f3 que Grupo Salinas, propiedad del empresario\u00a0<strong>Ricardo Salinas Pliego,<\/strong>\u00a0ingres\u00f3 a la Tesorer\u00eda un primer monto de 10 mil 400.63 millones de pesos y el resto lo cubrir\u00e1 en 18 parcialidades.<\/p>\n\n\n\n<p>El SAT indic\u00f3 que este acuerdo se logr\u00f3 \u201cde conformidad con los&nbsp;<strong>beneficios establecidos en el C\u00f3digo Fiscal<\/strong>&nbsp;y en cumplimiento de las resoluciones judiciales aplicables\u201d.<\/p>\n\n\n\n<p>Sheinbaum subray\u00f3 que el caso confirma el fin de pr\u00e1cticas del pasado en las que<strong>&nbsp;grandes contribuyentes evitaban el pago de impuestos&nbsp;<\/strong>mediante acuerdos o condonaciones.<\/p>\n\n\n\n<p>\u201cNosotros hemos dicho que&nbsp;<strong>ya no hay privilegios.<\/strong>&nbsp;Durante muchos a\u00f1os, a partir de negociaciones, de acuerdos, no se pagaban impuestos. Cuando lleg\u00f3 el presidente (Andr\u00e9s Manuel) L\u00f3pez Obrador (2018-2024) se prohibi\u00f3 en la Constituci\u00f3n la condonaci\u00f3n de impuestos\u201d, record\u00f3.<\/p>\n\n\n\n<p>La presidenta mexicana destac\u00f3 que desde 2020 se registr\u00f3 un&nbsp;<strong>cambio en la recaudaci\u00f3n fiscal<\/strong>, con pagos relevantes por parte de grandes empresas que&nbsp;<strong>manten\u00edan adeudos con el Estado.<\/strong><\/p>\n\n\n\n<p>\u201cEl 2020 fue un a\u00f1o hist\u00f3rico. Se pagaron impuestos que se deb\u00edan de muchas empresas. Y ahora este pago, qu\u00e9 bueno que se hizo, la verdad\u201d, se\u00f1al\u00f3.&nbsp;<\/p>\n\n\n\n<p>Finalmente, Sheinbaum rechaz\u00f3 que el caso tuviera un&nbsp;<strong>trasfondo pol\u00edtico<\/strong>&nbsp;y reiter\u00f3 que se trat\u00f3 \u00fanicamente de la aplicaci\u00f3n de la ley fiscal.&nbsp;<\/p>\n\n\n\n<p>\u201cComo dijimos este&nbsp;<strong>no era un tema pol\u00edtico&nbsp;<\/strong>de ning\u00fan tipo, sino sencillamente de la deuda fiscal. Y qu\u00e9 bueno que tomaron la decisi\u00f3n de pagar\u201d, concluy\u00f3.<\/p>\n\n\n\n<p>Con informaci\u00f3n de EFE<\/p>\n\n\n\n<p><\/p>\n","protected":false},"excerpt":{"rendered":"<p>Por Redacci\u00f3n QP La mandataria asegur\u00f3 que este es el pago m\u00e1s grande que se&#8230;<\/p>\n","protected":false},"author":2,"featured_media":128652,"comment_status":"open","ping_status":"open","sticky":false,"template":"","format":"standard","meta":{"_monsterinsights_skip_tracking":false,"_monsterinsights_sitenote_active":false,"_monsterinsights_sitenote_note":"","_monsterinsights_sitenote_category":0,"footnotes":""},"categories":[280,2],"tags":[],"class_list":["post-128663","post","type-post","status-publish","format-standard","has-post-thumbnail","hentry","category-nacionales","category-noticias"],"yoast_head":"<!-- This site is optimized with the Yoast SEO plugin v27.3 - https:\/\/yoast.com\/product\/yoast-seo-wordpress\/ -->\n<title>&quot;Ya no hay privilegios&quot;: Sheinbaum celebra pago de Grupo Salinas por 32 mil mdp -<\/title>\n<meta name=\"robots\" content=\"index, follow, max-snippet:-1, max-image-preview:large, max-video-preview:-1\" \/>\n<link rel=\"canonical\" href=\"https:\/\/quehacerpolitico.mx\/?p=128663\" \/>\n<meta property=\"og:locale\" content=\"es_MX\" \/>\n<meta property=\"og:type\" content=\"article\" \/>\n<meta property=\"og:title\" content=\"&quot;Ya no hay privilegios&quot;: Sheinbaum celebra pago de Grupo Salinas por 32 mil mdp -\" \/>\n<meta property=\"og:description\" content=\"Por Redacci\u00f3n QP La mandataria asegur\u00f3 que este es el pago m\u00e1s grande que se...\" \/>\n<meta property=\"og:url\" content=\"https:\/\/quehacerpolitico.mx\/?p=128663\" \/>\n<meta property=\"article:published_time\" content=\"2026-01-30T20:15:03+00:00\" \/>\n<meta property=\"article:modified_time\" content=\"2026-01-30T20:15:06+00:00\" \/>\n<meta property=\"og:image\" content=\"http:\/\/quehacerpolitico.mx\/wp-content\/uploads\/2026\/01\/IMG_6363.jpeg\" \/>\n\t<meta property=\"og:image:width\" content=\"1170\" \/>\n\t<meta property=\"og:image:height\" content=\"640\" \/>\n\t<meta property=\"og:image:type\" content=\"image\/jpeg\" \/>\n<meta name=\"author\" content=\"Redacci\u00f3n QP\" \/>\n<meta name=\"twitter:card\" content=\"summary_large_image\" \/>\n<meta name=\"twitter:label1\" content=\"Escrito por\" \/>\n\t<meta name=\"twitter:data1\" content=\"Redacci\u00f3n QP\" \/>\n\t<meta name=\"twitter:label2\" content=\"Tiempo de lectura\" \/>\n\t<meta name=\"twitter:data2\" content=\"3 minutos\" \/>\n<script type=\"application\/ld+json\" class=\"yoast-schema-graph\">{\"@context\":\"https:\\\/\\\/schema.org\",\"@graph\":[{\"@type\":\"Article\",\"@id\":\"https:\\\/\\\/quehacerpolitico.mx\\\/?p=128663#article\",\"isPartOf\":{\"@id\":\"https:\\\/\\\/quehacerpolitico.mx\\\/?p=128663\"},\"author\":{\"name\":\"Redacci\u00f3n QP\",\"@id\":\"https:\\\/\\\/quehacerpolitico.mx\\\/#\\\/schema\\\/person\\\/496d8ad2d1d3f8036101dca7ee39e585\"},\"headline\":\"&#8220;Ya no hay privilegios&#8221;: Sheinbaum celebra pago de Grupo Salinas por 32 mil mdp\",\"datePublished\":\"2026-01-30T20:15:03+00:00\",\"dateModified\":\"2026-01-30T20:15:06+00:00\",\"mainEntityOfPage\":{\"@id\":\"https:\\\/\\\/quehacerpolitico.mx\\\/?p=128663\"},\"wordCount\":494,\"commentCount\":0,\"image\":{\"@id\":\"https:\\\/\\\/quehacerpolitico.mx\\\/?p=128663#primaryimage\"},\"thumbnailUrl\":\"https:\\\/\\\/quehacerpolitico.mx\\\/wp-content\\\/uploads\\\/2026\\\/01\\\/IMG_6363.jpeg\",\"articleSection\":[\"Nacionales\",\"Noticias\"],\"inLanguage\":\"es\",\"potentialAction\":[{\"@type\":\"CommentAction\",\"name\":\"Comment\",\"target\":[\"https:\\\/\\\/quehacerpolitico.mx\\\/?p=128663#respond\"]}]},{\"@type\":\"WebPage\",\"@id\":\"https:\\\/\\\/quehacerpolitico.mx\\\/?p=128663\",\"url\":\"https:\\\/\\\/quehacerpolitico.mx\\\/?p=128663\",\"name\":\"\\\"Ya no hay privilegios\\\": Sheinbaum celebra pago de Grupo Salinas por 32 mil mdp -\",\"isPartOf\":{\"@id\":\"https:\\\/\\\/quehacerpolitico.mx\\\/#website\"},\"primaryImageOfPage\":{\"@id\":\"https:\\\/\\\/quehacerpolitico.mx\\\/?p=128663#primaryimage\"},\"image\":{\"@id\":\"https:\\\/\\\/quehacerpolitico.mx\\\/?p=128663#primaryimage\"},\"thumbnailUrl\":\"https:\\\/\\\/quehacerpolitico.mx\\\/wp-content\\\/uploads\\\/2026\\\/01\\\/IMG_6363.jpeg\",\"datePublished\":\"2026-01-30T20:15:03+00:00\",\"dateModified\":\"2026-01-30T20:15:06+00:00\",\"author\":{\"@id\":\"https:\\\/\\\/quehacerpolitico.mx\\\/#\\\/schema\\\/person\\\/496d8ad2d1d3f8036101dca7ee39e585\"},\"breadcrumb\":{\"@id\":\"https:\\\/\\\/quehacerpolitico.mx\\\/?p=128663#breadcrumb\"},\"inLanguage\":\"es\",\"potentialAction\":[{\"@type\":\"ReadAction\",\"target\":[\"https:\\\/\\\/quehacerpolitico.mx\\\/?p=128663\"]}]},{\"@type\":\"ImageObject\",\"inLanguage\":\"es\",\"@id\":\"https:\\\/\\\/quehacerpolitico.mx\\\/?p=128663#primaryimage\",\"url\":\"https:\\\/\\\/quehacerpolitico.mx\\\/wp-content\\\/uploads\\\/2026\\\/01\\\/IMG_6363.jpeg\",\"contentUrl\":\"https:\\\/\\\/quehacerpolitico.mx\\\/wp-content\\\/uploads\\\/2026\\\/01\\\/IMG_6363.jpeg\",\"width\":1170,\"height\":640,\"caption\":\"Screenshot\"},{\"@type\":\"BreadcrumbList\",\"@id\":\"https:\\\/\\\/quehacerpolitico.mx\\\/?p=128663#breadcrumb\",\"itemListElement\":[{\"@type\":\"ListItem\",\"position\":1,\"name\":\"Inicio\",\"item\":\"https:\\\/\\\/quehacerpolitico.mx\\\/\"},{\"@type\":\"ListItem\",\"position\":2,\"name\":\"&#8220;Ya no hay privilegios&#8221;: Sheinbaum celebra pago de Grupo Salinas por 32 mil mdp\"}]},{\"@type\":\"WebSite\",\"@id\":\"https:\\\/\\\/quehacerpolitico.mx\\\/#website\",\"url\":\"https:\\\/\\\/quehacerpolitico.mx\\\/\",\"name\":\"\",\"description\":\"\",\"potentialAction\":[{\"@type\":\"SearchAction\",\"target\":{\"@type\":\"EntryPoint\",\"urlTemplate\":\"https:\\\/\\\/quehacerpolitico.mx\\\/?s={search_term_string}\"},\"query-input\":{\"@type\":\"PropertyValueSpecification\",\"valueRequired\":true,\"valueName\":\"search_term_string\"}}],\"inLanguage\":\"es\"},{\"@type\":\"Person\",\"@id\":\"https:\\\/\\\/quehacerpolitico.mx\\\/#\\\/schema\\\/person\\\/496d8ad2d1d3f8036101dca7ee39e585\",\"name\":\"Redacci\u00f3n QP\",\"image\":{\"@type\":\"ImageObject\",\"inLanguage\":\"es\",\"@id\":\"https:\\\/\\\/secure.gravatar.com\\\/avatar\\\/c7164ed6fdec453195284ad24a5ae5b6e1eed2b848477fa2a4787ba9adf39a41?s=96&d=mm&r=g\",\"url\":\"https:\\\/\\\/secure.gravatar.com\\\/avatar\\\/c7164ed6fdec453195284ad24a5ae5b6e1eed2b848477fa2a4787ba9adf39a41?s=96&d=mm&r=g\",\"contentUrl\":\"https:\\\/\\\/secure.gravatar.com\\\/avatar\\\/c7164ed6fdec453195284ad24a5ae5b6e1eed2b848477fa2a4787ba9adf39a41?s=96&d=mm&r=g\",\"caption\":\"Redacci\u00f3n QP\"},\"url\":\"https:\\\/\\\/quehacerpolitico.mx\\\/?author=2\"}]}<\/script>\n<!-- \/ Yoast SEO plugin. -->","yoast_head_json":{"title":"\"Ya no hay privilegios\": Sheinbaum celebra pago de Grupo Salinas por 32 mil mdp -","robots":{"index":"index","follow":"follow","max-snippet":"max-snippet:-1","max-image-preview":"max-image-preview:large","max-video-preview":"max-video-preview:-1"},"canonical":"https:\/\/quehacerpolitico.mx\/?p=128663","og_locale":"es_MX","og_type":"article","og_title":"\"Ya no hay privilegios\": Sheinbaum celebra pago de Grupo Salinas por 32 mil mdp -","og_description":"Por Redacci\u00f3n QP La mandataria asegur\u00f3 que este es el pago m\u00e1s grande que se...","og_url":"https:\/\/quehacerpolitico.mx\/?p=128663","article_published_time":"2026-01-30T20:15:03+00:00","article_modified_time":"2026-01-30T20:15:06+00:00","og_image":[{"width":1170,"height":640,"url":"http:\/\/quehacerpolitico.mx\/wp-content\/uploads\/2026\/01\/IMG_6363.jpeg","type":"image\/jpeg"}],"author":"Redacci\u00f3n QP","twitter_card":"summary_large_image","twitter_misc":{"Escrito por":"Redacci\u00f3n QP","Tiempo de lectura":"3 minutos"},"schema":{"@context":"https:\/\/schema.org","@graph":[{"@type":"Article","@id":"https:\/\/quehacerpolitico.mx\/?p=128663#article","isPartOf":{"@id":"https:\/\/quehacerpolitico.mx\/?p=128663"},"author":{"name":"Redacci\u00f3n QP","@id":"https:\/\/quehacerpolitico.mx\/#\/schema\/person\/496d8ad2d1d3f8036101dca7ee39e585"},"headline":"&#8220;Ya no hay privilegios&#8221;: Sheinbaum celebra pago de Grupo Salinas por 32 mil mdp","datePublished":"2026-01-30T20:15:03+00:00","dateModified":"2026-01-30T20:15:06+00:00","mainEntityOfPage":{"@id":"https:\/\/quehacerpolitico.mx\/?p=128663"},"wordCount":494,"commentCount":0,"image":{"@id":"https:\/\/quehacerpolitico.mx\/?p=128663#primaryimage"},"thumbnailUrl":"https:\/\/quehacerpolitico.mx\/wp-content\/uploads\/2026\/01\/IMG_6363.jpeg","articleSection":["Nacionales","Noticias"],"inLanguage":"es","potentialAction":[{"@type":"CommentAction","name":"Comment","target":["https:\/\/quehacerpolitico.mx\/?p=128663#respond"]}]},{"@type":"WebPage","@id":"https:\/\/quehacerpolitico.mx\/?p=128663","url":"https:\/\/quehacerpolitico.mx\/?p=128663","name":"\"Ya no hay privilegios\": Sheinbaum celebra pago de Grupo Salinas por 32 mil mdp -","isPartOf":{"@id":"https:\/\/quehacerpolitico.mx\/#website"},"primaryImageOfPage":{"@id":"https:\/\/quehacerpolitico.mx\/?p=128663#primaryimage"},"image":{"@id":"https:\/\/quehacerpolitico.mx\/?p=128663#primaryimage"},"thumbnailUrl":"https:\/\/quehacerpolitico.mx\/wp-content\/uploads\/2026\/01\/IMG_6363.jpeg","datePublished":"2026-01-30T20:15:03+00:00","dateModified":"2026-01-30T20:15:06+00:00","author":{"@id":"https:\/\/quehacerpolitico.mx\/#\/schema\/person\/496d8ad2d1d3f8036101dca7ee39e585"},"breadcrumb":{"@id":"https:\/\/quehacerpolitico.mx\/?p=128663#breadcrumb"},"inLanguage":"es","potentialAction":[{"@type":"ReadAction","target":["https:\/\/quehacerpolitico.mx\/?p=128663"]}]},{"@type":"ImageObject","inLanguage":"es","@id":"https:\/\/quehacerpolitico.mx\/?p=128663#primaryimage","url":"https:\/\/quehacerpolitico.mx\/wp-content\/uploads\/2026\/01\/IMG_6363.jpeg","contentUrl":"https:\/\/quehacerpolitico.mx\/wp-content\/uploads\/2026\/01\/IMG_6363.jpeg","width":1170,"height":640,"caption":"Screenshot"},{"@type":"BreadcrumbList","@id":"https:\/\/quehacerpolitico.mx\/?p=128663#breadcrumb","itemListElement":[{"@type":"ListItem","position":1,"name":"Inicio","item":"https:\/\/quehacerpolitico.mx\/"},{"@type":"ListItem","position":2,"name":"&#8220;Ya no hay privilegios&#8221;: Sheinbaum celebra pago de Grupo Salinas por 32 mil mdp"}]},{"@type":"WebSite","@id":"https:\/\/quehacerpolitico.mx\/#website","url":"https:\/\/quehacerpolitico.mx\/","name":"","description":"","potentialAction":[{"@type":"SearchAction","target":{"@type":"EntryPoint","urlTemplate":"https:\/\/quehacerpolitico.mx\/?s={search_term_string}"},"query-input":{"@type":"PropertyValueSpecification","valueRequired":true,"valueName":"search_term_string"}}],"inLanguage":"es"},{"@type":"Person","@id":"https:\/\/quehacerpolitico.mx\/#\/schema\/person\/496d8ad2d1d3f8036101dca7ee39e585","name":"Redacci\u00f3n QP","image":{"@type":"ImageObject","inLanguage":"es","@id":"https:\/\/secure.gravatar.com\/avatar\/c7164ed6fdec453195284ad24a5ae5b6e1eed2b848477fa2a4787ba9adf39a41?s=96&d=mm&r=g","url":"https:\/\/secure.gravatar.com\/avatar\/c7164ed6fdec453195284ad24a5ae5b6e1eed2b848477fa2a4787ba9adf39a41?s=96&d=mm&r=g","contentUrl":"https:\/\/secure.gravatar.com\/avatar\/c7164ed6fdec453195284ad24a5ae5b6e1eed2b848477fa2a4787ba9adf39a41?s=96&d=mm&r=g","caption":"Redacci\u00f3n QP"},"url":"https:\/\/quehacerpolitico.mx\/?author=2"}]}},"featured_image_urls":{"full":["https:\/\/quehacerpolitico.mx\/wp-content\/uploads\/2026\/01\/IMG_6363.jpeg",1170,640,false],"thumbnail":["https:\/\/quehacerpolitico.mx\/wp-content\/uploads\/2026\/01\/IMG_6363-150x150.jpeg",150,150,true],"medium":["https:\/\/quehacerpolitico.mx\/wp-content\/uploads\/2026\/01\/IMG_6363-300x164.jpeg",300,164,true],"medium_large":["https:\/\/quehacerpolitico.mx\/wp-content\/uploads\/2026\/01\/IMG_6363-768x420.jpeg",640,350,true],"large":["https:\/\/quehacerpolitico.mx\/wp-content\/uploads\/2026\/01\/IMG_6363-1024x560.jpeg",640,350,true],"1536x1536":["https:\/\/quehacerpolitico.mx\/wp-content\/uploads\/2026\/01\/IMG_6363.jpeg",1170,640,false],"2048x2048":["https:\/\/quehacerpolitico.mx\/wp-content\/uploads\/2026\/01\/IMG_6363.jpeg",1170,640,false],"covernews-featured":["https:\/\/quehacerpolitico.mx\/wp-content\/uploads\/2026\/01\/IMG_6363-1024x560.jpeg",1024,560,true],"covernews-medium":["https:\/\/quehacerpolitico.mx\/wp-content\/uploads\/2026\/01\/IMG_6363-540x340.jpeg",540,340,true]},"author_info":{"display_name":"Redacci\u00f3n QP","author_link":"https:\/\/quehacerpolitico.mx\/?author=2"},"category_info":"<a href=\"https:\/\/quehacerpolitico.mx\/?cat=280\" rel=\"category\">Nacionales<\/a> <a href=\"https:\/\/quehacerpolitico.mx\/?cat=2\" rel=\"category\">Noticias<\/a>","tag_info":"Noticias","comment_count":"0","_links":{"self":[{"href":"https:\/\/quehacerpolitico.mx\/index.php?rest_route=\/wp\/v2\/posts\/128663","targetHints":{"allow":["GET"]}}],"collection":[{"href":"https:\/\/quehacerpolitico.mx\/index.php?rest_route=\/wp\/v2\/posts"}],"about":[{"href":"https:\/\/quehacerpolitico.mx\/index.php?rest_route=\/wp\/v2\/types\/post"}],"author":[{"embeddable":true,"href":"https:\/\/quehacerpolitico.mx\/index.php?rest_route=\/wp\/v2\/users\/2"}],"replies":[{"embeddable":true,"href":"https:\/\/quehacerpolitico.mx\/index.php?rest_route=%2Fwp%2Fv2%2Fcomments&post=128663"}],"version-history":[{"count":1,"href":"https:\/\/quehacerpolitico.mx\/index.php?rest_route=\/wp\/v2\/posts\/128663\/revisions"}],"predecessor-version":[{"id":128664,"href":"https:\/\/quehacerpolitico.mx\/index.php?rest_route=\/wp\/v2\/posts\/128663\/revisions\/128664"}],"wp:featuredmedia":[{"embeddable":true,"href":"https:\/\/quehacerpolitico.mx\/index.php?rest_route=\/wp\/v2\/media\/128652"}],"wp:attachment":[{"href":"https:\/\/quehacerpolitico.mx\/index.php?rest_route=%2Fwp%2Fv2%2Fmedia&parent=128663"}],"wp:term":[{"taxonomy":"category","embeddable":true,"href":"https:\/\/quehacerpolitico.mx\/index.php?rest_route=%2Fwp%2Fv2%2Fcategories&post=128663"},{"taxonomy":"post_tag","embeddable":true,"href":"https:\/\/quehacerpolitico.mx\/index.php?rest_route=%2Fwp%2Fv2%2Ftags&post=128663"}],"curies":[{"name":"wp","href":"https:\/\/api.w.org\/{rel}","templated":true}]}}