{"id":128660,"date":"2026-01-30T13:58:01","date_gmt":"2026-01-30T19:58:01","guid":{"rendered":"https:\/\/quehacerpolitico.mx\/?p=128660"},"modified":"2026-01-30T13:58:04","modified_gmt":"2026-01-30T19:58:04","slug":"detienen-a-una-abuelita-en-el-penal-femenil-de-santa-martha-iba-de-visita-y-le-encuentran-droga-en-la-revision","status":"publish","type":"post","link":"https:\/\/quehacerpolitico.mx\/?p=128660","title":{"rendered":"Detienen a una abuelita en el penal\u00a0femenil\u00a0de Santa Martha iba de visita y le encuentran droga en la revisi\u00f3n"},"content":{"rendered":"\n<p>Por Redacci\u00f3n QP<\/p>\n\n\n\n<p>Una abuelita fue a visitar a una presa en el penal femenil de Santa Martha, ubicado en Iztapalapa, CDMX, y acab\u00f3 detenida tras una revisi\u00f3n.<\/p>\n\n\n\n<p>Una abuelita fue a visitar a una presa en el\u00a0<strong>penal\u00a0femenil\u00a0de Santa Martha<\/strong>, ubicado en la alcald\u00eda Iztapalapa\u00a0de la<strong>\u00a0Ciudad de M\u00e9xico (CDMX)<\/strong>, y acab\u00f3 detenida tras una revisi\u00f3n.\u00a0<\/p>\n\n\n\n<p>La<strong>\u00a0Secretar\u00eda de Seguridad Ciudadana (SSC)<\/strong>\u00a0inform\u00f3 sobre la detenci\u00f3n de\u00a0la\u00a0<strong>mujer de 78\u00a0a\u00f1os de edad<\/strong>, misma que fue puesta a disposici\u00f3n ante el agente del Ministerio P\u00fablico, quien determinar\u00e1 su situaci\u00f3n jur\u00eddica y realizar\u00e1 las\u00a0investigaciones correspondientes.<\/p>\n\n\n\n<h2 class=\"wp-block-heading\">\u00bfPor qu\u00e9 detuvieron a la abuelita en el penal de Santa&nbsp;Marhta?<\/h2>\n\n\n\n<p>La dependencia de seguridad que encabeza Pablo V\u00e1zquez en la&nbsp;CDMX,&nbsp;indic\u00f3 que el hecho ocurri\u00f3 mientras las&nbsp;<strong>custodias penitenciarias&nbsp;<\/strong>realizaban labores de revisi\u00f3n a las ciudadanas que visitan a las personas privadas de la libertad en el Centro Femenil de Reinserci\u00f3n Social Santa Martha Acatitla.<\/p>\n\n\n\n<p>Cuando la mujer<strong>\u00a0lleg\u00f3 pretendiendo visitar a una persona<\/strong>\u00a0privada de la libertad, las oficiales se percataron que se ve\u00eda visiblemente nerviosa y trataba de evadir los filtros de revisi\u00f3n.<\/p>\n\n\n\n<p>Al notar dicha actitud y conforme a los protocolos de actuaci\u00f3n policial,\u00a0las uniformadas<strong>\u00a0realizaron a la abuelita una revisi\u00f3n preventiva.<\/strong><\/p>\n\n\n\n<figure class=\"wp-block-image\"><img decoding=\"async\" src=\"https:\/\/imagenes.excelsior.com.mx\/files\/image_449_252\/files\/fp\/uploads\/2026\/01\/30\/697cf42aafae4.r_d.655-433-5380.jpeg\" alt=\"thumb\"\/><figcaption class=\"wp-element-caption\">Detenida en penal de Santa Martha.Especial<\/figcaption><\/figure>\n\n\n\n<p>A la mujer le hallaron una<strong>&nbsp;bolsa transparente con 22 gramos&nbsp;<\/strong>de un vegetal verde seco con caracter\u00edsticas de la&nbsp;<strong>marihuana<\/strong>, entre su ropa interior y su vientre.<\/p>\n\n\n\n<p>Por tal motivo, la abuelita fue<strong>&nbsp;detenida inmediatamente.<\/strong><\/p>\n\n\n\n<h3 class=\"wp-block-heading\">Revisi\u00f3n y control de visitas en prisiones de CDMX<\/h3>\n\n\n\n<p>En general en los centros penitenciarios de&nbsp;<strong>Sistema Penitenciario de la Ciudad de M\u00e9xico (CDMX)&nbsp;<\/strong>las visitas se revisan as\u00ed:<\/p>\n\n\n\n<p><strong>Qu\u00e9 revisan y c\u00f3mo es el control en las visitas<\/strong><\/p>\n\n\n\n<ul class=\"wp-block-list\">\n<li>Documentaci\u00f3n y registro previo: para poder entrar tienes que estar registrado como visitante.\u00a0Muchas veces eso implica llenar un registro v\u00eda sistema digital, con tus datos, subir documentos (identificaci\u00f3n oficial, CURP, comprobante de domicilio, v\u00ednculo con la persona privada de la libertad, etc.) y esperar autorizaci\u00f3n.<\/li>\n\n\n\n<li>Identificaci\u00f3n al entrar: debes llevar identificaci\u00f3n oficial vigente \u2014 la misma que usaste para solicitar la visita \u2014 para que verifiquen tus datos.<\/li>\n\n\n\n<li>Revisi\u00f3n de persona y pertenencias: al ingresar (y tambi\u00e9n al salir), tanto t\u00fa como tus pertenencias deben pasar por revisi\u00f3n: pueden revisarte a ti (cacheo \/ inspecci\u00f3n corporal) y revisar lo que llevas contigo.<\/li>\n\n\n\n<li>Prohibiciones estrictas sobre objetos, ropa, alimentos: est\u00e1n prohibidos ciertos objetos, ropa o alimentos \u2014 por ejemplo, sustancias t\u00f3xicas, bebidas alcoh\u00f3licas, algunos empaques \/ envases, comida congelada, envases de vidrio, gelatinas o ciertas \u201cpresentaciones\u201d de alimentos, solventes, armas, objetos de valor intercambiables, etc.<\/li>\n\n\n\n<li>Revisiones por personal del mismo g\u00e9nero y respetando dignidad: si se realiza una revisi\u00f3n corporal, debe llevarla a cabo personal de seguridad del mismo g\u00e9nero que el visitante, sin vulnerar su integridad, y no se puede obligar a desnudos ni actos que violen dignidad.<\/li>\n\n\n\n<li>Registro biom\u00e9trico para visitas autorizadas: en muchos casos, una vez aprobado tu registro como visitante, debes acudir al penal en la fecha asignada y registrar tus huellas dactilares \u2014 despu\u00e9s, para entrar las veces siguientes puedes usar ese registro biom\u00e9trico en torniquetes.<\/li>\n<\/ul>\n\n\n\n<p><strong>Qu\u00e9 revisan con especial atenci\u00f3n (por seguridad)<\/strong><\/p>\n\n\n\n<ul class=\"wp-block-list\">\n<li>Buscan prevenir la entrada de objetos prohibidos (drogas, bebidas alcoh\u00f3licas, armas, sustancias peligrosas, etc.). As\u00ed ha ocurrido en algunos casos de personas que intentaron ingresar drogas escondidas.<\/li>\n\n\n\n<li>Revisi\u00f3n de actitud: si el personal detecta \u201cactitud sospechosa\u201d puede dar lugar a una revisi\u00f3n m\u00e1s minuciosa.<\/li>\n\n\n\n<li>Las visitas son monitoreadas, y los accesos (y salidas) bien controlados \u2014 con personal de seguridad, registro y vigilancia.<\/li>\n<\/ul>\n","protected":false},"excerpt":{"rendered":"<p>Por Redacci\u00f3n QP Una abuelita fue a visitar a una presa en el penal femenil&#8230;<\/p>\n","protected":false},"author":2,"featured_media":128661,"comment_status":"open","ping_status":"open","sticky":false,"template":"","format":"standard","meta":{"_monsterinsights_skip_tracking":false,"_monsterinsights_sitenote_active":false,"_monsterinsights_sitenote_note":"","_monsterinsights_sitenote_category":0,"footnotes":""},"categories":[55],"tags":[],"class_list":["post-128660","post","type-post","status-publish","format-standard","has-post-thumbnail","hentry","category-cdmx"],"yoast_head":"<!-- This site is optimized with the Yoast SEO plugin v27.3 - https:\/\/yoast.com\/product\/yoast-seo-wordpress\/ -->\n<title>Detienen a una abuelita en el penal\u00a0femenil\u00a0de Santa Martha iba de visita y le encuentran droga en la revisi\u00f3n -<\/title>\n<meta name=\"robots\" content=\"index, follow, max-snippet:-1, max-image-preview:large, max-video-preview:-1\" \/>\n<link rel=\"canonical\" href=\"https:\/\/quehacerpolitico.mx\/?p=128660\" \/>\n<meta property=\"og:locale\" content=\"es_MX\" \/>\n<meta property=\"og:type\" content=\"article\" \/>\n<meta property=\"og:title\" content=\"Detienen a una abuelita en el penal\u00a0femenil\u00a0de Santa Martha iba de visita y le encuentran droga en la revisi\u00f3n -\" \/>\n<meta property=\"og:description\" content=\"Por Redacci\u00f3n QP Una abuelita fue a visitar a una presa en el penal femenil...\" \/>\n<meta property=\"og:url\" content=\"https:\/\/quehacerpolitico.mx\/?p=128660\" \/>\n<meta property=\"article:published_time\" content=\"2026-01-30T19:58:01+00:00\" \/>\n<meta property=\"article:modified_time\" content=\"2026-01-30T19:58:04+00:00\" \/>\n<meta property=\"og:image\" content=\"http:\/\/quehacerpolitico.mx\/wp-content\/uploads\/2026\/01\/IMG_6366.jpeg\" \/>\n\t<meta property=\"og:image:width\" content=\"375\" \/>\n\t<meta property=\"og:image:height\" content=\"249\" \/>\n\t<meta property=\"og:image:type\" content=\"image\/jpeg\" \/>\n<meta name=\"author\" content=\"Redacci\u00f3n QP\" \/>\n<meta name=\"twitter:card\" content=\"summary_large_image\" \/>\n<meta name=\"twitter:label1\" content=\"Escrito por\" \/>\n\t<meta name=\"twitter:data1\" content=\"Redacci\u00f3n QP\" \/>\n\t<meta name=\"twitter:label2\" content=\"Tiempo de lectura\" \/>\n\t<meta name=\"twitter:data2\" content=\"4 minutos\" \/>\n<script type=\"application\/ld+json\" class=\"yoast-schema-graph\">{\"@context\":\"https:\\\/\\\/schema.org\",\"@graph\":[{\"@type\":\"Article\",\"@id\":\"https:\\\/\\\/quehacerpolitico.mx\\\/?p=128660#article\",\"isPartOf\":{\"@id\":\"https:\\\/\\\/quehacerpolitico.mx\\\/?p=128660\"},\"author\":{\"name\":\"Redacci\u00f3n QP\",\"@id\":\"https:\\\/\\\/quehacerpolitico.mx\\\/#\\\/schema\\\/person\\\/496d8ad2d1d3f8036101dca7ee39e585\"},\"headline\":\"Detienen a una abuelita en el penal\u00a0femenil\u00a0de Santa Martha iba de visita y le encuentran droga en la revisi\u00f3n\",\"datePublished\":\"2026-01-30T19:58:01+00:00\",\"dateModified\":\"2026-01-30T19:58:04+00:00\",\"mainEntityOfPage\":{\"@id\":\"https:\\\/\\\/quehacerpolitico.mx\\\/?p=128660\"},\"wordCount\":664,\"commentCount\":0,\"image\":{\"@id\":\"https:\\\/\\\/quehacerpolitico.mx\\\/?p=128660#primaryimage\"},\"thumbnailUrl\":\"https:\\\/\\\/quehacerpolitico.mx\\\/wp-content\\\/uploads\\\/2026\\\/01\\\/IMG_6366.jpeg\",\"articleSection\":[\"CDMX\"],\"inLanguage\":\"es\",\"potentialAction\":[{\"@type\":\"CommentAction\",\"name\":\"Comment\",\"target\":[\"https:\\\/\\\/quehacerpolitico.mx\\\/?p=128660#respond\"]}]},{\"@type\":\"WebPage\",\"@id\":\"https:\\\/\\\/quehacerpolitico.mx\\\/?p=128660\",\"url\":\"https:\\\/\\\/quehacerpolitico.mx\\\/?p=128660\",\"name\":\"Detienen a una abuelita en el penal\u00a0femenil\u00a0de Santa Martha iba de visita y le encuentran droga en la revisi\u00f3n -\",\"isPartOf\":{\"@id\":\"https:\\\/\\\/quehacerpolitico.mx\\\/#website\"},\"primaryImageOfPage\":{\"@id\":\"https:\\\/\\\/quehacerpolitico.mx\\\/?p=128660#primaryimage\"},\"image\":{\"@id\":\"https:\\\/\\\/quehacerpolitico.mx\\\/?p=128660#primaryimage\"},\"thumbnailUrl\":\"https:\\\/\\\/quehacerpolitico.mx\\\/wp-content\\\/uploads\\\/2026\\\/01\\\/IMG_6366.jpeg\",\"datePublished\":\"2026-01-30T19:58:01+00:00\",\"dateModified\":\"2026-01-30T19:58:04+00:00\",\"author\":{\"@id\":\"https:\\\/\\\/quehacerpolitico.mx\\\/#\\\/schema\\\/person\\\/496d8ad2d1d3f8036101dca7ee39e585\"},\"breadcrumb\":{\"@id\":\"https:\\\/\\\/quehacerpolitico.mx\\\/?p=128660#breadcrumb\"},\"inLanguage\":\"es\",\"potentialAction\":[{\"@type\":\"ReadAction\",\"target\":[\"https:\\\/\\\/quehacerpolitico.mx\\\/?p=128660\"]}]},{\"@type\":\"ImageObject\",\"inLanguage\":\"es\",\"@id\":\"https:\\\/\\\/quehacerpolitico.mx\\\/?p=128660#primaryimage\",\"url\":\"https:\\\/\\\/quehacerpolitico.mx\\\/wp-content\\\/uploads\\\/2026\\\/01\\\/IMG_6366.jpeg\",\"contentUrl\":\"https:\\\/\\\/quehacerpolitico.mx\\\/wp-content\\\/uploads\\\/2026\\\/01\\\/IMG_6366.jpeg\",\"width\":375,\"height\":249},{\"@type\":\"BreadcrumbList\",\"@id\":\"https:\\\/\\\/quehacerpolitico.mx\\\/?p=128660#breadcrumb\",\"itemListElement\":[{\"@type\":\"ListItem\",\"position\":1,\"name\":\"Inicio\",\"item\":\"https:\\\/\\\/quehacerpolitico.mx\\\/\"},{\"@type\":\"ListItem\",\"position\":2,\"name\":\"Detienen a una abuelita en el penal\u00a0femenil\u00a0de Santa Martha iba de visita y le encuentran droga en la revisi\u00f3n\"}]},{\"@type\":\"WebSite\",\"@id\":\"https:\\\/\\\/quehacerpolitico.mx\\\/#website\",\"url\":\"https:\\\/\\\/quehacerpolitico.mx\\\/\",\"name\":\"\",\"description\":\"\",\"potentialAction\":[{\"@type\":\"SearchAction\",\"target\":{\"@type\":\"EntryPoint\",\"urlTemplate\":\"https:\\\/\\\/quehacerpolitico.mx\\\/?s={search_term_string}\"},\"query-input\":{\"@type\":\"PropertyValueSpecification\",\"valueRequired\":true,\"valueName\":\"search_term_string\"}}],\"inLanguage\":\"es\"},{\"@type\":\"Person\",\"@id\":\"https:\\\/\\\/quehacerpolitico.mx\\\/#\\\/schema\\\/person\\\/496d8ad2d1d3f8036101dca7ee39e585\",\"name\":\"Redacci\u00f3n QP\",\"image\":{\"@type\":\"ImageObject\",\"inLanguage\":\"es\",\"@id\":\"https:\\\/\\\/secure.gravatar.com\\\/avatar\\\/c7164ed6fdec453195284ad24a5ae5b6e1eed2b848477fa2a4787ba9adf39a41?s=96&d=mm&r=g\",\"url\":\"https:\\\/\\\/secure.gravatar.com\\\/avatar\\\/c7164ed6fdec453195284ad24a5ae5b6e1eed2b848477fa2a4787ba9adf39a41?s=96&d=mm&r=g\",\"contentUrl\":\"https:\\\/\\\/secure.gravatar.com\\\/avatar\\\/c7164ed6fdec453195284ad24a5ae5b6e1eed2b848477fa2a4787ba9adf39a41?s=96&d=mm&r=g\",\"caption\":\"Redacci\u00f3n QP\"},\"url\":\"https:\\\/\\\/quehacerpolitico.mx\\\/?author=2\"}]}<\/script>\n<!-- \/ Yoast SEO plugin. -->","yoast_head_json":{"title":"Detienen a una abuelita en el penal\u00a0femenil\u00a0de Santa Martha iba de visita y le encuentran droga en la revisi\u00f3n -","robots":{"index":"index","follow":"follow","max-snippet":"max-snippet:-1","max-image-preview":"max-image-preview:large","max-video-preview":"max-video-preview:-1"},"canonical":"https:\/\/quehacerpolitico.mx\/?p=128660","og_locale":"es_MX","og_type":"article","og_title":"Detienen a una abuelita en el penal\u00a0femenil\u00a0de Santa Martha iba de visita y le encuentran droga en la revisi\u00f3n -","og_description":"Por Redacci\u00f3n QP Una abuelita fue a visitar a una presa en el penal femenil...","og_url":"https:\/\/quehacerpolitico.mx\/?p=128660","article_published_time":"2026-01-30T19:58:01+00:00","article_modified_time":"2026-01-30T19:58:04+00:00","og_image":[{"width":375,"height":249,"url":"http:\/\/quehacerpolitico.mx\/wp-content\/uploads\/2026\/01\/IMG_6366.jpeg","type":"image\/jpeg"}],"author":"Redacci\u00f3n QP","twitter_card":"summary_large_image","twitter_misc":{"Escrito por":"Redacci\u00f3n QP","Tiempo de lectura":"4 minutos"},"schema":{"@context":"https:\/\/schema.org","@graph":[{"@type":"Article","@id":"https:\/\/quehacerpolitico.mx\/?p=128660#article","isPartOf":{"@id":"https:\/\/quehacerpolitico.mx\/?p=128660"},"author":{"name":"Redacci\u00f3n QP","@id":"https:\/\/quehacerpolitico.mx\/#\/schema\/person\/496d8ad2d1d3f8036101dca7ee39e585"},"headline":"Detienen a una abuelita en el penal\u00a0femenil\u00a0de Santa Martha iba de visita y le encuentran droga en la revisi\u00f3n","datePublished":"2026-01-30T19:58:01+00:00","dateModified":"2026-01-30T19:58:04+00:00","mainEntityOfPage":{"@id":"https:\/\/quehacerpolitico.mx\/?p=128660"},"wordCount":664,"commentCount":0,"image":{"@id":"https:\/\/quehacerpolitico.mx\/?p=128660#primaryimage"},"thumbnailUrl":"https:\/\/quehacerpolitico.mx\/wp-content\/uploads\/2026\/01\/IMG_6366.jpeg","articleSection":["CDMX"],"inLanguage":"es","potentialAction":[{"@type":"CommentAction","name":"Comment","target":["https:\/\/quehacerpolitico.mx\/?p=128660#respond"]}]},{"@type":"WebPage","@id":"https:\/\/quehacerpolitico.mx\/?p=128660","url":"https:\/\/quehacerpolitico.mx\/?p=128660","name":"Detienen a una abuelita en el penal\u00a0femenil\u00a0de Santa Martha iba de visita y le encuentran droga en la revisi\u00f3n -","isPartOf":{"@id":"https:\/\/quehacerpolitico.mx\/#website"},"primaryImageOfPage":{"@id":"https:\/\/quehacerpolitico.mx\/?p=128660#primaryimage"},"image":{"@id":"https:\/\/quehacerpolitico.mx\/?p=128660#primaryimage"},"thumbnailUrl":"https:\/\/quehacerpolitico.mx\/wp-content\/uploads\/2026\/01\/IMG_6366.jpeg","datePublished":"2026-01-30T19:58:01+00:00","dateModified":"2026-01-30T19:58:04+00:00","author":{"@id":"https:\/\/quehacerpolitico.mx\/#\/schema\/person\/496d8ad2d1d3f8036101dca7ee39e585"},"breadcrumb":{"@id":"https:\/\/quehacerpolitico.mx\/?p=128660#breadcrumb"},"inLanguage":"es","potentialAction":[{"@type":"ReadAction","target":["https:\/\/quehacerpolitico.mx\/?p=128660"]}]},{"@type":"ImageObject","inLanguage":"es","@id":"https:\/\/quehacerpolitico.mx\/?p=128660#primaryimage","url":"https:\/\/quehacerpolitico.mx\/wp-content\/uploads\/2026\/01\/IMG_6366.jpeg","contentUrl":"https:\/\/quehacerpolitico.mx\/wp-content\/uploads\/2026\/01\/IMG_6366.jpeg","width":375,"height":249},{"@type":"BreadcrumbList","@id":"https:\/\/quehacerpolitico.mx\/?p=128660#breadcrumb","itemListElement":[{"@type":"ListItem","position":1,"name":"Inicio","item":"https:\/\/quehacerpolitico.mx\/"},{"@type":"ListItem","position":2,"name":"Detienen a una abuelita en el penal\u00a0femenil\u00a0de Santa Martha iba de visita y le encuentran droga en la revisi\u00f3n"}]},{"@type":"WebSite","@id":"https:\/\/quehacerpolitico.mx\/#website","url":"https:\/\/quehacerpolitico.mx\/","name":"","description":"","potentialAction":[{"@type":"SearchAction","target":{"@type":"EntryPoint","urlTemplate":"https:\/\/quehacerpolitico.mx\/?s={search_term_string}"},"query-input":{"@type":"PropertyValueSpecification","valueRequired":true,"valueName":"search_term_string"}}],"inLanguage":"es"},{"@type":"Person","@id":"https:\/\/quehacerpolitico.mx\/#\/schema\/person\/496d8ad2d1d3f8036101dca7ee39e585","name":"Redacci\u00f3n QP","image":{"@type":"ImageObject","inLanguage":"es","@id":"https:\/\/secure.gravatar.com\/avatar\/c7164ed6fdec453195284ad24a5ae5b6e1eed2b848477fa2a4787ba9adf39a41?s=96&d=mm&r=g","url":"https:\/\/secure.gravatar.com\/avatar\/c7164ed6fdec453195284ad24a5ae5b6e1eed2b848477fa2a4787ba9adf39a41?s=96&d=mm&r=g","contentUrl":"https:\/\/secure.gravatar.com\/avatar\/c7164ed6fdec453195284ad24a5ae5b6e1eed2b848477fa2a4787ba9adf39a41?s=96&d=mm&r=g","caption":"Redacci\u00f3n QP"},"url":"https:\/\/quehacerpolitico.mx\/?author=2"}]}},"featured_image_urls":{"full":["https:\/\/quehacerpolitico.mx\/wp-content\/uploads\/2026\/01\/IMG_6366.jpeg",375,249,false],"thumbnail":["https:\/\/quehacerpolitico.mx\/wp-content\/uploads\/2026\/01\/IMG_6366-150x150.jpeg",150,150,true],"medium":["https:\/\/quehacerpolitico.mx\/wp-content\/uploads\/2026\/01\/IMG_6366-300x199.jpeg",300,199,true],"medium_large":["https:\/\/quehacerpolitico.mx\/wp-content\/uploads\/2026\/01\/IMG_6366.jpeg",375,249,false],"large":["https:\/\/quehacerpolitico.mx\/wp-content\/uploads\/2026\/01\/IMG_6366.jpeg",375,249,false],"1536x1536":["https:\/\/quehacerpolitico.mx\/wp-content\/uploads\/2026\/01\/IMG_6366.jpeg",375,249,false],"2048x2048":["https:\/\/quehacerpolitico.mx\/wp-content\/uploads\/2026\/01\/IMG_6366.jpeg",375,249,false],"covernews-featured":["https:\/\/quehacerpolitico.mx\/wp-content\/uploads\/2026\/01\/IMG_6366.jpeg",375,249,false],"covernews-medium":["https:\/\/quehacerpolitico.mx\/wp-content\/uploads\/2026\/01\/IMG_6366.jpeg",375,249,false]},"author_info":{"display_name":"Redacci\u00f3n QP","author_link":"https:\/\/quehacerpolitico.mx\/?author=2"},"category_info":"<a href=\"https:\/\/quehacerpolitico.mx\/?cat=55\" rel=\"category\">CDMX<\/a>","tag_info":"CDMX","comment_count":"0","_links":{"self":[{"href":"https:\/\/quehacerpolitico.mx\/index.php?rest_route=\/wp\/v2\/posts\/128660","targetHints":{"allow":["GET"]}}],"collection":[{"href":"https:\/\/quehacerpolitico.mx\/index.php?rest_route=\/wp\/v2\/posts"}],"about":[{"href":"https:\/\/quehacerpolitico.mx\/index.php?rest_route=\/wp\/v2\/types\/post"}],"author":[{"embeddable":true,"href":"https:\/\/quehacerpolitico.mx\/index.php?rest_route=\/wp\/v2\/users\/2"}],"replies":[{"embeddable":true,"href":"https:\/\/quehacerpolitico.mx\/index.php?rest_route=%2Fwp%2Fv2%2Fcomments&post=128660"}],"version-history":[{"count":1,"href":"https:\/\/quehacerpolitico.mx\/index.php?rest_route=\/wp\/v2\/posts\/128660\/revisions"}],"predecessor-version":[{"id":128662,"href":"https:\/\/quehacerpolitico.mx\/index.php?rest_route=\/wp\/v2\/posts\/128660\/revisions\/128662"}],"wp:featuredmedia":[{"embeddable":true,"href":"https:\/\/quehacerpolitico.mx\/index.php?rest_route=\/wp\/v2\/media\/128661"}],"wp:attachment":[{"href":"https:\/\/quehacerpolitico.mx\/index.php?rest_route=%2Fwp%2Fv2%2Fmedia&parent=128660"}],"wp:term":[{"taxonomy":"category","embeddable":true,"href":"https:\/\/quehacerpolitico.mx\/index.php?rest_route=%2Fwp%2Fv2%2Fcategories&post=128660"},{"taxonomy":"post_tag","embeddable":true,"href":"https:\/\/quehacerpolitico.mx\/index.php?rest_route=%2Fwp%2Fv2%2Ftags&post=128660"}],"curies":[{"name":"wp","href":"https:\/\/api.w.org\/{rel}","templated":true}]}}