{"id":128654,"date":"2026-01-30T13:08:54","date_gmt":"2026-01-30T19:08:54","guid":{"rendered":"https:\/\/quehacerpolitico.mx\/?p=128654"},"modified":"2026-01-30T13:08:57","modified_gmt":"2026-01-30T19:08:57","slug":"las-manifestaciones-para-este-viernes-30-en-la-cdmx-ponte-atento","status":"publish","type":"post","link":"https:\/\/quehacerpolitico.mx\/?p=128654","title":{"rendered":"Las manifestaciones para este viernes 30 en la CDMX ponte atento"},"content":{"rendered":"\n<p>Por Redacci\u00f3n QP<\/p>\n\n\n\n<p>Este viernes 30 de enero se llevar\u00e1n a cabo marchas, rodadas ciclistas y varias manifestaciones en diversos puntos de la capital del pa\u00eds<\/p>\n\n\n\n<p>Este viernes 30 de enero se llevar\u00e1n a cabo una marcha, una rodada ciclista y varias\u00a0manifestaciones en diversos puntos de la\u00a0Ciudad de M\u00e9xico, aqu\u00ed te damos detalles de los motivos, horarios y zonas m\u00e1s afectadas.<\/p>\n\n\n\n<p>La CDMX amaneci\u00f3 este viernes \u00faltimo de mes con menos trafico debido a que no hay actividades en escuelas de educaci\u00f3n b\u00e1sica y tambi\u00e9n hoy inicia un mega puente ya que el lunes 2 de febrero es marcado como d\u00eda de asueto.<\/p>\n\n\n\n<figure class=\"wp-block-embed is-type-rich is-provider-twitter wp-block-embed-twitter\"><div class=\"wp-block-embed__wrapper\">\n<blockquote class=\"twitter-tweet\" data-width=\"550\" data-dnt=\"true\"><p lang=\"es\" dir=\"ltr\">\u26a0\ufe0f\ud83d\uddd3 <a href=\"https:\/\/twitter.com\/hashtag\/ENT%C3%89RATE?src=hash&amp;ref_src=twsrc%5Etfw\">#ENT\u00c9RATE<\/a> | Para hoy, 30 de enero 2026, estas son las movilizaciones sociales previstas en la Ciudad de M\u00e9xico. <br><br> <a href=\"https:\/\/twitter.com\/hashtag\/MovilidadCDMX?src=hash&amp;ref_src=twsrc%5Etfw\">#MovilidadCDMX<\/a> <a href=\"https:\/\/twitter.com\/hashtag\/C5OjosDeLaCDMX?src=hash&amp;ref_src=twsrc%5Etfw\">#C5OjosDeLaCDMX<\/a>  <a href=\"https:\/\/twitter.com\/hashtag\/C5Coraz%C3%B3nDeLaCDMX?src=hash&amp;ref_src=twsrc%5Etfw\">#C5Coraz\u00f3nDeLaCDMX<\/a> <a href=\"https:\/\/twitter.com\/hashtag\/OjosDeLaCiudad?src=hash&amp;ref_src=twsrc%5Etfw\">#OjosDeLaCiudad<\/a> <a href=\"https:\/\/t.co\/f0qJDg2tGq\">pic.twitter.com\/f0qJDg2tGq<\/a><\/p>&mdash; C5 CDMX (@C5_CDMX) <a href=\"https:\/\/twitter.com\/C5_CDMX\/status\/2017208177209614542?ref_src=twsrc%5Etfw\">January 30, 2026<\/a><\/blockquote><script async src=\"https:\/\/platform.twitter.com\/widgets.js\" charset=\"utf-8\"><\/script>\n<\/div><\/figure>\n\n\n\n<h2 class=\"wp-block-heading\">MARCHAS<\/h2>\n\n\n\n<h3 class=\"wp-block-heading\">Conexi\u00f3n Migrante<\/h3>\n\n\n\n<p>Hora: 12:00 hrs.<\/p>\n\n\n\n<p>Lugar: Concentraci\u00f3n en la estaci\u00f3n del metro San Joaqu\u00edn l\u00ednea 7 del Sistema de Transporte Colectivo Metro, en colonia Pensil Sur, alcald\u00eda Miguel Hidalgo, cerca de la Avenida R\u00edo San Joaqu\u00edn y la calle Lago Hielmar alcald\u00eda Miguel Hidalgo CDMX.<\/p>\n\n\n\n<p>Rumbo a: Embajada de los Estados Unidos en Calzada Legaria y Av. Casa de la Moneda Colonia Irrigaci\u00f3n alcald\u00eda Miguel Hidalgo CDMX.<\/p>\n\n\n\n<p>Motivo: Se manifiestan en defensa de la comunidad migrante, exigiendo No m\u00e1s financiamiento al (Servicio de Inmigraci\u00f3n y Control de aduanas de Estados Unidos) ICE.<\/p>\n\n\n\n<p>Opci\u00f3n vial<\/p>\n\n\n\n<p>Usa Perif\u00e9rico, Marina Nacional o Ej\u00e9rcito Nacional. R\u00edo San Joaqu\u00edn (tramos habilitados).<\/p>\n\n\n\n<h2 class=\"wp-block-heading\">RODADA CICLISTA<\/h2>\n\n\n\n<h3 class=\"wp-block-heading\">Familiares y amigos de ciclista v\u00edctima de hechos de tr\u00e1nsito<\/h3>\n\n\n\n<figure class=\"wp-block-image\"><img decoding=\"async\" src=\"https:\/\/imagenes.excelsior.com.mx\/files\/image_449_252\/uploads\/2021\/05\/16\/69201ec242572.jpeg\" alt=\"thumb\"\/><figcaption class=\"wp-element-caption\">Rodada ciclista&nbsp;<\/figcaption><\/figure>\n\n\n\n<p>Hora: 12:00 hrs.<\/p>\n\n\n\n<p>Lugar: Albarrada # 2 Colonia Progresista Alcald\u00eda Iztapalapa CDMX.<\/p>\n\n\n\n<p>Rumbo a: Av. Javier Rojo G\u00f3mez y Eje Vial 5 Sur Marcelino Buend\u00eda Colonia Leyes de Reforma 3 Secc., Alcald\u00eda Iztapalapa CDMX.<\/p>\n\n\n\n<p>MOTIVO: Colocaci\u00f3n de Bicicleta blanca por el ciclista finado, Diego Gerardi Guerrero V\u00e1zquez, posteriormente realizar\u00e1n una rodada en su nombre.<\/p>\n\n\n\n<p>Opci\u00f3n vial<\/p>\n\n\n\n<p>Usa Eje 6 Sur o Av. Ermita Iztapalapa. Alterna por Perif\u00e9rico Oriente o Av. Tl\u00e1huac.<\/p>\n\n\n\n<h2 class=\"wp-block-heading\">MANIFESTACIONES<\/h2>\n\n\n\n<h3 class=\"wp-block-heading\">Alianza Nacional Telefonista<\/h3>\n\n\n\n<p>Hora: 07:00 hrs.<\/p>\n\n\n\n<p>Lugar: Palacio Nacional.<\/p>\n\n\n\n<p>Motivo Realizaran la entrega de un pliego petitorio dirigido a la presidenta Dra. Claudia Sheinbaum Pardo, en el que le solicitan la atenci\u00f3n a sus principales demandas: defensa del Contrato Colectivo de Trabajo, democracia sindical y mejores condiciones laborales.<\/p>\n\n\n\n<figure class=\"wp-block-image\"><img decoding=\"async\" src=\"https:\/\/imagenes.excelsior.com.mx\/files\/image_449_252\/uploads\/2025\/11\/21\/6920f720695a7.jpeg\" alt=\"thumb\"\/><figcaption class=\"wp-element-caption\">Palacio Nacional<\/figcaption><\/figure>\n\n\n\n<p>Colectiva Las Tonantzi<\/p>\n\n\n\n<p>Hora: 09:00 hrs.<\/p>\n\n\n\n<p>Lugar: Juzgados de Control del Reclusorio Varonil Oriente en Av. Reforma # 50 Colonia Lomas de San Lorenzo Alcald\u00eda Iztapalapa CDMX.<\/p>\n\n\n\n<p>Motivo: Realizar\u00e1n acompa\u00f1amiento a una v\u00edctima con motivo de la celebraci\u00f3n de una audiencia.<\/p>\n\n\n\n<h3 class=\"wp-block-heading\">Trabajadoras sexuales independientes y unidas<\/h3>\n\n\n\n<p>Hora: 10:00 hrs.<\/p>\n\n\n\n<p>Lugar: Reclusorio Preventivo Varonil Sur en Circuito Javier Pi\u00f1a y Palacios y Lic. Mart\u00ednez de Castro Colonia San Mateo Xalpa Alcaldia Xochimilco CDMX.<\/p>\n\n\n\n<p>Motivo: En apoyo a mujer trans, activista, v\u00edctima de un intento de feminicidio, con el fin de exigir justicia y garantizar la reparaci\u00f3n del da\u00f1o; as\u00ed como una sentencia en contra del presunto responsable.<\/p>\n\n\n\n<p>Opci\u00f3n vial<\/p>\n\n\n\n<p>Usa Perif\u00e9rico Sur o Av. Tl\u00e1huac. Toma Divisi\u00f3n del Norte (tramos habilitados).<\/p>\n\n\n\n<h3 class=\"wp-block-heading\">Colectivo Nacional No M\u00e1s Presos Inocentes<\/h3>\n\n\n\n<p>Hora: 11:30 hrs<\/p>\n\n\n\n<p>Lugar: Juzgados de Control del Reclusorio Varonil Oriente en Av. Reforma # 50 Colonia Lomas de San Lorenzo Alcald\u00eda Iztapalapa CDMX.<\/p>\n\n\n\n<p>MOTIVO: En apoyo a la audiencia para solicitar la revisi\u00f3n inmediata y exhaustiva de los casos de personas encarceladas a quienes consideran inocentes, denunciando la fabricaci\u00f3n de delitos, irregularidades en las investigaciones, el abuso de la prisi\u00f3n preventiva y las violaciones al debido proceso.<\/p>\n\n\n\n<p>Opci\u00f3n vial<\/p>\n\n\n\n<p>Usa Perif\u00e9rico Oriente o Av. Tl\u00e1huac. Alterna por Eje 10 Sur.<\/p>\n\n\n\n<h3 class=\"wp-block-heading\">Comit\u00e9 de apoyo emergente Pro Refugio Franciscano A.C.<\/h3>\n\n\n\n<p>Hora: 12:00 hrs.<\/p>\n\n\n\n<p>Lugar: Refugio Franciscano A.C. en Carretera M\u00e9xico-Toluca KM 17.5, Colonia Lomas de Vista Hermosa Alcald\u00eda Cuajimalpa CDMX.<\/p>\n\n\n\n<p>Motivo: Para dar seguimiento a la entrega del predio del Refugio Franciscano A.C., a la Asociaci\u00f3n Franciscana I.A.P., lo anterior, luego que la jueza por ministerio de Ley del juzgado 60 de lo Civil, dictar\u00e1 un acuerdo en el que, al dar cumplimiento a la suspensi\u00f3n concedida del refugio, fijo entregar la posesi\u00f3n del inmueble que fue desalojado desde diciembre del a\u00f1o pasado.<\/p>\n\n\n\n<p>Opci\u00f3n vial<\/p>\n\n\n\n<p>Usa Autopista M\u00e9xico\u2013Toluca o Prol. Paseo de la Reforma. Igual por Av. Vasco de Quiroga.<\/p>\n\n\n\n<h3 class=\"wp-block-heading\">Amnist\u00eda Internacional M\u00e9xico<\/h3>\n\n\n\n<p>Hora: 15:00 hrs.<\/p>\n\n\n\n<p>Lugar: Embajada de la Rep\u00fablica Isl\u00e1mica de Ir\u00e1n en Av. Paseo de la Reforma # 2350 Colonia Lomas Altas alcald\u00eda Miguel Hidalgo CDMX.<\/p>\n\n\n\n<p>Motivo: En apoyo a los ciudadanos iran\u00edes que iniciaron protestas el pasado 28 de diciembre de 2025, exigiendo un cambio fundamental y un sistema pol\u00edtico que respete los derechos humanos y la dignidad; as\u00ed como en contra de la represi\u00f3n ejercida por el gobierno de Ir\u00e1n, lo que ha provocado muertes masivas en la poblaci\u00f3n de ese pa\u00eds.<\/p>\n\n\n\n<p>Opci\u00f3n vial<\/p>\n\n\n\n<p>Usa Perif\u00e9rico o Av. Constituyentes. Tambi\u00e9n puedes ir por Prol. Paseo de la Reforma.<\/p>\n","protected":false},"excerpt":{"rendered":"<p>Por Redacci\u00f3n QP Este viernes 30 de enero se llevar\u00e1n a cabo marchas, rodadas ciclistas&#8230;<\/p>\n","protected":false},"author":2,"featured_media":128655,"comment_status":"open","ping_status":"open","sticky":false,"template":"","format":"standard","meta":{"_monsterinsights_skip_tracking":false,"_monsterinsights_sitenote_active":false,"_monsterinsights_sitenote_note":"","_monsterinsights_sitenote_category":0,"footnotes":""},"categories":[55],"tags":[],"class_list":["post-128654","post","type-post","status-publish","format-standard","has-post-thumbnail","hentry","category-cdmx"],"yoast_head":"<!-- This site is optimized with the Yoast SEO plugin v27.3 - https:\/\/yoast.com\/product\/yoast-seo-wordpress\/ -->\n<title>Las manifestaciones para este viernes 30 en la CDMX ponte atento -<\/title>\n<meta name=\"robots\" content=\"index, follow, max-snippet:-1, max-image-preview:large, max-video-preview:-1\" \/>\n<link rel=\"canonical\" href=\"https:\/\/quehacerpolitico.mx\/?p=128654\" \/>\n<meta property=\"og:locale\" content=\"es_MX\" \/>\n<meta property=\"og:type\" content=\"article\" \/>\n<meta property=\"og:title\" content=\"Las manifestaciones para este viernes 30 en la CDMX ponte atento -\" \/>\n<meta property=\"og:description\" content=\"Por Redacci\u00f3n QP Este viernes 30 de enero se llevar\u00e1n a cabo marchas, rodadas ciclistas...\" \/>\n<meta property=\"og:url\" content=\"https:\/\/quehacerpolitico.mx\/?p=128654\" \/>\n<meta property=\"article:published_time\" content=\"2026-01-30T19:08:54+00:00\" \/>\n<meta property=\"article:modified_time\" content=\"2026-01-30T19:08:57+00:00\" \/>\n<meta property=\"og:image\" content=\"http:\/\/quehacerpolitico.mx\/wp-content\/uploads\/2026\/01\/IMG_6364.jpeg\" \/>\n\t<meta property=\"og:image:width\" content=\"1200\" \/>\n\t<meta property=\"og:image:height\" content=\"630\" \/>\n\t<meta property=\"og:image:type\" content=\"image\/jpeg\" \/>\n<meta name=\"author\" content=\"Redacci\u00f3n QP\" \/>\n<meta name=\"twitter:card\" content=\"summary_large_image\" \/>\n<meta name=\"twitter:label1\" content=\"Escrito por\" \/>\n\t<meta name=\"twitter:data1\" content=\"Redacci\u00f3n QP\" \/>\n\t<meta name=\"twitter:label2\" content=\"Tiempo de lectura\" \/>\n\t<meta name=\"twitter:data2\" content=\"5 minutos\" \/>\n<script type=\"application\/ld+json\" class=\"yoast-schema-graph\">{\"@context\":\"https:\\\/\\\/schema.org\",\"@graph\":[{\"@type\":\"Article\",\"@id\":\"https:\\\/\\\/quehacerpolitico.mx\\\/?p=128654#article\",\"isPartOf\":{\"@id\":\"https:\\\/\\\/quehacerpolitico.mx\\\/?p=128654\"},\"author\":{\"name\":\"Redacci\u00f3n QP\",\"@id\":\"https:\\\/\\\/quehacerpolitico.mx\\\/#\\\/schema\\\/person\\\/496d8ad2d1d3f8036101dca7ee39e585\"},\"headline\":\"Las manifestaciones para este viernes 30 en la CDMX ponte atento\",\"datePublished\":\"2026-01-30T19:08:54+00:00\",\"dateModified\":\"2026-01-30T19:08:57+00:00\",\"mainEntityOfPage\":{\"@id\":\"https:\\\/\\\/quehacerpolitico.mx\\\/?p=128654\"},\"wordCount\":848,\"commentCount\":0,\"image\":{\"@id\":\"https:\\\/\\\/quehacerpolitico.mx\\\/?p=128654#primaryimage\"},\"thumbnailUrl\":\"https:\\\/\\\/quehacerpolitico.mx\\\/wp-content\\\/uploads\\\/2026\\\/01\\\/IMG_6364.jpeg\",\"articleSection\":[\"CDMX\"],\"inLanguage\":\"es\",\"potentialAction\":[{\"@type\":\"CommentAction\",\"name\":\"Comment\",\"target\":[\"https:\\\/\\\/quehacerpolitico.mx\\\/?p=128654#respond\"]}]},{\"@type\":\"WebPage\",\"@id\":\"https:\\\/\\\/quehacerpolitico.mx\\\/?p=128654\",\"url\":\"https:\\\/\\\/quehacerpolitico.mx\\\/?p=128654\",\"name\":\"Las manifestaciones para este viernes 30 en la CDMX ponte atento -\",\"isPartOf\":{\"@id\":\"https:\\\/\\\/quehacerpolitico.mx\\\/#website\"},\"primaryImageOfPage\":{\"@id\":\"https:\\\/\\\/quehacerpolitico.mx\\\/?p=128654#primaryimage\"},\"image\":{\"@id\":\"https:\\\/\\\/quehacerpolitico.mx\\\/?p=128654#primaryimage\"},\"thumbnailUrl\":\"https:\\\/\\\/quehacerpolitico.mx\\\/wp-content\\\/uploads\\\/2026\\\/01\\\/IMG_6364.jpeg\",\"datePublished\":\"2026-01-30T19:08:54+00:00\",\"dateModified\":\"2026-01-30T19:08:57+00:00\",\"author\":{\"@id\":\"https:\\\/\\\/quehacerpolitico.mx\\\/#\\\/schema\\\/person\\\/496d8ad2d1d3f8036101dca7ee39e585\"},\"breadcrumb\":{\"@id\":\"https:\\\/\\\/quehacerpolitico.mx\\\/?p=128654#breadcrumb\"},\"inLanguage\":\"es\",\"potentialAction\":[{\"@type\":\"ReadAction\",\"target\":[\"https:\\\/\\\/quehacerpolitico.mx\\\/?p=128654\"]}]},{\"@type\":\"ImageObject\",\"inLanguage\":\"es\",\"@id\":\"https:\\\/\\\/quehacerpolitico.mx\\\/?p=128654#primaryimage\",\"url\":\"https:\\\/\\\/quehacerpolitico.mx\\\/wp-content\\\/uploads\\\/2026\\\/01\\\/IMG_6364.jpeg\",\"contentUrl\":\"https:\\\/\\\/quehacerpolitico.mx\\\/wp-content\\\/uploads\\\/2026\\\/01\\\/IMG_6364.jpeg\",\"width\":1200,\"height\":630},{\"@type\":\"BreadcrumbList\",\"@id\":\"https:\\\/\\\/quehacerpolitico.mx\\\/?p=128654#breadcrumb\",\"itemListElement\":[{\"@type\":\"ListItem\",\"position\":1,\"name\":\"Inicio\",\"item\":\"https:\\\/\\\/quehacerpolitico.mx\\\/\"},{\"@type\":\"ListItem\",\"position\":2,\"name\":\"Las manifestaciones para este viernes 30 en la CDMX ponte atento\"}]},{\"@type\":\"WebSite\",\"@id\":\"https:\\\/\\\/quehacerpolitico.mx\\\/#website\",\"url\":\"https:\\\/\\\/quehacerpolitico.mx\\\/\",\"name\":\"\",\"description\":\"\",\"potentialAction\":[{\"@type\":\"SearchAction\",\"target\":{\"@type\":\"EntryPoint\",\"urlTemplate\":\"https:\\\/\\\/quehacerpolitico.mx\\\/?s={search_term_string}\"},\"query-input\":{\"@type\":\"PropertyValueSpecification\",\"valueRequired\":true,\"valueName\":\"search_term_string\"}}],\"inLanguage\":\"es\"},{\"@type\":\"Person\",\"@id\":\"https:\\\/\\\/quehacerpolitico.mx\\\/#\\\/schema\\\/person\\\/496d8ad2d1d3f8036101dca7ee39e585\",\"name\":\"Redacci\u00f3n QP\",\"image\":{\"@type\":\"ImageObject\",\"inLanguage\":\"es\",\"@id\":\"https:\\\/\\\/secure.gravatar.com\\\/avatar\\\/c7164ed6fdec453195284ad24a5ae5b6e1eed2b848477fa2a4787ba9adf39a41?s=96&d=mm&r=g\",\"url\":\"https:\\\/\\\/secure.gravatar.com\\\/avatar\\\/c7164ed6fdec453195284ad24a5ae5b6e1eed2b848477fa2a4787ba9adf39a41?s=96&d=mm&r=g\",\"contentUrl\":\"https:\\\/\\\/secure.gravatar.com\\\/avatar\\\/c7164ed6fdec453195284ad24a5ae5b6e1eed2b848477fa2a4787ba9adf39a41?s=96&d=mm&r=g\",\"caption\":\"Redacci\u00f3n QP\"},\"url\":\"https:\\\/\\\/quehacerpolitico.mx\\\/?author=2\"}]}<\/script>\n<!-- \/ Yoast SEO plugin. -->","yoast_head_json":{"title":"Las manifestaciones para este viernes 30 en la CDMX ponte atento -","robots":{"index":"index","follow":"follow","max-snippet":"max-snippet:-1","max-image-preview":"max-image-preview:large","max-video-preview":"max-video-preview:-1"},"canonical":"https:\/\/quehacerpolitico.mx\/?p=128654","og_locale":"es_MX","og_type":"article","og_title":"Las manifestaciones para este viernes 30 en la CDMX ponte atento -","og_description":"Por Redacci\u00f3n QP Este viernes 30 de enero se llevar\u00e1n a cabo marchas, rodadas ciclistas...","og_url":"https:\/\/quehacerpolitico.mx\/?p=128654","article_published_time":"2026-01-30T19:08:54+00:00","article_modified_time":"2026-01-30T19:08:57+00:00","og_image":[{"width":1200,"height":630,"url":"http:\/\/quehacerpolitico.mx\/wp-content\/uploads\/2026\/01\/IMG_6364.jpeg","type":"image\/jpeg"}],"author":"Redacci\u00f3n QP","twitter_card":"summary_large_image","twitter_misc":{"Escrito por":"Redacci\u00f3n QP","Tiempo de lectura":"5 minutos"},"schema":{"@context":"https:\/\/schema.org","@graph":[{"@type":"Article","@id":"https:\/\/quehacerpolitico.mx\/?p=128654#article","isPartOf":{"@id":"https:\/\/quehacerpolitico.mx\/?p=128654"},"author":{"name":"Redacci\u00f3n QP","@id":"https:\/\/quehacerpolitico.mx\/#\/schema\/person\/496d8ad2d1d3f8036101dca7ee39e585"},"headline":"Las manifestaciones para este viernes 30 en la CDMX ponte atento","datePublished":"2026-01-30T19:08:54+00:00","dateModified":"2026-01-30T19:08:57+00:00","mainEntityOfPage":{"@id":"https:\/\/quehacerpolitico.mx\/?p=128654"},"wordCount":848,"commentCount":0,"image":{"@id":"https:\/\/quehacerpolitico.mx\/?p=128654#primaryimage"},"thumbnailUrl":"https:\/\/quehacerpolitico.mx\/wp-content\/uploads\/2026\/01\/IMG_6364.jpeg","articleSection":["CDMX"],"inLanguage":"es","potentialAction":[{"@type":"CommentAction","name":"Comment","target":["https:\/\/quehacerpolitico.mx\/?p=128654#respond"]}]},{"@type":"WebPage","@id":"https:\/\/quehacerpolitico.mx\/?p=128654","url":"https:\/\/quehacerpolitico.mx\/?p=128654","name":"Las manifestaciones para este viernes 30 en la CDMX ponte atento -","isPartOf":{"@id":"https:\/\/quehacerpolitico.mx\/#website"},"primaryImageOfPage":{"@id":"https:\/\/quehacerpolitico.mx\/?p=128654#primaryimage"},"image":{"@id":"https:\/\/quehacerpolitico.mx\/?p=128654#primaryimage"},"thumbnailUrl":"https:\/\/quehacerpolitico.mx\/wp-content\/uploads\/2026\/01\/IMG_6364.jpeg","datePublished":"2026-01-30T19:08:54+00:00","dateModified":"2026-01-30T19:08:57+00:00","author":{"@id":"https:\/\/quehacerpolitico.mx\/#\/schema\/person\/496d8ad2d1d3f8036101dca7ee39e585"},"breadcrumb":{"@id":"https:\/\/quehacerpolitico.mx\/?p=128654#breadcrumb"},"inLanguage":"es","potentialAction":[{"@type":"ReadAction","target":["https:\/\/quehacerpolitico.mx\/?p=128654"]}]},{"@type":"ImageObject","inLanguage":"es","@id":"https:\/\/quehacerpolitico.mx\/?p=128654#primaryimage","url":"https:\/\/quehacerpolitico.mx\/wp-content\/uploads\/2026\/01\/IMG_6364.jpeg","contentUrl":"https:\/\/quehacerpolitico.mx\/wp-content\/uploads\/2026\/01\/IMG_6364.jpeg","width":1200,"height":630},{"@type":"BreadcrumbList","@id":"https:\/\/quehacerpolitico.mx\/?p=128654#breadcrumb","itemListElement":[{"@type":"ListItem","position":1,"name":"Inicio","item":"https:\/\/quehacerpolitico.mx\/"},{"@type":"ListItem","position":2,"name":"Las manifestaciones para este viernes 30 en la CDMX ponte atento"}]},{"@type":"WebSite","@id":"https:\/\/quehacerpolitico.mx\/#website","url":"https:\/\/quehacerpolitico.mx\/","name":"","description":"","potentialAction":[{"@type":"SearchAction","target":{"@type":"EntryPoint","urlTemplate":"https:\/\/quehacerpolitico.mx\/?s={search_term_string}"},"query-input":{"@type":"PropertyValueSpecification","valueRequired":true,"valueName":"search_term_string"}}],"inLanguage":"es"},{"@type":"Person","@id":"https:\/\/quehacerpolitico.mx\/#\/schema\/person\/496d8ad2d1d3f8036101dca7ee39e585","name":"Redacci\u00f3n QP","image":{"@type":"ImageObject","inLanguage":"es","@id":"https:\/\/secure.gravatar.com\/avatar\/c7164ed6fdec453195284ad24a5ae5b6e1eed2b848477fa2a4787ba9adf39a41?s=96&d=mm&r=g","url":"https:\/\/secure.gravatar.com\/avatar\/c7164ed6fdec453195284ad24a5ae5b6e1eed2b848477fa2a4787ba9adf39a41?s=96&d=mm&r=g","contentUrl":"https:\/\/secure.gravatar.com\/avatar\/c7164ed6fdec453195284ad24a5ae5b6e1eed2b848477fa2a4787ba9adf39a41?s=96&d=mm&r=g","caption":"Redacci\u00f3n QP"},"url":"https:\/\/quehacerpolitico.mx\/?author=2"}]}},"featured_image_urls":{"full":["https:\/\/quehacerpolitico.mx\/wp-content\/uploads\/2026\/01\/IMG_6364.jpeg",1200,630,false],"thumbnail":["https:\/\/quehacerpolitico.mx\/wp-content\/uploads\/2026\/01\/IMG_6364-150x150.jpeg",150,150,true],"medium":["https:\/\/quehacerpolitico.mx\/wp-content\/uploads\/2026\/01\/IMG_6364-300x158.jpeg",300,158,true],"medium_large":["https:\/\/quehacerpolitico.mx\/wp-content\/uploads\/2026\/01\/IMG_6364-768x403.jpeg",640,336,true],"large":["https:\/\/quehacerpolitico.mx\/wp-content\/uploads\/2026\/01\/IMG_6364-1024x538.jpeg",640,336,true],"1536x1536":["https:\/\/quehacerpolitico.mx\/wp-content\/uploads\/2026\/01\/IMG_6364.jpeg",1200,630,false],"2048x2048":["https:\/\/quehacerpolitico.mx\/wp-content\/uploads\/2026\/01\/IMG_6364.jpeg",1200,630,false],"covernews-featured":["https:\/\/quehacerpolitico.mx\/wp-content\/uploads\/2026\/01\/IMG_6364-1024x538.jpeg",1024,538,true],"covernews-medium":["https:\/\/quehacerpolitico.mx\/wp-content\/uploads\/2026\/01\/IMG_6364-540x340.jpeg",540,340,true]},"author_info":{"display_name":"Redacci\u00f3n QP","author_link":"https:\/\/quehacerpolitico.mx\/?author=2"},"category_info":"<a href=\"https:\/\/quehacerpolitico.mx\/?cat=55\" rel=\"category\">CDMX<\/a>","tag_info":"CDMX","comment_count":"0","_links":{"self":[{"href":"https:\/\/quehacerpolitico.mx\/index.php?rest_route=\/wp\/v2\/posts\/128654","targetHints":{"allow":["GET"]}}],"collection":[{"href":"https:\/\/quehacerpolitico.mx\/index.php?rest_route=\/wp\/v2\/posts"}],"about":[{"href":"https:\/\/quehacerpolitico.mx\/index.php?rest_route=\/wp\/v2\/types\/post"}],"author":[{"embeddable":true,"href":"https:\/\/quehacerpolitico.mx\/index.php?rest_route=\/wp\/v2\/users\/2"}],"replies":[{"embeddable":true,"href":"https:\/\/quehacerpolitico.mx\/index.php?rest_route=%2Fwp%2Fv2%2Fcomments&post=128654"}],"version-history":[{"count":1,"href":"https:\/\/quehacerpolitico.mx\/index.php?rest_route=\/wp\/v2\/posts\/128654\/revisions"}],"predecessor-version":[{"id":128656,"href":"https:\/\/quehacerpolitico.mx\/index.php?rest_route=\/wp\/v2\/posts\/128654\/revisions\/128656"}],"wp:featuredmedia":[{"embeddable":true,"href":"https:\/\/quehacerpolitico.mx\/index.php?rest_route=\/wp\/v2\/media\/128655"}],"wp:attachment":[{"href":"https:\/\/quehacerpolitico.mx\/index.php?rest_route=%2Fwp%2Fv2%2Fmedia&parent=128654"}],"wp:term":[{"taxonomy":"category","embeddable":true,"href":"https:\/\/quehacerpolitico.mx\/index.php?rest_route=%2Fwp%2Fv2%2Fcategories&post=128654"},{"taxonomy":"post_tag","embeddable":true,"href":"https:\/\/quehacerpolitico.mx\/index.php?rest_route=%2Fwp%2Fv2%2Ftags&post=128654"}],"curies":[{"name":"wp","href":"https:\/\/api.w.org\/{rel}","templated":true}]}}