{"id":128651,"date":"2026-01-30T12:36:01","date_gmt":"2026-01-30T18:36:01","guid":{"rendered":"https:\/\/quehacerpolitico.mx\/?p=128651"},"modified":"2026-01-30T12:36:04","modified_gmt":"2026-01-30T18:36:04","slug":"sheinbaum-evita-aclarar-si-mexico-dejara-de-enviar-petroleo-a-cuba-tras-aranceles-de-eu","status":"publish","type":"post","link":"https:\/\/quehacerpolitico.mx\/?p=128651","title":{"rendered":"Sheinbaum evita aclarar si M\u00e9xico dejar\u00e1 de enviar petr\u00f3leo a Cuba tras aranceles de EU"},"content":{"rendered":"\n<p>Por Redacci\u00f3n QP<\/p>\n\n\n\n<p>La mandataria asegur\u00f3 que estos grav\u00e1menes podr\u00edan generar una crisis humanitaria y afectar a hospitales, la seguridad alimentaria, as\u00ed como otros servicios b\u00e1sicos en la isla caribe\u00f1a<\/p>\n\n\n\n<p>La presidenta<strong>&nbsp;Claudia Sheinbaum evit\u00f3 decir si M\u00e9xico dejar\u00e1 de enviar petr\u00f3leo a Cuba&nbsp;<\/strong>despu\u00e9s de que Estados Unidos anunciara que aplicar\u00e1&nbsp;<strong>aranceles<\/strong>&nbsp;a los pa\u00edses que suministren del hidrocarburo a la isla.&nbsp;<\/p>\n\n\n\n<p>Durante su&nbsp;conferencia matutina en Tijuana, la mandataria asegur\u00f3 que estos grav\u00e1menes podr\u00edan<strong>&nbsp;generar una crisis humanitaria&nbsp;<\/strong>y afectar a hospitales, la seguridad alimentaria, as\u00ed como otros servicios b\u00e1sicos en la isla caribe\u00f1a.<\/p>\n\n\n\n<figure class=\"wp-block-embed is-type-rich is-provider-twitter wp-block-embed-twitter\"><div class=\"wp-block-embed__wrapper\">\n<blockquote class=\"twitter-tweet\" data-width=\"550\" data-dnt=\"true\"><p lang=\"es\" dir=\"ltr\">La reacci\u00f3n de Sheinbaum tras el decreto de Trump para imponer aranceles a los env\u00edos de petr\u00f3leo a Cuba:<br><br>\u201cBuscaremos la manera, sin poner en riesgo a M\u00e9xico, de ser solidarios con el pueblo cubano\u201d <a href=\"https:\/\/t.co\/4FTFDi6S4X\">pic.twitter.com\/4FTFDi6S4X<\/a><\/p>&mdash; Manuel Lopez San Martin (@MLopezSanMartin) <a href=\"https:\/\/twitter.com\/MLopezSanMartin\/status\/2017275955119571279?ref_src=twsrc%5Etfw\">January 30, 2026<\/a><\/blockquote><script async src=\"https:\/\/platform.twitter.com\/widgets.js\" charset=\"utf-8\"><\/script>\n<\/div><\/figure>\n\n\n\n<p>&#8220;He pedido al secretario De la Fuente que hable con el departamento de Estado para<strong>&nbsp;conocer los alcance<\/strong>s y&nbsp;hacerle saber al gobierno de los Estados Unidos lo que significar\u00eda una crisis humanitaria&#8221;, dijo.<\/p>\n\n\n\n<p>Asimismo, la presidenta descart\u00f3 que durante su conversaci\u00f3n con el presidente&nbsp;<strong>Donald Trump<\/strong>&nbsp;la ma\u00f1ana del jueves 29 de enero se abordara su intenci\u00f3n de&nbsp;<strong>imponer aranceles a los pa\u00edses que surten petr\u00f3leo<\/strong>&nbsp;al gobierno cubano o la relaci\u00f3n de M\u00e9xico con la isla.<\/p>\n\n\n\n<p>Sheinbaum asever\u00f3 que esta crisis debe evitarse mediante el r<strong>espeto al derecho internacional<\/strong>&nbsp;y el di\u00e1logo entre las partes, aunque asegur\u00f3 que<strong>&nbsp;no pondr\u00e1 en riesgo a M\u00e9xico.<\/strong><\/p>\n\n\n\n<p>&#8220;Nosotros tenemos que<strong>&nbsp;saber los alcances&nbsp;<\/strong>porque tampoco queremos poner en riesgo a nuestro pa\u00eds en t\u00e9rminos de los aranceles. Queremos saber los alcances y siempre buscar las v\u00edas diplom\u00e1ticas. La no confrontaci\u00f3n, el di\u00e1logo, buscar las v\u00edas diplom\u00e1ticas y buscar distintas maneras de apoyar&#8221;, a\u00f1adi\u00f3.&nbsp;<\/p>\n\n\n\n<p>Asimismo, Sheinbaum record\u00f3 que el gobierno de<strong>&nbsp;Estados Unidos env\u00eda ayuda&nbsp;humanitaria a la isla<\/strong>, tales como la alimentaci\u00f3n y&nbsp;otros insumos.&nbsp;<\/p>\n\n\n\n<p>Trump&nbsp;firm\u00f3 una orden ejecutiva para imponer aranceles a los pa\u00edses que suministre<strong>n petr\u00f3leo a&nbsp;Cuba<\/strong>, en un intento de agudizar la crisis en la isla que ya fue agravada por el corte en el env\u00edo de crudo venezolano tras la&nbsp;<strong>captura de&nbsp;Nicol\u00e1s Maduro.<\/strong><\/p>\n\n\n\n<p>&#8220;Considero que la situaci\u00f3n con respecto a&nbsp;Cuba&nbsp;constituye una amenaza inusual y extraordinaria para la seguridad nacional y la pol\u00edtica exterior de&nbsp;Estados Unidos,&nbsp;y por la presente declaro una emergencia nacional con respecto a esa amenaza&#8221;, argument\u00f3 el mandatario en la orden ejecutiva.<\/p>\n","protected":false},"excerpt":{"rendered":"<p>Por Redacci\u00f3n QP La mandataria asegur\u00f3 que estos grav\u00e1menes podr\u00edan generar una crisis humanitaria y&#8230;<\/p>\n","protected":false},"author":2,"featured_media":128652,"comment_status":"open","ping_status":"open","sticky":false,"template":"","format":"standard","meta":{"_monsterinsights_skip_tracking":false,"_monsterinsights_sitenote_active":false,"_monsterinsights_sitenote_note":"","_monsterinsights_sitenote_category":0,"footnotes":""},"categories":[280,2],"tags":[],"class_list":["post-128651","post","type-post","status-publish","format-standard","has-post-thumbnail","hentry","category-nacionales","category-noticias"],"yoast_head":"<!-- This site is optimized with the Yoast SEO plugin v27.3 - https:\/\/yoast.com\/product\/yoast-seo-wordpress\/ -->\n<title>Sheinbaum evita aclarar si M\u00e9xico dejar\u00e1 de enviar petr\u00f3leo a Cuba tras aranceles de EU -<\/title>\n<meta name=\"robots\" content=\"index, follow, max-snippet:-1, max-image-preview:large, max-video-preview:-1\" \/>\n<link rel=\"canonical\" href=\"https:\/\/quehacerpolitico.mx\/?p=128651\" \/>\n<meta property=\"og:locale\" content=\"es_MX\" \/>\n<meta property=\"og:type\" content=\"article\" \/>\n<meta property=\"og:title\" content=\"Sheinbaum evita aclarar si M\u00e9xico dejar\u00e1 de enviar petr\u00f3leo a Cuba tras aranceles de EU -\" \/>\n<meta property=\"og:description\" content=\"Por Redacci\u00f3n QP La mandataria asegur\u00f3 que estos grav\u00e1menes podr\u00edan generar una crisis humanitaria y...\" \/>\n<meta property=\"og:url\" content=\"https:\/\/quehacerpolitico.mx\/?p=128651\" \/>\n<meta property=\"article:published_time\" content=\"2026-01-30T18:36:01+00:00\" \/>\n<meta property=\"article:modified_time\" content=\"2026-01-30T18:36:04+00:00\" \/>\n<meta property=\"og:image\" content=\"http:\/\/quehacerpolitico.mx\/wp-content\/uploads\/2026\/01\/IMG_6363.jpeg\" \/>\n\t<meta property=\"og:image:width\" content=\"1170\" \/>\n\t<meta property=\"og:image:height\" content=\"640\" \/>\n\t<meta property=\"og:image:type\" content=\"image\/jpeg\" \/>\n<meta name=\"author\" content=\"Redacci\u00f3n QP\" \/>\n<meta name=\"twitter:card\" content=\"summary_large_image\" \/>\n<meta name=\"twitter:label1\" content=\"Escrito por\" \/>\n\t<meta name=\"twitter:data1\" content=\"Redacci\u00f3n QP\" \/>\n\t<meta name=\"twitter:label2\" content=\"Tiempo de lectura\" \/>\n\t<meta name=\"twitter:data2\" content=\"2 minutos\" \/>\n<script type=\"application\/ld+json\" class=\"yoast-schema-graph\">{\"@context\":\"https:\\\/\\\/schema.org\",\"@graph\":[{\"@type\":\"Article\",\"@id\":\"https:\\\/\\\/quehacerpolitico.mx\\\/?p=128651#article\",\"isPartOf\":{\"@id\":\"https:\\\/\\\/quehacerpolitico.mx\\\/?p=128651\"},\"author\":{\"name\":\"Redacci\u00f3n QP\",\"@id\":\"https:\\\/\\\/quehacerpolitico.mx\\\/#\\\/schema\\\/person\\\/496d8ad2d1d3f8036101dca7ee39e585\"},\"headline\":\"Sheinbaum evita aclarar si M\u00e9xico dejar\u00e1 de enviar petr\u00f3leo a Cuba tras aranceles de EU\",\"datePublished\":\"2026-01-30T18:36:01+00:00\",\"dateModified\":\"2026-01-30T18:36:04+00:00\",\"mainEntityOfPage\":{\"@id\":\"https:\\\/\\\/quehacerpolitico.mx\\\/?p=128651\"},\"wordCount\":453,\"commentCount\":0,\"image\":{\"@id\":\"https:\\\/\\\/quehacerpolitico.mx\\\/?p=128651#primaryimage\"},\"thumbnailUrl\":\"https:\\\/\\\/quehacerpolitico.mx\\\/wp-content\\\/uploads\\\/2026\\\/01\\\/IMG_6363.jpeg\",\"articleSection\":[\"Nacionales\",\"Noticias\"],\"inLanguage\":\"es\",\"potentialAction\":[{\"@type\":\"CommentAction\",\"name\":\"Comment\",\"target\":[\"https:\\\/\\\/quehacerpolitico.mx\\\/?p=128651#respond\"]}]},{\"@type\":\"WebPage\",\"@id\":\"https:\\\/\\\/quehacerpolitico.mx\\\/?p=128651\",\"url\":\"https:\\\/\\\/quehacerpolitico.mx\\\/?p=128651\",\"name\":\"Sheinbaum evita aclarar si M\u00e9xico dejar\u00e1 de enviar petr\u00f3leo a Cuba tras aranceles de EU -\",\"isPartOf\":{\"@id\":\"https:\\\/\\\/quehacerpolitico.mx\\\/#website\"},\"primaryImageOfPage\":{\"@id\":\"https:\\\/\\\/quehacerpolitico.mx\\\/?p=128651#primaryimage\"},\"image\":{\"@id\":\"https:\\\/\\\/quehacerpolitico.mx\\\/?p=128651#primaryimage\"},\"thumbnailUrl\":\"https:\\\/\\\/quehacerpolitico.mx\\\/wp-content\\\/uploads\\\/2026\\\/01\\\/IMG_6363.jpeg\",\"datePublished\":\"2026-01-30T18:36:01+00:00\",\"dateModified\":\"2026-01-30T18:36:04+00:00\",\"author\":{\"@id\":\"https:\\\/\\\/quehacerpolitico.mx\\\/#\\\/schema\\\/person\\\/496d8ad2d1d3f8036101dca7ee39e585\"},\"breadcrumb\":{\"@id\":\"https:\\\/\\\/quehacerpolitico.mx\\\/?p=128651#breadcrumb\"},\"inLanguage\":\"es\",\"potentialAction\":[{\"@type\":\"ReadAction\",\"target\":[\"https:\\\/\\\/quehacerpolitico.mx\\\/?p=128651\"]}]},{\"@type\":\"ImageObject\",\"inLanguage\":\"es\",\"@id\":\"https:\\\/\\\/quehacerpolitico.mx\\\/?p=128651#primaryimage\",\"url\":\"https:\\\/\\\/quehacerpolitico.mx\\\/wp-content\\\/uploads\\\/2026\\\/01\\\/IMG_6363.jpeg\",\"contentUrl\":\"https:\\\/\\\/quehacerpolitico.mx\\\/wp-content\\\/uploads\\\/2026\\\/01\\\/IMG_6363.jpeg\",\"width\":1170,\"height\":640,\"caption\":\"Screenshot\"},{\"@type\":\"BreadcrumbList\",\"@id\":\"https:\\\/\\\/quehacerpolitico.mx\\\/?p=128651#breadcrumb\",\"itemListElement\":[{\"@type\":\"ListItem\",\"position\":1,\"name\":\"Inicio\",\"item\":\"https:\\\/\\\/quehacerpolitico.mx\\\/\"},{\"@type\":\"ListItem\",\"position\":2,\"name\":\"Sheinbaum evita aclarar si M\u00e9xico dejar\u00e1 de enviar petr\u00f3leo a Cuba tras aranceles de EU\"}]},{\"@type\":\"WebSite\",\"@id\":\"https:\\\/\\\/quehacerpolitico.mx\\\/#website\",\"url\":\"https:\\\/\\\/quehacerpolitico.mx\\\/\",\"name\":\"\",\"description\":\"\",\"potentialAction\":[{\"@type\":\"SearchAction\",\"target\":{\"@type\":\"EntryPoint\",\"urlTemplate\":\"https:\\\/\\\/quehacerpolitico.mx\\\/?s={search_term_string}\"},\"query-input\":{\"@type\":\"PropertyValueSpecification\",\"valueRequired\":true,\"valueName\":\"search_term_string\"}}],\"inLanguage\":\"es\"},{\"@type\":\"Person\",\"@id\":\"https:\\\/\\\/quehacerpolitico.mx\\\/#\\\/schema\\\/person\\\/496d8ad2d1d3f8036101dca7ee39e585\",\"name\":\"Redacci\u00f3n QP\",\"image\":{\"@type\":\"ImageObject\",\"inLanguage\":\"es\",\"@id\":\"https:\\\/\\\/secure.gravatar.com\\\/avatar\\\/c7164ed6fdec453195284ad24a5ae5b6e1eed2b848477fa2a4787ba9adf39a41?s=96&d=mm&r=g\",\"url\":\"https:\\\/\\\/secure.gravatar.com\\\/avatar\\\/c7164ed6fdec453195284ad24a5ae5b6e1eed2b848477fa2a4787ba9adf39a41?s=96&d=mm&r=g\",\"contentUrl\":\"https:\\\/\\\/secure.gravatar.com\\\/avatar\\\/c7164ed6fdec453195284ad24a5ae5b6e1eed2b848477fa2a4787ba9adf39a41?s=96&d=mm&r=g\",\"caption\":\"Redacci\u00f3n QP\"},\"url\":\"https:\\\/\\\/quehacerpolitico.mx\\\/?author=2\"}]}<\/script>\n<!-- \/ Yoast SEO plugin. -->","yoast_head_json":{"title":"Sheinbaum evita aclarar si M\u00e9xico dejar\u00e1 de enviar petr\u00f3leo a Cuba tras aranceles de EU -","robots":{"index":"index","follow":"follow","max-snippet":"max-snippet:-1","max-image-preview":"max-image-preview:large","max-video-preview":"max-video-preview:-1"},"canonical":"https:\/\/quehacerpolitico.mx\/?p=128651","og_locale":"es_MX","og_type":"article","og_title":"Sheinbaum evita aclarar si M\u00e9xico dejar\u00e1 de enviar petr\u00f3leo a Cuba tras aranceles de EU -","og_description":"Por Redacci\u00f3n QP La mandataria asegur\u00f3 que estos grav\u00e1menes podr\u00edan generar una crisis humanitaria y...","og_url":"https:\/\/quehacerpolitico.mx\/?p=128651","article_published_time":"2026-01-30T18:36:01+00:00","article_modified_time":"2026-01-30T18:36:04+00:00","og_image":[{"width":1170,"height":640,"url":"http:\/\/quehacerpolitico.mx\/wp-content\/uploads\/2026\/01\/IMG_6363.jpeg","type":"image\/jpeg"}],"author":"Redacci\u00f3n QP","twitter_card":"summary_large_image","twitter_misc":{"Escrito por":"Redacci\u00f3n QP","Tiempo de lectura":"2 minutos"},"schema":{"@context":"https:\/\/schema.org","@graph":[{"@type":"Article","@id":"https:\/\/quehacerpolitico.mx\/?p=128651#article","isPartOf":{"@id":"https:\/\/quehacerpolitico.mx\/?p=128651"},"author":{"name":"Redacci\u00f3n QP","@id":"https:\/\/quehacerpolitico.mx\/#\/schema\/person\/496d8ad2d1d3f8036101dca7ee39e585"},"headline":"Sheinbaum evita aclarar si M\u00e9xico dejar\u00e1 de enviar petr\u00f3leo a Cuba tras aranceles de EU","datePublished":"2026-01-30T18:36:01+00:00","dateModified":"2026-01-30T18:36:04+00:00","mainEntityOfPage":{"@id":"https:\/\/quehacerpolitico.mx\/?p=128651"},"wordCount":453,"commentCount":0,"image":{"@id":"https:\/\/quehacerpolitico.mx\/?p=128651#primaryimage"},"thumbnailUrl":"https:\/\/quehacerpolitico.mx\/wp-content\/uploads\/2026\/01\/IMG_6363.jpeg","articleSection":["Nacionales","Noticias"],"inLanguage":"es","potentialAction":[{"@type":"CommentAction","name":"Comment","target":["https:\/\/quehacerpolitico.mx\/?p=128651#respond"]}]},{"@type":"WebPage","@id":"https:\/\/quehacerpolitico.mx\/?p=128651","url":"https:\/\/quehacerpolitico.mx\/?p=128651","name":"Sheinbaum evita aclarar si M\u00e9xico dejar\u00e1 de enviar petr\u00f3leo a Cuba tras aranceles de EU -","isPartOf":{"@id":"https:\/\/quehacerpolitico.mx\/#website"},"primaryImageOfPage":{"@id":"https:\/\/quehacerpolitico.mx\/?p=128651#primaryimage"},"image":{"@id":"https:\/\/quehacerpolitico.mx\/?p=128651#primaryimage"},"thumbnailUrl":"https:\/\/quehacerpolitico.mx\/wp-content\/uploads\/2026\/01\/IMG_6363.jpeg","datePublished":"2026-01-30T18:36:01+00:00","dateModified":"2026-01-30T18:36:04+00:00","author":{"@id":"https:\/\/quehacerpolitico.mx\/#\/schema\/person\/496d8ad2d1d3f8036101dca7ee39e585"},"breadcrumb":{"@id":"https:\/\/quehacerpolitico.mx\/?p=128651#breadcrumb"},"inLanguage":"es","potentialAction":[{"@type":"ReadAction","target":["https:\/\/quehacerpolitico.mx\/?p=128651"]}]},{"@type":"ImageObject","inLanguage":"es","@id":"https:\/\/quehacerpolitico.mx\/?p=128651#primaryimage","url":"https:\/\/quehacerpolitico.mx\/wp-content\/uploads\/2026\/01\/IMG_6363.jpeg","contentUrl":"https:\/\/quehacerpolitico.mx\/wp-content\/uploads\/2026\/01\/IMG_6363.jpeg","width":1170,"height":640,"caption":"Screenshot"},{"@type":"BreadcrumbList","@id":"https:\/\/quehacerpolitico.mx\/?p=128651#breadcrumb","itemListElement":[{"@type":"ListItem","position":1,"name":"Inicio","item":"https:\/\/quehacerpolitico.mx\/"},{"@type":"ListItem","position":2,"name":"Sheinbaum evita aclarar si M\u00e9xico dejar\u00e1 de enviar petr\u00f3leo a Cuba tras aranceles de EU"}]},{"@type":"WebSite","@id":"https:\/\/quehacerpolitico.mx\/#website","url":"https:\/\/quehacerpolitico.mx\/","name":"","description":"","potentialAction":[{"@type":"SearchAction","target":{"@type":"EntryPoint","urlTemplate":"https:\/\/quehacerpolitico.mx\/?s={search_term_string}"},"query-input":{"@type":"PropertyValueSpecification","valueRequired":true,"valueName":"search_term_string"}}],"inLanguage":"es"},{"@type":"Person","@id":"https:\/\/quehacerpolitico.mx\/#\/schema\/person\/496d8ad2d1d3f8036101dca7ee39e585","name":"Redacci\u00f3n QP","image":{"@type":"ImageObject","inLanguage":"es","@id":"https:\/\/secure.gravatar.com\/avatar\/c7164ed6fdec453195284ad24a5ae5b6e1eed2b848477fa2a4787ba9adf39a41?s=96&d=mm&r=g","url":"https:\/\/secure.gravatar.com\/avatar\/c7164ed6fdec453195284ad24a5ae5b6e1eed2b848477fa2a4787ba9adf39a41?s=96&d=mm&r=g","contentUrl":"https:\/\/secure.gravatar.com\/avatar\/c7164ed6fdec453195284ad24a5ae5b6e1eed2b848477fa2a4787ba9adf39a41?s=96&d=mm&r=g","caption":"Redacci\u00f3n QP"},"url":"https:\/\/quehacerpolitico.mx\/?author=2"}]}},"featured_image_urls":{"full":["https:\/\/quehacerpolitico.mx\/wp-content\/uploads\/2026\/01\/IMG_6363.jpeg",1170,640,false],"thumbnail":["https:\/\/quehacerpolitico.mx\/wp-content\/uploads\/2026\/01\/IMG_6363-150x150.jpeg",150,150,true],"medium":["https:\/\/quehacerpolitico.mx\/wp-content\/uploads\/2026\/01\/IMG_6363-300x164.jpeg",300,164,true],"medium_large":["https:\/\/quehacerpolitico.mx\/wp-content\/uploads\/2026\/01\/IMG_6363-768x420.jpeg",640,350,true],"large":["https:\/\/quehacerpolitico.mx\/wp-content\/uploads\/2026\/01\/IMG_6363-1024x560.jpeg",640,350,true],"1536x1536":["https:\/\/quehacerpolitico.mx\/wp-content\/uploads\/2026\/01\/IMG_6363.jpeg",1170,640,false],"2048x2048":["https:\/\/quehacerpolitico.mx\/wp-content\/uploads\/2026\/01\/IMG_6363.jpeg",1170,640,false],"covernews-featured":["https:\/\/quehacerpolitico.mx\/wp-content\/uploads\/2026\/01\/IMG_6363-1024x560.jpeg",1024,560,true],"covernews-medium":["https:\/\/quehacerpolitico.mx\/wp-content\/uploads\/2026\/01\/IMG_6363-540x340.jpeg",540,340,true]},"author_info":{"display_name":"Redacci\u00f3n QP","author_link":"https:\/\/quehacerpolitico.mx\/?author=2"},"category_info":"<a href=\"https:\/\/quehacerpolitico.mx\/?cat=280\" rel=\"category\">Nacionales<\/a> <a href=\"https:\/\/quehacerpolitico.mx\/?cat=2\" rel=\"category\">Noticias<\/a>","tag_info":"Noticias","comment_count":"0","_links":{"self":[{"href":"https:\/\/quehacerpolitico.mx\/index.php?rest_route=\/wp\/v2\/posts\/128651","targetHints":{"allow":["GET"]}}],"collection":[{"href":"https:\/\/quehacerpolitico.mx\/index.php?rest_route=\/wp\/v2\/posts"}],"about":[{"href":"https:\/\/quehacerpolitico.mx\/index.php?rest_route=\/wp\/v2\/types\/post"}],"author":[{"embeddable":true,"href":"https:\/\/quehacerpolitico.mx\/index.php?rest_route=\/wp\/v2\/users\/2"}],"replies":[{"embeddable":true,"href":"https:\/\/quehacerpolitico.mx\/index.php?rest_route=%2Fwp%2Fv2%2Fcomments&post=128651"}],"version-history":[{"count":1,"href":"https:\/\/quehacerpolitico.mx\/index.php?rest_route=\/wp\/v2\/posts\/128651\/revisions"}],"predecessor-version":[{"id":128653,"href":"https:\/\/quehacerpolitico.mx\/index.php?rest_route=\/wp\/v2\/posts\/128651\/revisions\/128653"}],"wp:featuredmedia":[{"embeddable":true,"href":"https:\/\/quehacerpolitico.mx\/index.php?rest_route=\/wp\/v2\/media\/128652"}],"wp:attachment":[{"href":"https:\/\/quehacerpolitico.mx\/index.php?rest_route=%2Fwp%2Fv2%2Fmedia&parent=128651"}],"wp:term":[{"taxonomy":"category","embeddable":true,"href":"https:\/\/quehacerpolitico.mx\/index.php?rest_route=%2Fwp%2Fv2%2Fcategories&post=128651"},{"taxonomy":"post_tag","embeddable":true,"href":"https:\/\/quehacerpolitico.mx\/index.php?rest_route=%2Fwp%2Fv2%2Ftags&post=128651"}],"curies":[{"name":"wp","href":"https:\/\/api.w.org\/{rel}","templated":true}]}}