{"id":128644,"date":"2026-01-30T11:10:25","date_gmt":"2026-01-30T17:10:25","guid":{"rendered":"https:\/\/quehacerpolitico.mx\/?p=128644"},"modified":"2026-01-30T11:10:30","modified_gmt":"2026-01-30T17:10:30","slug":"pib-de-mexico-crece-0-8-en-el-ultimo-trimestre-de-2025-segun-cifras-preliminares-del-inegi","status":"publish","type":"post","link":"https:\/\/quehacerpolitico.mx\/?p=128644","title":{"rendered":"PIB de M\u00e9xico crece 0.8% en el \u00faltimo trimestre de 2025, seg\u00fan cifras preliminares del Inegi"},"content":{"rendered":"\n<p>Por Redacci\u00f3n QP<\/p>\n\n\n\n<p>A tasa interanual, registr\u00f3 un avance del 1.6% en cifras originales, lo cual fue mayor a la expectativa de los analistas de un aumento de 1.3%; los datos finales ser\u00e1n publicados el 23 de febrero<\/p>\n\n\n\n<p>La<strong>&nbsp;econom\u00eda de M\u00e9xico<\/strong>&nbsp;se recuper\u00f3 en el \u00faltimo trimestre del 2025 m\u00e1s de lo previsto, respaldando las perspectivas de que el<strong>&nbsp;banco central podr\u00eda poner en pausa su ciclo de recortes<\/strong>&nbsp;a la tasa clave de inter\u00e9s la pr\u00f3xima semana.<\/p>\n\n\n\n<p>El\u00a0<strong>Producto Interno Bruto<\/strong>\u00a0(PIB) se expandi\u00f3 un 0.8%, de acuerdo con datos desestacionalizados preliminares divulgados el viernes por el Instituto Nacional de Estad\u00edstica y Geograf\u00eda\u00a0(Inegi), luego de haber sufrido una c<strong>ontracci\u00f3n del 0.3% en el tercer trimestre<\/strong>. Analistas anticipaban un alza de un 0.6%.<\/p>\n\n\n\n<p>En todo el 2025, la expansi\u00f3n fue del 0.7%.<\/p>\n\n\n\n<p>A\u00a0<strong>tasa interanual,<\/strong>\u00a0la econom\u00eda avanz\u00f3 en el trimestre un 1.6% en cifras originales. El dato tambi\u00e9n fue mayor a la expectativa de los analistas de un avance de un 1.3%.<\/p>\n\n\n\n<p>&#8220;El repunte del crecimiento refuerza nuestra opini\u00f3n de que&nbsp;<strong>Banco de M\u00e9xico pausar\u00e1 el ciclo de flexibilizaci\u00f3n&nbsp;<\/strong>en la reuni\u00f3n de la pr\u00f3xima semana&#8221;, afirm\u00f3 William Jackson, economista en jefe de mercados emergentes de Capital Economics.<\/p>\n\n\n\n<p>El&nbsp;banco central&nbsp;decidi\u00f3 en diciembre&nbsp;<strong>reducir la tasa referencial en 25 puntos b\u00e1sicos<\/strong>, su decimotercer recorte desde que inici\u00f3 un largo periodo de suavizaci\u00f3n monetaria a inicios de 2024.<\/p>\n\n\n\n<p>Sin embargo, miembros de la&nbsp;Junta de Gobierno&nbsp;han se\u00f1alado desde entonces una&nbsp;<strong>mayor cautela<\/strong>&nbsp;y se espera ampliamente que la entidad mantenga estable el costo de los cr\u00e9ditos en su pr\u00f3ximo aviso del 5 de febrero.<\/p>\n\n\n\n<p>El crecimiento econ\u00f3mico<strong>&nbsp;no forma parte del mandato central de la autoridad<\/strong>, que viene lidiando con un repunte del&nbsp;\u00edndice de precios al consumidor&nbsp;y la persistencia de la inflaci\u00f3n subyacente.&nbsp;<\/p>\n\n\n\n<h2 class=\"wp-block-heading\">El impulso de la Copa de Futbol<\/h2>\n\n\n\n<p>Con la&nbsp;<strong>recuperaci\u00f3n del cuarto trimestre<\/strong>, la segunda mayor econom\u00eda de Am\u00e9rica Latina registr\u00f3 su<strong>&nbsp;mejor desempe\u00f1o<\/strong>&nbsp;desde el periodo julio-septiembre de 2024, en cifras desestacionalizadas.&nbsp;<\/p>\n\n\n\n<p>El avance estuvo encabezado por una expansi\u00f3n del 0.9% tanto de las&nbsp;<strong>actividades secundarias<\/strong>, que engloban las manufacturas, la miner\u00eda y la construcci\u00f3n, como de las terciarias, que abarcan los servicios, detall\u00f3 el Inegi.&nbsp;<\/p>\n\n\n\n<p>En contraste, las<strong>&nbsp;actividades primarias,<\/strong>que incluyen la agricultura, la pesca y la ganader\u00eda, se deterioraron un 2.7%.&nbsp;<\/p>\n\n\n\n<p>Si bien en todo el a\u00f1o el crecimiento fue menor al&nbsp;1.2% del&nbsp;2024, algunos analistas creen que hacia adelante la actividad productiva podr\u00eda seguir&nbsp;<strong>recobrando ritmo.<\/strong><\/p>\n\n\n\n<p>&#8220;Los servicios, especialmente el turismo, han sido muy resilientes y podr\u00edan mejorar a\u00fan m\u00e1s con eventos como el Mundial. La manufactura y otras actividades industriales muestran se\u00f1ales de recuperaci\u00f3n&#8221;, afirm\u00f3 Jos\u00e9 Carlos S\u00e1nchez, economista en jefe de HSBC M\u00e9xico.&nbsp;<\/p>\n\n\n\n<p>Los datos finales del&nbsp;PIB&nbsp;del cuarto trimestre ser\u00e1n publicados el 23 de febrero.<\/p>\n\n\n\n<p>Con informaci\u00f3n de Reuters <\/p>\n","protected":false},"excerpt":{"rendered":"<p>Por Redacci\u00f3n QP A tasa interanual, registr\u00f3 un avance del 1.6% en cifras originales, lo&#8230;<\/p>\n","protected":false},"author":2,"featured_media":128645,"comment_status":"open","ping_status":"open","sticky":false,"template":"","format":"standard","meta":{"_monsterinsights_skip_tracking":false,"_monsterinsights_sitenote_active":false,"_monsterinsights_sitenote_note":"","_monsterinsights_sitenote_category":0,"footnotes":""},"categories":[56],"tags":[],"class_list":["post-128644","post","type-post","status-publish","format-standard","has-post-thumbnail","hentry","category-economia"],"yoast_head":"<!-- This site is optimized with the Yoast SEO plugin v27.3 - https:\/\/yoast.com\/product\/yoast-seo-wordpress\/ -->\n<title>PIB de M\u00e9xico crece 0.8% en el \u00faltimo trimestre de 2025, seg\u00fan cifras preliminares del Inegi -<\/title>\n<meta name=\"robots\" content=\"index, follow, max-snippet:-1, max-image-preview:large, max-video-preview:-1\" \/>\n<link rel=\"canonical\" href=\"https:\/\/quehacerpolitico.mx\/?p=128644\" \/>\n<meta property=\"og:locale\" content=\"es_MX\" \/>\n<meta property=\"og:type\" content=\"article\" \/>\n<meta property=\"og:title\" content=\"PIB de M\u00e9xico crece 0.8% en el \u00faltimo trimestre de 2025, seg\u00fan cifras preliminares del Inegi -\" \/>\n<meta property=\"og:description\" content=\"Por Redacci\u00f3n QP A tasa interanual, registr\u00f3 un avance del 1.6% en cifras originales, lo...\" \/>\n<meta property=\"og:url\" content=\"https:\/\/quehacerpolitico.mx\/?p=128644\" \/>\n<meta property=\"article:published_time\" content=\"2026-01-30T17:10:25+00:00\" \/>\n<meta property=\"article:modified_time\" content=\"2026-01-30T17:10:30+00:00\" \/>\n<meta property=\"og:image\" content=\"http:\/\/quehacerpolitico.mx\/wp-content\/uploads\/2026\/01\/IMG_6360.jpeg\" \/>\n\t<meta property=\"og:image:width\" content=\"1920\" \/>\n\t<meta property=\"og:image:height\" content=\"1280\" \/>\n\t<meta property=\"og:image:type\" content=\"image\/jpeg\" \/>\n<meta name=\"author\" content=\"Redacci\u00f3n QP\" \/>\n<meta name=\"twitter:card\" content=\"summary_large_image\" \/>\n<meta name=\"twitter:label1\" content=\"Escrito por\" \/>\n\t<meta name=\"twitter:data1\" content=\"Redacci\u00f3n QP\" \/>\n\t<meta name=\"twitter:label2\" content=\"Tiempo de lectura\" \/>\n\t<meta name=\"twitter:data2\" content=\"3 minutos\" \/>\n<script type=\"application\/ld+json\" class=\"yoast-schema-graph\">{\"@context\":\"https:\\\/\\\/schema.org\",\"@graph\":[{\"@type\":\"Article\",\"@id\":\"https:\\\/\\\/quehacerpolitico.mx\\\/?p=128644#article\",\"isPartOf\":{\"@id\":\"https:\\\/\\\/quehacerpolitico.mx\\\/?p=128644\"},\"author\":{\"name\":\"Redacci\u00f3n QP\",\"@id\":\"https:\\\/\\\/quehacerpolitico.mx\\\/#\\\/schema\\\/person\\\/496d8ad2d1d3f8036101dca7ee39e585\"},\"headline\":\"PIB de M\u00e9xico crece 0.8% en el \u00faltimo trimestre de 2025, seg\u00fan cifras preliminares del Inegi\",\"datePublished\":\"2026-01-30T17:10:25+00:00\",\"dateModified\":\"2026-01-30T17:10:30+00:00\",\"mainEntityOfPage\":{\"@id\":\"https:\\\/\\\/quehacerpolitico.mx\\\/?p=128644\"},\"wordCount\":540,\"commentCount\":0,\"image\":{\"@id\":\"https:\\\/\\\/quehacerpolitico.mx\\\/?p=128644#primaryimage\"},\"thumbnailUrl\":\"https:\\\/\\\/quehacerpolitico.mx\\\/wp-content\\\/uploads\\\/2026\\\/01\\\/IMG_6360.jpeg\",\"articleSection\":[\"Econom\u00eda\"],\"inLanguage\":\"es\",\"potentialAction\":[{\"@type\":\"CommentAction\",\"name\":\"Comment\",\"target\":[\"https:\\\/\\\/quehacerpolitico.mx\\\/?p=128644#respond\"]}]},{\"@type\":\"WebPage\",\"@id\":\"https:\\\/\\\/quehacerpolitico.mx\\\/?p=128644\",\"url\":\"https:\\\/\\\/quehacerpolitico.mx\\\/?p=128644\",\"name\":\"PIB de M\u00e9xico crece 0.8% en el \u00faltimo trimestre de 2025, seg\u00fan cifras preliminares del Inegi -\",\"isPartOf\":{\"@id\":\"https:\\\/\\\/quehacerpolitico.mx\\\/#website\"},\"primaryImageOfPage\":{\"@id\":\"https:\\\/\\\/quehacerpolitico.mx\\\/?p=128644#primaryimage\"},\"image\":{\"@id\":\"https:\\\/\\\/quehacerpolitico.mx\\\/?p=128644#primaryimage\"},\"thumbnailUrl\":\"https:\\\/\\\/quehacerpolitico.mx\\\/wp-content\\\/uploads\\\/2026\\\/01\\\/IMG_6360.jpeg\",\"datePublished\":\"2026-01-30T17:10:25+00:00\",\"dateModified\":\"2026-01-30T17:10:30+00:00\",\"author\":{\"@id\":\"https:\\\/\\\/quehacerpolitico.mx\\\/#\\\/schema\\\/person\\\/496d8ad2d1d3f8036101dca7ee39e585\"},\"breadcrumb\":{\"@id\":\"https:\\\/\\\/quehacerpolitico.mx\\\/?p=128644#breadcrumb\"},\"inLanguage\":\"es\",\"potentialAction\":[{\"@type\":\"ReadAction\",\"target\":[\"https:\\\/\\\/quehacerpolitico.mx\\\/?p=128644\"]}]},{\"@type\":\"ImageObject\",\"inLanguage\":\"es\",\"@id\":\"https:\\\/\\\/quehacerpolitico.mx\\\/?p=128644#primaryimage\",\"url\":\"https:\\\/\\\/quehacerpolitico.mx\\\/wp-content\\\/uploads\\\/2026\\\/01\\\/IMG_6360.jpeg\",\"contentUrl\":\"https:\\\/\\\/quehacerpolitico.mx\\\/wp-content\\\/uploads\\\/2026\\\/01\\\/IMG_6360.jpeg\",\"width\":1920,\"height\":1280},{\"@type\":\"BreadcrumbList\",\"@id\":\"https:\\\/\\\/quehacerpolitico.mx\\\/?p=128644#breadcrumb\",\"itemListElement\":[{\"@type\":\"ListItem\",\"position\":1,\"name\":\"Inicio\",\"item\":\"https:\\\/\\\/quehacerpolitico.mx\\\/\"},{\"@type\":\"ListItem\",\"position\":2,\"name\":\"PIB de M\u00e9xico crece 0.8% en el \u00faltimo trimestre de 2025, seg\u00fan cifras preliminares del Inegi\"}]},{\"@type\":\"WebSite\",\"@id\":\"https:\\\/\\\/quehacerpolitico.mx\\\/#website\",\"url\":\"https:\\\/\\\/quehacerpolitico.mx\\\/\",\"name\":\"\",\"description\":\"\",\"potentialAction\":[{\"@type\":\"SearchAction\",\"target\":{\"@type\":\"EntryPoint\",\"urlTemplate\":\"https:\\\/\\\/quehacerpolitico.mx\\\/?s={search_term_string}\"},\"query-input\":{\"@type\":\"PropertyValueSpecification\",\"valueRequired\":true,\"valueName\":\"search_term_string\"}}],\"inLanguage\":\"es\"},{\"@type\":\"Person\",\"@id\":\"https:\\\/\\\/quehacerpolitico.mx\\\/#\\\/schema\\\/person\\\/496d8ad2d1d3f8036101dca7ee39e585\",\"name\":\"Redacci\u00f3n QP\",\"image\":{\"@type\":\"ImageObject\",\"inLanguage\":\"es\",\"@id\":\"https:\\\/\\\/secure.gravatar.com\\\/avatar\\\/c7164ed6fdec453195284ad24a5ae5b6e1eed2b848477fa2a4787ba9adf39a41?s=96&d=mm&r=g\",\"url\":\"https:\\\/\\\/secure.gravatar.com\\\/avatar\\\/c7164ed6fdec453195284ad24a5ae5b6e1eed2b848477fa2a4787ba9adf39a41?s=96&d=mm&r=g\",\"contentUrl\":\"https:\\\/\\\/secure.gravatar.com\\\/avatar\\\/c7164ed6fdec453195284ad24a5ae5b6e1eed2b848477fa2a4787ba9adf39a41?s=96&d=mm&r=g\",\"caption\":\"Redacci\u00f3n QP\"},\"url\":\"https:\\\/\\\/quehacerpolitico.mx\\\/?author=2\"}]}<\/script>\n<!-- \/ Yoast SEO plugin. -->","yoast_head_json":{"title":"PIB de M\u00e9xico crece 0.8% en el \u00faltimo trimestre de 2025, seg\u00fan cifras preliminares del Inegi -","robots":{"index":"index","follow":"follow","max-snippet":"max-snippet:-1","max-image-preview":"max-image-preview:large","max-video-preview":"max-video-preview:-1"},"canonical":"https:\/\/quehacerpolitico.mx\/?p=128644","og_locale":"es_MX","og_type":"article","og_title":"PIB de M\u00e9xico crece 0.8% en el \u00faltimo trimestre de 2025, seg\u00fan cifras preliminares del Inegi -","og_description":"Por Redacci\u00f3n QP A tasa interanual, registr\u00f3 un avance del 1.6% en cifras originales, lo...","og_url":"https:\/\/quehacerpolitico.mx\/?p=128644","article_published_time":"2026-01-30T17:10:25+00:00","article_modified_time":"2026-01-30T17:10:30+00:00","og_image":[{"width":1920,"height":1280,"url":"http:\/\/quehacerpolitico.mx\/wp-content\/uploads\/2026\/01\/IMG_6360.jpeg","type":"image\/jpeg"}],"author":"Redacci\u00f3n QP","twitter_card":"summary_large_image","twitter_misc":{"Escrito por":"Redacci\u00f3n QP","Tiempo de lectura":"3 minutos"},"schema":{"@context":"https:\/\/schema.org","@graph":[{"@type":"Article","@id":"https:\/\/quehacerpolitico.mx\/?p=128644#article","isPartOf":{"@id":"https:\/\/quehacerpolitico.mx\/?p=128644"},"author":{"name":"Redacci\u00f3n QP","@id":"https:\/\/quehacerpolitico.mx\/#\/schema\/person\/496d8ad2d1d3f8036101dca7ee39e585"},"headline":"PIB de M\u00e9xico crece 0.8% en el \u00faltimo trimestre de 2025, seg\u00fan cifras preliminares del Inegi","datePublished":"2026-01-30T17:10:25+00:00","dateModified":"2026-01-30T17:10:30+00:00","mainEntityOfPage":{"@id":"https:\/\/quehacerpolitico.mx\/?p=128644"},"wordCount":540,"commentCount":0,"image":{"@id":"https:\/\/quehacerpolitico.mx\/?p=128644#primaryimage"},"thumbnailUrl":"https:\/\/quehacerpolitico.mx\/wp-content\/uploads\/2026\/01\/IMG_6360.jpeg","articleSection":["Econom\u00eda"],"inLanguage":"es","potentialAction":[{"@type":"CommentAction","name":"Comment","target":["https:\/\/quehacerpolitico.mx\/?p=128644#respond"]}]},{"@type":"WebPage","@id":"https:\/\/quehacerpolitico.mx\/?p=128644","url":"https:\/\/quehacerpolitico.mx\/?p=128644","name":"PIB de M\u00e9xico crece 0.8% en el \u00faltimo trimestre de 2025, seg\u00fan cifras preliminares del Inegi -","isPartOf":{"@id":"https:\/\/quehacerpolitico.mx\/#website"},"primaryImageOfPage":{"@id":"https:\/\/quehacerpolitico.mx\/?p=128644#primaryimage"},"image":{"@id":"https:\/\/quehacerpolitico.mx\/?p=128644#primaryimage"},"thumbnailUrl":"https:\/\/quehacerpolitico.mx\/wp-content\/uploads\/2026\/01\/IMG_6360.jpeg","datePublished":"2026-01-30T17:10:25+00:00","dateModified":"2026-01-30T17:10:30+00:00","author":{"@id":"https:\/\/quehacerpolitico.mx\/#\/schema\/person\/496d8ad2d1d3f8036101dca7ee39e585"},"breadcrumb":{"@id":"https:\/\/quehacerpolitico.mx\/?p=128644#breadcrumb"},"inLanguage":"es","potentialAction":[{"@type":"ReadAction","target":["https:\/\/quehacerpolitico.mx\/?p=128644"]}]},{"@type":"ImageObject","inLanguage":"es","@id":"https:\/\/quehacerpolitico.mx\/?p=128644#primaryimage","url":"https:\/\/quehacerpolitico.mx\/wp-content\/uploads\/2026\/01\/IMG_6360.jpeg","contentUrl":"https:\/\/quehacerpolitico.mx\/wp-content\/uploads\/2026\/01\/IMG_6360.jpeg","width":1920,"height":1280},{"@type":"BreadcrumbList","@id":"https:\/\/quehacerpolitico.mx\/?p=128644#breadcrumb","itemListElement":[{"@type":"ListItem","position":1,"name":"Inicio","item":"https:\/\/quehacerpolitico.mx\/"},{"@type":"ListItem","position":2,"name":"PIB de M\u00e9xico crece 0.8% en el \u00faltimo trimestre de 2025, seg\u00fan cifras preliminares del Inegi"}]},{"@type":"WebSite","@id":"https:\/\/quehacerpolitico.mx\/#website","url":"https:\/\/quehacerpolitico.mx\/","name":"","description":"","potentialAction":[{"@type":"SearchAction","target":{"@type":"EntryPoint","urlTemplate":"https:\/\/quehacerpolitico.mx\/?s={search_term_string}"},"query-input":{"@type":"PropertyValueSpecification","valueRequired":true,"valueName":"search_term_string"}}],"inLanguage":"es"},{"@type":"Person","@id":"https:\/\/quehacerpolitico.mx\/#\/schema\/person\/496d8ad2d1d3f8036101dca7ee39e585","name":"Redacci\u00f3n QP","image":{"@type":"ImageObject","inLanguage":"es","@id":"https:\/\/secure.gravatar.com\/avatar\/c7164ed6fdec453195284ad24a5ae5b6e1eed2b848477fa2a4787ba9adf39a41?s=96&d=mm&r=g","url":"https:\/\/secure.gravatar.com\/avatar\/c7164ed6fdec453195284ad24a5ae5b6e1eed2b848477fa2a4787ba9adf39a41?s=96&d=mm&r=g","contentUrl":"https:\/\/secure.gravatar.com\/avatar\/c7164ed6fdec453195284ad24a5ae5b6e1eed2b848477fa2a4787ba9adf39a41?s=96&d=mm&r=g","caption":"Redacci\u00f3n QP"},"url":"https:\/\/quehacerpolitico.mx\/?author=2"}]}},"featured_image_urls":{"full":["https:\/\/quehacerpolitico.mx\/wp-content\/uploads\/2026\/01\/IMG_6360.jpeg",1920,1280,false],"thumbnail":["https:\/\/quehacerpolitico.mx\/wp-content\/uploads\/2026\/01\/IMG_6360-150x150.jpeg",150,150,true],"medium":["https:\/\/quehacerpolitico.mx\/wp-content\/uploads\/2026\/01\/IMG_6360-300x200.jpeg",300,200,true],"medium_large":["https:\/\/quehacerpolitico.mx\/wp-content\/uploads\/2026\/01\/IMG_6360-768x512.jpeg",640,427,true],"large":["https:\/\/quehacerpolitico.mx\/wp-content\/uploads\/2026\/01\/IMG_6360-1024x683.jpeg",640,427,true],"1536x1536":["https:\/\/quehacerpolitico.mx\/wp-content\/uploads\/2026\/01\/IMG_6360-1536x1024.jpeg",1536,1024,true],"2048x2048":["https:\/\/quehacerpolitico.mx\/wp-content\/uploads\/2026\/01\/IMG_6360.jpeg",1920,1280,false],"covernews-featured":["https:\/\/quehacerpolitico.mx\/wp-content\/uploads\/2026\/01\/IMG_6360-1024x683.jpeg",1024,683,true],"covernews-medium":["https:\/\/quehacerpolitico.mx\/wp-content\/uploads\/2026\/01\/IMG_6360-540x340.jpeg",540,340,true]},"author_info":{"display_name":"Redacci\u00f3n QP","author_link":"https:\/\/quehacerpolitico.mx\/?author=2"},"category_info":"<a href=\"https:\/\/quehacerpolitico.mx\/?cat=56\" rel=\"category\">Econom\u00eda<\/a>","tag_info":"Econom\u00eda","comment_count":"0","_links":{"self":[{"href":"https:\/\/quehacerpolitico.mx\/index.php?rest_route=\/wp\/v2\/posts\/128644","targetHints":{"allow":["GET"]}}],"collection":[{"href":"https:\/\/quehacerpolitico.mx\/index.php?rest_route=\/wp\/v2\/posts"}],"about":[{"href":"https:\/\/quehacerpolitico.mx\/index.php?rest_route=\/wp\/v2\/types\/post"}],"author":[{"embeddable":true,"href":"https:\/\/quehacerpolitico.mx\/index.php?rest_route=\/wp\/v2\/users\/2"}],"replies":[{"embeddable":true,"href":"https:\/\/quehacerpolitico.mx\/index.php?rest_route=%2Fwp%2Fv2%2Fcomments&post=128644"}],"version-history":[{"count":1,"href":"https:\/\/quehacerpolitico.mx\/index.php?rest_route=\/wp\/v2\/posts\/128644\/revisions"}],"predecessor-version":[{"id":128646,"href":"https:\/\/quehacerpolitico.mx\/index.php?rest_route=\/wp\/v2\/posts\/128644\/revisions\/128646"}],"wp:featuredmedia":[{"embeddable":true,"href":"https:\/\/quehacerpolitico.mx\/index.php?rest_route=\/wp\/v2\/media\/128645"}],"wp:attachment":[{"href":"https:\/\/quehacerpolitico.mx\/index.php?rest_route=%2Fwp%2Fv2%2Fmedia&parent=128644"}],"wp:term":[{"taxonomy":"category","embeddable":true,"href":"https:\/\/quehacerpolitico.mx\/index.php?rest_route=%2Fwp%2Fv2%2Fcategories&post=128644"},{"taxonomy":"post_tag","embeddable":true,"href":"https:\/\/quehacerpolitico.mx\/index.php?rest_route=%2Fwp%2Fv2%2Ftags&post=128644"}],"curies":[{"name":"wp","href":"https:\/\/api.w.org\/{rel}","templated":true}]}}