{"id":128629,"date":"2026-01-29T22:26:12","date_gmt":"2026-01-30T04:26:12","guid":{"rendered":"https:\/\/quehacerpolitico.mx\/?p=128629"},"modified":"2026-01-29T22:26:16","modified_gmt":"2026-01-30T04:26:16","slug":"confirman-las-ciudades-de-mexico-en-las-que-se-llevara-a-cabo-el-tour-del-trofeo-de-la-fifa","status":"publish","type":"post","link":"https:\/\/quehacerpolitico.mx\/?p=128629","title":{"rendered":"Confirman las ciudades de M\u00e9xico en las que se llevar\u00e1 a cabo el Tour del Trofeo de la FIFA"},"content":{"rendered":"\n<p>Por Redacci\u00f3n QP<\/p>\n\n\n\n<p>Guadalajara ser\u00e1 la primera sede en donde se exhibir\u00e1 al p\u00fablico a partir del 28 de febrero y la CDMX la \u00faltima parada a d\u00edas de que arranque el Mundial.<\/p>\n\n\n\n<p>Las ciudades en las que se realizar\u00e1&nbsp;<strong>el Tour del Trofeo de la FIFA&nbsp;<\/strong>han sido designadas, por lo que se contempla que los aficionados de&nbsp;<strong>Quer\u00e9taro, Le\u00f3n, Veracruz, Yucat\u00e1n y Chihuahua&nbsp;<\/strong>disfruten del evento,<strong>&nbsp;<\/strong>adem\u00e1s de Guadalajara, Monterrey y la Ciudad de M\u00e9xico, estas tres \u00faltimas como sedes mundialistas.<\/p>\n\n\n\n<p>En cuanto el trofeo aterrice en territorio mexicano lo har\u00e1 en el Aeropuerto Internacional Felipe \u00c1ngeles, aunque&nbsp;<strong>de inmediato volar\u00e1 rumbo a Guadalajara,<\/strong>en donde se exhibir\u00e1 del 28 de febrero al 2 de marzo como primera parada oficial, mientras que&nbsp;<strong>la \u00faltima ser\u00e1 en Utop\u00eda Mixiuhca de la Ciudad de M\u00e9xico&nbsp;<\/strong>del 5 al 8 de junio como su \u00faltima etapa de exhibici\u00f3n, a s\u00f3lo d\u00edas de que arranque el Mundial.<\/p>\n\n\n\n<figure class=\"wp-block-embed is-type-video is-provider-youtube wp-block-embed-youtube wp-embed-aspect-9-16 wp-has-aspect-ratio\"><div class=\"wp-block-embed__wrapper\">\n<iframe loading=\"lazy\" title=\"\ud83c\udfc6\ud83c\uddf2\ud83c\uddfd El Tour del Trofeo de la Copa Mundial de la FIFA llega a M\u00e9xico\" width=\"540\" height=\"960\" src=\"https:\/\/www.youtube.com\/embed\/wKHi_mZmo2U?feature=oembed\" frameborder=\"0\" allow=\"accelerometer; autoplay; clipboard-write; encrypted-media; gyroscope; picture-in-picture; web-share\" referrerpolicy=\"strict-origin-when-cross-origin\" allowfullscreen><\/iframe>\n<\/div><\/figure>\n\n\n\n<p><strong>En todas las ciudades el acceso para ver el trofeo ser\u00e1 gratuito,&nbsp;<\/strong>aunque los interesados deber\u00e1n registrarse a trav\u00e9s del sitio del Trophy Tour. La forma en la que se definir\u00e1n los asistentes ser\u00e1 a trav\u00e9s de un sorteo y s\u00f3lo pueden aplicar por un boleto al d\u00eda.<\/p>\n\n\n\n<p>J\u00fcrgen Mainka, director de la oficina de la FIFA en M\u00e9xico,&nbsp;<strong>extern\u00f3: \u201cEl tour del trofeo de la Copa Mundial de la FIFA ser\u00e1 hist\u00f3rico al convertirse en una edici\u00f3n especial&nbsp;<\/strong>con el mayor n\u00famero de paradas en todo este pa\u00eds. Esto responde a un objetivo muy claro, acercar el torneo a m\u00e1s personas, a m\u00e1s familias y a m\u00e1s regiones de nuestro querido pa\u00eds&#8221;, dijo.<\/p>\n\n\n\n<p>\u201cEn M\u00e9xico esperamos m\u00e1s de 800 mil personas en nuestros estadios, mientras que&nbsp;<strong>en los tres FIFA Fan Festivals esperamos m\u00e1s de 6 millones de personas&nbsp;<\/strong>disfrutando de esta de esta fiebre mundialista\u201d, puntualiz\u00f3.<\/p>\n\n\n\n<h2 class=\"wp-block-heading\">TROPHY TOUR EN M\u00c9XICO<\/h2>\n\n\n\n<p><strong>Guadalajara, del 28 de febrero al 2 de marzo, en el Estadio Akron.<\/strong><\/p>\n\n\n\n<p>Le\u00f3n, el 4 y 5 de marzo en el Poliforum.<\/p>\n\n\n\n<p>Veracruz, del 6 al 7 de marzo en el WTC.&nbsp;<\/p>\n\n\n\n<p>Chihuahua, el 9 y 10 de marzo en el Centro de Convenciones.&nbsp;<\/p>\n\n\n\n<p>Quer\u00e9taro, el 11 y 12 de marzo en el Centro de Congresos.&nbsp;<\/p>\n\n\n\n<p><strong>Monterrey, del 14 al 16 de marzo en el estadio BBVA.<\/strong><\/p>\n\n\n\n<p>Puebla, el 18 y 19 de marzo en el Centro de Congresos.&nbsp;<\/p>\n\n\n\n<p>Yucat\u00e1n, el 20 de marzo en Chichen Itz\u00e1.&nbsp;<\/p>\n\n\n\n<p>M\u00e9rida, el 21 y 22 de marzo en el Centro Internacional de Congresos.&nbsp;<\/p>\n\n\n\n<p><strong>Ciudad de M\u00e9xico, del 5 al 8 de junio en Utop\u00eda Mixiuhca.<\/strong><\/p>\n","protected":false},"excerpt":{"rendered":"<p>Por Redacci\u00f3n QP Guadalajara ser\u00e1 la primera sede en donde se exhibir\u00e1 al p\u00fablico a&#8230;<\/p>\n","protected":false},"author":2,"featured_media":128630,"comment_status":"open","ping_status":"open","sticky":false,"template":"","format":"standard","meta":{"_monsterinsights_skip_tracking":false,"_monsterinsights_sitenote_active":false,"_monsterinsights_sitenote_note":"","_monsterinsights_sitenote_category":0,"footnotes":""},"categories":[54],"tags":[],"class_list":["post-128629","post","type-post","status-publish","format-standard","has-post-thumbnail","hentry","category-deportes"],"yoast_head":"<!-- This site is optimized with the Yoast SEO plugin v27.3 - https:\/\/yoast.com\/product\/yoast-seo-wordpress\/ -->\n<title>Confirman las ciudades de M\u00e9xico en las que se llevar\u00e1 a cabo el Tour del Trofeo de la FIFA -<\/title>\n<meta name=\"robots\" content=\"index, follow, max-snippet:-1, max-image-preview:large, max-video-preview:-1\" \/>\n<link rel=\"canonical\" href=\"https:\/\/quehacerpolitico.mx\/?p=128629\" \/>\n<meta property=\"og:locale\" content=\"es_MX\" \/>\n<meta property=\"og:type\" content=\"article\" \/>\n<meta property=\"og:title\" content=\"Confirman las ciudades de M\u00e9xico en las que se llevar\u00e1 a cabo el Tour del Trofeo de la FIFA -\" \/>\n<meta property=\"og:description\" content=\"Por Redacci\u00f3n QP Guadalajara ser\u00e1 la primera sede en donde se exhibir\u00e1 al p\u00fablico a...\" \/>\n<meta property=\"og:url\" content=\"https:\/\/quehacerpolitico.mx\/?p=128629\" \/>\n<meta property=\"article:published_time\" content=\"2026-01-30T04:26:12+00:00\" \/>\n<meta property=\"article:modified_time\" content=\"2026-01-30T04:26:16+00:00\" \/>\n<meta property=\"og:image\" content=\"http:\/\/quehacerpolitico.mx\/wp-content\/uploads\/2026\/01\/IMG_6351.jpeg\" \/>\n\t<meta property=\"og:image:width\" content=\"1170\" \/>\n\t<meta property=\"og:image:height\" content=\"617\" \/>\n\t<meta property=\"og:image:type\" content=\"image\/jpeg\" \/>\n<meta name=\"author\" content=\"Redacci\u00f3n QP\" \/>\n<meta name=\"twitter:card\" content=\"summary_large_image\" \/>\n<meta name=\"twitter:label1\" content=\"Escrito por\" \/>\n\t<meta name=\"twitter:data1\" content=\"Redacci\u00f3n QP\" \/>\n\t<meta name=\"twitter:label2\" content=\"Tiempo de lectura\" \/>\n\t<meta name=\"twitter:data2\" content=\"3 minutos\" \/>\n<script type=\"application\/ld+json\" class=\"yoast-schema-graph\">{\"@context\":\"https:\\\/\\\/schema.org\",\"@graph\":[{\"@type\":\"Article\",\"@id\":\"https:\\\/\\\/quehacerpolitico.mx\\\/?p=128629#article\",\"isPartOf\":{\"@id\":\"https:\\\/\\\/quehacerpolitico.mx\\\/?p=128629\"},\"author\":{\"name\":\"Redacci\u00f3n QP\",\"@id\":\"https:\\\/\\\/quehacerpolitico.mx\\\/#\\\/schema\\\/person\\\/496d8ad2d1d3f8036101dca7ee39e585\"},\"headline\":\"Confirman las ciudades de M\u00e9xico en las que se llevar\u00e1 a cabo el Tour del Trofeo de la FIFA\",\"datePublished\":\"2026-01-30T04:26:12+00:00\",\"dateModified\":\"2026-01-30T04:26:16+00:00\",\"mainEntityOfPage\":{\"@id\":\"https:\\\/\\\/quehacerpolitico.mx\\\/?p=128629\"},\"wordCount\":481,\"commentCount\":0,\"image\":{\"@id\":\"https:\\\/\\\/quehacerpolitico.mx\\\/?p=128629#primaryimage\"},\"thumbnailUrl\":\"https:\\\/\\\/quehacerpolitico.mx\\\/wp-content\\\/uploads\\\/2026\\\/01\\\/IMG_6351.jpeg\",\"articleSection\":[\"Deportes\"],\"inLanguage\":\"es\",\"potentialAction\":[{\"@type\":\"CommentAction\",\"name\":\"Comment\",\"target\":[\"https:\\\/\\\/quehacerpolitico.mx\\\/?p=128629#respond\"]}]},{\"@type\":\"WebPage\",\"@id\":\"https:\\\/\\\/quehacerpolitico.mx\\\/?p=128629\",\"url\":\"https:\\\/\\\/quehacerpolitico.mx\\\/?p=128629\",\"name\":\"Confirman las ciudades de M\u00e9xico en las que se llevar\u00e1 a cabo el Tour del Trofeo de la FIFA -\",\"isPartOf\":{\"@id\":\"https:\\\/\\\/quehacerpolitico.mx\\\/#website\"},\"primaryImageOfPage\":{\"@id\":\"https:\\\/\\\/quehacerpolitico.mx\\\/?p=128629#primaryimage\"},\"image\":{\"@id\":\"https:\\\/\\\/quehacerpolitico.mx\\\/?p=128629#primaryimage\"},\"thumbnailUrl\":\"https:\\\/\\\/quehacerpolitico.mx\\\/wp-content\\\/uploads\\\/2026\\\/01\\\/IMG_6351.jpeg\",\"datePublished\":\"2026-01-30T04:26:12+00:00\",\"dateModified\":\"2026-01-30T04:26:16+00:00\",\"author\":{\"@id\":\"https:\\\/\\\/quehacerpolitico.mx\\\/#\\\/schema\\\/person\\\/496d8ad2d1d3f8036101dca7ee39e585\"},\"breadcrumb\":{\"@id\":\"https:\\\/\\\/quehacerpolitico.mx\\\/?p=128629#breadcrumb\"},\"inLanguage\":\"es\",\"potentialAction\":[{\"@type\":\"ReadAction\",\"target\":[\"https:\\\/\\\/quehacerpolitico.mx\\\/?p=128629\"]}]},{\"@type\":\"ImageObject\",\"inLanguage\":\"es\",\"@id\":\"https:\\\/\\\/quehacerpolitico.mx\\\/?p=128629#primaryimage\",\"url\":\"https:\\\/\\\/quehacerpolitico.mx\\\/wp-content\\\/uploads\\\/2026\\\/01\\\/IMG_6351.jpeg\",\"contentUrl\":\"https:\\\/\\\/quehacerpolitico.mx\\\/wp-content\\\/uploads\\\/2026\\\/01\\\/IMG_6351.jpeg\",\"width\":1170,\"height\":617,\"caption\":\"Screenshot\"},{\"@type\":\"BreadcrumbList\",\"@id\":\"https:\\\/\\\/quehacerpolitico.mx\\\/?p=128629#breadcrumb\",\"itemListElement\":[{\"@type\":\"ListItem\",\"position\":1,\"name\":\"Inicio\",\"item\":\"https:\\\/\\\/quehacerpolitico.mx\\\/\"},{\"@type\":\"ListItem\",\"position\":2,\"name\":\"Confirman las ciudades de M\u00e9xico en las que se llevar\u00e1 a cabo el Tour del Trofeo de la FIFA\"}]},{\"@type\":\"WebSite\",\"@id\":\"https:\\\/\\\/quehacerpolitico.mx\\\/#website\",\"url\":\"https:\\\/\\\/quehacerpolitico.mx\\\/\",\"name\":\"\",\"description\":\"\",\"potentialAction\":[{\"@type\":\"SearchAction\",\"target\":{\"@type\":\"EntryPoint\",\"urlTemplate\":\"https:\\\/\\\/quehacerpolitico.mx\\\/?s={search_term_string}\"},\"query-input\":{\"@type\":\"PropertyValueSpecification\",\"valueRequired\":true,\"valueName\":\"search_term_string\"}}],\"inLanguage\":\"es\"},{\"@type\":\"Person\",\"@id\":\"https:\\\/\\\/quehacerpolitico.mx\\\/#\\\/schema\\\/person\\\/496d8ad2d1d3f8036101dca7ee39e585\",\"name\":\"Redacci\u00f3n QP\",\"image\":{\"@type\":\"ImageObject\",\"inLanguage\":\"es\",\"@id\":\"https:\\\/\\\/secure.gravatar.com\\\/avatar\\\/c7164ed6fdec453195284ad24a5ae5b6e1eed2b848477fa2a4787ba9adf39a41?s=96&d=mm&r=g\",\"url\":\"https:\\\/\\\/secure.gravatar.com\\\/avatar\\\/c7164ed6fdec453195284ad24a5ae5b6e1eed2b848477fa2a4787ba9adf39a41?s=96&d=mm&r=g\",\"contentUrl\":\"https:\\\/\\\/secure.gravatar.com\\\/avatar\\\/c7164ed6fdec453195284ad24a5ae5b6e1eed2b848477fa2a4787ba9adf39a41?s=96&d=mm&r=g\",\"caption\":\"Redacci\u00f3n QP\"},\"url\":\"https:\\\/\\\/quehacerpolitico.mx\\\/?author=2\"}]}<\/script>\n<!-- \/ Yoast SEO plugin. -->","yoast_head_json":{"title":"Confirman las ciudades de M\u00e9xico en las que se llevar\u00e1 a cabo el Tour del Trofeo de la FIFA -","robots":{"index":"index","follow":"follow","max-snippet":"max-snippet:-1","max-image-preview":"max-image-preview:large","max-video-preview":"max-video-preview:-1"},"canonical":"https:\/\/quehacerpolitico.mx\/?p=128629","og_locale":"es_MX","og_type":"article","og_title":"Confirman las ciudades de M\u00e9xico en las que se llevar\u00e1 a cabo el Tour del Trofeo de la FIFA -","og_description":"Por Redacci\u00f3n QP Guadalajara ser\u00e1 la primera sede en donde se exhibir\u00e1 al p\u00fablico a...","og_url":"https:\/\/quehacerpolitico.mx\/?p=128629","article_published_time":"2026-01-30T04:26:12+00:00","article_modified_time":"2026-01-30T04:26:16+00:00","og_image":[{"width":1170,"height":617,"url":"http:\/\/quehacerpolitico.mx\/wp-content\/uploads\/2026\/01\/IMG_6351.jpeg","type":"image\/jpeg"}],"author":"Redacci\u00f3n QP","twitter_card":"summary_large_image","twitter_misc":{"Escrito por":"Redacci\u00f3n QP","Tiempo de lectura":"3 minutos"},"schema":{"@context":"https:\/\/schema.org","@graph":[{"@type":"Article","@id":"https:\/\/quehacerpolitico.mx\/?p=128629#article","isPartOf":{"@id":"https:\/\/quehacerpolitico.mx\/?p=128629"},"author":{"name":"Redacci\u00f3n QP","@id":"https:\/\/quehacerpolitico.mx\/#\/schema\/person\/496d8ad2d1d3f8036101dca7ee39e585"},"headline":"Confirman las ciudades de M\u00e9xico en las que se llevar\u00e1 a cabo el Tour del Trofeo de la FIFA","datePublished":"2026-01-30T04:26:12+00:00","dateModified":"2026-01-30T04:26:16+00:00","mainEntityOfPage":{"@id":"https:\/\/quehacerpolitico.mx\/?p=128629"},"wordCount":481,"commentCount":0,"image":{"@id":"https:\/\/quehacerpolitico.mx\/?p=128629#primaryimage"},"thumbnailUrl":"https:\/\/quehacerpolitico.mx\/wp-content\/uploads\/2026\/01\/IMG_6351.jpeg","articleSection":["Deportes"],"inLanguage":"es","potentialAction":[{"@type":"CommentAction","name":"Comment","target":["https:\/\/quehacerpolitico.mx\/?p=128629#respond"]}]},{"@type":"WebPage","@id":"https:\/\/quehacerpolitico.mx\/?p=128629","url":"https:\/\/quehacerpolitico.mx\/?p=128629","name":"Confirman las ciudades de M\u00e9xico en las que se llevar\u00e1 a cabo el Tour del Trofeo de la FIFA -","isPartOf":{"@id":"https:\/\/quehacerpolitico.mx\/#website"},"primaryImageOfPage":{"@id":"https:\/\/quehacerpolitico.mx\/?p=128629#primaryimage"},"image":{"@id":"https:\/\/quehacerpolitico.mx\/?p=128629#primaryimage"},"thumbnailUrl":"https:\/\/quehacerpolitico.mx\/wp-content\/uploads\/2026\/01\/IMG_6351.jpeg","datePublished":"2026-01-30T04:26:12+00:00","dateModified":"2026-01-30T04:26:16+00:00","author":{"@id":"https:\/\/quehacerpolitico.mx\/#\/schema\/person\/496d8ad2d1d3f8036101dca7ee39e585"},"breadcrumb":{"@id":"https:\/\/quehacerpolitico.mx\/?p=128629#breadcrumb"},"inLanguage":"es","potentialAction":[{"@type":"ReadAction","target":["https:\/\/quehacerpolitico.mx\/?p=128629"]}]},{"@type":"ImageObject","inLanguage":"es","@id":"https:\/\/quehacerpolitico.mx\/?p=128629#primaryimage","url":"https:\/\/quehacerpolitico.mx\/wp-content\/uploads\/2026\/01\/IMG_6351.jpeg","contentUrl":"https:\/\/quehacerpolitico.mx\/wp-content\/uploads\/2026\/01\/IMG_6351.jpeg","width":1170,"height":617,"caption":"Screenshot"},{"@type":"BreadcrumbList","@id":"https:\/\/quehacerpolitico.mx\/?p=128629#breadcrumb","itemListElement":[{"@type":"ListItem","position":1,"name":"Inicio","item":"https:\/\/quehacerpolitico.mx\/"},{"@type":"ListItem","position":2,"name":"Confirman las ciudades de M\u00e9xico en las que se llevar\u00e1 a cabo el Tour del Trofeo de la FIFA"}]},{"@type":"WebSite","@id":"https:\/\/quehacerpolitico.mx\/#website","url":"https:\/\/quehacerpolitico.mx\/","name":"","description":"","potentialAction":[{"@type":"SearchAction","target":{"@type":"EntryPoint","urlTemplate":"https:\/\/quehacerpolitico.mx\/?s={search_term_string}"},"query-input":{"@type":"PropertyValueSpecification","valueRequired":true,"valueName":"search_term_string"}}],"inLanguage":"es"},{"@type":"Person","@id":"https:\/\/quehacerpolitico.mx\/#\/schema\/person\/496d8ad2d1d3f8036101dca7ee39e585","name":"Redacci\u00f3n QP","image":{"@type":"ImageObject","inLanguage":"es","@id":"https:\/\/secure.gravatar.com\/avatar\/c7164ed6fdec453195284ad24a5ae5b6e1eed2b848477fa2a4787ba9adf39a41?s=96&d=mm&r=g","url":"https:\/\/secure.gravatar.com\/avatar\/c7164ed6fdec453195284ad24a5ae5b6e1eed2b848477fa2a4787ba9adf39a41?s=96&d=mm&r=g","contentUrl":"https:\/\/secure.gravatar.com\/avatar\/c7164ed6fdec453195284ad24a5ae5b6e1eed2b848477fa2a4787ba9adf39a41?s=96&d=mm&r=g","caption":"Redacci\u00f3n QP"},"url":"https:\/\/quehacerpolitico.mx\/?author=2"}]}},"featured_image_urls":{"full":["https:\/\/quehacerpolitico.mx\/wp-content\/uploads\/2026\/01\/IMG_6351.jpeg",1170,617,false],"thumbnail":["https:\/\/quehacerpolitico.mx\/wp-content\/uploads\/2026\/01\/IMG_6351-150x150.jpeg",150,150,true],"medium":["https:\/\/quehacerpolitico.mx\/wp-content\/uploads\/2026\/01\/IMG_6351-300x158.jpeg",300,158,true],"medium_large":["https:\/\/quehacerpolitico.mx\/wp-content\/uploads\/2026\/01\/IMG_6351-768x405.jpeg",640,338,true],"large":["https:\/\/quehacerpolitico.mx\/wp-content\/uploads\/2026\/01\/IMG_6351-1024x540.jpeg",640,338,true],"1536x1536":["https:\/\/quehacerpolitico.mx\/wp-content\/uploads\/2026\/01\/IMG_6351.jpeg",1170,617,false],"2048x2048":["https:\/\/quehacerpolitico.mx\/wp-content\/uploads\/2026\/01\/IMG_6351.jpeg",1170,617,false],"covernews-featured":["https:\/\/quehacerpolitico.mx\/wp-content\/uploads\/2026\/01\/IMG_6351-1024x540.jpeg",1024,540,true],"covernews-medium":["https:\/\/quehacerpolitico.mx\/wp-content\/uploads\/2026\/01\/IMG_6351-540x340.jpeg",540,340,true]},"author_info":{"display_name":"Redacci\u00f3n QP","author_link":"https:\/\/quehacerpolitico.mx\/?author=2"},"category_info":"<a href=\"https:\/\/quehacerpolitico.mx\/?cat=54\" rel=\"category\">Deportes<\/a>","tag_info":"Deportes","comment_count":"0","_links":{"self":[{"href":"https:\/\/quehacerpolitico.mx\/index.php?rest_route=\/wp\/v2\/posts\/128629","targetHints":{"allow":["GET"]}}],"collection":[{"href":"https:\/\/quehacerpolitico.mx\/index.php?rest_route=\/wp\/v2\/posts"}],"about":[{"href":"https:\/\/quehacerpolitico.mx\/index.php?rest_route=\/wp\/v2\/types\/post"}],"author":[{"embeddable":true,"href":"https:\/\/quehacerpolitico.mx\/index.php?rest_route=\/wp\/v2\/users\/2"}],"replies":[{"embeddable":true,"href":"https:\/\/quehacerpolitico.mx\/index.php?rest_route=%2Fwp%2Fv2%2Fcomments&post=128629"}],"version-history":[{"count":1,"href":"https:\/\/quehacerpolitico.mx\/index.php?rest_route=\/wp\/v2\/posts\/128629\/revisions"}],"predecessor-version":[{"id":128631,"href":"https:\/\/quehacerpolitico.mx\/index.php?rest_route=\/wp\/v2\/posts\/128629\/revisions\/128631"}],"wp:featuredmedia":[{"embeddable":true,"href":"https:\/\/quehacerpolitico.mx\/index.php?rest_route=\/wp\/v2\/media\/128630"}],"wp:attachment":[{"href":"https:\/\/quehacerpolitico.mx\/index.php?rest_route=%2Fwp%2Fv2%2Fmedia&parent=128629"}],"wp:term":[{"taxonomy":"category","embeddable":true,"href":"https:\/\/quehacerpolitico.mx\/index.php?rest_route=%2Fwp%2Fv2%2Fcategories&post=128629"},{"taxonomy":"post_tag","embeddable":true,"href":"https:\/\/quehacerpolitico.mx\/index.php?rest_route=%2Fwp%2Fv2%2Ftags&post=128629"}],"curies":[{"name":"wp","href":"https:\/\/api.w.org\/{rel}","templated":true}]}}