{"id":128623,"date":"2026-01-29T21:37:37","date_gmt":"2026-01-30T03:37:37","guid":{"rendered":"https:\/\/quehacerpolitico.mx\/?p=128623"},"modified":"2026-01-29T21:37:40","modified_gmt":"2026-01-30T03:37:40","slug":"trump-anuncia-aranceles-a-las-importaciones-de-paises-que-suministren-petroleo-a-cuba","status":"publish","type":"post","link":"https:\/\/quehacerpolitico.mx\/?p=128623","title":{"rendered":"Trump anuncia aranceles a las importaciones de pa\u00edses que suministren petr\u00f3leo a Cuba"},"content":{"rendered":"\n<p>Por Redacci\u00f3n QP<\/p>\n\n\n\n<p>El mandatario firm\u00f3 una orden ejecutiva y se\u00f1al\u00f3 que la situaci\u00f3n de la isla &#8220;constituye una amenaza inusual y extraordinaria para la seguridad nacional&#8221; de Estados Unidos<\/p>\n\n\n\n<p>El presidente estadounidense,\u00a0<strong>Donald Trump<\/strong>, firm\u00f3 este jueves una\u00a0<strong>orden ejecutiva\u00a0<\/strong>que establece que<strong> Estados Unidos<\/strong>\u00a0podr\u00e1 imponer aranceles a los bienes procedentes de pa\u00edses que vendan o proporcionen petr\u00f3leo a Cuba.<\/p>\n\n\n\n<p>&#8220;Considero que la situaci\u00f3n con respecto a<strong>&nbsp;Cuba&nbsp;<\/strong>constituye una&nbsp;<strong>amenaza inusual&nbsp;<\/strong>y extraordinaria para la seguridad nacional y la pol\u00edtica exterior de Estados Unidos, y por la presente declaro una emergencia nacional con respecto a esa amenaza&#8221;, argument\u00f3 el mandatario en la orden ejecutiva.<\/p>\n\n\n\n<p>Seg\u00fan la medida, para hacer frente a esta situaci\u00f3n es necesario\u00a0establecer un<strong>\u00a0sistema arancelario<\/strong>, bajo el cual se podr\u00e1 imponer un gravamen adicional a las importaciones de productos de<strong> pa\u00edses extranjeros<\/strong>\u00a0que, &#8220;directa o indirectamente&#8221;, vendan o suministren crudo a\u00a0<strong>Cuba<\/strong>.<\/p>\n\n\n\n<p>El secretario de Comercio de Estados Unidos,\u00a0<strong>Howard Lutnick<\/strong>, determinar\u00e1 si un pa\u00eds vende o suministra\u00a0<strong>petr\u00f3leo<\/strong>\u00a0a\u00a0<strong>Cuba<\/strong>, y posteriormente el secretario de Estado,\u00a0<strong>Marco Rubio<\/strong>, decidir\u00e1 si se debe imponer y en qu\u00e9 medida un gravamen adicional sobre los productos de dicha naci\u00f3n.<\/p>\n\n\n\n<p>Trump ha sostenido con anterioridad que el gobierno cubano tiene los d\u00edas contados desde el ataque de&nbsp;<strong>Estados Unidos<\/strong>&nbsp;a Venezuela del pasado 3 de noviembre, que se sald\u00f3 con la captura de Maduro y de su esposa,&nbsp;<strong>Cilia Flore<\/strong>s, que ahora enfrentan cargos por narcotr\u00e1fico en Nueva York.<\/p>\n\n\n\n<p><strong>Washington<\/strong>&nbsp;considera que el fin del env\u00edo de crudo venezolano a la isla provocar\u00e1 un cambio de r\u00e9gimen en Cuba, pa\u00eds afectado por una grave crisis econ\u00f3mica y social.<\/p>\n\n\n\n<p>Por otra parte, legisladores republicanos de Florida rechazaron en env\u00edo de petr\u00f3leo de M\u00e9xico hacia Cuba y advirtieron consecuencias para el gobierno mexicano,&nbsp;incluyendo en la revisi\u00f3n del Tratado entre M\u00e9xico, Estados Unidos y Canad\u00e1 (T-MEC).<\/p>\n\n\n\n<p>La presidenta&nbsp;<strong>Claudia Sheinbaum&nbsp;<\/strong>afirm\u00f3 ayer mi\u00e9rcoles que su gobierno contin\u00faa con el env\u00edo de<strong>&nbsp;ayuda humanitaria<\/strong>&nbsp;a&nbsp;<strong>Cuba<\/strong>&nbsp;sin confirmar si en estos traslados se llevar\u00e1&nbsp;<strong>petr\u00f3leo<\/strong>&nbsp;a la isla.&nbsp;&nbsp;<\/p>\n\n\n\n<p>En su conferencia matutina, la mandataria volvi\u00f3 a se\u00f1alar que su administraci\u00f3n entrega&nbsp;<strong>petr\u00f3leo a Cuba<\/strong>por dos v\u00edas, las de contratos con Petr\u00f3leos Mexicanos (Pemex) y como ayuda humanitaria.&nbsp;&nbsp;<\/p>\n\n\n\n<p>&#8220;La ayuda humanitaria a Cuba como a otros pa\u00edses contin\u00faa porque esa ayuda humanitaria y M\u00e9xico siempre ha sido solidario con todo el mundo, y son decisiones soberanas&#8221;, declar\u00f3.<\/p>\n\n\n\n<p>Con informaci\u00f3n de EFE<\/p>\n","protected":false},"excerpt":{"rendered":"<p>Por Redacci\u00f3n QP El mandatario firm\u00f3 una orden ejecutiva y se\u00f1al\u00f3 que la situaci\u00f3n de&#8230;<\/p>\n","protected":false},"author":2,"featured_media":128624,"comment_status":"open","ping_status":"open","sticky":false,"template":"","format":"standard","meta":{"_monsterinsights_skip_tracking":false,"_monsterinsights_sitenote_active":false,"_monsterinsights_sitenote_note":"","_monsterinsights_sitenote_category":0,"footnotes":""},"categories":[1],"tags":[],"class_list":["post-128623","post","type-post","status-publish","format-standard","has-post-thumbnail","hentry","category-sin-categoria"],"yoast_head":"<!-- This site is optimized with the Yoast SEO plugin v27.3 - https:\/\/yoast.com\/product\/yoast-seo-wordpress\/ -->\n<title>Trump anuncia aranceles a las importaciones de pa\u00edses que suministren petr\u00f3leo a Cuba -<\/title>\n<meta name=\"robots\" content=\"index, follow, max-snippet:-1, max-image-preview:large, max-video-preview:-1\" \/>\n<link rel=\"canonical\" href=\"https:\/\/quehacerpolitico.mx\/?p=128623\" \/>\n<meta property=\"og:locale\" content=\"es_MX\" \/>\n<meta property=\"og:type\" content=\"article\" \/>\n<meta property=\"og:title\" content=\"Trump anuncia aranceles a las importaciones de pa\u00edses que suministren petr\u00f3leo a Cuba -\" \/>\n<meta property=\"og:description\" content=\"Por Redacci\u00f3n QP El mandatario firm\u00f3 una orden ejecutiva y se\u00f1al\u00f3 que la situaci\u00f3n de...\" \/>\n<meta property=\"og:url\" content=\"https:\/\/quehacerpolitico.mx\/?p=128623\" \/>\n<meta property=\"article:published_time\" content=\"2026-01-30T03:37:37+00:00\" \/>\n<meta property=\"article:modified_time\" content=\"2026-01-30T03:37:40+00:00\" \/>\n<meta property=\"og:image\" content=\"http:\/\/quehacerpolitico.mx\/wp-content\/uploads\/2026\/01\/IMG_6349.jpeg\" \/>\n\t<meta property=\"og:image:width\" content=\"1200\" \/>\n\t<meta property=\"og:image:height\" content=\"675\" \/>\n\t<meta property=\"og:image:type\" content=\"image\/jpeg\" \/>\n<meta name=\"author\" content=\"Redacci\u00f3n QP\" \/>\n<meta name=\"twitter:card\" content=\"summary_large_image\" \/>\n<meta name=\"twitter:label1\" content=\"Escrito por\" \/>\n\t<meta name=\"twitter:data1\" content=\"Redacci\u00f3n QP\" \/>\n\t<meta name=\"twitter:label2\" content=\"Tiempo de lectura\" \/>\n\t<meta name=\"twitter:data2\" content=\"3 minutos\" \/>\n<script type=\"application\/ld+json\" class=\"yoast-schema-graph\">{\"@context\":\"https:\\\/\\\/schema.org\",\"@graph\":[{\"@type\":\"Article\",\"@id\":\"https:\\\/\\\/quehacerpolitico.mx\\\/?p=128623#article\",\"isPartOf\":{\"@id\":\"https:\\\/\\\/quehacerpolitico.mx\\\/?p=128623\"},\"author\":{\"name\":\"Redacci\u00f3n QP\",\"@id\":\"https:\\\/\\\/quehacerpolitico.mx\\\/#\\\/schema\\\/person\\\/496d8ad2d1d3f8036101dca7ee39e585\"},\"headline\":\"Trump anuncia aranceles a las importaciones de pa\u00edses que suministren petr\u00f3leo a Cuba\",\"datePublished\":\"2026-01-30T03:37:37+00:00\",\"dateModified\":\"2026-01-30T03:37:40+00:00\",\"mainEntityOfPage\":{\"@id\":\"https:\\\/\\\/quehacerpolitico.mx\\\/?p=128623\"},\"wordCount\":474,\"commentCount\":0,\"image\":{\"@id\":\"https:\\\/\\\/quehacerpolitico.mx\\\/?p=128623#primaryimage\"},\"thumbnailUrl\":\"https:\\\/\\\/quehacerpolitico.mx\\\/wp-content\\\/uploads\\\/2026\\\/01\\\/IMG_6349.jpeg\",\"articleSection\":[\"Internacionales\"],\"inLanguage\":\"es\",\"potentialAction\":[{\"@type\":\"CommentAction\",\"name\":\"Comment\",\"target\":[\"https:\\\/\\\/quehacerpolitico.mx\\\/?p=128623#respond\"]}]},{\"@type\":\"WebPage\",\"@id\":\"https:\\\/\\\/quehacerpolitico.mx\\\/?p=128623\",\"url\":\"https:\\\/\\\/quehacerpolitico.mx\\\/?p=128623\",\"name\":\"Trump anuncia aranceles a las importaciones de pa\u00edses que suministren petr\u00f3leo a Cuba -\",\"isPartOf\":{\"@id\":\"https:\\\/\\\/quehacerpolitico.mx\\\/#website\"},\"primaryImageOfPage\":{\"@id\":\"https:\\\/\\\/quehacerpolitico.mx\\\/?p=128623#primaryimage\"},\"image\":{\"@id\":\"https:\\\/\\\/quehacerpolitico.mx\\\/?p=128623#primaryimage\"},\"thumbnailUrl\":\"https:\\\/\\\/quehacerpolitico.mx\\\/wp-content\\\/uploads\\\/2026\\\/01\\\/IMG_6349.jpeg\",\"datePublished\":\"2026-01-30T03:37:37+00:00\",\"dateModified\":\"2026-01-30T03:37:40+00:00\",\"author\":{\"@id\":\"https:\\\/\\\/quehacerpolitico.mx\\\/#\\\/schema\\\/person\\\/496d8ad2d1d3f8036101dca7ee39e585\"},\"breadcrumb\":{\"@id\":\"https:\\\/\\\/quehacerpolitico.mx\\\/?p=128623#breadcrumb\"},\"inLanguage\":\"es\",\"potentialAction\":[{\"@type\":\"ReadAction\",\"target\":[\"https:\\\/\\\/quehacerpolitico.mx\\\/?p=128623\"]}]},{\"@type\":\"ImageObject\",\"inLanguage\":\"es\",\"@id\":\"https:\\\/\\\/quehacerpolitico.mx\\\/?p=128623#primaryimage\",\"url\":\"https:\\\/\\\/quehacerpolitico.mx\\\/wp-content\\\/uploads\\\/2026\\\/01\\\/IMG_6349.jpeg\",\"contentUrl\":\"https:\\\/\\\/quehacerpolitico.mx\\\/wp-content\\\/uploads\\\/2026\\\/01\\\/IMG_6349.jpeg\",\"width\":1200,\"height\":675},{\"@type\":\"BreadcrumbList\",\"@id\":\"https:\\\/\\\/quehacerpolitico.mx\\\/?p=128623#breadcrumb\",\"itemListElement\":[{\"@type\":\"ListItem\",\"position\":1,\"name\":\"Inicio\",\"item\":\"https:\\\/\\\/quehacerpolitico.mx\\\/\"},{\"@type\":\"ListItem\",\"position\":2,\"name\":\"Trump anuncia aranceles a las importaciones de pa\u00edses que suministren petr\u00f3leo a Cuba\"}]},{\"@type\":\"WebSite\",\"@id\":\"https:\\\/\\\/quehacerpolitico.mx\\\/#website\",\"url\":\"https:\\\/\\\/quehacerpolitico.mx\\\/\",\"name\":\"\",\"description\":\"\",\"potentialAction\":[{\"@type\":\"SearchAction\",\"target\":{\"@type\":\"EntryPoint\",\"urlTemplate\":\"https:\\\/\\\/quehacerpolitico.mx\\\/?s={search_term_string}\"},\"query-input\":{\"@type\":\"PropertyValueSpecification\",\"valueRequired\":true,\"valueName\":\"search_term_string\"}}],\"inLanguage\":\"es\"},{\"@type\":\"Person\",\"@id\":\"https:\\\/\\\/quehacerpolitico.mx\\\/#\\\/schema\\\/person\\\/496d8ad2d1d3f8036101dca7ee39e585\",\"name\":\"Redacci\u00f3n QP\",\"image\":{\"@type\":\"ImageObject\",\"inLanguage\":\"es\",\"@id\":\"https:\\\/\\\/secure.gravatar.com\\\/avatar\\\/c7164ed6fdec453195284ad24a5ae5b6e1eed2b848477fa2a4787ba9adf39a41?s=96&d=mm&r=g\",\"url\":\"https:\\\/\\\/secure.gravatar.com\\\/avatar\\\/c7164ed6fdec453195284ad24a5ae5b6e1eed2b848477fa2a4787ba9adf39a41?s=96&d=mm&r=g\",\"contentUrl\":\"https:\\\/\\\/secure.gravatar.com\\\/avatar\\\/c7164ed6fdec453195284ad24a5ae5b6e1eed2b848477fa2a4787ba9adf39a41?s=96&d=mm&r=g\",\"caption\":\"Redacci\u00f3n QP\"},\"url\":\"https:\\\/\\\/quehacerpolitico.mx\\\/?author=2\"}]}<\/script>\n<!-- \/ Yoast SEO plugin. -->","yoast_head_json":{"title":"Trump anuncia aranceles a las importaciones de pa\u00edses que suministren petr\u00f3leo a Cuba -","robots":{"index":"index","follow":"follow","max-snippet":"max-snippet:-1","max-image-preview":"max-image-preview:large","max-video-preview":"max-video-preview:-1"},"canonical":"https:\/\/quehacerpolitico.mx\/?p=128623","og_locale":"es_MX","og_type":"article","og_title":"Trump anuncia aranceles a las importaciones de pa\u00edses que suministren petr\u00f3leo a Cuba -","og_description":"Por Redacci\u00f3n QP El mandatario firm\u00f3 una orden ejecutiva y se\u00f1al\u00f3 que la situaci\u00f3n de...","og_url":"https:\/\/quehacerpolitico.mx\/?p=128623","article_published_time":"2026-01-30T03:37:37+00:00","article_modified_time":"2026-01-30T03:37:40+00:00","og_image":[{"width":1200,"height":675,"url":"http:\/\/quehacerpolitico.mx\/wp-content\/uploads\/2026\/01\/IMG_6349.jpeg","type":"image\/jpeg"}],"author":"Redacci\u00f3n QP","twitter_card":"summary_large_image","twitter_misc":{"Escrito por":"Redacci\u00f3n QP","Tiempo de lectura":"3 minutos"},"schema":{"@context":"https:\/\/schema.org","@graph":[{"@type":"Article","@id":"https:\/\/quehacerpolitico.mx\/?p=128623#article","isPartOf":{"@id":"https:\/\/quehacerpolitico.mx\/?p=128623"},"author":{"name":"Redacci\u00f3n QP","@id":"https:\/\/quehacerpolitico.mx\/#\/schema\/person\/496d8ad2d1d3f8036101dca7ee39e585"},"headline":"Trump anuncia aranceles a las importaciones de pa\u00edses que suministren petr\u00f3leo a Cuba","datePublished":"2026-01-30T03:37:37+00:00","dateModified":"2026-01-30T03:37:40+00:00","mainEntityOfPage":{"@id":"https:\/\/quehacerpolitico.mx\/?p=128623"},"wordCount":474,"commentCount":0,"image":{"@id":"https:\/\/quehacerpolitico.mx\/?p=128623#primaryimage"},"thumbnailUrl":"https:\/\/quehacerpolitico.mx\/wp-content\/uploads\/2026\/01\/IMG_6349.jpeg","articleSection":["Internacionales"],"inLanguage":"es","potentialAction":[{"@type":"CommentAction","name":"Comment","target":["https:\/\/quehacerpolitico.mx\/?p=128623#respond"]}]},{"@type":"WebPage","@id":"https:\/\/quehacerpolitico.mx\/?p=128623","url":"https:\/\/quehacerpolitico.mx\/?p=128623","name":"Trump anuncia aranceles a las importaciones de pa\u00edses que suministren petr\u00f3leo a Cuba -","isPartOf":{"@id":"https:\/\/quehacerpolitico.mx\/#website"},"primaryImageOfPage":{"@id":"https:\/\/quehacerpolitico.mx\/?p=128623#primaryimage"},"image":{"@id":"https:\/\/quehacerpolitico.mx\/?p=128623#primaryimage"},"thumbnailUrl":"https:\/\/quehacerpolitico.mx\/wp-content\/uploads\/2026\/01\/IMG_6349.jpeg","datePublished":"2026-01-30T03:37:37+00:00","dateModified":"2026-01-30T03:37:40+00:00","author":{"@id":"https:\/\/quehacerpolitico.mx\/#\/schema\/person\/496d8ad2d1d3f8036101dca7ee39e585"},"breadcrumb":{"@id":"https:\/\/quehacerpolitico.mx\/?p=128623#breadcrumb"},"inLanguage":"es","potentialAction":[{"@type":"ReadAction","target":["https:\/\/quehacerpolitico.mx\/?p=128623"]}]},{"@type":"ImageObject","inLanguage":"es","@id":"https:\/\/quehacerpolitico.mx\/?p=128623#primaryimage","url":"https:\/\/quehacerpolitico.mx\/wp-content\/uploads\/2026\/01\/IMG_6349.jpeg","contentUrl":"https:\/\/quehacerpolitico.mx\/wp-content\/uploads\/2026\/01\/IMG_6349.jpeg","width":1200,"height":675},{"@type":"BreadcrumbList","@id":"https:\/\/quehacerpolitico.mx\/?p=128623#breadcrumb","itemListElement":[{"@type":"ListItem","position":1,"name":"Inicio","item":"https:\/\/quehacerpolitico.mx\/"},{"@type":"ListItem","position":2,"name":"Trump anuncia aranceles a las importaciones de pa\u00edses que suministren petr\u00f3leo a Cuba"}]},{"@type":"WebSite","@id":"https:\/\/quehacerpolitico.mx\/#website","url":"https:\/\/quehacerpolitico.mx\/","name":"","description":"","potentialAction":[{"@type":"SearchAction","target":{"@type":"EntryPoint","urlTemplate":"https:\/\/quehacerpolitico.mx\/?s={search_term_string}"},"query-input":{"@type":"PropertyValueSpecification","valueRequired":true,"valueName":"search_term_string"}}],"inLanguage":"es"},{"@type":"Person","@id":"https:\/\/quehacerpolitico.mx\/#\/schema\/person\/496d8ad2d1d3f8036101dca7ee39e585","name":"Redacci\u00f3n QP","image":{"@type":"ImageObject","inLanguage":"es","@id":"https:\/\/secure.gravatar.com\/avatar\/c7164ed6fdec453195284ad24a5ae5b6e1eed2b848477fa2a4787ba9adf39a41?s=96&d=mm&r=g","url":"https:\/\/secure.gravatar.com\/avatar\/c7164ed6fdec453195284ad24a5ae5b6e1eed2b848477fa2a4787ba9adf39a41?s=96&d=mm&r=g","contentUrl":"https:\/\/secure.gravatar.com\/avatar\/c7164ed6fdec453195284ad24a5ae5b6e1eed2b848477fa2a4787ba9adf39a41?s=96&d=mm&r=g","caption":"Redacci\u00f3n QP"},"url":"https:\/\/quehacerpolitico.mx\/?author=2"}]}},"featured_image_urls":{"full":["https:\/\/quehacerpolitico.mx\/wp-content\/uploads\/2026\/01\/IMG_6349.jpeg",1200,675,false],"thumbnail":["https:\/\/quehacerpolitico.mx\/wp-content\/uploads\/2026\/01\/IMG_6349-150x150.jpeg",150,150,true],"medium":["https:\/\/quehacerpolitico.mx\/wp-content\/uploads\/2026\/01\/IMG_6349-300x169.jpeg",300,169,true],"medium_large":["https:\/\/quehacerpolitico.mx\/wp-content\/uploads\/2026\/01\/IMG_6349-768x432.jpeg",640,360,true],"large":["https:\/\/quehacerpolitico.mx\/wp-content\/uploads\/2026\/01\/IMG_6349-1024x576.jpeg",640,360,true],"1536x1536":["https:\/\/quehacerpolitico.mx\/wp-content\/uploads\/2026\/01\/IMG_6349.jpeg",1200,675,false],"2048x2048":["https:\/\/quehacerpolitico.mx\/wp-content\/uploads\/2026\/01\/IMG_6349.jpeg",1200,675,false],"covernews-featured":["https:\/\/quehacerpolitico.mx\/wp-content\/uploads\/2026\/01\/IMG_6349-1024x576.jpeg",1024,576,true],"covernews-medium":["https:\/\/quehacerpolitico.mx\/wp-content\/uploads\/2026\/01\/IMG_6349-540x340.jpeg",540,340,true]},"author_info":{"display_name":"Redacci\u00f3n QP","author_link":"https:\/\/quehacerpolitico.mx\/?author=2"},"category_info":"<a href=\"https:\/\/quehacerpolitico.mx\/?cat=1\" rel=\"category\">Internacionales<\/a>","tag_info":"Internacionales","comment_count":"0","_links":{"self":[{"href":"https:\/\/quehacerpolitico.mx\/index.php?rest_route=\/wp\/v2\/posts\/128623","targetHints":{"allow":["GET"]}}],"collection":[{"href":"https:\/\/quehacerpolitico.mx\/index.php?rest_route=\/wp\/v2\/posts"}],"about":[{"href":"https:\/\/quehacerpolitico.mx\/index.php?rest_route=\/wp\/v2\/types\/post"}],"author":[{"embeddable":true,"href":"https:\/\/quehacerpolitico.mx\/index.php?rest_route=\/wp\/v2\/users\/2"}],"replies":[{"embeddable":true,"href":"https:\/\/quehacerpolitico.mx\/index.php?rest_route=%2Fwp%2Fv2%2Fcomments&post=128623"}],"version-history":[{"count":1,"href":"https:\/\/quehacerpolitico.mx\/index.php?rest_route=\/wp\/v2\/posts\/128623\/revisions"}],"predecessor-version":[{"id":128625,"href":"https:\/\/quehacerpolitico.mx\/index.php?rest_route=\/wp\/v2\/posts\/128623\/revisions\/128625"}],"wp:featuredmedia":[{"embeddable":true,"href":"https:\/\/quehacerpolitico.mx\/index.php?rest_route=\/wp\/v2\/media\/128624"}],"wp:attachment":[{"href":"https:\/\/quehacerpolitico.mx\/index.php?rest_route=%2Fwp%2Fv2%2Fmedia&parent=128623"}],"wp:term":[{"taxonomy":"category","embeddable":true,"href":"https:\/\/quehacerpolitico.mx\/index.php?rest_route=%2Fwp%2Fv2%2Fcategories&post=128623"},{"taxonomy":"post_tag","embeddable":true,"href":"https:\/\/quehacerpolitico.mx\/index.php?rest_route=%2Fwp%2Fv2%2Ftags&post=128623"}],"curies":[{"name":"wp","href":"https:\/\/api.w.org\/{rel}","templated":true}]}}