{"id":128578,"date":"2026-01-28T19:14:54","date_gmt":"2026-01-29T01:14:54","guid":{"rendered":"https:\/\/quehacerpolitico.mx\/?p=128578"},"modified":"2026-01-28T19:14:58","modified_gmt":"2026-01-29T01:14:58","slug":"morena-pt-y-pvem-hacen-a-un-lado-diferencias-por-la-reforma-electoral-y-cierran-filas-para-elecciones-de-2027-y-2030","status":"publish","type":"post","link":"https:\/\/quehacerpolitico.mx\/?p=128578","title":{"rendered":"Morena, PT y PVEM hacen a un lado diferencias por la reforma electoral y cierran filas para elecciones de 2027 y 2030"},"content":{"rendered":"\n<p>Por Redacci\u00f3n QP<\/p>\n\n\n\n<p>Luisa Mar\u00eda Alcalde, presidenta del partido oficial, inform\u00f3 que se garantiza la continuidad del proyecto de transformaci\u00f3n por un pa\u00eds m\u00e1s justo, democr\u00e1tico, igualitario<\/p>\n\n\n\n<p>Luego de varios meses de&nbsp;<strong>diferencias y desencuentros verbales<\/strong>&nbsp;y&nbsp;<strong>pol\u00edticos<\/strong>&nbsp;por la<strong>&nbsp;reforma electoral<\/strong>, las dirigencias del&nbsp;<strong>Partido Verde Ecologista de M\u00e9xico<\/strong>(PVEM),&nbsp;<strong>Partido del Trabajo<\/strong>&nbsp;(PT) y Movimiento de Regeneraci\u00f3n Nacional (<strong>Morena<\/strong>) resolvieron firmar un pacto de unidad p\u00fablico y frente a los medios de comunicaci\u00f3n.<\/p>\n\n\n\n<figure class=\"wp-block-embed is-type-rich is-provider-twitter wp-block-embed-twitter\"><div class=\"wp-block-embed__wrapper\">\n<blockquote class=\"twitter-tweet\" data-width=\"550\" data-dnt=\"true\"><p lang=\"es\" dir=\"ltr\">\ud83d\udd34 <a href=\"https:\/\/twitter.com\/hashtag\/EnVivo?src=hash&amp;ref_src=twsrc%5Etfw\">#EnVivo<\/a> | La Transformaci\u00f3n m\u00e1s fuerte que nunca rumbo al 2027 &#8211; Firma de declaraci\u00f3n conjunta de la alianza con el <a href=\"https:\/\/twitter.com\/PTnacionalMX?ref_src=twsrc%5Etfw\">@PTnacionalMX<\/a> y el <a href=\"https:\/\/twitter.com\/partidoverdemex?ref_src=twsrc%5Etfw\">@partidoverdemex<\/a>. <a href=\"https:\/\/twitter.com\/hashtag\/4TMasFuerteQueNunca?src=hash&amp;ref_src=twsrc%5Etfw\">#4TMasFuerteQueNunca<\/a> <a href=\"https:\/\/t.co\/gBweXt035M\">https:\/\/t.co\/gBweXt035M<\/a><\/p>&mdash; Luisa Alcalde (@LuisaAlcalde) <a href=\"https:\/\/twitter.com\/LuisaAlcalde\/status\/2016644550807196141?ref_src=twsrc%5Etfw\">January 28, 2026<\/a><\/blockquote><script async src=\"https:\/\/platform.twitter.com\/widgets.js\" charset=\"utf-8\"><\/script>\n<\/div><\/figure>\n\n\n\n<p><strong>Luisa Mar\u00eda Alcalde<\/strong>, presidenta de Morena, encabez\u00f3 el acto protocolario y ley\u00f3 el&nbsp;<strong>documento<\/strong>&nbsp;que sienta las bases para la unidad.<\/p>\n\n\n\n<p>\u201cRefrendamos la unidad pol\u00edtica de la alianza&nbsp;<strong>rumbo al 2027<\/strong>&nbsp;para garantizar la continuidad del&nbsp;<strong>proyecto de transformaci\u00f3n&nbsp;<\/strong>por un pa\u00eds m\u00e1s justo,&nbsp;<strong>democr\u00e1tico<\/strong>, igualitario, incluyente, independiente y regido por la voluntad libre y soberana del pueblo de M\u00e9xico\u201d, dijo.<\/p>\n\n\n\n<p>En el evento, de apenas 20 minutos de duraci\u00f3n, la&nbsp;<strong>morenista<\/strong>, sin mencionar las diferencias que marcaron a lo<strong>s tres partidos&nbsp;<\/strong>por la&nbsp;<strong>reforma electoral<\/strong>&nbsp;y mucho menos del contenido que origin\u00f3 las divisiones, presumi\u00f3 que las tres fuerzas pol\u00edticas har\u00e1n a un lado los intereses partidistas.<\/p>\n\n\n\n<p>\u201cPero, sobre todo, que ha logrado en los hechos un verdadero estado de bienestar. Ratificamos nuestro apoyo, respaldo y acompa\u00f1amiento a la primera presidenta de M\u00e9xico,&nbsp;<strong>Claudia Sheinbaum Pardo<\/strong>\u201d, afirm\u00f3.<\/p>\n\n\n\n<figure class=\"wp-block-gallery has-nested-images columns-default is-cropped wp-block-gallery-1 is-layout-flex wp-block-gallery-is-layout-flex\">\n<figure class=\"wp-block-image size-large\"><img loading=\"lazy\" decoding=\"async\" width=\"1024\" height=\"683\" data-id=\"128579\" src=\"https:\/\/quehacerpolitico.mx\/wp-content\/uploads\/2026\/01\/IMG_6332-1024x683.jpeg\" alt=\"\" class=\"wp-image-128579\" srcset=\"https:\/\/quehacerpolitico.mx\/wp-content\/uploads\/2026\/01\/IMG_6332-1024x683.jpeg 1024w, https:\/\/quehacerpolitico.mx\/wp-content\/uploads\/2026\/01\/IMG_6332-300x200.jpeg 300w, https:\/\/quehacerpolitico.mx\/wp-content\/uploads\/2026\/01\/IMG_6332-768x512.jpeg 768w, https:\/\/quehacerpolitico.mx\/wp-content\/uploads\/2026\/01\/IMG_6332-1536x1024.jpeg 1536w, https:\/\/quehacerpolitico.mx\/wp-content\/uploads\/2026\/01\/IMG_6332.jpeg 2048w\" sizes=\"auto, (max-width: 1024px) 100vw, 1024px\" \/><\/figure>\n\n\n\n<figure class=\"wp-block-image size-large\"><img loading=\"lazy\" decoding=\"async\" width=\"1024\" height=\"683\" data-id=\"128580\" src=\"https:\/\/quehacerpolitico.mx\/wp-content\/uploads\/2026\/01\/IMG_6333-1024x683.jpeg\" alt=\"\" class=\"wp-image-128580\" srcset=\"https:\/\/quehacerpolitico.mx\/wp-content\/uploads\/2026\/01\/IMG_6333-1024x683.jpeg 1024w, https:\/\/quehacerpolitico.mx\/wp-content\/uploads\/2026\/01\/IMG_6333-300x200.jpeg 300w, https:\/\/quehacerpolitico.mx\/wp-content\/uploads\/2026\/01\/IMG_6333-768x512.jpeg 768w, https:\/\/quehacerpolitico.mx\/wp-content\/uploads\/2026\/01\/IMG_6333-1536x1025.jpeg 1536w, https:\/\/quehacerpolitico.mx\/wp-content\/uploads\/2026\/01\/IMG_6333.jpeg 2048w\" sizes=\"auto, (max-width: 1024px) 100vw, 1024px\" \/><\/figure>\n<\/figure>\n\n\n\n<p>En la conferencia, donde no se permitieron preguntas de los periodistas, los dirigentes de cada partido insistieron en demostrar su unidad con Morena.<\/p>\n\n\n\n<p>Karen Castrej\u00f3n, dirigente del PVEM, asegur\u00f3 que su \u201crespaldo es institucional y responsable\u201d y est\u00e1 orientado al inter\u00e9s nacional.<br>\u201cReiteramos nuestra disposici\u00f3n permanente de seguir&nbsp;<strong>dialogando,<\/strong>encontrar puntos de&nbsp;<strong>coincidencia&nbsp;<\/strong>y&nbsp;<strong>construir<\/strong>, sobre todo, esas soluciones que pongan por delante el bienestar de la gente y la estabilidad pol\u00edtica de nuestro pa\u00eds\u201d, se\u00f1al\u00f3.<\/p>\n\n\n\n<p>Alberto Anaya, presidente del PT, afirm\u00f3 que el compromiso&nbsp;<strong>firmado<\/strong>&nbsp;es para los comicios de 2027 y hasta&nbsp;<strong>2030<\/strong>.&nbsp;<\/p>\n\n\n\n<h2 class=\"wp-block-heading\">LAS DIFERENCIAS EN LA REFORMA ELECTORAL<\/h2>\n\n\n\n<p>Las diferencias entre los<strong>\u00a0tres partidos<\/strong> iniciaron desde el 5 de febrero con la propuesta de reforma\u00a0<strong>electora<\/strong>l del entonces presidente L\u00f3pez Obrador y retomada por la administraci\u00f3n de Claudia Sheinbaum.<\/p>\n\n\n\n<figure class=\"wp-block-gallery has-nested-images columns-default is-cropped wp-block-gallery-2 is-layout-flex wp-block-gallery-is-layout-flex\">\n<figure class=\"wp-block-image size-large\"><img loading=\"lazy\" decoding=\"async\" width=\"1024\" height=\"683\" data-id=\"128581\" src=\"https:\/\/quehacerpolitico.mx\/wp-content\/uploads\/2026\/01\/IMG_6335-1024x683.jpeg\" alt=\"\" class=\"wp-image-128581\" srcset=\"https:\/\/quehacerpolitico.mx\/wp-content\/uploads\/2026\/01\/IMG_6335-1024x683.jpeg 1024w, https:\/\/quehacerpolitico.mx\/wp-content\/uploads\/2026\/01\/IMG_6335-300x200.jpeg 300w, https:\/\/quehacerpolitico.mx\/wp-content\/uploads\/2026\/01\/IMG_6335-768x512.jpeg 768w, https:\/\/quehacerpolitico.mx\/wp-content\/uploads\/2026\/01\/IMG_6335-1536x1024.jpeg 1536w, https:\/\/quehacerpolitico.mx\/wp-content\/uploads\/2026\/01\/IMG_6335.jpeg 2048w\" sizes=\"auto, (max-width: 1024px) 100vw, 1024px\" \/><\/figure>\n\n\n\n<figure class=\"wp-block-image size-large\"><img loading=\"lazy\" decoding=\"async\" width=\"1024\" height=\"683\" data-id=\"128582\" src=\"https:\/\/quehacerpolitico.mx\/wp-content\/uploads\/2026\/01\/IMG_6334-1024x683.jpeg\" alt=\"\" class=\"wp-image-128582\" srcset=\"https:\/\/quehacerpolitico.mx\/wp-content\/uploads\/2026\/01\/IMG_6334-1024x683.jpeg 1024w, https:\/\/quehacerpolitico.mx\/wp-content\/uploads\/2026\/01\/IMG_6334-300x200.jpeg 300w, https:\/\/quehacerpolitico.mx\/wp-content\/uploads\/2026\/01\/IMG_6334-768x512.jpeg 768w, https:\/\/quehacerpolitico.mx\/wp-content\/uploads\/2026\/01\/IMG_6334-1536x1025.jpeg 1536w, https:\/\/quehacerpolitico.mx\/wp-content\/uploads\/2026\/01\/IMG_6334.jpeg 2048w\" sizes=\"auto, (max-width: 1024px) 100vw, 1024px\" \/><\/figure>\n<\/figure>\n\n\n\n<p>La propuesta planteaba ejes que resultaban intolerables para el PT y el PVEM en su forma original: la&nbsp;<strong>eliminaci\u00f3n de los 200<\/strong>&nbsp;diputados plurinominales y las 32 senadur\u00edas de representaci\u00f3n proporcional, junto con una reducci\u00f3n del 50% en las prerrogativas de los partidos.&nbsp;<\/p>\n\n\n\n<p>PT y PVEM argumentaron que la reforma no era necesaria, dado que Morena ya controlaba los tres poderes de la Uni\u00f3n.&nbsp;<br>Reginaldo Sandoval, coordinador del PT en la&nbsp;<strong>C\u00e1mara de Diputados<\/strong>, quien cuestion\u00f3 la urgencia de modificar las reglas con las que ya hab\u00edan obtenido victorias; sin embargo, entrevistado despu\u00e9s de la firma del acuerdo, dijo que este acuerdo &#8220;no tuvo que ver la reforma electoral&#8221;.<\/p>\n","protected":false},"excerpt":{"rendered":"<p>Por Redacci\u00f3n QP Luisa Mar\u00eda Alcalde, presidenta del partido oficial, inform\u00f3 que se garantiza la&#8230;<\/p>\n","protected":false},"author":2,"featured_media":128583,"comment_status":"open","ping_status":"open","sticky":false,"template":"","format":"standard","meta":{"_monsterinsights_skip_tracking":false,"_monsterinsights_sitenote_active":false,"_monsterinsights_sitenote_note":"","_monsterinsights_sitenote_category":0,"footnotes":""},"categories":[280,2],"tags":[],"class_list":["post-128578","post","type-post","status-publish","format-standard","has-post-thumbnail","hentry","category-nacionales","category-noticias"],"yoast_head":"<!-- This site is optimized with the Yoast SEO plugin v27.3 - https:\/\/yoast.com\/product\/yoast-seo-wordpress\/ -->\n<title>Morena, PT y PVEM hacen a un lado diferencias por la reforma electoral y cierran filas para elecciones de 2027 y 2030 -<\/title>\n<meta name=\"robots\" content=\"index, follow, max-snippet:-1, max-image-preview:large, max-video-preview:-1\" \/>\n<link rel=\"canonical\" href=\"https:\/\/quehacerpolitico.mx\/?p=128578\" \/>\n<meta property=\"og:locale\" content=\"es_MX\" \/>\n<meta property=\"og:type\" content=\"article\" \/>\n<meta property=\"og:title\" content=\"Morena, PT y PVEM hacen a un lado diferencias por la reforma electoral y cierran filas para elecciones de 2027 y 2030 -\" \/>\n<meta property=\"og:description\" content=\"Por Redacci\u00f3n QP Luisa Mar\u00eda Alcalde, presidenta del partido oficial, inform\u00f3 que se garantiza la...\" \/>\n<meta property=\"og:url\" content=\"https:\/\/quehacerpolitico.mx\/?p=128578\" \/>\n<meta property=\"article:published_time\" content=\"2026-01-29T01:14:54+00:00\" \/>\n<meta property=\"article:modified_time\" content=\"2026-01-29T01:14:58+00:00\" \/>\n<meta property=\"og:image\" content=\"http:\/\/quehacerpolitico.mx\/wp-content\/uploads\/2026\/01\/IMG_6335-1.jpeg\" \/>\n\t<meta property=\"og:image:width\" content=\"2048\" \/>\n\t<meta property=\"og:image:height\" content=\"1365\" \/>\n\t<meta property=\"og:image:type\" content=\"image\/jpeg\" \/>\n<meta name=\"author\" content=\"Redacci\u00f3n QP\" \/>\n<meta name=\"twitter:card\" content=\"summary_large_image\" \/>\n<meta name=\"twitter:label1\" content=\"Escrito por\" \/>\n\t<meta name=\"twitter:data1\" content=\"Redacci\u00f3n QP\" \/>\n\t<meta name=\"twitter:label2\" content=\"Tiempo de lectura\" \/>\n\t<meta name=\"twitter:data2\" content=\"4 minutos\" \/>\n<script type=\"application\/ld+json\" class=\"yoast-schema-graph\">{\"@context\":\"https:\\\/\\\/schema.org\",\"@graph\":[{\"@type\":\"Article\",\"@id\":\"https:\\\/\\\/quehacerpolitico.mx\\\/?p=128578#article\",\"isPartOf\":{\"@id\":\"https:\\\/\\\/quehacerpolitico.mx\\\/?p=128578\"},\"author\":{\"name\":\"Redacci\u00f3n QP\",\"@id\":\"https:\\\/\\\/quehacerpolitico.mx\\\/#\\\/schema\\\/person\\\/496d8ad2d1d3f8036101dca7ee39e585\"},\"headline\":\"Morena, PT y PVEM hacen a un lado diferencias por la reforma electoral y cierran filas para elecciones de 2027 y 2030\",\"datePublished\":\"2026-01-29T01:14:54+00:00\",\"dateModified\":\"2026-01-29T01:14:58+00:00\",\"mainEntityOfPage\":{\"@id\":\"https:\\\/\\\/quehacerpolitico.mx\\\/?p=128578\"},\"wordCount\":544,\"commentCount\":0,\"image\":{\"@id\":\"https:\\\/\\\/quehacerpolitico.mx\\\/?p=128578#primaryimage\"},\"thumbnailUrl\":\"https:\\\/\\\/quehacerpolitico.mx\\\/wp-content\\\/uploads\\\/2026\\\/01\\\/IMG_6335-1.jpeg\",\"articleSection\":[\"Nacionales\",\"Noticias\"],\"inLanguage\":\"es\",\"potentialAction\":[{\"@type\":\"CommentAction\",\"name\":\"Comment\",\"target\":[\"https:\\\/\\\/quehacerpolitico.mx\\\/?p=128578#respond\"]}]},{\"@type\":\"WebPage\",\"@id\":\"https:\\\/\\\/quehacerpolitico.mx\\\/?p=128578\",\"url\":\"https:\\\/\\\/quehacerpolitico.mx\\\/?p=128578\",\"name\":\"Morena, PT y PVEM hacen a un lado diferencias por la reforma electoral y cierran filas para elecciones de 2027 y 2030 -\",\"isPartOf\":{\"@id\":\"https:\\\/\\\/quehacerpolitico.mx\\\/#website\"},\"primaryImageOfPage\":{\"@id\":\"https:\\\/\\\/quehacerpolitico.mx\\\/?p=128578#primaryimage\"},\"image\":{\"@id\":\"https:\\\/\\\/quehacerpolitico.mx\\\/?p=128578#primaryimage\"},\"thumbnailUrl\":\"https:\\\/\\\/quehacerpolitico.mx\\\/wp-content\\\/uploads\\\/2026\\\/01\\\/IMG_6335-1.jpeg\",\"datePublished\":\"2026-01-29T01:14:54+00:00\",\"dateModified\":\"2026-01-29T01:14:58+00:00\",\"author\":{\"@id\":\"https:\\\/\\\/quehacerpolitico.mx\\\/#\\\/schema\\\/person\\\/496d8ad2d1d3f8036101dca7ee39e585\"},\"breadcrumb\":{\"@id\":\"https:\\\/\\\/quehacerpolitico.mx\\\/?p=128578#breadcrumb\"},\"inLanguage\":\"es\",\"potentialAction\":[{\"@type\":\"ReadAction\",\"target\":[\"https:\\\/\\\/quehacerpolitico.mx\\\/?p=128578\"]}]},{\"@type\":\"ImageObject\",\"inLanguage\":\"es\",\"@id\":\"https:\\\/\\\/quehacerpolitico.mx\\\/?p=128578#primaryimage\",\"url\":\"https:\\\/\\\/quehacerpolitico.mx\\\/wp-content\\\/uploads\\\/2026\\\/01\\\/IMG_6335-1.jpeg\",\"contentUrl\":\"https:\\\/\\\/quehacerpolitico.mx\\\/wp-content\\\/uploads\\\/2026\\\/01\\\/IMG_6335-1.jpeg\",\"width\":2048,\"height\":1365},{\"@type\":\"BreadcrumbList\",\"@id\":\"https:\\\/\\\/quehacerpolitico.mx\\\/?p=128578#breadcrumb\",\"itemListElement\":[{\"@type\":\"ListItem\",\"position\":1,\"name\":\"Inicio\",\"item\":\"https:\\\/\\\/quehacerpolitico.mx\\\/\"},{\"@type\":\"ListItem\",\"position\":2,\"name\":\"Morena, PT y PVEM hacen a un lado diferencias por la reforma electoral y cierran filas para elecciones de 2027 y 2030\"}]},{\"@type\":\"WebSite\",\"@id\":\"https:\\\/\\\/quehacerpolitico.mx\\\/#website\",\"url\":\"https:\\\/\\\/quehacerpolitico.mx\\\/\",\"name\":\"\",\"description\":\"\",\"potentialAction\":[{\"@type\":\"SearchAction\",\"target\":{\"@type\":\"EntryPoint\",\"urlTemplate\":\"https:\\\/\\\/quehacerpolitico.mx\\\/?s={search_term_string}\"},\"query-input\":{\"@type\":\"PropertyValueSpecification\",\"valueRequired\":true,\"valueName\":\"search_term_string\"}}],\"inLanguage\":\"es\"},{\"@type\":\"Person\",\"@id\":\"https:\\\/\\\/quehacerpolitico.mx\\\/#\\\/schema\\\/person\\\/496d8ad2d1d3f8036101dca7ee39e585\",\"name\":\"Redacci\u00f3n QP\",\"image\":{\"@type\":\"ImageObject\",\"inLanguage\":\"es\",\"@id\":\"https:\\\/\\\/secure.gravatar.com\\\/avatar\\\/c7164ed6fdec453195284ad24a5ae5b6e1eed2b848477fa2a4787ba9adf39a41?s=96&d=mm&r=g\",\"url\":\"https:\\\/\\\/secure.gravatar.com\\\/avatar\\\/c7164ed6fdec453195284ad24a5ae5b6e1eed2b848477fa2a4787ba9adf39a41?s=96&d=mm&r=g\",\"contentUrl\":\"https:\\\/\\\/secure.gravatar.com\\\/avatar\\\/c7164ed6fdec453195284ad24a5ae5b6e1eed2b848477fa2a4787ba9adf39a41?s=96&d=mm&r=g\",\"caption\":\"Redacci\u00f3n QP\"},\"url\":\"https:\\\/\\\/quehacerpolitico.mx\\\/?author=2\"}]}<\/script>\n<!-- \/ Yoast SEO plugin. -->","yoast_head_json":{"title":"Morena, PT y PVEM hacen a un lado diferencias por la reforma electoral y cierran filas para elecciones de 2027 y 2030 -","robots":{"index":"index","follow":"follow","max-snippet":"max-snippet:-1","max-image-preview":"max-image-preview:large","max-video-preview":"max-video-preview:-1"},"canonical":"https:\/\/quehacerpolitico.mx\/?p=128578","og_locale":"es_MX","og_type":"article","og_title":"Morena, PT y PVEM hacen a un lado diferencias por la reforma electoral y cierran filas para elecciones de 2027 y 2030 -","og_description":"Por Redacci\u00f3n QP Luisa Mar\u00eda Alcalde, presidenta del partido oficial, inform\u00f3 que se garantiza la...","og_url":"https:\/\/quehacerpolitico.mx\/?p=128578","article_published_time":"2026-01-29T01:14:54+00:00","article_modified_time":"2026-01-29T01:14:58+00:00","og_image":[{"width":2048,"height":1365,"url":"http:\/\/quehacerpolitico.mx\/wp-content\/uploads\/2026\/01\/IMG_6335-1.jpeg","type":"image\/jpeg"}],"author":"Redacci\u00f3n QP","twitter_card":"summary_large_image","twitter_misc":{"Escrito por":"Redacci\u00f3n QP","Tiempo de lectura":"4 minutos"},"schema":{"@context":"https:\/\/schema.org","@graph":[{"@type":"Article","@id":"https:\/\/quehacerpolitico.mx\/?p=128578#article","isPartOf":{"@id":"https:\/\/quehacerpolitico.mx\/?p=128578"},"author":{"name":"Redacci\u00f3n QP","@id":"https:\/\/quehacerpolitico.mx\/#\/schema\/person\/496d8ad2d1d3f8036101dca7ee39e585"},"headline":"Morena, PT y PVEM hacen a un lado diferencias por la reforma electoral y cierran filas para elecciones de 2027 y 2030","datePublished":"2026-01-29T01:14:54+00:00","dateModified":"2026-01-29T01:14:58+00:00","mainEntityOfPage":{"@id":"https:\/\/quehacerpolitico.mx\/?p=128578"},"wordCount":544,"commentCount":0,"image":{"@id":"https:\/\/quehacerpolitico.mx\/?p=128578#primaryimage"},"thumbnailUrl":"https:\/\/quehacerpolitico.mx\/wp-content\/uploads\/2026\/01\/IMG_6335-1.jpeg","articleSection":["Nacionales","Noticias"],"inLanguage":"es","potentialAction":[{"@type":"CommentAction","name":"Comment","target":["https:\/\/quehacerpolitico.mx\/?p=128578#respond"]}]},{"@type":"WebPage","@id":"https:\/\/quehacerpolitico.mx\/?p=128578","url":"https:\/\/quehacerpolitico.mx\/?p=128578","name":"Morena, PT y PVEM hacen a un lado diferencias por la reforma electoral y cierran filas para elecciones de 2027 y 2030 -","isPartOf":{"@id":"https:\/\/quehacerpolitico.mx\/#website"},"primaryImageOfPage":{"@id":"https:\/\/quehacerpolitico.mx\/?p=128578#primaryimage"},"image":{"@id":"https:\/\/quehacerpolitico.mx\/?p=128578#primaryimage"},"thumbnailUrl":"https:\/\/quehacerpolitico.mx\/wp-content\/uploads\/2026\/01\/IMG_6335-1.jpeg","datePublished":"2026-01-29T01:14:54+00:00","dateModified":"2026-01-29T01:14:58+00:00","author":{"@id":"https:\/\/quehacerpolitico.mx\/#\/schema\/person\/496d8ad2d1d3f8036101dca7ee39e585"},"breadcrumb":{"@id":"https:\/\/quehacerpolitico.mx\/?p=128578#breadcrumb"},"inLanguage":"es","potentialAction":[{"@type":"ReadAction","target":["https:\/\/quehacerpolitico.mx\/?p=128578"]}]},{"@type":"ImageObject","inLanguage":"es","@id":"https:\/\/quehacerpolitico.mx\/?p=128578#primaryimage","url":"https:\/\/quehacerpolitico.mx\/wp-content\/uploads\/2026\/01\/IMG_6335-1.jpeg","contentUrl":"https:\/\/quehacerpolitico.mx\/wp-content\/uploads\/2026\/01\/IMG_6335-1.jpeg","width":2048,"height":1365},{"@type":"BreadcrumbList","@id":"https:\/\/quehacerpolitico.mx\/?p=128578#breadcrumb","itemListElement":[{"@type":"ListItem","position":1,"name":"Inicio","item":"https:\/\/quehacerpolitico.mx\/"},{"@type":"ListItem","position":2,"name":"Morena, PT y PVEM hacen a un lado diferencias por la reforma electoral y cierran filas para elecciones de 2027 y 2030"}]},{"@type":"WebSite","@id":"https:\/\/quehacerpolitico.mx\/#website","url":"https:\/\/quehacerpolitico.mx\/","name":"","description":"","potentialAction":[{"@type":"SearchAction","target":{"@type":"EntryPoint","urlTemplate":"https:\/\/quehacerpolitico.mx\/?s={search_term_string}"},"query-input":{"@type":"PropertyValueSpecification","valueRequired":true,"valueName":"search_term_string"}}],"inLanguage":"es"},{"@type":"Person","@id":"https:\/\/quehacerpolitico.mx\/#\/schema\/person\/496d8ad2d1d3f8036101dca7ee39e585","name":"Redacci\u00f3n QP","image":{"@type":"ImageObject","inLanguage":"es","@id":"https:\/\/secure.gravatar.com\/avatar\/c7164ed6fdec453195284ad24a5ae5b6e1eed2b848477fa2a4787ba9adf39a41?s=96&d=mm&r=g","url":"https:\/\/secure.gravatar.com\/avatar\/c7164ed6fdec453195284ad24a5ae5b6e1eed2b848477fa2a4787ba9adf39a41?s=96&d=mm&r=g","contentUrl":"https:\/\/secure.gravatar.com\/avatar\/c7164ed6fdec453195284ad24a5ae5b6e1eed2b848477fa2a4787ba9adf39a41?s=96&d=mm&r=g","caption":"Redacci\u00f3n QP"},"url":"https:\/\/quehacerpolitico.mx\/?author=2"}]}},"featured_image_urls":{"full":["https:\/\/quehacerpolitico.mx\/wp-content\/uploads\/2026\/01\/IMG_6335-1.jpeg",2048,1365,false],"thumbnail":["https:\/\/quehacerpolitico.mx\/wp-content\/uploads\/2026\/01\/IMG_6335-1-150x150.jpeg",150,150,true],"medium":["https:\/\/quehacerpolitico.mx\/wp-content\/uploads\/2026\/01\/IMG_6335-1-300x200.jpeg",300,200,true],"medium_large":["https:\/\/quehacerpolitico.mx\/wp-content\/uploads\/2026\/01\/IMG_6335-1-768x512.jpeg",640,427,true],"large":["https:\/\/quehacerpolitico.mx\/wp-content\/uploads\/2026\/01\/IMG_6335-1-1024x683.jpeg",640,427,true],"1536x1536":["https:\/\/quehacerpolitico.mx\/wp-content\/uploads\/2026\/01\/IMG_6335-1-1536x1024.jpeg",1536,1024,true],"2048x2048":["https:\/\/quehacerpolitico.mx\/wp-content\/uploads\/2026\/01\/IMG_6335-1.jpeg",2048,1365,false],"covernews-featured":["https:\/\/quehacerpolitico.mx\/wp-content\/uploads\/2026\/01\/IMG_6335-1-1024x683.jpeg",1024,683,true],"covernews-medium":["https:\/\/quehacerpolitico.mx\/wp-content\/uploads\/2026\/01\/IMG_6335-1-540x340.jpeg",540,340,true]},"author_info":{"display_name":"Redacci\u00f3n QP","author_link":"https:\/\/quehacerpolitico.mx\/?author=2"},"category_info":"<a href=\"https:\/\/quehacerpolitico.mx\/?cat=280\" rel=\"category\">Nacionales<\/a> <a href=\"https:\/\/quehacerpolitico.mx\/?cat=2\" rel=\"category\">Noticias<\/a>","tag_info":"Noticias","comment_count":"0","_links":{"self":[{"href":"https:\/\/quehacerpolitico.mx\/index.php?rest_route=\/wp\/v2\/posts\/128578","targetHints":{"allow":["GET"]}}],"collection":[{"href":"https:\/\/quehacerpolitico.mx\/index.php?rest_route=\/wp\/v2\/posts"}],"about":[{"href":"https:\/\/quehacerpolitico.mx\/index.php?rest_route=\/wp\/v2\/types\/post"}],"author":[{"embeddable":true,"href":"https:\/\/quehacerpolitico.mx\/index.php?rest_route=\/wp\/v2\/users\/2"}],"replies":[{"embeddable":true,"href":"https:\/\/quehacerpolitico.mx\/index.php?rest_route=%2Fwp%2Fv2%2Fcomments&post=128578"}],"version-history":[{"count":1,"href":"https:\/\/quehacerpolitico.mx\/index.php?rest_route=\/wp\/v2\/posts\/128578\/revisions"}],"predecessor-version":[{"id":128584,"href":"https:\/\/quehacerpolitico.mx\/index.php?rest_route=\/wp\/v2\/posts\/128578\/revisions\/128584"}],"wp:featuredmedia":[{"embeddable":true,"href":"https:\/\/quehacerpolitico.mx\/index.php?rest_route=\/wp\/v2\/media\/128583"}],"wp:attachment":[{"href":"https:\/\/quehacerpolitico.mx\/index.php?rest_route=%2Fwp%2Fv2%2Fmedia&parent=128578"}],"wp:term":[{"taxonomy":"category","embeddable":true,"href":"https:\/\/quehacerpolitico.mx\/index.php?rest_route=%2Fwp%2Fv2%2Fcategories&post=128578"},{"taxonomy":"post_tag","embeddable":true,"href":"https:\/\/quehacerpolitico.mx\/index.php?rest_route=%2Fwp%2Fv2%2Ftags&post=128578"}],"curies":[{"name":"wp","href":"https:\/\/api.w.org\/{rel}","templated":true}]}}