{"id":128575,"date":"2026-01-28T18:36:22","date_gmt":"2026-01-29T00:36:22","guid":{"rendered":"https:\/\/quehacerpolitico.mx\/?p=128575"},"modified":"2026-01-28T18:36:25","modified_gmt":"2026-01-29T00:36:25","slug":"streets-of-minneapolis-bruce-springsteen-lanza-cancion-en-protesta-por-las-muertes-en-redadas","status":"publish","type":"post","link":"https:\/\/quehacerpolitico.mx\/?p=128575","title":{"rendered":"&#8220;Streets of Minneapolis\u201d: Bruce Springsteen lanza canci\u00f3n en protesta por las muertes en redadas"},"content":{"rendered":"\n<p>Por Redacci\u00f3n QP<\/p>\n\n\n\n<p>El cantante explic\u00f3 que el tema la escribi\u00f3 el s\u00e1bado y la difundi\u00f3 este mi\u00e9rcoles como respuesta al &#8220;terror estatal&#8221; que han generado los operativos en el estado<\/p>\n\n\n\n<p>El m\u00fasico&nbsp;<strong>Bruce Springsteen<\/strong>lanz\u00f3 este mi\u00e9rcoles la canci\u00f3n &#8220;Streets Of Minneapolis&#8221;&nbsp;en protesta por la violencia de&nbsp;<strong>agentes federales<\/strong>&nbsp;de&nbsp;<strong>migraci\u00f3n<\/strong>&nbsp;en la ciudad, que durante enero dej\u00f3 la muerte de los estadounidenses&nbsp;<strong>Alex Pretti<\/strong>&nbsp;y&nbsp;<strong>Renee Good.<\/strong><\/p>\n\n\n\n<p><strong>Springsteen<\/strong>&nbsp;explic\u00f3 en redes sociales que escribi\u00f3 la canci\u00f3n el s\u00e1bado, la grab\u00f3 el martes y la lanz\u00f3 el mi\u00e9rcoles como respuesta al &#8220;terror estatal&#8221; que se vive en&nbsp;<strong>Minneapolis<\/strong>.<\/p>\n\n\n\n<p>La obra est\u00e1 dedicada a los vecinos migrantes de la ciudad, as\u00ed como a la memoria de&nbsp;<strong>Pretti<\/strong>&nbsp;y<strong>&nbsp;Good<\/strong>, mientras la ciudad persiste bajo tensi\u00f3n por los operativos de agentes migratorios y las exigencias de justicia por las muertes.<\/p>\n\n\n\n<p>En el tema, la voz rasposa de<strong>Springsteen&nbsp;<\/strong>transmite indignaci\u00f3n mientras critica a &#8220;Rey Trump&#8221; y a sus &#8220;matones federales&#8221;, relatando los hechos que condujeron a la muerte de<strong>Good<\/strong>&nbsp;y&nbsp;Pretti y cuestionando la versi\u00f3n oficial de los agentes.<\/p>\n\n\n\n<p>Tras la muerte de Pretti, la secretaria de Seguridad Nacional,&nbsp;<strong>Kristi Noem<\/strong>, lo calific\u00f3 de &#8220;terrorismo dom\u00e9stico&#8221; y afirm\u00f3 que hab\u00eda atacado a los oficiales.<\/p>\n\n\n\n<figure class=\"wp-block-embed is-type-video is-provider-youtube wp-block-embed-youtube wp-embed-aspect-16-9 wp-has-aspect-ratio\"><div class=\"wp-block-embed__wrapper\">\n<iframe loading=\"lazy\" title=\"Bruce Springsteen - Streets Of Minneapolis (Official Audio)\" width=\"640\" height=\"360\" src=\"https:\/\/www.youtube.com\/embed\/wWKSoxG1K7w?feature=oembed\" frameborder=\"0\" allow=\"accelerometer; autoplay; clipboard-write; encrypted-media; gyroscope; picture-in-picture; web-share\" referrerpolicy=\"strict-origin-when-cross-origin\" allowfullscreen><\/iframe>\n<\/div><\/figure>\n\n\n\n<p>Un informe preliminar del gobierno indica que&nbsp;<strong>Pretti<\/strong>&nbsp;se resisti\u00f3 el arresto antes de ser abatido por agentes de la Oficina de Aduanas y Protecci\u00f3n Fronteriza.<\/p>\n\n\n\n<p>La canci\u00f3n sigue los comentarios p\u00fablicos que&nbsp;<strong>Springsteen<\/strong>&nbsp;ha hecho sobre las protestas en Minneapolis, como cuando en el festival Light of Day en Nueva Jersey, dedic\u00f3 su interpretaci\u00f3n de &#8220;The Promised Land&#8221;&nbsp;a Good y apoy\u00f3 la postura del alcalde Jacob Frey de que ICE debe abandonar la ciudad.<\/p>\n\n\n\n<p><strong>Springsteen<\/strong>, conocido por su m\u00fasica con mensajes pol\u00edticos, ha criticado fuertemente las pol\u00edticas del presidente,&nbsp;<strong>Donald Trump<\/strong>, desde 2016 y el a\u00f1o pasado public\u00f3 el EP en vivo &#8220;Land of Hope &amp; Dreams&#8221;, que inclu\u00eda comentarios en concierto sobre lo que calific\u00f3 como una administraci\u00f3n &#8220;corrupta e incompetente&#8221;.<\/p>\n\n\n\n<p>Con informaci\u00f3n de EFE<\/p>\n","protected":false},"excerpt":{"rendered":"<p>Por Redacci\u00f3n QP El cantante explic\u00f3 que el tema la escribi\u00f3 el s\u00e1bado y la&#8230;<\/p>\n","protected":false},"author":2,"featured_media":128576,"comment_status":"open","ping_status":"open","sticky":false,"template":"","format":"standard","meta":{"_monsterinsights_skip_tracking":false,"_monsterinsights_sitenote_active":false,"_monsterinsights_sitenote_note":"","_monsterinsights_sitenote_category":0,"footnotes":""},"categories":[58],"tags":[],"class_list":["post-128575","post","type-post","status-publish","format-standard","has-post-thumbnail","hentry","category-cultura"],"yoast_head":"<!-- This site is optimized with the Yoast SEO plugin v27.3 - https:\/\/yoast.com\/product\/yoast-seo-wordpress\/ -->\n<title>&quot;Streets of Minneapolis\u201d: Bruce Springsteen lanza canci\u00f3n en protesta por las muertes en redadas -<\/title>\n<meta name=\"robots\" content=\"index, follow, max-snippet:-1, max-image-preview:large, max-video-preview:-1\" \/>\n<link rel=\"canonical\" href=\"https:\/\/quehacerpolitico.mx\/?p=128575\" \/>\n<meta property=\"og:locale\" content=\"es_MX\" \/>\n<meta property=\"og:type\" content=\"article\" \/>\n<meta property=\"og:title\" content=\"&quot;Streets of Minneapolis\u201d: Bruce Springsteen lanza canci\u00f3n en protesta por las muertes en redadas -\" \/>\n<meta property=\"og:description\" content=\"Por Redacci\u00f3n QP El cantante explic\u00f3 que el tema la escribi\u00f3 el s\u00e1bado y la...\" \/>\n<meta property=\"og:url\" content=\"https:\/\/quehacerpolitico.mx\/?p=128575\" \/>\n<meta property=\"article:published_time\" content=\"2026-01-29T00:36:22+00:00\" \/>\n<meta property=\"article:modified_time\" content=\"2026-01-29T00:36:25+00:00\" \/>\n<meta property=\"og:image\" content=\"http:\/\/quehacerpolitico.mx\/wp-content\/uploads\/2026\/01\/IMG_6331.jpeg\" \/>\n\t<meta property=\"og:image:width\" content=\"1500\" \/>\n\t<meta property=\"og:image:height\" content=\"1000\" \/>\n\t<meta property=\"og:image:type\" content=\"image\/jpeg\" \/>\n<meta name=\"author\" content=\"Redacci\u00f3n QP\" \/>\n<meta name=\"twitter:card\" content=\"summary_large_image\" \/>\n<meta name=\"twitter:label1\" content=\"Escrito por\" \/>\n\t<meta name=\"twitter:data1\" content=\"Redacci\u00f3n QP\" \/>\n\t<meta name=\"twitter:label2\" content=\"Tiempo de lectura\" \/>\n\t<meta name=\"twitter:data2\" content=\"2 minutos\" \/>\n<script type=\"application\/ld+json\" class=\"yoast-schema-graph\">{\"@context\":\"https:\\\/\\\/schema.org\",\"@graph\":[{\"@type\":\"Article\",\"@id\":\"https:\\\/\\\/quehacerpolitico.mx\\\/?p=128575#article\",\"isPartOf\":{\"@id\":\"https:\\\/\\\/quehacerpolitico.mx\\\/?p=128575\"},\"author\":{\"name\":\"Redacci\u00f3n QP\",\"@id\":\"https:\\\/\\\/quehacerpolitico.mx\\\/#\\\/schema\\\/person\\\/496d8ad2d1d3f8036101dca7ee39e585\"},\"headline\":\"&#8220;Streets of Minneapolis\u201d: Bruce Springsteen lanza canci\u00f3n en protesta por las muertes en redadas\",\"datePublished\":\"2026-01-29T00:36:22+00:00\",\"dateModified\":\"2026-01-29T00:36:25+00:00\",\"mainEntityOfPage\":{\"@id\":\"https:\\\/\\\/quehacerpolitico.mx\\\/?p=128575\"},\"wordCount\":403,\"commentCount\":0,\"image\":{\"@id\":\"https:\\\/\\\/quehacerpolitico.mx\\\/?p=128575#primaryimage\"},\"thumbnailUrl\":\"https:\\\/\\\/quehacerpolitico.mx\\\/wp-content\\\/uploads\\\/2026\\\/01\\\/IMG_6331.jpeg\",\"articleSection\":[\"Cultura y Entretenimiento\"],\"inLanguage\":\"es\",\"potentialAction\":[{\"@type\":\"CommentAction\",\"name\":\"Comment\",\"target\":[\"https:\\\/\\\/quehacerpolitico.mx\\\/?p=128575#respond\"]}]},{\"@type\":\"WebPage\",\"@id\":\"https:\\\/\\\/quehacerpolitico.mx\\\/?p=128575\",\"url\":\"https:\\\/\\\/quehacerpolitico.mx\\\/?p=128575\",\"name\":\"\\\"Streets of Minneapolis\u201d: Bruce Springsteen lanza canci\u00f3n en protesta por las muertes en redadas -\",\"isPartOf\":{\"@id\":\"https:\\\/\\\/quehacerpolitico.mx\\\/#website\"},\"primaryImageOfPage\":{\"@id\":\"https:\\\/\\\/quehacerpolitico.mx\\\/?p=128575#primaryimage\"},\"image\":{\"@id\":\"https:\\\/\\\/quehacerpolitico.mx\\\/?p=128575#primaryimage\"},\"thumbnailUrl\":\"https:\\\/\\\/quehacerpolitico.mx\\\/wp-content\\\/uploads\\\/2026\\\/01\\\/IMG_6331.jpeg\",\"datePublished\":\"2026-01-29T00:36:22+00:00\",\"dateModified\":\"2026-01-29T00:36:25+00:00\",\"author\":{\"@id\":\"https:\\\/\\\/quehacerpolitico.mx\\\/#\\\/schema\\\/person\\\/496d8ad2d1d3f8036101dca7ee39e585\"},\"breadcrumb\":{\"@id\":\"https:\\\/\\\/quehacerpolitico.mx\\\/?p=128575#breadcrumb\"},\"inLanguage\":\"es\",\"potentialAction\":[{\"@type\":\"ReadAction\",\"target\":[\"https:\\\/\\\/quehacerpolitico.mx\\\/?p=128575\"]}]},{\"@type\":\"ImageObject\",\"inLanguage\":\"es\",\"@id\":\"https:\\\/\\\/quehacerpolitico.mx\\\/?p=128575#primaryimage\",\"url\":\"https:\\\/\\\/quehacerpolitico.mx\\\/wp-content\\\/uploads\\\/2026\\\/01\\\/IMG_6331.jpeg\",\"contentUrl\":\"https:\\\/\\\/quehacerpolitico.mx\\\/wp-content\\\/uploads\\\/2026\\\/01\\\/IMG_6331.jpeg\",\"width\":1500,\"height\":1000},{\"@type\":\"BreadcrumbList\",\"@id\":\"https:\\\/\\\/quehacerpolitico.mx\\\/?p=128575#breadcrumb\",\"itemListElement\":[{\"@type\":\"ListItem\",\"position\":1,\"name\":\"Inicio\",\"item\":\"https:\\\/\\\/quehacerpolitico.mx\\\/\"},{\"@type\":\"ListItem\",\"position\":2,\"name\":\"&#8220;Streets of Minneapolis\u201d: Bruce Springsteen lanza canci\u00f3n en protesta por las muertes en redadas\"}]},{\"@type\":\"WebSite\",\"@id\":\"https:\\\/\\\/quehacerpolitico.mx\\\/#website\",\"url\":\"https:\\\/\\\/quehacerpolitico.mx\\\/\",\"name\":\"\",\"description\":\"\",\"potentialAction\":[{\"@type\":\"SearchAction\",\"target\":{\"@type\":\"EntryPoint\",\"urlTemplate\":\"https:\\\/\\\/quehacerpolitico.mx\\\/?s={search_term_string}\"},\"query-input\":{\"@type\":\"PropertyValueSpecification\",\"valueRequired\":true,\"valueName\":\"search_term_string\"}}],\"inLanguage\":\"es\"},{\"@type\":\"Person\",\"@id\":\"https:\\\/\\\/quehacerpolitico.mx\\\/#\\\/schema\\\/person\\\/496d8ad2d1d3f8036101dca7ee39e585\",\"name\":\"Redacci\u00f3n QP\",\"image\":{\"@type\":\"ImageObject\",\"inLanguage\":\"es\",\"@id\":\"https:\\\/\\\/secure.gravatar.com\\\/avatar\\\/c7164ed6fdec453195284ad24a5ae5b6e1eed2b848477fa2a4787ba9adf39a41?s=96&d=mm&r=g\",\"url\":\"https:\\\/\\\/secure.gravatar.com\\\/avatar\\\/c7164ed6fdec453195284ad24a5ae5b6e1eed2b848477fa2a4787ba9adf39a41?s=96&d=mm&r=g\",\"contentUrl\":\"https:\\\/\\\/secure.gravatar.com\\\/avatar\\\/c7164ed6fdec453195284ad24a5ae5b6e1eed2b848477fa2a4787ba9adf39a41?s=96&d=mm&r=g\",\"caption\":\"Redacci\u00f3n QP\"},\"url\":\"https:\\\/\\\/quehacerpolitico.mx\\\/?author=2\"}]}<\/script>\n<!-- \/ Yoast SEO plugin. -->","yoast_head_json":{"title":"\"Streets of Minneapolis\u201d: Bruce Springsteen lanza canci\u00f3n en protesta por las muertes en redadas -","robots":{"index":"index","follow":"follow","max-snippet":"max-snippet:-1","max-image-preview":"max-image-preview:large","max-video-preview":"max-video-preview:-1"},"canonical":"https:\/\/quehacerpolitico.mx\/?p=128575","og_locale":"es_MX","og_type":"article","og_title":"\"Streets of Minneapolis\u201d: Bruce Springsteen lanza canci\u00f3n en protesta por las muertes en redadas -","og_description":"Por Redacci\u00f3n QP El cantante explic\u00f3 que el tema la escribi\u00f3 el s\u00e1bado y la...","og_url":"https:\/\/quehacerpolitico.mx\/?p=128575","article_published_time":"2026-01-29T00:36:22+00:00","article_modified_time":"2026-01-29T00:36:25+00:00","og_image":[{"width":1500,"height":1000,"url":"http:\/\/quehacerpolitico.mx\/wp-content\/uploads\/2026\/01\/IMG_6331.jpeg","type":"image\/jpeg"}],"author":"Redacci\u00f3n QP","twitter_card":"summary_large_image","twitter_misc":{"Escrito por":"Redacci\u00f3n QP","Tiempo de lectura":"2 minutos"},"schema":{"@context":"https:\/\/schema.org","@graph":[{"@type":"Article","@id":"https:\/\/quehacerpolitico.mx\/?p=128575#article","isPartOf":{"@id":"https:\/\/quehacerpolitico.mx\/?p=128575"},"author":{"name":"Redacci\u00f3n QP","@id":"https:\/\/quehacerpolitico.mx\/#\/schema\/person\/496d8ad2d1d3f8036101dca7ee39e585"},"headline":"&#8220;Streets of Minneapolis\u201d: Bruce Springsteen lanza canci\u00f3n en protesta por las muertes en redadas","datePublished":"2026-01-29T00:36:22+00:00","dateModified":"2026-01-29T00:36:25+00:00","mainEntityOfPage":{"@id":"https:\/\/quehacerpolitico.mx\/?p=128575"},"wordCount":403,"commentCount":0,"image":{"@id":"https:\/\/quehacerpolitico.mx\/?p=128575#primaryimage"},"thumbnailUrl":"https:\/\/quehacerpolitico.mx\/wp-content\/uploads\/2026\/01\/IMG_6331.jpeg","articleSection":["Cultura y Entretenimiento"],"inLanguage":"es","potentialAction":[{"@type":"CommentAction","name":"Comment","target":["https:\/\/quehacerpolitico.mx\/?p=128575#respond"]}]},{"@type":"WebPage","@id":"https:\/\/quehacerpolitico.mx\/?p=128575","url":"https:\/\/quehacerpolitico.mx\/?p=128575","name":"\"Streets of Minneapolis\u201d: Bruce Springsteen lanza canci\u00f3n en protesta por las muertes en redadas -","isPartOf":{"@id":"https:\/\/quehacerpolitico.mx\/#website"},"primaryImageOfPage":{"@id":"https:\/\/quehacerpolitico.mx\/?p=128575#primaryimage"},"image":{"@id":"https:\/\/quehacerpolitico.mx\/?p=128575#primaryimage"},"thumbnailUrl":"https:\/\/quehacerpolitico.mx\/wp-content\/uploads\/2026\/01\/IMG_6331.jpeg","datePublished":"2026-01-29T00:36:22+00:00","dateModified":"2026-01-29T00:36:25+00:00","author":{"@id":"https:\/\/quehacerpolitico.mx\/#\/schema\/person\/496d8ad2d1d3f8036101dca7ee39e585"},"breadcrumb":{"@id":"https:\/\/quehacerpolitico.mx\/?p=128575#breadcrumb"},"inLanguage":"es","potentialAction":[{"@type":"ReadAction","target":["https:\/\/quehacerpolitico.mx\/?p=128575"]}]},{"@type":"ImageObject","inLanguage":"es","@id":"https:\/\/quehacerpolitico.mx\/?p=128575#primaryimage","url":"https:\/\/quehacerpolitico.mx\/wp-content\/uploads\/2026\/01\/IMG_6331.jpeg","contentUrl":"https:\/\/quehacerpolitico.mx\/wp-content\/uploads\/2026\/01\/IMG_6331.jpeg","width":1500,"height":1000},{"@type":"BreadcrumbList","@id":"https:\/\/quehacerpolitico.mx\/?p=128575#breadcrumb","itemListElement":[{"@type":"ListItem","position":1,"name":"Inicio","item":"https:\/\/quehacerpolitico.mx\/"},{"@type":"ListItem","position":2,"name":"&#8220;Streets of Minneapolis\u201d: Bruce Springsteen lanza canci\u00f3n en protesta por las muertes en redadas"}]},{"@type":"WebSite","@id":"https:\/\/quehacerpolitico.mx\/#website","url":"https:\/\/quehacerpolitico.mx\/","name":"","description":"","potentialAction":[{"@type":"SearchAction","target":{"@type":"EntryPoint","urlTemplate":"https:\/\/quehacerpolitico.mx\/?s={search_term_string}"},"query-input":{"@type":"PropertyValueSpecification","valueRequired":true,"valueName":"search_term_string"}}],"inLanguage":"es"},{"@type":"Person","@id":"https:\/\/quehacerpolitico.mx\/#\/schema\/person\/496d8ad2d1d3f8036101dca7ee39e585","name":"Redacci\u00f3n QP","image":{"@type":"ImageObject","inLanguage":"es","@id":"https:\/\/secure.gravatar.com\/avatar\/c7164ed6fdec453195284ad24a5ae5b6e1eed2b848477fa2a4787ba9adf39a41?s=96&d=mm&r=g","url":"https:\/\/secure.gravatar.com\/avatar\/c7164ed6fdec453195284ad24a5ae5b6e1eed2b848477fa2a4787ba9adf39a41?s=96&d=mm&r=g","contentUrl":"https:\/\/secure.gravatar.com\/avatar\/c7164ed6fdec453195284ad24a5ae5b6e1eed2b848477fa2a4787ba9adf39a41?s=96&d=mm&r=g","caption":"Redacci\u00f3n QP"},"url":"https:\/\/quehacerpolitico.mx\/?author=2"}]}},"featured_image_urls":{"full":["https:\/\/quehacerpolitico.mx\/wp-content\/uploads\/2026\/01\/IMG_6331.jpeg",1500,1000,false],"thumbnail":["https:\/\/quehacerpolitico.mx\/wp-content\/uploads\/2026\/01\/IMG_6331-150x150.jpeg",150,150,true],"medium":["https:\/\/quehacerpolitico.mx\/wp-content\/uploads\/2026\/01\/IMG_6331-300x200.jpeg",300,200,true],"medium_large":["https:\/\/quehacerpolitico.mx\/wp-content\/uploads\/2026\/01\/IMG_6331-768x512.jpeg",640,427,true],"large":["https:\/\/quehacerpolitico.mx\/wp-content\/uploads\/2026\/01\/IMG_6331-1024x683.jpeg",640,427,true],"1536x1536":["https:\/\/quehacerpolitico.mx\/wp-content\/uploads\/2026\/01\/IMG_6331.jpeg",1500,1000,false],"2048x2048":["https:\/\/quehacerpolitico.mx\/wp-content\/uploads\/2026\/01\/IMG_6331.jpeg",1500,1000,false],"covernews-featured":["https:\/\/quehacerpolitico.mx\/wp-content\/uploads\/2026\/01\/IMG_6331-1024x683.jpeg",1024,683,true],"covernews-medium":["https:\/\/quehacerpolitico.mx\/wp-content\/uploads\/2026\/01\/IMG_6331-540x340.jpeg",540,340,true]},"author_info":{"display_name":"Redacci\u00f3n QP","author_link":"https:\/\/quehacerpolitico.mx\/?author=2"},"category_info":"<a href=\"https:\/\/quehacerpolitico.mx\/?cat=58\" rel=\"category\">Cultura y Entretenimiento<\/a>","tag_info":"Cultura y Entretenimiento","comment_count":"0","_links":{"self":[{"href":"https:\/\/quehacerpolitico.mx\/index.php?rest_route=\/wp\/v2\/posts\/128575","targetHints":{"allow":["GET"]}}],"collection":[{"href":"https:\/\/quehacerpolitico.mx\/index.php?rest_route=\/wp\/v2\/posts"}],"about":[{"href":"https:\/\/quehacerpolitico.mx\/index.php?rest_route=\/wp\/v2\/types\/post"}],"author":[{"embeddable":true,"href":"https:\/\/quehacerpolitico.mx\/index.php?rest_route=\/wp\/v2\/users\/2"}],"replies":[{"embeddable":true,"href":"https:\/\/quehacerpolitico.mx\/index.php?rest_route=%2Fwp%2Fv2%2Fcomments&post=128575"}],"version-history":[{"count":1,"href":"https:\/\/quehacerpolitico.mx\/index.php?rest_route=\/wp\/v2\/posts\/128575\/revisions"}],"predecessor-version":[{"id":128577,"href":"https:\/\/quehacerpolitico.mx\/index.php?rest_route=\/wp\/v2\/posts\/128575\/revisions\/128577"}],"wp:featuredmedia":[{"embeddable":true,"href":"https:\/\/quehacerpolitico.mx\/index.php?rest_route=\/wp\/v2\/media\/128576"}],"wp:attachment":[{"href":"https:\/\/quehacerpolitico.mx\/index.php?rest_route=%2Fwp%2Fv2%2Fmedia&parent=128575"}],"wp:term":[{"taxonomy":"category","embeddable":true,"href":"https:\/\/quehacerpolitico.mx\/index.php?rest_route=%2Fwp%2Fv2%2Fcategories&post=128575"},{"taxonomy":"post_tag","embeddable":true,"href":"https:\/\/quehacerpolitico.mx\/index.php?rest_route=%2Fwp%2Fv2%2Ftags&post=128575"}],"curies":[{"name":"wp","href":"https:\/\/api.w.org\/{rel}","templated":true}]}}