{"id":128567,"date":"2026-01-28T13:37:32","date_gmt":"2026-01-28T19:37:32","guid":{"rendered":"https:\/\/quehacerpolitico.mx\/?p=128567"},"modified":"2026-01-28T13:37:36","modified_gmt":"2026-01-28T19:37:36","slug":"linea-1-del-cablebus-cdmx-sufre-interrupcion-de-cabinas-en-la-estacion-indios-verdes","status":"publish","type":"post","link":"https:\/\/quehacerpolitico.mx\/?p=128567","title":{"rendered":"L\u00ednea 1 del Cableb\u00fas CDMX sufre interrupci\u00f3n de cabinas en la estaci\u00f3n Indios Verdes"},"content":{"rendered":"\n<p>Por Redacci\u00f3n QP<\/p>\n\n\n\n<p>Actualmente, autoridades del Cableb\u00fas se encuentran moviendo las cabinas en la estaci\u00f3n Indios Verdes tras la suspensi\u00f3n del servicio, con el objetivo de reanudar las actividades.<\/p>\n\n\n\n<p>El servicio de la L\u00ednea 1 del Cableb\u00fas de la Ciudad de M\u00e9xico sufri\u00f3 una interrupci\u00f3n inesperada durante la ma\u00f1ana de este mi\u00e9rcoles 28 de enero.<\/p>\n\n\n\n<p>Cientos de usuarios que se dirig\u00edan hacia Indios Verdes tuvieron que buscar alternativas debido a una revisi\u00f3n el\u00e9ctrica de emergencia en las estaciones.<\/p>\n\n\n\n<p>Ante esto, las autoridades capitalinas habilitaron unidades de la Red de Transporte de Pasajeros (RTP) para apoyar a los pasajeros afectados, con el objetivo de mitigar el caos vial en la zona norte, aunque el tiempo de traslado ser\u00e1 mucho mayor al habitual.<\/p>\n\n\n\n<p>Cabinas de L\u00ednea 1 del Cableb\u00fas dejaron de moverse a pocos minutos de su apertura<\/p>\n\n\n\n<p>Aunque el sistema apertur\u00f3 su servicio de manera normal cerca de las 05:00 horas, las cabinas se quedaron completamente detenidas en la zona de Cuautepec, dejando a cientos de personas con la incertidumbre de qu\u00e9 estaba pasando en las alturas.<\/p>\n\n\n\n<p>Tras una revisi\u00f3n, las autoridades de este transporte p\u00fablico detectaron que el problema principal se localiza en el tramo que conecta la estaci\u00f3n La Pastora con Indios Verdes, en el norte de la capital del pa\u00eds.<\/p>\n\n\n\n<p>Por ahora, si necesitas usar este transporte, toma en cuenta que solamente hay servicio provisional en el tramo de Cuautepec y la antena Tlalpexco hacia La Pastora.<\/p>\n\n\n\n<figure class=\"wp-block-embed is-type-rich is-provider-twitter wp-block-embed-twitter\"><div class=\"wp-block-embed__wrapper\">\n<blockquote class=\"twitter-tweet\" data-width=\"550\" data-dnt=\"true\"><p lang=\"es\" dir=\"ltr\">L\u00ednea 1<br><br>Horario de servicio:<br>Lunes a Viernes de 5:00 a 23:00 h.<br>S\u00e1bados de 6:00 a 23:00 h.<br>Domingos y d\u00edas festivos de 7:00 a 23:00 h.<br><br>Tarifa $7 pesos<br>Gratuidad a ni\u00f1as y ni\u00f1os menores de 5 a\u00f1os, personas adultas mayores de 60 a\u00f1os y personas con discapacidad\u2026 <a href=\"https:\/\/t.co\/yeoQspZOKn\">pic.twitter.com\/yeoQspZOKn<\/a><\/p>&mdash; Cableb\u00fas CDMX (@MICablebusCDMX) <a href=\"https:\/\/twitter.com\/MICablebusCDMX\/status\/2016179399109050836?ref_src=twsrc%5Etfw\">January 27, 2026<\/a><\/blockquote><script async src=\"https:\/\/platform.twitter.com\/widgets.js\" charset=\"utf-8\"><\/script>\n<\/div><\/figure>\n\n\n\n<p>Asimismo, las autoridades han tenido que cerrar las cortinas en las estaciones afectadas, por lo que el acceso est\u00e1 totalmente restringido mientras intentan solucionar esta falla en el sistema f\u00edsico<\/p>\n\n\n\n<p>Realizan pruebas en cabinas tras suspensi\u00f3n de servicio en la L\u00ednea 1 del Cableb\u00fas<\/p>\n\n\n\n<p>Por su parte, el equipo t\u00e9cnico del Cableb\u00fas realiz\u00f3&nbsp;una revisi\u00f3n el\u00e9ctrica&nbsp;para reactivar el servicio al 100 por ciento.<\/p>\n\n\n\n<p>Si pasas por la zona de Indios Verdes, quiz\u00e1s veas que algunas cabinas ya empezaron a moverse de nuevo; se trata de pruebas de seguridad que hicieron los t\u00e9cnicos para asegurar que todo est\u00e9 en orden antes de abrir nuevamente al p\u00fablico.<\/p>\n\n\n\n<p>Cableb\u00fas reanuda servicio<\/p>\n\n\n\n<p>Minutos despu\u00e9s de las 07:00 horas, las puertas se volvieron a abrir, reanudando su servicio, por lo que los usuarios abandonaron las filas del RTP para entrar a las estaciones de La Pastora hacia Indios Verdes.<\/p>\n\n\n\n<p>Sin embargo, te recomendamos tomar precauciones, pues el paso de las unidades de Cableb\u00fas&nbsp;demorar\u00e1n unos minutos para trasladar a todos los pasajeros que se quedaron sin transporte.<\/p>\n\n\n\n<figure class=\"wp-block-embed is-type-rich is-provider-twitter wp-block-embed-twitter\"><div class=\"wp-block-embed__wrapper\">\n<blockquote class=\"twitter-tweet\" data-width=\"550\" data-dnt=\"true\"><p lang=\"es\" dir=\"ltr\"><a href=\"https:\/\/twitter.com\/hashtag\/Cableb%C3%BAsInforma?src=hash&amp;ref_src=twsrc%5Etfw\">#Cableb\u00fasInforma<\/a> <br><br>Se restablece operaci\u00f3n de Indios Verdes a La Pastora.  <br>La linea completa  se encuentra en servicio. <a href=\"https:\/\/t.co\/1JUr8KFqoW\">pic.twitter.com\/1JUr8KFqoW<\/a><\/p>&mdash; Cableb\u00fas CDMX (@MICablebusCDMX) <a href=\"https:\/\/twitter.com\/MICablebusCDMX\/status\/2016504638229315624?ref_src=twsrc%5Etfw\">January 28, 2026<\/a><\/blockquote><script async src=\"https:\/\/platform.twitter.com\/widgets.js\" charset=\"utf-8\"><\/script>\n<\/div><\/figure>\n","protected":false},"excerpt":{"rendered":"<p>Por Redacci\u00f3n QP Actualmente, autoridades del Cableb\u00fas se encuentran moviendo las cabinas en la estaci\u00f3n&#8230;<\/p>\n","protected":false},"author":2,"featured_media":128569,"comment_status":"open","ping_status":"open","sticky":false,"template":"","format":"standard","meta":{"_monsterinsights_skip_tracking":false,"_monsterinsights_sitenote_active":false,"_monsterinsights_sitenote_note":"","_monsterinsights_sitenote_category":0,"footnotes":""},"categories":[55],"tags":[],"class_list":["post-128567","post","type-post","status-publish","format-standard","has-post-thumbnail","hentry","category-cdmx"],"yoast_head":"<!-- This site is optimized with the Yoast SEO plugin v27.3 - https:\/\/yoast.com\/product\/yoast-seo-wordpress\/ -->\n<title>L\u00ednea 1 del Cableb\u00fas CDMX sufre interrupci\u00f3n de cabinas en la estaci\u00f3n Indios Verdes -<\/title>\n<meta name=\"robots\" content=\"index, follow, max-snippet:-1, max-image-preview:large, max-video-preview:-1\" \/>\n<link rel=\"canonical\" href=\"https:\/\/quehacerpolitico.mx\/?p=128567\" \/>\n<meta property=\"og:locale\" content=\"es_MX\" \/>\n<meta property=\"og:type\" content=\"article\" \/>\n<meta property=\"og:title\" content=\"L\u00ednea 1 del Cableb\u00fas CDMX sufre interrupci\u00f3n de cabinas en la estaci\u00f3n Indios Verdes -\" \/>\n<meta property=\"og:description\" content=\"Por Redacci\u00f3n QP Actualmente, autoridades del Cableb\u00fas se encuentran moviendo las cabinas en la estaci\u00f3n...\" \/>\n<meta property=\"og:url\" content=\"https:\/\/quehacerpolitico.mx\/?p=128567\" \/>\n<meta property=\"article:published_time\" content=\"2026-01-28T19:37:32+00:00\" \/>\n<meta property=\"article:modified_time\" content=\"2026-01-28T19:37:36+00:00\" \/>\n<meta property=\"og:image\" content=\"http:\/\/quehacerpolitico.mx\/wp-content\/uploads\/2026\/01\/IMG_6322.jpeg\" \/>\n\t<meta property=\"og:image:width\" content=\"786\" \/>\n\t<meta property=\"og:image:height\" content=\"667\" \/>\n\t<meta property=\"og:image:type\" content=\"image\/jpeg\" \/>\n<meta name=\"author\" content=\"Redacci\u00f3n QP\" \/>\n<meta name=\"twitter:card\" content=\"summary_large_image\" \/>\n<meta name=\"twitter:label1\" content=\"Escrito por\" \/>\n\t<meta name=\"twitter:data1\" content=\"Redacci\u00f3n QP\" \/>\n\t<meta name=\"twitter:label2\" content=\"Tiempo de lectura\" \/>\n\t<meta name=\"twitter:data2\" content=\"3 minutos\" \/>\n<script type=\"application\/ld+json\" class=\"yoast-schema-graph\">{\"@context\":\"https:\\\/\\\/schema.org\",\"@graph\":[{\"@type\":\"Article\",\"@id\":\"https:\\\/\\\/quehacerpolitico.mx\\\/?p=128567#article\",\"isPartOf\":{\"@id\":\"https:\\\/\\\/quehacerpolitico.mx\\\/?p=128567\"},\"author\":{\"name\":\"Redacci\u00f3n QP\",\"@id\":\"https:\\\/\\\/quehacerpolitico.mx\\\/#\\\/schema\\\/person\\\/496d8ad2d1d3f8036101dca7ee39e585\"},\"headline\":\"L\u00ednea 1 del Cableb\u00fas CDMX sufre interrupci\u00f3n de cabinas en la estaci\u00f3n Indios Verdes\",\"datePublished\":\"2026-01-28T19:37:32+00:00\",\"dateModified\":\"2026-01-28T19:37:36+00:00\",\"mainEntityOfPage\":{\"@id\":\"https:\\\/\\\/quehacerpolitico.mx\\\/?p=128567\"},\"wordCount\":471,\"commentCount\":0,\"image\":{\"@id\":\"https:\\\/\\\/quehacerpolitico.mx\\\/?p=128567#primaryimage\"},\"thumbnailUrl\":\"https:\\\/\\\/quehacerpolitico.mx\\\/wp-content\\\/uploads\\\/2026\\\/01\\\/IMG_6322.jpeg\",\"articleSection\":[\"CDMX\"],\"inLanguage\":\"es\",\"potentialAction\":[{\"@type\":\"CommentAction\",\"name\":\"Comment\",\"target\":[\"https:\\\/\\\/quehacerpolitico.mx\\\/?p=128567#respond\"]}]},{\"@type\":\"WebPage\",\"@id\":\"https:\\\/\\\/quehacerpolitico.mx\\\/?p=128567\",\"url\":\"https:\\\/\\\/quehacerpolitico.mx\\\/?p=128567\",\"name\":\"L\u00ednea 1 del Cableb\u00fas CDMX sufre interrupci\u00f3n de cabinas en la estaci\u00f3n Indios Verdes -\",\"isPartOf\":{\"@id\":\"https:\\\/\\\/quehacerpolitico.mx\\\/#website\"},\"primaryImageOfPage\":{\"@id\":\"https:\\\/\\\/quehacerpolitico.mx\\\/?p=128567#primaryimage\"},\"image\":{\"@id\":\"https:\\\/\\\/quehacerpolitico.mx\\\/?p=128567#primaryimage\"},\"thumbnailUrl\":\"https:\\\/\\\/quehacerpolitico.mx\\\/wp-content\\\/uploads\\\/2026\\\/01\\\/IMG_6322.jpeg\",\"datePublished\":\"2026-01-28T19:37:32+00:00\",\"dateModified\":\"2026-01-28T19:37:36+00:00\",\"author\":{\"@id\":\"https:\\\/\\\/quehacerpolitico.mx\\\/#\\\/schema\\\/person\\\/496d8ad2d1d3f8036101dca7ee39e585\"},\"breadcrumb\":{\"@id\":\"https:\\\/\\\/quehacerpolitico.mx\\\/?p=128567#breadcrumb\"},\"inLanguage\":\"es\",\"potentialAction\":[{\"@type\":\"ReadAction\",\"target\":[\"https:\\\/\\\/quehacerpolitico.mx\\\/?p=128567\"]}]},{\"@type\":\"ImageObject\",\"inLanguage\":\"es\",\"@id\":\"https:\\\/\\\/quehacerpolitico.mx\\\/?p=128567#primaryimage\",\"url\":\"https:\\\/\\\/quehacerpolitico.mx\\\/wp-content\\\/uploads\\\/2026\\\/01\\\/IMG_6322.jpeg\",\"contentUrl\":\"https:\\\/\\\/quehacerpolitico.mx\\\/wp-content\\\/uploads\\\/2026\\\/01\\\/IMG_6322.jpeg\",\"width\":786,\"height\":667},{\"@type\":\"BreadcrumbList\",\"@id\":\"https:\\\/\\\/quehacerpolitico.mx\\\/?p=128567#breadcrumb\",\"itemListElement\":[{\"@type\":\"ListItem\",\"position\":1,\"name\":\"Inicio\",\"item\":\"https:\\\/\\\/quehacerpolitico.mx\\\/\"},{\"@type\":\"ListItem\",\"position\":2,\"name\":\"L\u00ednea 1 del Cableb\u00fas CDMX sufre interrupci\u00f3n de cabinas en la estaci\u00f3n Indios Verdes\"}]},{\"@type\":\"WebSite\",\"@id\":\"https:\\\/\\\/quehacerpolitico.mx\\\/#website\",\"url\":\"https:\\\/\\\/quehacerpolitico.mx\\\/\",\"name\":\"\",\"description\":\"\",\"potentialAction\":[{\"@type\":\"SearchAction\",\"target\":{\"@type\":\"EntryPoint\",\"urlTemplate\":\"https:\\\/\\\/quehacerpolitico.mx\\\/?s={search_term_string}\"},\"query-input\":{\"@type\":\"PropertyValueSpecification\",\"valueRequired\":true,\"valueName\":\"search_term_string\"}}],\"inLanguage\":\"es\"},{\"@type\":\"Person\",\"@id\":\"https:\\\/\\\/quehacerpolitico.mx\\\/#\\\/schema\\\/person\\\/496d8ad2d1d3f8036101dca7ee39e585\",\"name\":\"Redacci\u00f3n QP\",\"image\":{\"@type\":\"ImageObject\",\"inLanguage\":\"es\",\"@id\":\"https:\\\/\\\/secure.gravatar.com\\\/avatar\\\/c7164ed6fdec453195284ad24a5ae5b6e1eed2b848477fa2a4787ba9adf39a41?s=96&d=mm&r=g\",\"url\":\"https:\\\/\\\/secure.gravatar.com\\\/avatar\\\/c7164ed6fdec453195284ad24a5ae5b6e1eed2b848477fa2a4787ba9adf39a41?s=96&d=mm&r=g\",\"contentUrl\":\"https:\\\/\\\/secure.gravatar.com\\\/avatar\\\/c7164ed6fdec453195284ad24a5ae5b6e1eed2b848477fa2a4787ba9adf39a41?s=96&d=mm&r=g\",\"caption\":\"Redacci\u00f3n QP\"},\"url\":\"https:\\\/\\\/quehacerpolitico.mx\\\/?author=2\"}]}<\/script>\n<!-- \/ Yoast SEO plugin. -->","yoast_head_json":{"title":"L\u00ednea 1 del Cableb\u00fas CDMX sufre interrupci\u00f3n de cabinas en la estaci\u00f3n Indios Verdes -","robots":{"index":"index","follow":"follow","max-snippet":"max-snippet:-1","max-image-preview":"max-image-preview:large","max-video-preview":"max-video-preview:-1"},"canonical":"https:\/\/quehacerpolitico.mx\/?p=128567","og_locale":"es_MX","og_type":"article","og_title":"L\u00ednea 1 del Cableb\u00fas CDMX sufre interrupci\u00f3n de cabinas en la estaci\u00f3n Indios Verdes -","og_description":"Por Redacci\u00f3n QP Actualmente, autoridades del Cableb\u00fas se encuentran moviendo las cabinas en la estaci\u00f3n...","og_url":"https:\/\/quehacerpolitico.mx\/?p=128567","article_published_time":"2026-01-28T19:37:32+00:00","article_modified_time":"2026-01-28T19:37:36+00:00","og_image":[{"width":786,"height":667,"url":"http:\/\/quehacerpolitico.mx\/wp-content\/uploads\/2026\/01\/IMG_6322.jpeg","type":"image\/jpeg"}],"author":"Redacci\u00f3n QP","twitter_card":"summary_large_image","twitter_misc":{"Escrito por":"Redacci\u00f3n QP","Tiempo de lectura":"3 minutos"},"schema":{"@context":"https:\/\/schema.org","@graph":[{"@type":"Article","@id":"https:\/\/quehacerpolitico.mx\/?p=128567#article","isPartOf":{"@id":"https:\/\/quehacerpolitico.mx\/?p=128567"},"author":{"name":"Redacci\u00f3n QP","@id":"https:\/\/quehacerpolitico.mx\/#\/schema\/person\/496d8ad2d1d3f8036101dca7ee39e585"},"headline":"L\u00ednea 1 del Cableb\u00fas CDMX sufre interrupci\u00f3n de cabinas en la estaci\u00f3n Indios Verdes","datePublished":"2026-01-28T19:37:32+00:00","dateModified":"2026-01-28T19:37:36+00:00","mainEntityOfPage":{"@id":"https:\/\/quehacerpolitico.mx\/?p=128567"},"wordCount":471,"commentCount":0,"image":{"@id":"https:\/\/quehacerpolitico.mx\/?p=128567#primaryimage"},"thumbnailUrl":"https:\/\/quehacerpolitico.mx\/wp-content\/uploads\/2026\/01\/IMG_6322.jpeg","articleSection":["CDMX"],"inLanguage":"es","potentialAction":[{"@type":"CommentAction","name":"Comment","target":["https:\/\/quehacerpolitico.mx\/?p=128567#respond"]}]},{"@type":"WebPage","@id":"https:\/\/quehacerpolitico.mx\/?p=128567","url":"https:\/\/quehacerpolitico.mx\/?p=128567","name":"L\u00ednea 1 del Cableb\u00fas CDMX sufre interrupci\u00f3n de cabinas en la estaci\u00f3n Indios Verdes -","isPartOf":{"@id":"https:\/\/quehacerpolitico.mx\/#website"},"primaryImageOfPage":{"@id":"https:\/\/quehacerpolitico.mx\/?p=128567#primaryimage"},"image":{"@id":"https:\/\/quehacerpolitico.mx\/?p=128567#primaryimage"},"thumbnailUrl":"https:\/\/quehacerpolitico.mx\/wp-content\/uploads\/2026\/01\/IMG_6322.jpeg","datePublished":"2026-01-28T19:37:32+00:00","dateModified":"2026-01-28T19:37:36+00:00","author":{"@id":"https:\/\/quehacerpolitico.mx\/#\/schema\/person\/496d8ad2d1d3f8036101dca7ee39e585"},"breadcrumb":{"@id":"https:\/\/quehacerpolitico.mx\/?p=128567#breadcrumb"},"inLanguage":"es","potentialAction":[{"@type":"ReadAction","target":["https:\/\/quehacerpolitico.mx\/?p=128567"]}]},{"@type":"ImageObject","inLanguage":"es","@id":"https:\/\/quehacerpolitico.mx\/?p=128567#primaryimage","url":"https:\/\/quehacerpolitico.mx\/wp-content\/uploads\/2026\/01\/IMG_6322.jpeg","contentUrl":"https:\/\/quehacerpolitico.mx\/wp-content\/uploads\/2026\/01\/IMG_6322.jpeg","width":786,"height":667},{"@type":"BreadcrumbList","@id":"https:\/\/quehacerpolitico.mx\/?p=128567#breadcrumb","itemListElement":[{"@type":"ListItem","position":1,"name":"Inicio","item":"https:\/\/quehacerpolitico.mx\/"},{"@type":"ListItem","position":2,"name":"L\u00ednea 1 del Cableb\u00fas CDMX sufre interrupci\u00f3n de cabinas en la estaci\u00f3n Indios Verdes"}]},{"@type":"WebSite","@id":"https:\/\/quehacerpolitico.mx\/#website","url":"https:\/\/quehacerpolitico.mx\/","name":"","description":"","potentialAction":[{"@type":"SearchAction","target":{"@type":"EntryPoint","urlTemplate":"https:\/\/quehacerpolitico.mx\/?s={search_term_string}"},"query-input":{"@type":"PropertyValueSpecification","valueRequired":true,"valueName":"search_term_string"}}],"inLanguage":"es"},{"@type":"Person","@id":"https:\/\/quehacerpolitico.mx\/#\/schema\/person\/496d8ad2d1d3f8036101dca7ee39e585","name":"Redacci\u00f3n QP","image":{"@type":"ImageObject","inLanguage":"es","@id":"https:\/\/secure.gravatar.com\/avatar\/c7164ed6fdec453195284ad24a5ae5b6e1eed2b848477fa2a4787ba9adf39a41?s=96&d=mm&r=g","url":"https:\/\/secure.gravatar.com\/avatar\/c7164ed6fdec453195284ad24a5ae5b6e1eed2b848477fa2a4787ba9adf39a41?s=96&d=mm&r=g","contentUrl":"https:\/\/secure.gravatar.com\/avatar\/c7164ed6fdec453195284ad24a5ae5b6e1eed2b848477fa2a4787ba9adf39a41?s=96&d=mm&r=g","caption":"Redacci\u00f3n QP"},"url":"https:\/\/quehacerpolitico.mx\/?author=2"}]}},"featured_image_urls":{"full":["https:\/\/quehacerpolitico.mx\/wp-content\/uploads\/2026\/01\/IMG_6322.jpeg",786,667,false],"thumbnail":["https:\/\/quehacerpolitico.mx\/wp-content\/uploads\/2026\/01\/IMG_6322-150x150.jpeg",150,150,true],"medium":["https:\/\/quehacerpolitico.mx\/wp-content\/uploads\/2026\/01\/IMG_6322-300x255.jpeg",300,255,true],"medium_large":["https:\/\/quehacerpolitico.mx\/wp-content\/uploads\/2026\/01\/IMG_6322-768x652.jpeg",640,543,true],"large":["https:\/\/quehacerpolitico.mx\/wp-content\/uploads\/2026\/01\/IMG_6322.jpeg",640,543,false],"1536x1536":["https:\/\/quehacerpolitico.mx\/wp-content\/uploads\/2026\/01\/IMG_6322.jpeg",786,667,false],"2048x2048":["https:\/\/quehacerpolitico.mx\/wp-content\/uploads\/2026\/01\/IMG_6322.jpeg",786,667,false],"covernews-featured":["https:\/\/quehacerpolitico.mx\/wp-content\/uploads\/2026\/01\/IMG_6322.jpeg",786,667,false],"covernews-medium":["https:\/\/quehacerpolitico.mx\/wp-content\/uploads\/2026\/01\/IMG_6322-540x340.jpeg",540,340,true]},"author_info":{"display_name":"Redacci\u00f3n QP","author_link":"https:\/\/quehacerpolitico.mx\/?author=2"},"category_info":"<a href=\"https:\/\/quehacerpolitico.mx\/?cat=55\" rel=\"category\">CDMX<\/a>","tag_info":"CDMX","comment_count":"0","_links":{"self":[{"href":"https:\/\/quehacerpolitico.mx\/index.php?rest_route=\/wp\/v2\/posts\/128567","targetHints":{"allow":["GET"]}}],"collection":[{"href":"https:\/\/quehacerpolitico.mx\/index.php?rest_route=\/wp\/v2\/posts"}],"about":[{"href":"https:\/\/quehacerpolitico.mx\/index.php?rest_route=\/wp\/v2\/types\/post"}],"author":[{"embeddable":true,"href":"https:\/\/quehacerpolitico.mx\/index.php?rest_route=\/wp\/v2\/users\/2"}],"replies":[{"embeddable":true,"href":"https:\/\/quehacerpolitico.mx\/index.php?rest_route=%2Fwp%2Fv2%2Fcomments&post=128567"}],"version-history":[{"count":1,"href":"https:\/\/quehacerpolitico.mx\/index.php?rest_route=\/wp\/v2\/posts\/128567\/revisions"}],"predecessor-version":[{"id":128570,"href":"https:\/\/quehacerpolitico.mx\/index.php?rest_route=\/wp\/v2\/posts\/128567\/revisions\/128570"}],"wp:featuredmedia":[{"embeddable":true,"href":"https:\/\/quehacerpolitico.mx\/index.php?rest_route=\/wp\/v2\/media\/128569"}],"wp:attachment":[{"href":"https:\/\/quehacerpolitico.mx\/index.php?rest_route=%2Fwp%2Fv2%2Fmedia&parent=128567"}],"wp:term":[{"taxonomy":"category","embeddable":true,"href":"https:\/\/quehacerpolitico.mx\/index.php?rest_route=%2Fwp%2Fv2%2Fcategories&post=128567"},{"taxonomy":"post_tag","embeddable":true,"href":"https:\/\/quehacerpolitico.mx\/index.php?rest_route=%2Fwp%2Fv2%2Ftags&post=128567"}],"curies":[{"name":"wp","href":"https:\/\/api.w.org\/{rel}","templated":true}]}}