{"id":128550,"date":"2026-01-28T12:04:00","date_gmt":"2026-01-28T18:04:00","guid":{"rendered":"https:\/\/quehacerpolitico.mx\/?p=128550"},"modified":"2026-01-28T12:04:00","modified_gmt":"2026-01-28T18:04:00","slug":"incertidumbre-por-el-t-mec-prolonga-el-estancamiento-economico-en-la-frontera-de-mexico","status":"publish","type":"post","link":"https:\/\/quehacerpolitico.mx\/?p=128550","title":{"rendered":"Incertidumbre por el T-MEC prolonga el estancamiento econ\u00f3mico en la frontera de M\u00e9xico"},"content":{"rendered":"\n<p>Por Redacci\u00f3n QP<\/p>\n\n\n\n<p>Especialistas considerar\u00e1n que el comercio entre Ciudad Ju\u00e1rez, Chihuahua, y El Paso, Texas, se ve afectado por la falta de nuevas inversiones y empleo<\/p>\n\n\n\n<p>Las recientes declaraciones del presidente<strong>&nbsp;Donald Trump<\/strong>&nbsp;en las que cuestiona el Tratado entre<strong>&nbsp;M\u00e9xico<\/strong>,&nbsp;<strong>Estados Unidos&nbsp;<\/strong>y&nbsp;<strong>Canad\u00e1<\/strong>&nbsp;(<strong>T-MEC<\/strong>) elevan la incertidumbre econ\u00f3mica en la frontera mexicana, donde especialistas y representantes empresariales advirtieron este martes de un 2026 marcado por el freno a las inversiones y<strong>p\u00e9rdida de empleos<\/strong>.<\/p>\n\n\n\n<p>De acuerdo con el economista Alejandro Sandoval Murillo, de Ciudad Ju\u00e1rez, el presente a\u00f1o est\u00e1 condicionado por un&nbsp;<strong>proceso<\/strong>&nbsp;que legalmente no deber\u00eda implicar una&nbsp;<strong>renegociaci\u00f3n profunda del tratado<\/strong>, pero que se ha visto afectado por la&nbsp;<strong>agresiva<\/strong>&nbsp;<strong>ret\u00f3rica&nbsp;<\/strong>proteccionista de Trump, quien lleg\u00f3 a la Casa Blanca hace un a\u00f1o.<\/p>\n\n\n\n<p>\u00a0\u201cEste 2026 est\u00e1 caracterizado por la expectativa de la renegociaci\u00f3n del tratado. Legalmente, deber\u00eda ser una<strong>revisi\u00f3n<\/strong>, que es un asunto mucho m\u00e1s ligero y sencillo. Sin embargo, se va a renegociar completo\u201d, explic\u00f3.<\/p>\n\n\n\n<p>El especialista se\u00f1al\u00f3 que, aunque la teor\u00eda indica que el proceso deber\u00eda quedar resuelto a mediados de a\u00f1o, no existe certeza de que ello ocurra.<\/p>\n\n\n\n<p>\u201cTodo va a ser incertidumbre hasta que ello ocurra. 2026 ser\u00e1 otro a\u00f1o con tendencia a estar estancado, no necesariamente negativo<strong>&nbsp;ni recesivo<\/strong>, pero s\u00ed sin mucha movilidad\u201d, advirti\u00f3.<\/p>\n\n\n\n<p>En ese sentido,<strong>Sandoval Murillo<\/strong>destac\u00f3 que esta falta de&nbsp;<strong>definiciones<\/strong>frena la llegada de nuevas i<strong>nversiones<\/strong>, limita la generaci\u00f3n de empleo y mantiene cautelosas a las empresas.<\/p>\n\n\n\n<p>El&nbsp;<strong>comercio entre Ciudad Ju\u00e1rez<\/strong>, Chihuahua, y&nbsp;<strong>El Paso<\/strong>, Texas, es uno de los m\u00e1s activos de la frontera entre Estados Unidos y M\u00e9xico, con miles de personas cruzando diariamente en ambos sentidos para adquirir productos,&nbsp;<strong>trabajar&nbsp;<\/strong>o visitar a sus familiares.<\/p>\n\n\n\n<p>M\u00e1s del 80% de las exportaciones mexicanas tienen como destino final Estados Unidos.&nbsp;<\/p>\n\n\n\n<h2 class=\"wp-block-heading\">Cambios en las reglas de juego<\/h2>\n\n\n\n<p>\u201cLa expectativa constante de cambios en las reglas del juego provoca que la&nbsp;<strong>actividad econ\u00f3mica&nbsp;<\/strong>se quede pasmada, a la espera de lo que resulte de esta renegociaci\u00f3n\u201d, afirm\u00f3.&nbsp;<\/p>\n\n\n\n<p>Por su parte, desde el sector empresarial fronterizo,&nbsp;<strong>Thor Salayand\u00eda<\/strong>, integrante del&nbsp;<strong>Bloque Empresarial Fronteriz<\/strong>o, calific\u00f3 como \u201cmuy desafortunada\u201d la narrativa del gobierno estadounidense.&nbsp;<\/p>\n\n\n\n<p>\u201cPrimero hablaban de aranceles y ahora ya empiezan a decir que no es necesario el T-MEC. De aqu\u00ed a la mitad del a\u00f1o, esta narrativa va a seguir alentando una&nbsp;<strong>econom\u00eda&nbsp;<\/strong>muy lenta, con m\u00e1s incertidumbre y con inversiones detenidas\u201d, expres\u00f3.&nbsp;<\/p>\n\n\n\n<p>El acuerdo comercial ha gestionado las relaciones entre los tres pa\u00edses de Norteam\u00e9rica durante m\u00e1s de tres d\u00e9cadas, ya que entr\u00f3 en vigor en 1994, primero como T<strong>ratado de Libre Comercio de Am\u00e9rica del Norte<\/strong>(<strong>TLCAN<\/strong>).&nbsp;<\/p>\n\n\n\n<p>En 2020, precisamente durante el primer mandato de Trump (2017-2021), se renegoci\u00f3 el acuerdo, ahora llamado T-MEC, por iniciativa de Washington para<strong>&nbsp;modernizar<\/strong>&nbsp;y actualizar diversos aspectos.&nbsp;<\/p>\n\n\n\n<p>Salayand\u00eda advirti\u00f3 que cancelar el acuerdo comercial tendr\u00eda consecuencias graves para ambos pa\u00edses.&nbsp;<\/p>\n\n\n\n<p>\u201cQuitar el T-MEC es darse un balazo en el pie. Si Estados Unidos quiere seguir compitiendo a&nbsp;<strong>nivel global<\/strong>, tiene que fortalecer el bloque de Am\u00e9rica del Norte\u201d, se\u00f1al\u00f3, al referirse al auge de la competencia asi\u00e1tica.&nbsp;<\/p>\n\n\n\n<p>Ambos coincidieron en que la interdependencia econ\u00f3mica entre M\u00e9xico y Estados Unidos hace poco viable una ruptura total.&nbsp;<\/p>\n\n\n\n<p>&nbsp;\u201cMuchos productos alimentarios que consume Estados Unidos provienen de&nbsp;<strong>M\u00e9xico<\/strong>, y gran parte de la producci\u00f3n maquiladora fronteriza est\u00e1 destinada al mercado estadounidense. Ser\u00eda catastr\u00f3fico para ambos pa\u00edses\u201d, subray\u00f3 Salayand\u00eda.&nbsp;<\/p>\n\n\n\n<p>El impacto ya es visible en Ciudad Ju\u00e1rez, donde datos del sector empresarial indican que la ciudad ha perdido alrededor de&nbsp;10.000 empleos formales&nbsp;en el \u00faltimo a\u00f1o.<\/p>\n","protected":false},"excerpt":{"rendered":"<p>Por Redacci\u00f3n QP Especialistas considerar\u00e1n que el comercio entre Ciudad Ju\u00e1rez, Chihuahua, y El Paso,&#8230;<\/p>\n","protected":false},"author":2,"featured_media":128554,"comment_status":"open","ping_status":"open","sticky":false,"template":"","format":"standard","meta":{"_monsterinsights_skip_tracking":false,"_monsterinsights_sitenote_active":false,"_monsterinsights_sitenote_note":"","_monsterinsights_sitenote_category":0,"footnotes":""},"categories":[56],"tags":[],"class_list":["post-128550","post","type-post","status-publish","format-standard","has-post-thumbnail","hentry","category-economia"],"yoast_head":"<!-- This site is optimized with the Yoast SEO plugin v27.3 - https:\/\/yoast.com\/product\/yoast-seo-wordpress\/ -->\n<title>Incertidumbre por el T-MEC prolonga el estancamiento econ\u00f3mico en la frontera de M\u00e9xico -<\/title>\n<meta name=\"robots\" content=\"index, follow, max-snippet:-1, max-image-preview:large, max-video-preview:-1\" \/>\n<link rel=\"canonical\" href=\"https:\/\/quehacerpolitico.mx\/?p=128550\" \/>\n<meta property=\"og:locale\" content=\"es_MX\" \/>\n<meta property=\"og:type\" content=\"article\" \/>\n<meta property=\"og:title\" content=\"Incertidumbre por el T-MEC prolonga el estancamiento econ\u00f3mico en la frontera de M\u00e9xico -\" \/>\n<meta property=\"og:description\" content=\"Por Redacci\u00f3n QP Especialistas considerar\u00e1n que el comercio entre Ciudad Ju\u00e1rez, Chihuahua, y El Paso,...\" \/>\n<meta property=\"og:url\" content=\"https:\/\/quehacerpolitico.mx\/?p=128550\" \/>\n<meta property=\"article:published_time\" content=\"2026-01-28T18:04:00+00:00\" \/>\n<meta name=\"author\" content=\"Redacci\u00f3n QP\" \/>\n<meta name=\"twitter:card\" content=\"summary_large_image\" \/>\n<meta name=\"twitter:label1\" content=\"Escrito por\" \/>\n\t<meta name=\"twitter:data1\" content=\"Redacci\u00f3n QP\" \/>\n\t<meta name=\"twitter:label2\" content=\"Tiempo de lectura\" \/>\n\t<meta name=\"twitter:data2\" content=\"3 minutos\" \/>\n<script type=\"application\/ld+json\" class=\"yoast-schema-graph\">{\"@context\":\"https:\\\/\\\/schema.org\",\"@graph\":[{\"@type\":\"Article\",\"@id\":\"https:\\\/\\\/quehacerpolitico.mx\\\/?p=128550#article\",\"isPartOf\":{\"@id\":\"https:\\\/\\\/quehacerpolitico.mx\\\/?p=128550\"},\"author\":{\"name\":\"Redacci\u00f3n QP\",\"@id\":\"https:\\\/\\\/quehacerpolitico.mx\\\/#\\\/schema\\\/person\\\/496d8ad2d1d3f8036101dca7ee39e585\"},\"headline\":\"Incertidumbre por el T-MEC prolonga el estancamiento econ\u00f3mico en la frontera de M\u00e9xico\",\"datePublished\":\"2026-01-28T18:04:00+00:00\",\"mainEntityOfPage\":{\"@id\":\"https:\\\/\\\/quehacerpolitico.mx\\\/?p=128550\"},\"wordCount\":687,\"commentCount\":0,\"image\":{\"@id\":\"https:\\\/\\\/quehacerpolitico.mx\\\/?p=128550#primaryimage\"},\"thumbnailUrl\":\"https:\\\/\\\/quehacerpolitico.mx\\\/wp-content\\\/uploads\\\/2026\\\/01\\\/IMG_6319.webp\",\"articleSection\":[\"Econom\u00eda\"],\"inLanguage\":\"es\",\"potentialAction\":[{\"@type\":\"CommentAction\",\"name\":\"Comment\",\"target\":[\"https:\\\/\\\/quehacerpolitico.mx\\\/?p=128550#respond\"]}]},{\"@type\":\"WebPage\",\"@id\":\"https:\\\/\\\/quehacerpolitico.mx\\\/?p=128550\",\"url\":\"https:\\\/\\\/quehacerpolitico.mx\\\/?p=128550\",\"name\":\"Incertidumbre por el T-MEC prolonga el estancamiento econ\u00f3mico en la frontera de M\u00e9xico -\",\"isPartOf\":{\"@id\":\"https:\\\/\\\/quehacerpolitico.mx\\\/#website\"},\"primaryImageOfPage\":{\"@id\":\"https:\\\/\\\/quehacerpolitico.mx\\\/?p=128550#primaryimage\"},\"image\":{\"@id\":\"https:\\\/\\\/quehacerpolitico.mx\\\/?p=128550#primaryimage\"},\"thumbnailUrl\":\"https:\\\/\\\/quehacerpolitico.mx\\\/wp-content\\\/uploads\\\/2026\\\/01\\\/IMG_6319.webp\",\"datePublished\":\"2026-01-28T18:04:00+00:00\",\"author\":{\"@id\":\"https:\\\/\\\/quehacerpolitico.mx\\\/#\\\/schema\\\/person\\\/496d8ad2d1d3f8036101dca7ee39e585\"},\"breadcrumb\":{\"@id\":\"https:\\\/\\\/quehacerpolitico.mx\\\/?p=128550#breadcrumb\"},\"inLanguage\":\"es\",\"potentialAction\":[{\"@type\":\"ReadAction\",\"target\":[\"https:\\\/\\\/quehacerpolitico.mx\\\/?p=128550\"]}]},{\"@type\":\"ImageObject\",\"inLanguage\":\"es\",\"@id\":\"https:\\\/\\\/quehacerpolitico.mx\\\/?p=128550#primaryimage\",\"url\":\"https:\\\/\\\/quehacerpolitico.mx\\\/wp-content\\\/uploads\\\/2026\\\/01\\\/IMG_6319.webp\",\"contentUrl\":\"https:\\\/\\\/quehacerpolitico.mx\\\/wp-content\\\/uploads\\\/2026\\\/01\\\/IMG_6319.webp\",\"width\":1024,\"height\":538},{\"@type\":\"BreadcrumbList\",\"@id\":\"https:\\\/\\\/quehacerpolitico.mx\\\/?p=128550#breadcrumb\",\"itemListElement\":[{\"@type\":\"ListItem\",\"position\":1,\"name\":\"Inicio\",\"item\":\"https:\\\/\\\/quehacerpolitico.mx\\\/\"},{\"@type\":\"ListItem\",\"position\":2,\"name\":\"Incertidumbre por el T-MEC prolonga el estancamiento econ\u00f3mico en la frontera de M\u00e9xico\"}]},{\"@type\":\"WebSite\",\"@id\":\"https:\\\/\\\/quehacerpolitico.mx\\\/#website\",\"url\":\"https:\\\/\\\/quehacerpolitico.mx\\\/\",\"name\":\"\",\"description\":\"\",\"potentialAction\":[{\"@type\":\"SearchAction\",\"target\":{\"@type\":\"EntryPoint\",\"urlTemplate\":\"https:\\\/\\\/quehacerpolitico.mx\\\/?s={search_term_string}\"},\"query-input\":{\"@type\":\"PropertyValueSpecification\",\"valueRequired\":true,\"valueName\":\"search_term_string\"}}],\"inLanguage\":\"es\"},{\"@type\":\"Person\",\"@id\":\"https:\\\/\\\/quehacerpolitico.mx\\\/#\\\/schema\\\/person\\\/496d8ad2d1d3f8036101dca7ee39e585\",\"name\":\"Redacci\u00f3n QP\",\"image\":{\"@type\":\"ImageObject\",\"inLanguage\":\"es\",\"@id\":\"https:\\\/\\\/secure.gravatar.com\\\/avatar\\\/c7164ed6fdec453195284ad24a5ae5b6e1eed2b848477fa2a4787ba9adf39a41?s=96&d=mm&r=g\",\"url\":\"https:\\\/\\\/secure.gravatar.com\\\/avatar\\\/c7164ed6fdec453195284ad24a5ae5b6e1eed2b848477fa2a4787ba9adf39a41?s=96&d=mm&r=g\",\"contentUrl\":\"https:\\\/\\\/secure.gravatar.com\\\/avatar\\\/c7164ed6fdec453195284ad24a5ae5b6e1eed2b848477fa2a4787ba9adf39a41?s=96&d=mm&r=g\",\"caption\":\"Redacci\u00f3n QP\"},\"url\":\"https:\\\/\\\/quehacerpolitico.mx\\\/?author=2\"}]}<\/script>\n<!-- \/ Yoast SEO plugin. -->","yoast_head_json":{"title":"Incertidumbre por el T-MEC prolonga el estancamiento econ\u00f3mico en la frontera de M\u00e9xico -","robots":{"index":"index","follow":"follow","max-snippet":"max-snippet:-1","max-image-preview":"max-image-preview:large","max-video-preview":"max-video-preview:-1"},"canonical":"https:\/\/quehacerpolitico.mx\/?p=128550","og_locale":"es_MX","og_type":"article","og_title":"Incertidumbre por el T-MEC prolonga el estancamiento econ\u00f3mico en la frontera de M\u00e9xico -","og_description":"Por Redacci\u00f3n QP Especialistas considerar\u00e1n que el comercio entre Ciudad Ju\u00e1rez, Chihuahua, y El Paso,...","og_url":"https:\/\/quehacerpolitico.mx\/?p=128550","article_published_time":"2026-01-28T18:04:00+00:00","author":"Redacci\u00f3n QP","twitter_card":"summary_large_image","twitter_misc":{"Escrito por":"Redacci\u00f3n QP","Tiempo de lectura":"3 minutos"},"schema":{"@context":"https:\/\/schema.org","@graph":[{"@type":"Article","@id":"https:\/\/quehacerpolitico.mx\/?p=128550#article","isPartOf":{"@id":"https:\/\/quehacerpolitico.mx\/?p=128550"},"author":{"name":"Redacci\u00f3n QP","@id":"https:\/\/quehacerpolitico.mx\/#\/schema\/person\/496d8ad2d1d3f8036101dca7ee39e585"},"headline":"Incertidumbre por el T-MEC prolonga el estancamiento econ\u00f3mico en la frontera de M\u00e9xico","datePublished":"2026-01-28T18:04:00+00:00","mainEntityOfPage":{"@id":"https:\/\/quehacerpolitico.mx\/?p=128550"},"wordCount":687,"commentCount":0,"image":{"@id":"https:\/\/quehacerpolitico.mx\/?p=128550#primaryimage"},"thumbnailUrl":"https:\/\/quehacerpolitico.mx\/wp-content\/uploads\/2026\/01\/IMG_6319.webp","articleSection":["Econom\u00eda"],"inLanguage":"es","potentialAction":[{"@type":"CommentAction","name":"Comment","target":["https:\/\/quehacerpolitico.mx\/?p=128550#respond"]}]},{"@type":"WebPage","@id":"https:\/\/quehacerpolitico.mx\/?p=128550","url":"https:\/\/quehacerpolitico.mx\/?p=128550","name":"Incertidumbre por el T-MEC prolonga el estancamiento econ\u00f3mico en la frontera de M\u00e9xico -","isPartOf":{"@id":"https:\/\/quehacerpolitico.mx\/#website"},"primaryImageOfPage":{"@id":"https:\/\/quehacerpolitico.mx\/?p=128550#primaryimage"},"image":{"@id":"https:\/\/quehacerpolitico.mx\/?p=128550#primaryimage"},"thumbnailUrl":"https:\/\/quehacerpolitico.mx\/wp-content\/uploads\/2026\/01\/IMG_6319.webp","datePublished":"2026-01-28T18:04:00+00:00","author":{"@id":"https:\/\/quehacerpolitico.mx\/#\/schema\/person\/496d8ad2d1d3f8036101dca7ee39e585"},"breadcrumb":{"@id":"https:\/\/quehacerpolitico.mx\/?p=128550#breadcrumb"},"inLanguage":"es","potentialAction":[{"@type":"ReadAction","target":["https:\/\/quehacerpolitico.mx\/?p=128550"]}]},{"@type":"ImageObject","inLanguage":"es","@id":"https:\/\/quehacerpolitico.mx\/?p=128550#primaryimage","url":"https:\/\/quehacerpolitico.mx\/wp-content\/uploads\/2026\/01\/IMG_6319.webp","contentUrl":"https:\/\/quehacerpolitico.mx\/wp-content\/uploads\/2026\/01\/IMG_6319.webp","width":1024,"height":538},{"@type":"BreadcrumbList","@id":"https:\/\/quehacerpolitico.mx\/?p=128550#breadcrumb","itemListElement":[{"@type":"ListItem","position":1,"name":"Inicio","item":"https:\/\/quehacerpolitico.mx\/"},{"@type":"ListItem","position":2,"name":"Incertidumbre por el T-MEC prolonga el estancamiento econ\u00f3mico en la frontera de M\u00e9xico"}]},{"@type":"WebSite","@id":"https:\/\/quehacerpolitico.mx\/#website","url":"https:\/\/quehacerpolitico.mx\/","name":"","description":"","potentialAction":[{"@type":"SearchAction","target":{"@type":"EntryPoint","urlTemplate":"https:\/\/quehacerpolitico.mx\/?s={search_term_string}"},"query-input":{"@type":"PropertyValueSpecification","valueRequired":true,"valueName":"search_term_string"}}],"inLanguage":"es"},{"@type":"Person","@id":"https:\/\/quehacerpolitico.mx\/#\/schema\/person\/496d8ad2d1d3f8036101dca7ee39e585","name":"Redacci\u00f3n QP","image":{"@type":"ImageObject","inLanguage":"es","@id":"https:\/\/secure.gravatar.com\/avatar\/c7164ed6fdec453195284ad24a5ae5b6e1eed2b848477fa2a4787ba9adf39a41?s=96&d=mm&r=g","url":"https:\/\/secure.gravatar.com\/avatar\/c7164ed6fdec453195284ad24a5ae5b6e1eed2b848477fa2a4787ba9adf39a41?s=96&d=mm&r=g","contentUrl":"https:\/\/secure.gravatar.com\/avatar\/c7164ed6fdec453195284ad24a5ae5b6e1eed2b848477fa2a4787ba9adf39a41?s=96&d=mm&r=g","caption":"Redacci\u00f3n QP"},"url":"https:\/\/quehacerpolitico.mx\/?author=2"}]}},"featured_image_urls":{"full":["https:\/\/quehacerpolitico.mx\/wp-content\/uploads\/2026\/01\/IMG_6319.webp",1024,538,false],"thumbnail":["https:\/\/quehacerpolitico.mx\/wp-content\/uploads\/2026\/01\/IMG_6319-150x150.webp",150,150,true],"medium":["https:\/\/quehacerpolitico.mx\/wp-content\/uploads\/2026\/01\/IMG_6319-300x158.webp",300,158,true],"medium_large":["https:\/\/quehacerpolitico.mx\/wp-content\/uploads\/2026\/01\/IMG_6319-768x404.webp",640,337,true],"large":["https:\/\/quehacerpolitico.mx\/wp-content\/uploads\/2026\/01\/IMG_6319.webp",640,336,false],"1536x1536":["https:\/\/quehacerpolitico.mx\/wp-content\/uploads\/2026\/01\/IMG_6319.webp",1024,538,false],"2048x2048":["https:\/\/quehacerpolitico.mx\/wp-content\/uploads\/2026\/01\/IMG_6319.webp",1024,538,false],"covernews-featured":["https:\/\/quehacerpolitico.mx\/wp-content\/uploads\/2026\/01\/IMG_6319.webp",1024,538,false],"covernews-medium":["https:\/\/quehacerpolitico.mx\/wp-content\/uploads\/2026\/01\/IMG_6319-540x340.webp",540,340,true]},"author_info":{"display_name":"Redacci\u00f3n QP","author_link":"https:\/\/quehacerpolitico.mx\/?author=2"},"category_info":"<a href=\"https:\/\/quehacerpolitico.mx\/?cat=56\" rel=\"category\">Econom\u00eda<\/a>","tag_info":"Econom\u00eda","comment_count":"0","_links":{"self":[{"href":"https:\/\/quehacerpolitico.mx\/index.php?rest_route=\/wp\/v2\/posts\/128550","targetHints":{"allow":["GET"]}}],"collection":[{"href":"https:\/\/quehacerpolitico.mx\/index.php?rest_route=\/wp\/v2\/posts"}],"about":[{"href":"https:\/\/quehacerpolitico.mx\/index.php?rest_route=\/wp\/v2\/types\/post"}],"author":[{"embeddable":true,"href":"https:\/\/quehacerpolitico.mx\/index.php?rest_route=\/wp\/v2\/users\/2"}],"replies":[{"embeddable":true,"href":"https:\/\/quehacerpolitico.mx\/index.php?rest_route=%2Fwp%2Fv2%2Fcomments&post=128550"}],"version-history":[{"count":1,"href":"https:\/\/quehacerpolitico.mx\/index.php?rest_route=\/wp\/v2\/posts\/128550\/revisions"}],"predecessor-version":[{"id":128555,"href":"https:\/\/quehacerpolitico.mx\/index.php?rest_route=\/wp\/v2\/posts\/128550\/revisions\/128555"}],"wp:featuredmedia":[{"embeddable":true,"href":"https:\/\/quehacerpolitico.mx\/index.php?rest_route=\/wp\/v2\/media\/128554"}],"wp:attachment":[{"href":"https:\/\/quehacerpolitico.mx\/index.php?rest_route=%2Fwp%2Fv2%2Fmedia&parent=128550"}],"wp:term":[{"taxonomy":"category","embeddable":true,"href":"https:\/\/quehacerpolitico.mx\/index.php?rest_route=%2Fwp%2Fv2%2Fcategories&post=128550"},{"taxonomy":"post_tag","embeddable":true,"href":"https:\/\/quehacerpolitico.mx\/index.php?rest_route=%2Fwp%2Fv2%2Ftags&post=128550"}],"curies":[{"name":"wp","href":"https:\/\/api.w.org\/{rel}","templated":true}]}}