{"id":128537,"date":"2026-01-28T11:31:23","date_gmt":"2026-01-28T17:31:23","guid":{"rendered":"https:\/\/quehacerpolitico.mx\/?p=128537"},"modified":"2026-01-28T11:31:27","modified_gmt":"2026-01-28T17:31:27","slug":"mexico-siempre-ha-sido-solidario-sheinbaum-afirma-que-continua-el-envio-de-ayuda-humanitaria-a-cuba","status":"publish","type":"post","link":"https:\/\/quehacerpolitico.mx\/?p=128537","title":{"rendered":"\u201cM\u00e9xico siempre ha sido solidario\u201d: Sheinbaum afirma que contin\u00faa el env\u00edo de ayuda humanitaria a Cuba"},"content":{"rendered":"\n<p>Por Redacci\u00f3n QP<\/p>\n\n\n\n<p>La presidenta neg\u00f3 que ella haya confirmado que este tipo de cargamentos se hubieran suspendido en sus declaraciones tras la publicaci\u00f3n de Bloomberg<\/p>\n\n\n\n<p>La presidenta<strong>\u00a0Claudia Sheinbaum<\/strong> afirm\u00f3 este mi\u00e9rcoles que su gobierno contin\u00faa con el env\u00edo de ayuda humanitaria a Cuba sin confirmar si en estos traslados se llevar\u00e1 petr\u00f3leo a la isla.\u00a0<\/p>\n\n\n\n<p>En su conferencia matutina, la mandataria volvi\u00f3 a se\u00f1alar que su administraci\u00f3n\u00a0<strong>entrega petr\u00f3leo a <\/strong>Cuba por dos v\u00edas, las de contratos con Petr\u00f3leos Mexicanos (Pemex) y como ayuda humanitaria.<\/p>\n\n\n\n<figure class=\"wp-block-embed is-type-rich is-provider-twitter wp-block-embed-twitter\"><div class=\"wp-block-embed__wrapper\">\n<blockquote class=\"twitter-tweet\" data-width=\"550\" data-dnt=\"true\"><p lang=\"es\" dir=\"ltr\">\ud83d\udd34La presidenta Claudia Sheinbaum asegur\u00f3 que nunca habl\u00f3 de suspender el env\u00edo de petr\u00f3leo a Cuba.<br><br>Se\u00f1al\u00f3 que actualmente existen dos v\u00edas: contratos de Pemex con instituciones cubanas y ayuda humanitaria.<br><br>Subray\u00f3 que se trata de una decisi\u00f3n soberana y reiter\u00f3 que M\u00e9xico\u2026 <a href=\"https:\/\/t.co\/3ggMjW1b7U\">pic.twitter.com\/3ggMjW1b7U<\/a><\/p>&mdash; Azucena Uresti (@azucenau) <a href=\"https:\/\/twitter.com\/azucenau\/status\/2016525924699664865?ref_src=twsrc%5Etfw\">January 28, 2026<\/a><\/blockquote><script async src=\"https:\/\/platform.twitter.com\/widgets.js\" charset=\"utf-8\"><\/script>\n<\/div><\/figure>\n\n\n\n<p>&#8220;La ayuda humanitaria a Cuba como a otros pa\u00edses contin\u00faa porque esa ayuda humanitaria y\u00a0<strong>M\u00e9xico siempre ha sido solidari<\/strong>o\u00a0con todo el mundo, y\u00a0son decisiones soberanas&#8221;, declar\u00f3.<\/p>\n\n\n\n<p>Dentro de esa ayuda humanitaria, agreg\u00f3 que M\u00e9xico &#8220;determinar\u00e1&#8221; si incluye el\u00a0<strong>env\u00edo de crudo a partir de las solicitudes\u00a0<\/strong>de las autoridades cubanas.<\/p>\n\n\n\n<p>Sheinbaum tambi\u00e9n neg\u00f3 que ella haya confirmado que este tipo de cargamentos se hubieran suspendido en sus declaraciones por&nbsp;la publicaci\u00f3n de&nbsp;<em>Bloomberg<\/em>&nbsp;en la que se reportaba&nbsp;<strong>el freno a un env\u00edo de petr\u00f3leo a Cuba.&nbsp;<\/strong><\/p>\n\n\n\n<p>&#8220;Yo nunca habl\u00e9 de si se hab\u00eda suspendido o&nbsp;<strong>no se hab\u00eda suspendido,&nbsp;<\/strong>eso fue una interpretaci\u00f3n posterior a partir de una nota que sali\u00f3 en un peri\u00f3dico&#8221;, coment\u00f3.&nbsp;<\/p>\n\n\n\n<p><em>Con informaci\u00f3n de EFE<\/em><\/p>\n","protected":false},"excerpt":{"rendered":"<p>Por Redacci\u00f3n QP La presidenta neg\u00f3 que ella haya confirmado que este tipo de cargamentos&#8230;<\/p>\n","protected":false},"author":2,"featured_media":128501,"comment_status":"open","ping_status":"open","sticky":false,"template":"","format":"standard","meta":{"_monsterinsights_skip_tracking":false,"_monsterinsights_sitenote_active":false,"_monsterinsights_sitenote_note":"","_monsterinsights_sitenote_category":0,"footnotes":""},"categories":[280,2],"tags":[],"class_list":["post-128537","post","type-post","status-publish","format-standard","has-post-thumbnail","hentry","category-nacionales","category-noticias"],"yoast_head":"<!-- This site is optimized with the Yoast SEO plugin v27.3 - https:\/\/yoast.com\/product\/yoast-seo-wordpress\/ -->\n<title>\u201cM\u00e9xico siempre ha sido solidario\u201d: Sheinbaum afirma que contin\u00faa el env\u00edo de ayuda humanitaria a Cuba -<\/title>\n<meta name=\"robots\" content=\"index, follow, max-snippet:-1, max-image-preview:large, max-video-preview:-1\" \/>\n<link rel=\"canonical\" href=\"https:\/\/quehacerpolitico.mx\/?p=128537\" \/>\n<meta property=\"og:locale\" content=\"es_MX\" \/>\n<meta property=\"og:type\" content=\"article\" \/>\n<meta property=\"og:title\" content=\"\u201cM\u00e9xico siempre ha sido solidario\u201d: Sheinbaum afirma que contin\u00faa el env\u00edo de ayuda humanitaria a Cuba -\" \/>\n<meta property=\"og:description\" content=\"Por Redacci\u00f3n QP La presidenta neg\u00f3 que ella haya confirmado que este tipo de cargamentos...\" \/>\n<meta property=\"og:url\" content=\"https:\/\/quehacerpolitico.mx\/?p=128537\" \/>\n<meta property=\"article:published_time\" content=\"2026-01-28T17:31:23+00:00\" \/>\n<meta property=\"article:modified_time\" content=\"2026-01-28T17:31:27+00:00\" \/>\n<meta property=\"og:image\" content=\"http:\/\/quehacerpolitico.mx\/wp-content\/uploads\/2026\/01\/IMG_6299.jpeg\" \/>\n\t<meta property=\"og:image:width\" content=\"1170\" \/>\n\t<meta property=\"og:image:height\" content=\"647\" \/>\n\t<meta property=\"og:image:type\" content=\"image\/jpeg\" \/>\n<meta name=\"author\" content=\"Redacci\u00f3n QP\" \/>\n<meta name=\"twitter:card\" content=\"summary_large_image\" \/>\n<meta name=\"twitter:label1\" content=\"Escrito por\" \/>\n\t<meta name=\"twitter:data1\" content=\"Redacci\u00f3n QP\" \/>\n\t<meta name=\"twitter:label2\" content=\"Tiempo de lectura\" \/>\n\t<meta name=\"twitter:data2\" content=\"2 minutos\" \/>\n<script type=\"application\/ld+json\" class=\"yoast-schema-graph\">{\"@context\":\"https:\\\/\\\/schema.org\",\"@graph\":[{\"@type\":\"Article\",\"@id\":\"https:\\\/\\\/quehacerpolitico.mx\\\/?p=128537#article\",\"isPartOf\":{\"@id\":\"https:\\\/\\\/quehacerpolitico.mx\\\/?p=128537\"},\"author\":{\"name\":\"Redacci\u00f3n QP\",\"@id\":\"https:\\\/\\\/quehacerpolitico.mx\\\/#\\\/schema\\\/person\\\/496d8ad2d1d3f8036101dca7ee39e585\"},\"headline\":\"\u201cM\u00e9xico siempre ha sido solidario\u201d: Sheinbaum afirma que contin\u00faa el env\u00edo de ayuda humanitaria a Cuba\",\"datePublished\":\"2026-01-28T17:31:23+00:00\",\"dateModified\":\"2026-01-28T17:31:27+00:00\",\"mainEntityOfPage\":{\"@id\":\"https:\\\/\\\/quehacerpolitico.mx\\\/?p=128537\"},\"wordCount\":268,\"commentCount\":0,\"image\":{\"@id\":\"https:\\\/\\\/quehacerpolitico.mx\\\/?p=128537#primaryimage\"},\"thumbnailUrl\":\"https:\\\/\\\/quehacerpolitico.mx\\\/wp-content\\\/uploads\\\/2026\\\/01\\\/IMG_6299.jpeg\",\"articleSection\":[\"Nacionales\",\"Noticias\"],\"inLanguage\":\"es\",\"potentialAction\":[{\"@type\":\"CommentAction\",\"name\":\"Comment\",\"target\":[\"https:\\\/\\\/quehacerpolitico.mx\\\/?p=128537#respond\"]}]},{\"@type\":\"WebPage\",\"@id\":\"https:\\\/\\\/quehacerpolitico.mx\\\/?p=128537\",\"url\":\"https:\\\/\\\/quehacerpolitico.mx\\\/?p=128537\",\"name\":\"\u201cM\u00e9xico siempre ha sido solidario\u201d: Sheinbaum afirma que contin\u00faa el env\u00edo de ayuda humanitaria a Cuba -\",\"isPartOf\":{\"@id\":\"https:\\\/\\\/quehacerpolitico.mx\\\/#website\"},\"primaryImageOfPage\":{\"@id\":\"https:\\\/\\\/quehacerpolitico.mx\\\/?p=128537#primaryimage\"},\"image\":{\"@id\":\"https:\\\/\\\/quehacerpolitico.mx\\\/?p=128537#primaryimage\"},\"thumbnailUrl\":\"https:\\\/\\\/quehacerpolitico.mx\\\/wp-content\\\/uploads\\\/2026\\\/01\\\/IMG_6299.jpeg\",\"datePublished\":\"2026-01-28T17:31:23+00:00\",\"dateModified\":\"2026-01-28T17:31:27+00:00\",\"author\":{\"@id\":\"https:\\\/\\\/quehacerpolitico.mx\\\/#\\\/schema\\\/person\\\/496d8ad2d1d3f8036101dca7ee39e585\"},\"breadcrumb\":{\"@id\":\"https:\\\/\\\/quehacerpolitico.mx\\\/?p=128537#breadcrumb\"},\"inLanguage\":\"es\",\"potentialAction\":[{\"@type\":\"ReadAction\",\"target\":[\"https:\\\/\\\/quehacerpolitico.mx\\\/?p=128537\"]}]},{\"@type\":\"ImageObject\",\"inLanguage\":\"es\",\"@id\":\"https:\\\/\\\/quehacerpolitico.mx\\\/?p=128537#primaryimage\",\"url\":\"https:\\\/\\\/quehacerpolitico.mx\\\/wp-content\\\/uploads\\\/2026\\\/01\\\/IMG_6299.jpeg\",\"contentUrl\":\"https:\\\/\\\/quehacerpolitico.mx\\\/wp-content\\\/uploads\\\/2026\\\/01\\\/IMG_6299.jpeg\",\"width\":1170,\"height\":647,\"caption\":\"Screenshot\"},{\"@type\":\"BreadcrumbList\",\"@id\":\"https:\\\/\\\/quehacerpolitico.mx\\\/?p=128537#breadcrumb\",\"itemListElement\":[{\"@type\":\"ListItem\",\"position\":1,\"name\":\"Inicio\",\"item\":\"https:\\\/\\\/quehacerpolitico.mx\\\/\"},{\"@type\":\"ListItem\",\"position\":2,\"name\":\"\u201cM\u00e9xico siempre ha sido solidario\u201d: Sheinbaum afirma que contin\u00faa el env\u00edo de ayuda humanitaria a Cuba\"}]},{\"@type\":\"WebSite\",\"@id\":\"https:\\\/\\\/quehacerpolitico.mx\\\/#website\",\"url\":\"https:\\\/\\\/quehacerpolitico.mx\\\/\",\"name\":\"\",\"description\":\"\",\"potentialAction\":[{\"@type\":\"SearchAction\",\"target\":{\"@type\":\"EntryPoint\",\"urlTemplate\":\"https:\\\/\\\/quehacerpolitico.mx\\\/?s={search_term_string}\"},\"query-input\":{\"@type\":\"PropertyValueSpecification\",\"valueRequired\":true,\"valueName\":\"search_term_string\"}}],\"inLanguage\":\"es\"},{\"@type\":\"Person\",\"@id\":\"https:\\\/\\\/quehacerpolitico.mx\\\/#\\\/schema\\\/person\\\/496d8ad2d1d3f8036101dca7ee39e585\",\"name\":\"Redacci\u00f3n QP\",\"image\":{\"@type\":\"ImageObject\",\"inLanguage\":\"es\",\"@id\":\"https:\\\/\\\/secure.gravatar.com\\\/avatar\\\/c7164ed6fdec453195284ad24a5ae5b6e1eed2b848477fa2a4787ba9adf39a41?s=96&d=mm&r=g\",\"url\":\"https:\\\/\\\/secure.gravatar.com\\\/avatar\\\/c7164ed6fdec453195284ad24a5ae5b6e1eed2b848477fa2a4787ba9adf39a41?s=96&d=mm&r=g\",\"contentUrl\":\"https:\\\/\\\/secure.gravatar.com\\\/avatar\\\/c7164ed6fdec453195284ad24a5ae5b6e1eed2b848477fa2a4787ba9adf39a41?s=96&d=mm&r=g\",\"caption\":\"Redacci\u00f3n QP\"},\"url\":\"https:\\\/\\\/quehacerpolitico.mx\\\/?author=2\"}]}<\/script>\n<!-- \/ Yoast SEO plugin. -->","yoast_head_json":{"title":"\u201cM\u00e9xico siempre ha sido solidario\u201d: Sheinbaum afirma que contin\u00faa el env\u00edo de ayuda humanitaria a Cuba -","robots":{"index":"index","follow":"follow","max-snippet":"max-snippet:-1","max-image-preview":"max-image-preview:large","max-video-preview":"max-video-preview:-1"},"canonical":"https:\/\/quehacerpolitico.mx\/?p=128537","og_locale":"es_MX","og_type":"article","og_title":"\u201cM\u00e9xico siempre ha sido solidario\u201d: Sheinbaum afirma que contin\u00faa el env\u00edo de ayuda humanitaria a Cuba -","og_description":"Por Redacci\u00f3n QP La presidenta neg\u00f3 que ella haya confirmado que este tipo de cargamentos...","og_url":"https:\/\/quehacerpolitico.mx\/?p=128537","article_published_time":"2026-01-28T17:31:23+00:00","article_modified_time":"2026-01-28T17:31:27+00:00","og_image":[{"width":1170,"height":647,"url":"http:\/\/quehacerpolitico.mx\/wp-content\/uploads\/2026\/01\/IMG_6299.jpeg","type":"image\/jpeg"}],"author":"Redacci\u00f3n QP","twitter_card":"summary_large_image","twitter_misc":{"Escrito por":"Redacci\u00f3n QP","Tiempo de lectura":"2 minutos"},"schema":{"@context":"https:\/\/schema.org","@graph":[{"@type":"Article","@id":"https:\/\/quehacerpolitico.mx\/?p=128537#article","isPartOf":{"@id":"https:\/\/quehacerpolitico.mx\/?p=128537"},"author":{"name":"Redacci\u00f3n QP","@id":"https:\/\/quehacerpolitico.mx\/#\/schema\/person\/496d8ad2d1d3f8036101dca7ee39e585"},"headline":"\u201cM\u00e9xico siempre ha sido solidario\u201d: Sheinbaum afirma que contin\u00faa el env\u00edo de ayuda humanitaria a Cuba","datePublished":"2026-01-28T17:31:23+00:00","dateModified":"2026-01-28T17:31:27+00:00","mainEntityOfPage":{"@id":"https:\/\/quehacerpolitico.mx\/?p=128537"},"wordCount":268,"commentCount":0,"image":{"@id":"https:\/\/quehacerpolitico.mx\/?p=128537#primaryimage"},"thumbnailUrl":"https:\/\/quehacerpolitico.mx\/wp-content\/uploads\/2026\/01\/IMG_6299.jpeg","articleSection":["Nacionales","Noticias"],"inLanguage":"es","potentialAction":[{"@type":"CommentAction","name":"Comment","target":["https:\/\/quehacerpolitico.mx\/?p=128537#respond"]}]},{"@type":"WebPage","@id":"https:\/\/quehacerpolitico.mx\/?p=128537","url":"https:\/\/quehacerpolitico.mx\/?p=128537","name":"\u201cM\u00e9xico siempre ha sido solidario\u201d: Sheinbaum afirma que contin\u00faa el env\u00edo de ayuda humanitaria a Cuba -","isPartOf":{"@id":"https:\/\/quehacerpolitico.mx\/#website"},"primaryImageOfPage":{"@id":"https:\/\/quehacerpolitico.mx\/?p=128537#primaryimage"},"image":{"@id":"https:\/\/quehacerpolitico.mx\/?p=128537#primaryimage"},"thumbnailUrl":"https:\/\/quehacerpolitico.mx\/wp-content\/uploads\/2026\/01\/IMG_6299.jpeg","datePublished":"2026-01-28T17:31:23+00:00","dateModified":"2026-01-28T17:31:27+00:00","author":{"@id":"https:\/\/quehacerpolitico.mx\/#\/schema\/person\/496d8ad2d1d3f8036101dca7ee39e585"},"breadcrumb":{"@id":"https:\/\/quehacerpolitico.mx\/?p=128537#breadcrumb"},"inLanguage":"es","potentialAction":[{"@type":"ReadAction","target":["https:\/\/quehacerpolitico.mx\/?p=128537"]}]},{"@type":"ImageObject","inLanguage":"es","@id":"https:\/\/quehacerpolitico.mx\/?p=128537#primaryimage","url":"https:\/\/quehacerpolitico.mx\/wp-content\/uploads\/2026\/01\/IMG_6299.jpeg","contentUrl":"https:\/\/quehacerpolitico.mx\/wp-content\/uploads\/2026\/01\/IMG_6299.jpeg","width":1170,"height":647,"caption":"Screenshot"},{"@type":"BreadcrumbList","@id":"https:\/\/quehacerpolitico.mx\/?p=128537#breadcrumb","itemListElement":[{"@type":"ListItem","position":1,"name":"Inicio","item":"https:\/\/quehacerpolitico.mx\/"},{"@type":"ListItem","position":2,"name":"\u201cM\u00e9xico siempre ha sido solidario\u201d: Sheinbaum afirma que contin\u00faa el env\u00edo de ayuda humanitaria a Cuba"}]},{"@type":"WebSite","@id":"https:\/\/quehacerpolitico.mx\/#website","url":"https:\/\/quehacerpolitico.mx\/","name":"","description":"","potentialAction":[{"@type":"SearchAction","target":{"@type":"EntryPoint","urlTemplate":"https:\/\/quehacerpolitico.mx\/?s={search_term_string}"},"query-input":{"@type":"PropertyValueSpecification","valueRequired":true,"valueName":"search_term_string"}}],"inLanguage":"es"},{"@type":"Person","@id":"https:\/\/quehacerpolitico.mx\/#\/schema\/person\/496d8ad2d1d3f8036101dca7ee39e585","name":"Redacci\u00f3n QP","image":{"@type":"ImageObject","inLanguage":"es","@id":"https:\/\/secure.gravatar.com\/avatar\/c7164ed6fdec453195284ad24a5ae5b6e1eed2b848477fa2a4787ba9adf39a41?s=96&d=mm&r=g","url":"https:\/\/secure.gravatar.com\/avatar\/c7164ed6fdec453195284ad24a5ae5b6e1eed2b848477fa2a4787ba9adf39a41?s=96&d=mm&r=g","contentUrl":"https:\/\/secure.gravatar.com\/avatar\/c7164ed6fdec453195284ad24a5ae5b6e1eed2b848477fa2a4787ba9adf39a41?s=96&d=mm&r=g","caption":"Redacci\u00f3n QP"},"url":"https:\/\/quehacerpolitico.mx\/?author=2"}]}},"featured_image_urls":{"full":["https:\/\/quehacerpolitico.mx\/wp-content\/uploads\/2026\/01\/IMG_6299.jpeg",1170,647,false],"thumbnail":["https:\/\/quehacerpolitico.mx\/wp-content\/uploads\/2026\/01\/IMG_6299-150x150.jpeg",150,150,true],"medium":["https:\/\/quehacerpolitico.mx\/wp-content\/uploads\/2026\/01\/IMG_6299-300x166.jpeg",300,166,true],"medium_large":["https:\/\/quehacerpolitico.mx\/wp-content\/uploads\/2026\/01\/IMG_6299-768x425.jpeg",640,354,true],"large":["https:\/\/quehacerpolitico.mx\/wp-content\/uploads\/2026\/01\/IMG_6299-1024x566.jpeg",640,354,true],"1536x1536":["https:\/\/quehacerpolitico.mx\/wp-content\/uploads\/2026\/01\/IMG_6299.jpeg",1170,647,false],"2048x2048":["https:\/\/quehacerpolitico.mx\/wp-content\/uploads\/2026\/01\/IMG_6299.jpeg",1170,647,false],"covernews-featured":["https:\/\/quehacerpolitico.mx\/wp-content\/uploads\/2026\/01\/IMG_6299-1024x566.jpeg",1024,566,true],"covernews-medium":["https:\/\/quehacerpolitico.mx\/wp-content\/uploads\/2026\/01\/IMG_6299-540x340.jpeg",540,340,true]},"author_info":{"display_name":"Redacci\u00f3n QP","author_link":"https:\/\/quehacerpolitico.mx\/?author=2"},"category_info":"<a href=\"https:\/\/quehacerpolitico.mx\/?cat=280\" rel=\"category\">Nacionales<\/a> <a href=\"https:\/\/quehacerpolitico.mx\/?cat=2\" rel=\"category\">Noticias<\/a>","tag_info":"Noticias","comment_count":"0","_links":{"self":[{"href":"https:\/\/quehacerpolitico.mx\/index.php?rest_route=\/wp\/v2\/posts\/128537","targetHints":{"allow":["GET"]}}],"collection":[{"href":"https:\/\/quehacerpolitico.mx\/index.php?rest_route=\/wp\/v2\/posts"}],"about":[{"href":"https:\/\/quehacerpolitico.mx\/index.php?rest_route=\/wp\/v2\/types\/post"}],"author":[{"embeddable":true,"href":"https:\/\/quehacerpolitico.mx\/index.php?rest_route=\/wp\/v2\/users\/2"}],"replies":[{"embeddable":true,"href":"https:\/\/quehacerpolitico.mx\/index.php?rest_route=%2Fwp%2Fv2%2Fcomments&post=128537"}],"version-history":[{"count":1,"href":"https:\/\/quehacerpolitico.mx\/index.php?rest_route=\/wp\/v2\/posts\/128537\/revisions"}],"predecessor-version":[{"id":128538,"href":"https:\/\/quehacerpolitico.mx\/index.php?rest_route=\/wp\/v2\/posts\/128537\/revisions\/128538"}],"wp:featuredmedia":[{"embeddable":true,"href":"https:\/\/quehacerpolitico.mx\/index.php?rest_route=\/wp\/v2\/media\/128501"}],"wp:attachment":[{"href":"https:\/\/quehacerpolitico.mx\/index.php?rest_route=%2Fwp%2Fv2%2Fmedia&parent=128537"}],"wp:term":[{"taxonomy":"category","embeddable":true,"href":"https:\/\/quehacerpolitico.mx\/index.php?rest_route=%2Fwp%2Fv2%2Fcategories&post=128537"},{"taxonomy":"post_tag","embeddable":true,"href":"https:\/\/quehacerpolitico.mx\/index.php?rest_route=%2Fwp%2Fv2%2Ftags&post=128537"}],"curies":[{"name":"wp","href":"https:\/\/api.w.org\/{rel}","templated":true}]}}