{"id":128535,"date":"2026-01-28T11:06:16","date_gmt":"2026-01-28T17:06:16","guid":{"rendered":"https:\/\/quehacerpolitico.mx\/?p=128535"},"modified":"2026-01-28T11:06:20","modified_gmt":"2026-01-28T17:06:20","slug":"gobierno-de-sheinbaum-inicia-proceso-de-reparacion-del-dano-a-victimas-del-tren-interoceanico-evita-detallar-los-montos","status":"publish","type":"post","link":"https:\/\/quehacerpolitico.mx\/?p=128535","title":{"rendered":"Gobierno de Sheinbaum inicia proceso de reparaci\u00f3n del da\u00f1o a v\u00edctimas del Tren Interoce\u00e1nico; evita detallar los montos"},"content":{"rendered":"\n<p>Por Redacci\u00f3n QP<\/p>\n\n\n\n<p>La mandataria tambi\u00e9n se limit\u00f3 a se\u00f1alar que los maquinistas de este tipo de transportes son personas experimentadas, pero no abord\u00f3 la detenci\u00f3n del conductor del convoy<\/p>\n\n\n\n<p>La presidenta&nbsp;<strong>Claudia Sheinbaum&nbsp;<\/strong>evit\u00f3 este mi\u00e9rcoles precisar los montos que se ofrecer\u00e1n para la reparaci\u00f3n del da\u00f1o a v\u00edctimas del descarrilamiento del&nbsp;<strong>Tren Interoce\u00e1nico.&nbsp;<\/strong><\/p>\n\n\n\n<p>El gobierno federal anunci\u00f3 este mi\u00e9rcoles que a partir de la pr\u00f3xima semana comenzar\u00e1 el tr\u00e1mite para la reparaci\u00f3n del da\u00f1o a las v\u00edctimas de esa<strong>&nbsp;tragedia del pasado 28 de diciembre.<\/strong><\/p>\n\n\n\n<figure class=\"wp-block-embed is-type-rich is-provider-twitter wp-block-embed-twitter\"><div class=\"wp-block-embed__wrapper\">\n<blockquote class=\"twitter-tweet\" data-width=\"550\" data-dnt=\"true\"><p lang=\"es\" dir=\"ltr\">Tras dictamen de la FGR sobre el Tren Interoce\u00e1nico, Sheinbaum plantea a v\u00edctimas y familiares aceptar el pago por la reparaci\u00f3n del da\u00f1o<br><br>&quot;Es una de las salidas alternativas que tienen que aceptar las v\u00edctimas o sus familiares&quot; <a href=\"https:\/\/t.co\/3hJabPvPZj\">pic.twitter.com\/3hJabPvPZj<\/a><\/p>&mdash; Manuel Lopez San Martin (@MLopezSanMartin) <a href=\"https:\/\/twitter.com\/MLopezSanMartin\/status\/2016521576619884756?ref_src=twsrc%5Etfw\">January 28, 2026<\/a><\/blockquote><script async src=\"https:\/\/platform.twitter.com\/widgets.js\" charset=\"utf-8\"><\/script>\n<\/div><\/figure>\n\n\n\n<p>La mandataria se\u00f1al\u00f3 en su conferencia matutina que esta cifra es determinada por la&nbsp;Fiscal\u00eda General de la Rep\u00fablica (FGR) a partir de cada caso, pero no los comparti\u00f3 a la prensa.<\/p>\n\n\n\n<p>&#8220;Normalmente, no se dan&nbsp;los montos por la protecci\u00f3n de las personas que lo van a recibir, y ellos tienen que aceptarlo, no es algo que se imponga, sino que cada familiar o cada v\u00edctima&nbsp;<strong>tiene que aceptar esta reparaci\u00f3n integral<\/strong>&nbsp;o en su caso&nbsp;seguir con el proceso&#8221;, coment\u00f3.<\/p>\n\n\n\n<p>La presidenta se\u00f1al\u00f3 que tambi\u00e9n se espera un an\u00e1lisis por parte de la&nbsp;<strong>Agencia Reguladora del Transporte Ferroviario&nbsp;<\/strong>sobre la operaci\u00f3n del Tren Interoce\u00e1nico, e incluso se\u00f1al\u00f3 que han compartido informaci\u00f3n con la FGR.&nbsp;<\/p>\n\n\n\n<p>Sobre el exceso de velocidad, la mandataria se\u00f1al\u00f3 que las investigaciones deber\u00e1n determinar el motivo por el que no hubo un control.&nbsp;<\/p>\n\n\n\n<p>&#8220;Los maquinistas<strong>&nbsp;son maquinistas experimentados,<\/strong>&nbsp;muchos de ellos son ferrocarrileros, entonces son maquinistas experimentados&#8221;, a\u00f1adi\u00f3 sin mencionar la detenci\u00f3n del conductor.&nbsp;<\/p>\n\n\n\n<p>El anuncio ocurre a un mes de los hechos&nbsp;que dejaron&nbsp;14 personas muertas y despu\u00e9s de que la&nbsp;FGR&nbsp;afirmara que el exceso de velocidad fue la causa del accidente.&nbsp;&nbsp;<\/p>\n\n\n\n<p><strong>Arturo Medina<\/strong>, subsecretario de Derechos Humanos, Poblaci\u00f3n y Migraci\u00f3n, afirm\u00f3 que habr\u00e1 un grupo interinstitucional para dar acompa\u00f1amiento a las v\u00edctimas; estar\u00e1 conformado por un asesor jur\u00eddico de&nbsp;la Comisi\u00f3n Ejecutiva de Atenci\u00f3n a V\u00edctimas, as\u00ed como personal de la FGR y del mecanismo de soluci\u00f3n de controversias de Gobernaci\u00f3n.<\/p>\n\n\n\n<figure class=\"wp-block-embed is-type-rich is-provider-twitter wp-block-embed-twitter\"><div class=\"wp-block-embed__wrapper\">\n<blockquote class=\"twitter-tweet\" data-width=\"550\" data-dnt=\"true\"><p lang=\"es\" dir=\"ltr\">\ud83d\udd34F\u00e9lix Arturo Medina Padilla, subsecretario de Derechos Humanos, asegur\u00f3 que desde el primer momento se activ\u00f3 una atenci\u00f3n inmediata y coordinada para las v\u00edctimas, y sus familias, tras el descarrilamiento del Tren Interoce\u00e1nico.<br><br>Detall\u00f3 que ya inici\u00f3 el contacto directo con\u2026 <a href=\"https:\/\/t.co\/5XxNPKcu40\">pic.twitter.com\/5XxNPKcu40<\/a><\/p>&mdash; Azucena Uresti (@azucenau) <a href=\"https:\/\/twitter.com\/azucenau\/status\/2016509026197012856?ref_src=twsrc%5Etfw\">January 28, 2026<\/a><\/blockquote><script async src=\"https:\/\/platform.twitter.com\/widgets.js\" charset=\"utf-8\"><\/script>\n<\/div><\/figure>\n","protected":false},"excerpt":{"rendered":"<p>Por Redacci\u00f3n QP La mandataria tambi\u00e9n se limit\u00f3 a se\u00f1alar que los maquinistas de este&#8230;<\/p>\n","protected":false},"author":2,"featured_media":128497,"comment_status":"open","ping_status":"open","sticky":false,"template":"","format":"standard","meta":{"_monsterinsights_skip_tracking":false,"_monsterinsights_sitenote_active":false,"_monsterinsights_sitenote_note":"","_monsterinsights_sitenote_category":0,"footnotes":""},"categories":[280,2],"tags":[],"class_list":["post-128535","post","type-post","status-publish","format-standard","has-post-thumbnail","hentry","category-nacionales","category-noticias"],"yoast_head":"<!-- This site is optimized with the Yoast SEO plugin v27.3 - https:\/\/yoast.com\/product\/yoast-seo-wordpress\/ -->\n<title>Gobierno de Sheinbaum inicia proceso de reparaci\u00f3n del da\u00f1o a v\u00edctimas del Tren Interoce\u00e1nico; evita detallar los montos -<\/title>\n<meta name=\"robots\" content=\"index, follow, max-snippet:-1, max-image-preview:large, max-video-preview:-1\" \/>\n<link rel=\"canonical\" href=\"https:\/\/quehacerpolitico.mx\/?p=128535\" \/>\n<meta property=\"og:locale\" content=\"es_MX\" \/>\n<meta property=\"og:type\" content=\"article\" \/>\n<meta property=\"og:title\" content=\"Gobierno de Sheinbaum inicia proceso de reparaci\u00f3n del da\u00f1o a v\u00edctimas del Tren Interoce\u00e1nico; evita detallar los montos -\" \/>\n<meta property=\"og:description\" content=\"Por Redacci\u00f3n QP La mandataria tambi\u00e9n se limit\u00f3 a se\u00f1alar que los maquinistas de este...\" \/>\n<meta property=\"og:url\" content=\"https:\/\/quehacerpolitico.mx\/?p=128535\" \/>\n<meta property=\"article:published_time\" content=\"2026-01-28T17:06:16+00:00\" \/>\n<meta property=\"article:modified_time\" content=\"2026-01-28T17:06:20+00:00\" \/>\n<meta property=\"og:image\" content=\"http:\/\/quehacerpolitico.mx\/wp-content\/uploads\/2026\/01\/IMG_6298.jpeg\" \/>\n\t<meta property=\"og:image:width\" content=\"1170\" \/>\n\t<meta property=\"og:image:height\" content=\"644\" \/>\n\t<meta property=\"og:image:type\" content=\"image\/jpeg\" \/>\n<meta name=\"author\" content=\"Redacci\u00f3n QP\" \/>\n<meta name=\"twitter:card\" content=\"summary_large_image\" \/>\n<meta name=\"twitter:label1\" content=\"Escrito por\" \/>\n\t<meta name=\"twitter:data1\" content=\"Redacci\u00f3n QP\" \/>\n\t<meta name=\"twitter:label2\" content=\"Tiempo de lectura\" \/>\n\t<meta name=\"twitter:data2\" content=\"2 minutos\" \/>\n<script type=\"application\/ld+json\" class=\"yoast-schema-graph\">{\"@context\":\"https:\\\/\\\/schema.org\",\"@graph\":[{\"@type\":\"Article\",\"@id\":\"https:\\\/\\\/quehacerpolitico.mx\\\/?p=128535#article\",\"isPartOf\":{\"@id\":\"https:\\\/\\\/quehacerpolitico.mx\\\/?p=128535\"},\"author\":{\"name\":\"Redacci\u00f3n QP\",\"@id\":\"https:\\\/\\\/quehacerpolitico.mx\\\/#\\\/schema\\\/person\\\/496d8ad2d1d3f8036101dca7ee39e585\"},\"headline\":\"Gobierno de Sheinbaum inicia proceso de reparaci\u00f3n del da\u00f1o a v\u00edctimas del Tren Interoce\u00e1nico; evita detallar los montos\",\"datePublished\":\"2026-01-28T17:06:16+00:00\",\"dateModified\":\"2026-01-28T17:06:20+00:00\",\"mainEntityOfPage\":{\"@id\":\"https:\\\/\\\/quehacerpolitico.mx\\\/?p=128535\"},\"wordCount\":427,\"commentCount\":0,\"image\":{\"@id\":\"https:\\\/\\\/quehacerpolitico.mx\\\/?p=128535#primaryimage\"},\"thumbnailUrl\":\"https:\\\/\\\/quehacerpolitico.mx\\\/wp-content\\\/uploads\\\/2026\\\/01\\\/IMG_6298.jpeg\",\"articleSection\":[\"Nacionales\",\"Noticias\"],\"inLanguage\":\"es\",\"potentialAction\":[{\"@type\":\"CommentAction\",\"name\":\"Comment\",\"target\":[\"https:\\\/\\\/quehacerpolitico.mx\\\/?p=128535#respond\"]}]},{\"@type\":\"WebPage\",\"@id\":\"https:\\\/\\\/quehacerpolitico.mx\\\/?p=128535\",\"url\":\"https:\\\/\\\/quehacerpolitico.mx\\\/?p=128535\",\"name\":\"Gobierno de Sheinbaum inicia proceso de reparaci\u00f3n del da\u00f1o a v\u00edctimas del Tren Interoce\u00e1nico; evita detallar los montos -\",\"isPartOf\":{\"@id\":\"https:\\\/\\\/quehacerpolitico.mx\\\/#website\"},\"primaryImageOfPage\":{\"@id\":\"https:\\\/\\\/quehacerpolitico.mx\\\/?p=128535#primaryimage\"},\"image\":{\"@id\":\"https:\\\/\\\/quehacerpolitico.mx\\\/?p=128535#primaryimage\"},\"thumbnailUrl\":\"https:\\\/\\\/quehacerpolitico.mx\\\/wp-content\\\/uploads\\\/2026\\\/01\\\/IMG_6298.jpeg\",\"datePublished\":\"2026-01-28T17:06:16+00:00\",\"dateModified\":\"2026-01-28T17:06:20+00:00\",\"author\":{\"@id\":\"https:\\\/\\\/quehacerpolitico.mx\\\/#\\\/schema\\\/person\\\/496d8ad2d1d3f8036101dca7ee39e585\"},\"breadcrumb\":{\"@id\":\"https:\\\/\\\/quehacerpolitico.mx\\\/?p=128535#breadcrumb\"},\"inLanguage\":\"es\",\"potentialAction\":[{\"@type\":\"ReadAction\",\"target\":[\"https:\\\/\\\/quehacerpolitico.mx\\\/?p=128535\"]}]},{\"@type\":\"ImageObject\",\"inLanguage\":\"es\",\"@id\":\"https:\\\/\\\/quehacerpolitico.mx\\\/?p=128535#primaryimage\",\"url\":\"https:\\\/\\\/quehacerpolitico.mx\\\/wp-content\\\/uploads\\\/2026\\\/01\\\/IMG_6298.jpeg\",\"contentUrl\":\"https:\\\/\\\/quehacerpolitico.mx\\\/wp-content\\\/uploads\\\/2026\\\/01\\\/IMG_6298.jpeg\",\"width\":1170,\"height\":644,\"caption\":\"Screenshot\"},{\"@type\":\"BreadcrumbList\",\"@id\":\"https:\\\/\\\/quehacerpolitico.mx\\\/?p=128535#breadcrumb\",\"itemListElement\":[{\"@type\":\"ListItem\",\"position\":1,\"name\":\"Inicio\",\"item\":\"https:\\\/\\\/quehacerpolitico.mx\\\/\"},{\"@type\":\"ListItem\",\"position\":2,\"name\":\"Gobierno de Sheinbaum inicia proceso de reparaci\u00f3n del da\u00f1o a v\u00edctimas del Tren Interoce\u00e1nico; evita detallar los montos\"}]},{\"@type\":\"WebSite\",\"@id\":\"https:\\\/\\\/quehacerpolitico.mx\\\/#website\",\"url\":\"https:\\\/\\\/quehacerpolitico.mx\\\/\",\"name\":\"\",\"description\":\"\",\"potentialAction\":[{\"@type\":\"SearchAction\",\"target\":{\"@type\":\"EntryPoint\",\"urlTemplate\":\"https:\\\/\\\/quehacerpolitico.mx\\\/?s={search_term_string}\"},\"query-input\":{\"@type\":\"PropertyValueSpecification\",\"valueRequired\":true,\"valueName\":\"search_term_string\"}}],\"inLanguage\":\"es\"},{\"@type\":\"Person\",\"@id\":\"https:\\\/\\\/quehacerpolitico.mx\\\/#\\\/schema\\\/person\\\/496d8ad2d1d3f8036101dca7ee39e585\",\"name\":\"Redacci\u00f3n QP\",\"image\":{\"@type\":\"ImageObject\",\"inLanguage\":\"es\",\"@id\":\"https:\\\/\\\/secure.gravatar.com\\\/avatar\\\/c7164ed6fdec453195284ad24a5ae5b6e1eed2b848477fa2a4787ba9adf39a41?s=96&d=mm&r=g\",\"url\":\"https:\\\/\\\/secure.gravatar.com\\\/avatar\\\/c7164ed6fdec453195284ad24a5ae5b6e1eed2b848477fa2a4787ba9adf39a41?s=96&d=mm&r=g\",\"contentUrl\":\"https:\\\/\\\/secure.gravatar.com\\\/avatar\\\/c7164ed6fdec453195284ad24a5ae5b6e1eed2b848477fa2a4787ba9adf39a41?s=96&d=mm&r=g\",\"caption\":\"Redacci\u00f3n QP\"},\"url\":\"https:\\\/\\\/quehacerpolitico.mx\\\/?author=2\"}]}<\/script>\n<!-- \/ Yoast SEO plugin. -->","yoast_head_json":{"title":"Gobierno de Sheinbaum inicia proceso de reparaci\u00f3n del da\u00f1o a v\u00edctimas del Tren Interoce\u00e1nico; evita detallar los montos -","robots":{"index":"index","follow":"follow","max-snippet":"max-snippet:-1","max-image-preview":"max-image-preview:large","max-video-preview":"max-video-preview:-1"},"canonical":"https:\/\/quehacerpolitico.mx\/?p=128535","og_locale":"es_MX","og_type":"article","og_title":"Gobierno de Sheinbaum inicia proceso de reparaci\u00f3n del da\u00f1o a v\u00edctimas del Tren Interoce\u00e1nico; evita detallar los montos -","og_description":"Por Redacci\u00f3n QP La mandataria tambi\u00e9n se limit\u00f3 a se\u00f1alar que los maquinistas de este...","og_url":"https:\/\/quehacerpolitico.mx\/?p=128535","article_published_time":"2026-01-28T17:06:16+00:00","article_modified_time":"2026-01-28T17:06:20+00:00","og_image":[{"width":1170,"height":644,"url":"http:\/\/quehacerpolitico.mx\/wp-content\/uploads\/2026\/01\/IMG_6298.jpeg","type":"image\/jpeg"}],"author":"Redacci\u00f3n QP","twitter_card":"summary_large_image","twitter_misc":{"Escrito por":"Redacci\u00f3n QP","Tiempo de lectura":"2 minutos"},"schema":{"@context":"https:\/\/schema.org","@graph":[{"@type":"Article","@id":"https:\/\/quehacerpolitico.mx\/?p=128535#article","isPartOf":{"@id":"https:\/\/quehacerpolitico.mx\/?p=128535"},"author":{"name":"Redacci\u00f3n QP","@id":"https:\/\/quehacerpolitico.mx\/#\/schema\/person\/496d8ad2d1d3f8036101dca7ee39e585"},"headline":"Gobierno de Sheinbaum inicia proceso de reparaci\u00f3n del da\u00f1o a v\u00edctimas del Tren Interoce\u00e1nico; evita detallar los montos","datePublished":"2026-01-28T17:06:16+00:00","dateModified":"2026-01-28T17:06:20+00:00","mainEntityOfPage":{"@id":"https:\/\/quehacerpolitico.mx\/?p=128535"},"wordCount":427,"commentCount":0,"image":{"@id":"https:\/\/quehacerpolitico.mx\/?p=128535#primaryimage"},"thumbnailUrl":"https:\/\/quehacerpolitico.mx\/wp-content\/uploads\/2026\/01\/IMG_6298.jpeg","articleSection":["Nacionales","Noticias"],"inLanguage":"es","potentialAction":[{"@type":"CommentAction","name":"Comment","target":["https:\/\/quehacerpolitico.mx\/?p=128535#respond"]}]},{"@type":"WebPage","@id":"https:\/\/quehacerpolitico.mx\/?p=128535","url":"https:\/\/quehacerpolitico.mx\/?p=128535","name":"Gobierno de Sheinbaum inicia proceso de reparaci\u00f3n del da\u00f1o a v\u00edctimas del Tren Interoce\u00e1nico; evita detallar los montos -","isPartOf":{"@id":"https:\/\/quehacerpolitico.mx\/#website"},"primaryImageOfPage":{"@id":"https:\/\/quehacerpolitico.mx\/?p=128535#primaryimage"},"image":{"@id":"https:\/\/quehacerpolitico.mx\/?p=128535#primaryimage"},"thumbnailUrl":"https:\/\/quehacerpolitico.mx\/wp-content\/uploads\/2026\/01\/IMG_6298.jpeg","datePublished":"2026-01-28T17:06:16+00:00","dateModified":"2026-01-28T17:06:20+00:00","author":{"@id":"https:\/\/quehacerpolitico.mx\/#\/schema\/person\/496d8ad2d1d3f8036101dca7ee39e585"},"breadcrumb":{"@id":"https:\/\/quehacerpolitico.mx\/?p=128535#breadcrumb"},"inLanguage":"es","potentialAction":[{"@type":"ReadAction","target":["https:\/\/quehacerpolitico.mx\/?p=128535"]}]},{"@type":"ImageObject","inLanguage":"es","@id":"https:\/\/quehacerpolitico.mx\/?p=128535#primaryimage","url":"https:\/\/quehacerpolitico.mx\/wp-content\/uploads\/2026\/01\/IMG_6298.jpeg","contentUrl":"https:\/\/quehacerpolitico.mx\/wp-content\/uploads\/2026\/01\/IMG_6298.jpeg","width":1170,"height":644,"caption":"Screenshot"},{"@type":"BreadcrumbList","@id":"https:\/\/quehacerpolitico.mx\/?p=128535#breadcrumb","itemListElement":[{"@type":"ListItem","position":1,"name":"Inicio","item":"https:\/\/quehacerpolitico.mx\/"},{"@type":"ListItem","position":2,"name":"Gobierno de Sheinbaum inicia proceso de reparaci\u00f3n del da\u00f1o a v\u00edctimas del Tren Interoce\u00e1nico; evita detallar los montos"}]},{"@type":"WebSite","@id":"https:\/\/quehacerpolitico.mx\/#website","url":"https:\/\/quehacerpolitico.mx\/","name":"","description":"","potentialAction":[{"@type":"SearchAction","target":{"@type":"EntryPoint","urlTemplate":"https:\/\/quehacerpolitico.mx\/?s={search_term_string}"},"query-input":{"@type":"PropertyValueSpecification","valueRequired":true,"valueName":"search_term_string"}}],"inLanguage":"es"},{"@type":"Person","@id":"https:\/\/quehacerpolitico.mx\/#\/schema\/person\/496d8ad2d1d3f8036101dca7ee39e585","name":"Redacci\u00f3n QP","image":{"@type":"ImageObject","inLanguage":"es","@id":"https:\/\/secure.gravatar.com\/avatar\/c7164ed6fdec453195284ad24a5ae5b6e1eed2b848477fa2a4787ba9adf39a41?s=96&d=mm&r=g","url":"https:\/\/secure.gravatar.com\/avatar\/c7164ed6fdec453195284ad24a5ae5b6e1eed2b848477fa2a4787ba9adf39a41?s=96&d=mm&r=g","contentUrl":"https:\/\/secure.gravatar.com\/avatar\/c7164ed6fdec453195284ad24a5ae5b6e1eed2b848477fa2a4787ba9adf39a41?s=96&d=mm&r=g","caption":"Redacci\u00f3n QP"},"url":"https:\/\/quehacerpolitico.mx\/?author=2"}]}},"featured_image_urls":{"full":["https:\/\/quehacerpolitico.mx\/wp-content\/uploads\/2026\/01\/IMG_6298.jpeg",1170,644,false],"thumbnail":["https:\/\/quehacerpolitico.mx\/wp-content\/uploads\/2026\/01\/IMG_6298-150x150.jpeg",150,150,true],"medium":["https:\/\/quehacerpolitico.mx\/wp-content\/uploads\/2026\/01\/IMG_6298-300x165.jpeg",300,165,true],"medium_large":["https:\/\/quehacerpolitico.mx\/wp-content\/uploads\/2026\/01\/IMG_6298-768x423.jpeg",640,353,true],"large":["https:\/\/quehacerpolitico.mx\/wp-content\/uploads\/2026\/01\/IMG_6298-1024x564.jpeg",640,353,true],"1536x1536":["https:\/\/quehacerpolitico.mx\/wp-content\/uploads\/2026\/01\/IMG_6298.jpeg",1170,644,false],"2048x2048":["https:\/\/quehacerpolitico.mx\/wp-content\/uploads\/2026\/01\/IMG_6298.jpeg",1170,644,false],"covernews-featured":["https:\/\/quehacerpolitico.mx\/wp-content\/uploads\/2026\/01\/IMG_6298-1024x564.jpeg",1024,564,true],"covernews-medium":["https:\/\/quehacerpolitico.mx\/wp-content\/uploads\/2026\/01\/IMG_6298-540x340.jpeg",540,340,true]},"author_info":{"display_name":"Redacci\u00f3n QP","author_link":"https:\/\/quehacerpolitico.mx\/?author=2"},"category_info":"<a href=\"https:\/\/quehacerpolitico.mx\/?cat=280\" rel=\"category\">Nacionales<\/a> <a href=\"https:\/\/quehacerpolitico.mx\/?cat=2\" rel=\"category\">Noticias<\/a>","tag_info":"Noticias","comment_count":"0","_links":{"self":[{"href":"https:\/\/quehacerpolitico.mx\/index.php?rest_route=\/wp\/v2\/posts\/128535","targetHints":{"allow":["GET"]}}],"collection":[{"href":"https:\/\/quehacerpolitico.mx\/index.php?rest_route=\/wp\/v2\/posts"}],"about":[{"href":"https:\/\/quehacerpolitico.mx\/index.php?rest_route=\/wp\/v2\/types\/post"}],"author":[{"embeddable":true,"href":"https:\/\/quehacerpolitico.mx\/index.php?rest_route=\/wp\/v2\/users\/2"}],"replies":[{"embeddable":true,"href":"https:\/\/quehacerpolitico.mx\/index.php?rest_route=%2Fwp%2Fv2%2Fcomments&post=128535"}],"version-history":[{"count":1,"href":"https:\/\/quehacerpolitico.mx\/index.php?rest_route=\/wp\/v2\/posts\/128535\/revisions"}],"predecessor-version":[{"id":128536,"href":"https:\/\/quehacerpolitico.mx\/index.php?rest_route=\/wp\/v2\/posts\/128535\/revisions\/128536"}],"wp:featuredmedia":[{"embeddable":true,"href":"https:\/\/quehacerpolitico.mx\/index.php?rest_route=\/wp\/v2\/media\/128497"}],"wp:attachment":[{"href":"https:\/\/quehacerpolitico.mx\/index.php?rest_route=%2Fwp%2Fv2%2Fmedia&parent=128535"}],"wp:term":[{"taxonomy":"category","embeddable":true,"href":"https:\/\/quehacerpolitico.mx\/index.php?rest_route=%2Fwp%2Fv2%2Fcategories&post=128535"},{"taxonomy":"post_tag","embeddable":true,"href":"https:\/\/quehacerpolitico.mx\/index.php?rest_route=%2Fwp%2Fv2%2Ftags&post=128535"}],"curies":[{"name":"wp","href":"https:\/\/api.w.org\/{rel}","templated":true}]}}