{"id":128532,"date":"2026-01-28T10:27:56","date_gmt":"2026-01-28T16:27:56","guid":{"rendered":"https:\/\/quehacerpolitico.mx\/?p=128532"},"modified":"2026-01-28T10:27:59","modified_gmt":"2026-01-28T16:27:59","slug":"alza-en-la-canasta-basica-afecta-a-mas-del-75-de-los-salvadorenos-advierte-encuesta","status":"publish","type":"post","link":"https:\/\/quehacerpolitico.mx\/?p=128532","title":{"rendered":"Alza en la canasta b\u00e1sica afecta a m\u00e1s del 75% de los salvadore\u00f1os, advierte encuesta"},"content":{"rendered":"\n<p>Por Redacci\u00f3n QP<\/p>\n\n\n\n<p>La datos de Iudop indican tambi\u00e9n que un 58.2% de los encuestados tuvo que dejar de comprar algunos alimentos por el incremento en el precio<\/p>\n\n\n\n<p>Un 68.1% de los&nbsp;<strong>salvadore\u00f1os<\/strong>opin\u00f3 que el precio de la canasta de alimentos aument\u00f3 en 2025 y un 75.2% se\u00f1al\u00f3 que el alza en el costo ha afectado su&nbsp;<strong>situaci\u00f3n econ\u00f3mica,<\/strong>&nbsp;as\u00ed lo indican los resultados de una encuesta presentada este martes.<\/p>\n\n\n\n<p>Para un 24.4% de los entrevistados el precio de la canasta de alimentos sigue igual y un 6.1% opin\u00f3 que ha disminuido, seg\u00fan el sondeo elaborado por el Instituto&nbsp;<strong>Universitario de Opini\u00f3n P\u00fablica<\/strong>&nbsp;(Iudop).<\/p>\n\n\n\n<p>Los datos indican tambi\u00e9n que un 58.2% de los encuestados tuvo que dejar de comprar algunos alimentos por el incremento en el precio.<\/p>\n\n\n\n<p>La carne es el principal alimento que los salvadore\u00f1os han dejado de comprar por el alza del costo, con un 32.4%, seguido por la leche con un 14.9 % y los frijoles con un 12.8%, de acuerdo con el Iudop que es parte de la Universidad Centroamericana (UCA).<\/p>\n\n\n\n<p>La encuesta del Iudop se realiz\u00f3 entre el 2 y 12 de diciembre de 2025 con una muestra de mil 268 entrevistas a nivel nacional, un nivel de confianza del 95% y un margen de error de m\u00e1s o menos el 2.7%.<\/p>\n\n\n\n<p>El precio de la canasta b\u00e1sica alimentaria en El Salvador en la zona urbana se situ\u00f3 en 252 mil 07 d\u00f3lares en diciembre de 2025 y en 184 mil 49 d\u00f3lares en la zona rural del pa\u00eds centroamericano, dolarizado desde 2001 y donde el salario m\u00ednimo actual es de 408 d\u00f3lares.<\/p>\n\n\n\n<p>De acuerdo con estad\u00edsticas del estatal&nbsp;<strong>Banco Central de Reserva<\/strong>&nbsp;(BCR), el costo de los alimentos de dicha canasta cerr\u00f3 con un aumento del 2.44% en la zona urbana y del 3.07% en la zona rural, ya que el precio en diciembre de 2024 fue de 246,06 d\u00f3lares y 178 mil 99 d\u00f3lares, respectivamente.&nbsp;<\/p>\n\n\n\n<p>Entre los elementos que constituyen la canasta b\u00e1sica alimentaria se encuentra el pan, tortillas, fr\u00edjoles, carnes, huevos y frutas, entre otros, para una familia de unos cuatro miembros.&nbsp;<\/p>\n\n\n\n<p>La mayor\u00eda de los productos de la canasta b\u00e1sica llegan a&nbsp;<strong>El Salvador&nbsp;<\/strong>de pa\u00edses vecinos como Guatemala, Honduras y Nicaragua para cubrir la demanda local.&nbsp;<\/p>\n\n\n\n<p>Esta dependencia es del 90% para hortalizas y verduras, 60% para derivados de la leche, 32% en el caso del ma\u00edz, 25% para el fr\u00edjol y un 33% en el caso del arroz.<\/p>\n\n\n\n<p>Con informaci\u00f3n de EFE<\/p>\n","protected":false},"excerpt":{"rendered":"<p>Por Redacci\u00f3n QP La datos de Iudop indican tambi\u00e9n que un 58.2% de los encuestados&#8230;<\/p>\n","protected":false},"author":2,"featured_media":128494,"comment_status":"open","ping_status":"open","sticky":false,"template":"","format":"standard","meta":{"_monsterinsights_skip_tracking":false,"_monsterinsights_sitenote_active":false,"_monsterinsights_sitenote_note":"","_monsterinsights_sitenote_category":0,"footnotes":""},"categories":[56],"tags":[],"class_list":["post-128532","post","type-post","status-publish","format-standard","has-post-thumbnail","hentry","category-economia"],"yoast_head":"<!-- This site is optimized with the Yoast SEO plugin v27.3 - https:\/\/yoast.com\/product\/yoast-seo-wordpress\/ -->\n<title>Alza en la canasta b\u00e1sica afecta a m\u00e1s del 75% de los salvadore\u00f1os, advierte encuesta -<\/title>\n<meta name=\"robots\" content=\"index, follow, max-snippet:-1, max-image-preview:large, max-video-preview:-1\" \/>\n<link rel=\"canonical\" href=\"https:\/\/quehacerpolitico.mx\/?p=128532\" \/>\n<meta property=\"og:locale\" content=\"es_MX\" \/>\n<meta property=\"og:type\" content=\"article\" \/>\n<meta property=\"og:title\" content=\"Alza en la canasta b\u00e1sica afecta a m\u00e1s del 75% de los salvadore\u00f1os, advierte encuesta -\" \/>\n<meta property=\"og:description\" content=\"Por Redacci\u00f3n QP La datos de Iudop indican tambi\u00e9n que un 58.2% de los encuestados...\" \/>\n<meta property=\"og:url\" content=\"https:\/\/quehacerpolitico.mx\/?p=128532\" \/>\n<meta property=\"article:published_time\" content=\"2026-01-28T16:27:56+00:00\" \/>\n<meta property=\"article:modified_time\" content=\"2026-01-28T16:27:59+00:00\" \/>\n<meta property=\"og:image\" content=\"http:\/\/quehacerpolitico.mx\/wp-content\/uploads\/2026\/01\/IMG_6297.png\" \/>\n\t<meta property=\"og:image:width\" content=\"600\" \/>\n\t<meta property=\"og:image:height\" content=\"300\" \/>\n\t<meta property=\"og:image:type\" content=\"image\/png\" \/>\n<meta name=\"author\" content=\"Redacci\u00f3n QP\" \/>\n<meta name=\"twitter:card\" content=\"summary_large_image\" \/>\n<meta name=\"twitter:label1\" content=\"Escrito por\" \/>\n\t<meta name=\"twitter:data1\" content=\"Redacci\u00f3n QP\" \/>\n\t<meta name=\"twitter:label2\" content=\"Tiempo de lectura\" \/>\n\t<meta name=\"twitter:data2\" content=\"3 minutos\" \/>\n<script type=\"application\/ld+json\" class=\"yoast-schema-graph\">{\"@context\":\"https:\\\/\\\/schema.org\",\"@graph\":[{\"@type\":\"Article\",\"@id\":\"https:\\\/\\\/quehacerpolitico.mx\\\/?p=128532#article\",\"isPartOf\":{\"@id\":\"https:\\\/\\\/quehacerpolitico.mx\\\/?p=128532\"},\"author\":{\"name\":\"Redacci\u00f3n QP\",\"@id\":\"https:\\\/\\\/quehacerpolitico.mx\\\/#\\\/schema\\\/person\\\/496d8ad2d1d3f8036101dca7ee39e585\"},\"headline\":\"Alza en la canasta b\u00e1sica afecta a m\u00e1s del 75% de los salvadore\u00f1os, advierte encuesta\",\"datePublished\":\"2026-01-28T16:27:56+00:00\",\"dateModified\":\"2026-01-28T16:27:59+00:00\",\"mainEntityOfPage\":{\"@id\":\"https:\\\/\\\/quehacerpolitico.mx\\\/?p=128532\"},\"wordCount\":436,\"commentCount\":0,\"image\":{\"@id\":\"https:\\\/\\\/quehacerpolitico.mx\\\/?p=128532#primaryimage\"},\"thumbnailUrl\":\"https:\\\/\\\/quehacerpolitico.mx\\\/wp-content\\\/uploads\\\/2026\\\/01\\\/IMG_6297.png\",\"articleSection\":[\"Econom\u00eda\"],\"inLanguage\":\"es\",\"potentialAction\":[{\"@type\":\"CommentAction\",\"name\":\"Comment\",\"target\":[\"https:\\\/\\\/quehacerpolitico.mx\\\/?p=128532#respond\"]}]},{\"@type\":\"WebPage\",\"@id\":\"https:\\\/\\\/quehacerpolitico.mx\\\/?p=128532\",\"url\":\"https:\\\/\\\/quehacerpolitico.mx\\\/?p=128532\",\"name\":\"Alza en la canasta b\u00e1sica afecta a m\u00e1s del 75% de los salvadore\u00f1os, advierte encuesta -\",\"isPartOf\":{\"@id\":\"https:\\\/\\\/quehacerpolitico.mx\\\/#website\"},\"primaryImageOfPage\":{\"@id\":\"https:\\\/\\\/quehacerpolitico.mx\\\/?p=128532#primaryimage\"},\"image\":{\"@id\":\"https:\\\/\\\/quehacerpolitico.mx\\\/?p=128532#primaryimage\"},\"thumbnailUrl\":\"https:\\\/\\\/quehacerpolitico.mx\\\/wp-content\\\/uploads\\\/2026\\\/01\\\/IMG_6297.png\",\"datePublished\":\"2026-01-28T16:27:56+00:00\",\"dateModified\":\"2026-01-28T16:27:59+00:00\",\"author\":{\"@id\":\"https:\\\/\\\/quehacerpolitico.mx\\\/#\\\/schema\\\/person\\\/496d8ad2d1d3f8036101dca7ee39e585\"},\"breadcrumb\":{\"@id\":\"https:\\\/\\\/quehacerpolitico.mx\\\/?p=128532#breadcrumb\"},\"inLanguage\":\"es\",\"potentialAction\":[{\"@type\":\"ReadAction\",\"target\":[\"https:\\\/\\\/quehacerpolitico.mx\\\/?p=128532\"]}]},{\"@type\":\"ImageObject\",\"inLanguage\":\"es\",\"@id\":\"https:\\\/\\\/quehacerpolitico.mx\\\/?p=128532#primaryimage\",\"url\":\"https:\\\/\\\/quehacerpolitico.mx\\\/wp-content\\\/uploads\\\/2026\\\/01\\\/IMG_6297.png\",\"contentUrl\":\"https:\\\/\\\/quehacerpolitico.mx\\\/wp-content\\\/uploads\\\/2026\\\/01\\\/IMG_6297.png\",\"width\":600,\"height\":300},{\"@type\":\"BreadcrumbList\",\"@id\":\"https:\\\/\\\/quehacerpolitico.mx\\\/?p=128532#breadcrumb\",\"itemListElement\":[{\"@type\":\"ListItem\",\"position\":1,\"name\":\"Inicio\",\"item\":\"https:\\\/\\\/quehacerpolitico.mx\\\/\"},{\"@type\":\"ListItem\",\"position\":2,\"name\":\"Alza en la canasta b\u00e1sica afecta a m\u00e1s del 75% de los salvadore\u00f1os, advierte encuesta\"}]},{\"@type\":\"WebSite\",\"@id\":\"https:\\\/\\\/quehacerpolitico.mx\\\/#website\",\"url\":\"https:\\\/\\\/quehacerpolitico.mx\\\/\",\"name\":\"\",\"description\":\"\",\"potentialAction\":[{\"@type\":\"SearchAction\",\"target\":{\"@type\":\"EntryPoint\",\"urlTemplate\":\"https:\\\/\\\/quehacerpolitico.mx\\\/?s={search_term_string}\"},\"query-input\":{\"@type\":\"PropertyValueSpecification\",\"valueRequired\":true,\"valueName\":\"search_term_string\"}}],\"inLanguage\":\"es\"},{\"@type\":\"Person\",\"@id\":\"https:\\\/\\\/quehacerpolitico.mx\\\/#\\\/schema\\\/person\\\/496d8ad2d1d3f8036101dca7ee39e585\",\"name\":\"Redacci\u00f3n QP\",\"image\":{\"@type\":\"ImageObject\",\"inLanguage\":\"es\",\"@id\":\"https:\\\/\\\/secure.gravatar.com\\\/avatar\\\/c7164ed6fdec453195284ad24a5ae5b6e1eed2b848477fa2a4787ba9adf39a41?s=96&d=mm&r=g\",\"url\":\"https:\\\/\\\/secure.gravatar.com\\\/avatar\\\/c7164ed6fdec453195284ad24a5ae5b6e1eed2b848477fa2a4787ba9adf39a41?s=96&d=mm&r=g\",\"contentUrl\":\"https:\\\/\\\/secure.gravatar.com\\\/avatar\\\/c7164ed6fdec453195284ad24a5ae5b6e1eed2b848477fa2a4787ba9adf39a41?s=96&d=mm&r=g\",\"caption\":\"Redacci\u00f3n QP\"},\"url\":\"https:\\\/\\\/quehacerpolitico.mx\\\/?author=2\"}]}<\/script>\n<!-- \/ Yoast SEO plugin. -->","yoast_head_json":{"title":"Alza en la canasta b\u00e1sica afecta a m\u00e1s del 75% de los salvadore\u00f1os, advierte encuesta -","robots":{"index":"index","follow":"follow","max-snippet":"max-snippet:-1","max-image-preview":"max-image-preview:large","max-video-preview":"max-video-preview:-1"},"canonical":"https:\/\/quehacerpolitico.mx\/?p=128532","og_locale":"es_MX","og_type":"article","og_title":"Alza en la canasta b\u00e1sica afecta a m\u00e1s del 75% de los salvadore\u00f1os, advierte encuesta -","og_description":"Por Redacci\u00f3n QP La datos de Iudop indican tambi\u00e9n que un 58.2% de los encuestados...","og_url":"https:\/\/quehacerpolitico.mx\/?p=128532","article_published_time":"2026-01-28T16:27:56+00:00","article_modified_time":"2026-01-28T16:27:59+00:00","og_image":[{"width":600,"height":300,"url":"http:\/\/quehacerpolitico.mx\/wp-content\/uploads\/2026\/01\/IMG_6297.png","type":"image\/png"}],"author":"Redacci\u00f3n QP","twitter_card":"summary_large_image","twitter_misc":{"Escrito por":"Redacci\u00f3n QP","Tiempo de lectura":"3 minutos"},"schema":{"@context":"https:\/\/schema.org","@graph":[{"@type":"Article","@id":"https:\/\/quehacerpolitico.mx\/?p=128532#article","isPartOf":{"@id":"https:\/\/quehacerpolitico.mx\/?p=128532"},"author":{"name":"Redacci\u00f3n QP","@id":"https:\/\/quehacerpolitico.mx\/#\/schema\/person\/496d8ad2d1d3f8036101dca7ee39e585"},"headline":"Alza en la canasta b\u00e1sica afecta a m\u00e1s del 75% de los salvadore\u00f1os, advierte encuesta","datePublished":"2026-01-28T16:27:56+00:00","dateModified":"2026-01-28T16:27:59+00:00","mainEntityOfPage":{"@id":"https:\/\/quehacerpolitico.mx\/?p=128532"},"wordCount":436,"commentCount":0,"image":{"@id":"https:\/\/quehacerpolitico.mx\/?p=128532#primaryimage"},"thumbnailUrl":"https:\/\/quehacerpolitico.mx\/wp-content\/uploads\/2026\/01\/IMG_6297.png","articleSection":["Econom\u00eda"],"inLanguage":"es","potentialAction":[{"@type":"CommentAction","name":"Comment","target":["https:\/\/quehacerpolitico.mx\/?p=128532#respond"]}]},{"@type":"WebPage","@id":"https:\/\/quehacerpolitico.mx\/?p=128532","url":"https:\/\/quehacerpolitico.mx\/?p=128532","name":"Alza en la canasta b\u00e1sica afecta a m\u00e1s del 75% de los salvadore\u00f1os, advierte encuesta -","isPartOf":{"@id":"https:\/\/quehacerpolitico.mx\/#website"},"primaryImageOfPage":{"@id":"https:\/\/quehacerpolitico.mx\/?p=128532#primaryimage"},"image":{"@id":"https:\/\/quehacerpolitico.mx\/?p=128532#primaryimage"},"thumbnailUrl":"https:\/\/quehacerpolitico.mx\/wp-content\/uploads\/2026\/01\/IMG_6297.png","datePublished":"2026-01-28T16:27:56+00:00","dateModified":"2026-01-28T16:27:59+00:00","author":{"@id":"https:\/\/quehacerpolitico.mx\/#\/schema\/person\/496d8ad2d1d3f8036101dca7ee39e585"},"breadcrumb":{"@id":"https:\/\/quehacerpolitico.mx\/?p=128532#breadcrumb"},"inLanguage":"es","potentialAction":[{"@type":"ReadAction","target":["https:\/\/quehacerpolitico.mx\/?p=128532"]}]},{"@type":"ImageObject","inLanguage":"es","@id":"https:\/\/quehacerpolitico.mx\/?p=128532#primaryimage","url":"https:\/\/quehacerpolitico.mx\/wp-content\/uploads\/2026\/01\/IMG_6297.png","contentUrl":"https:\/\/quehacerpolitico.mx\/wp-content\/uploads\/2026\/01\/IMG_6297.png","width":600,"height":300},{"@type":"BreadcrumbList","@id":"https:\/\/quehacerpolitico.mx\/?p=128532#breadcrumb","itemListElement":[{"@type":"ListItem","position":1,"name":"Inicio","item":"https:\/\/quehacerpolitico.mx\/"},{"@type":"ListItem","position":2,"name":"Alza en la canasta b\u00e1sica afecta a m\u00e1s del 75% de los salvadore\u00f1os, advierte encuesta"}]},{"@type":"WebSite","@id":"https:\/\/quehacerpolitico.mx\/#website","url":"https:\/\/quehacerpolitico.mx\/","name":"","description":"","potentialAction":[{"@type":"SearchAction","target":{"@type":"EntryPoint","urlTemplate":"https:\/\/quehacerpolitico.mx\/?s={search_term_string}"},"query-input":{"@type":"PropertyValueSpecification","valueRequired":true,"valueName":"search_term_string"}}],"inLanguage":"es"},{"@type":"Person","@id":"https:\/\/quehacerpolitico.mx\/#\/schema\/person\/496d8ad2d1d3f8036101dca7ee39e585","name":"Redacci\u00f3n QP","image":{"@type":"ImageObject","inLanguage":"es","@id":"https:\/\/secure.gravatar.com\/avatar\/c7164ed6fdec453195284ad24a5ae5b6e1eed2b848477fa2a4787ba9adf39a41?s=96&d=mm&r=g","url":"https:\/\/secure.gravatar.com\/avatar\/c7164ed6fdec453195284ad24a5ae5b6e1eed2b848477fa2a4787ba9adf39a41?s=96&d=mm&r=g","contentUrl":"https:\/\/secure.gravatar.com\/avatar\/c7164ed6fdec453195284ad24a5ae5b6e1eed2b848477fa2a4787ba9adf39a41?s=96&d=mm&r=g","caption":"Redacci\u00f3n QP"},"url":"https:\/\/quehacerpolitico.mx\/?author=2"}]}},"featured_image_urls":{"full":["https:\/\/quehacerpolitico.mx\/wp-content\/uploads\/2026\/01\/IMG_6297.png",600,300,false],"thumbnail":["https:\/\/quehacerpolitico.mx\/wp-content\/uploads\/2026\/01\/IMG_6297-150x150.png",150,150,true],"medium":["https:\/\/quehacerpolitico.mx\/wp-content\/uploads\/2026\/01\/IMG_6297-300x150.png",300,150,true],"medium_large":["https:\/\/quehacerpolitico.mx\/wp-content\/uploads\/2026\/01\/IMG_6297.png",600,300,false],"large":["https:\/\/quehacerpolitico.mx\/wp-content\/uploads\/2026\/01\/IMG_6297.png",600,300,false],"1536x1536":["https:\/\/quehacerpolitico.mx\/wp-content\/uploads\/2026\/01\/IMG_6297.png",600,300,false],"2048x2048":["https:\/\/quehacerpolitico.mx\/wp-content\/uploads\/2026\/01\/IMG_6297.png",600,300,false],"covernews-featured":["https:\/\/quehacerpolitico.mx\/wp-content\/uploads\/2026\/01\/IMG_6297.png",600,300,false],"covernews-medium":["https:\/\/quehacerpolitico.mx\/wp-content\/uploads\/2026\/01\/IMG_6297-540x300.png",540,300,true]},"author_info":{"display_name":"Redacci\u00f3n QP","author_link":"https:\/\/quehacerpolitico.mx\/?author=2"},"category_info":"<a href=\"https:\/\/quehacerpolitico.mx\/?cat=56\" rel=\"category\">Econom\u00eda<\/a>","tag_info":"Econom\u00eda","comment_count":"0","_links":{"self":[{"href":"https:\/\/quehacerpolitico.mx\/index.php?rest_route=\/wp\/v2\/posts\/128532","targetHints":{"allow":["GET"]}}],"collection":[{"href":"https:\/\/quehacerpolitico.mx\/index.php?rest_route=\/wp\/v2\/posts"}],"about":[{"href":"https:\/\/quehacerpolitico.mx\/index.php?rest_route=\/wp\/v2\/types\/post"}],"author":[{"embeddable":true,"href":"https:\/\/quehacerpolitico.mx\/index.php?rest_route=\/wp\/v2\/users\/2"}],"replies":[{"embeddable":true,"href":"https:\/\/quehacerpolitico.mx\/index.php?rest_route=%2Fwp%2Fv2%2Fcomments&post=128532"}],"version-history":[{"count":2,"href":"https:\/\/quehacerpolitico.mx\/index.php?rest_route=\/wp\/v2\/posts\/128532\/revisions"}],"predecessor-version":[{"id":128534,"href":"https:\/\/quehacerpolitico.mx\/index.php?rest_route=\/wp\/v2\/posts\/128532\/revisions\/128534"}],"wp:featuredmedia":[{"embeddable":true,"href":"https:\/\/quehacerpolitico.mx\/index.php?rest_route=\/wp\/v2\/media\/128494"}],"wp:attachment":[{"href":"https:\/\/quehacerpolitico.mx\/index.php?rest_route=%2Fwp%2Fv2%2Fmedia&parent=128532"}],"wp:term":[{"taxonomy":"category","embeddable":true,"href":"https:\/\/quehacerpolitico.mx\/index.php?rest_route=%2Fwp%2Fv2%2Fcategories&post=128532"},{"taxonomy":"post_tag","embeddable":true,"href":"https:\/\/quehacerpolitico.mx\/index.php?rest_route=%2Fwp%2Fv2%2Ftags&post=128532"}],"curies":[{"name":"wp","href":"https:\/\/api.w.org\/{rel}","templated":true}]}}