{"id":128512,"date":"2026-01-27T13:37:10","date_gmt":"2026-01-27T19:37:10","guid":{"rendered":"https:\/\/quehacerpolitico.mx\/?p=128512"},"modified":"2026-01-27T13:37:13","modified_gmt":"2026-01-27T19:37:13","slug":"el-quehacer-politico-en-la-cultura-a-traves-del-enfoque-litza-deniss-duran-espinosa-ellas-curancortometraje-mexicano-entre-los-cinco-ganadores-de-ibercultura-viva-2025","status":"publish","type":"post","link":"https:\/\/quehacerpolitico.mx\/?p=128512","title":{"rendered":"El Quehacer Pol\u00edtico en la Cultura a trav\u00e9s del Enfoque\/\/\/Litza Deniss Dur\u00e1n Espinosa\/\/\/ELLAS CURAN,CORTOMETRAJE MEXICANO, ENTRE LOS CINCO GANADORES DE IBERCULTURA VIVA 2025"},"content":{"rendered":"\n<p>Por Litza Deniss Dur\u00e1n Espinosa<\/p>\n\n\n\n<ul class=\"wp-block-list\">\n<li><strong>La producci\u00f3n fue seleccionada entre 75 pel\u00edculas iberoamericanas que visibilizan saberes, memorias y pr\u00e1cticas tradicionales<\/strong><\/li>\n\n\n\n<li><strong>La experiencia del realizador como docente de Semilleros Creativos, de la Secretar\u00eda de Cultura del Gobierno de M\u00e9xico, influy\u00f3 en el enfoque comunitario del proyecto<\/strong><\/li>\n<\/ul>\n\n\n\n<p>Dirigido por el cineasta tlaxcalteca Miguel Minor Serrano, el cortometraje<em>&nbsp;Ellas curan<\/em>&nbsp;fue uno de los cinco seleccionados por el programa IberCultura Viva, dentro del concurso de Tesoros vivos, memoria y territorios, que premi\u00f3 producciones audiovisuales dedicadas a valorar, visibilizar y compartir las acciones de organizaciones culturales de base comunitaria, as\u00ed como de pueblos y comunidades tradicionales de la regi\u00f3n.<\/p>\n\n\n\n<p>Seleccionadas entre 75 producciones inscritas, en un concurso que celebr\u00f3 la memoria, los saberes y a las maestras y maestros de la Cultura Viva Comunitaria iberoamericana, las obras premiadas son provenientes de Brasil, Colombia, Ecuador, M\u00e9xico y Per\u00fa.<\/p>\n\n\n\n<figure class=\"wp-block-gallery has-nested-images columns-default is-cropped wp-block-gallery-1 is-layout-flex wp-block-gallery-is-layout-flex\">\n<figure class=\"wp-block-image size-large\"><img loading=\"lazy\" decoding=\"async\" width=\"1024\" height=\"683\" data-id=\"128513\" src=\"https:\/\/quehacerpolitico.mx\/wp-content\/uploads\/2026\/01\/IMG_6304-1024x683.jpeg\" alt=\"\" class=\"wp-image-128513\" srcset=\"https:\/\/quehacerpolitico.mx\/wp-content\/uploads\/2026\/01\/IMG_6304-1024x683.jpeg 1024w, https:\/\/quehacerpolitico.mx\/wp-content\/uploads\/2026\/01\/IMG_6304-300x200.jpeg 300w, https:\/\/quehacerpolitico.mx\/wp-content\/uploads\/2026\/01\/IMG_6304-768x512.jpeg 768w, https:\/\/quehacerpolitico.mx\/wp-content\/uploads\/2026\/01\/IMG_6304.jpeg 1080w\" sizes=\"auto, (max-width: 1024px) 100vw, 1024px\" \/><\/figure>\n\n\n\n<figure class=\"wp-block-image size-large\"><img loading=\"lazy\" decoding=\"async\" width=\"1024\" height=\"683\" data-id=\"128514\" src=\"https:\/\/quehacerpolitico.mx\/wp-content\/uploads\/2026\/01\/IMG_6303-1024x683.jpeg\" alt=\"\" class=\"wp-image-128514\" srcset=\"https:\/\/quehacerpolitico.mx\/wp-content\/uploads\/2026\/01\/IMG_6303-1024x683.jpeg 1024w, https:\/\/quehacerpolitico.mx\/wp-content\/uploads\/2026\/01\/IMG_6303-300x200.jpeg 300w, https:\/\/quehacerpolitico.mx\/wp-content\/uploads\/2026\/01\/IMG_6303-768x512.jpeg 768w, https:\/\/quehacerpolitico.mx\/wp-content\/uploads\/2026\/01\/IMG_6303.jpeg 1080w\" sizes=\"auto, (max-width: 1024px) 100vw, 1024px\" \/><\/figure>\n<\/figure>\n\n\n\n<p><em>Ellas curan&nbsp;<\/em>surgi\u00f3 de un trabajo comunitario en San Pablo del Monte, Tlaxcala, enfocado en la documentaci\u00f3n de saberes ancestrales vinculados a la medicina tradicional. El realizador acompa\u00f1\u00f3 y registr\u00f3 dichas pr\u00e1cticas, y reconoci\u00f3 la importancia de que en el aprendizaje se fortalezcan la transmisi\u00f3n intergeneracional y el reconocimiento comunitario.<\/p>\n\n\n\n<p>Miguel Minor Serrano, en entrevista, comenta que el proceso creativo se vincula con su experiencia como docente de Semilleros Creativos en Tlaxcala, proyecto del programa de Cultura Comunitaria, que impulsa la Secretar\u00eda de Cultura del Gobierno de M\u00e9xico a trav\u00e9s de la Direcci\u00f3n General de Vinculaci\u00f3n Cultural (DGVC).<\/p>\n\n\n\n<p>Los principios de creaci\u00f3n colectiva y trabajo directo con las comunidades que promueve el modelo de Semilleros fueron fundamentales en su formaci\u00f3n y se reflejan de manera clara en la concepci\u00f3n y realizaci\u00f3n del cortometraje.<\/p>\n\n\n\n<p>El documental aborda los estigmas hist\u00f3ricos que enfrentan las mujeres portadoras de saberes de curaci\u00f3n tradicional, quienes durante a\u00f1os fueron se\u00f1aladas o descalificadas por la propia comunidad. Frente a ello, la obra propone una resignificaci\u00f3n de sus pr\u00e1cticas y recupera su valor cultural y la cosmovisi\u00f3n que las concibe como parte de una herencia viva.<\/p>\n\n\n\n<figure class=\"wp-block-gallery has-nested-images columns-default is-cropped wp-block-gallery-2 is-layout-flex wp-block-gallery-is-layout-flex\">\n<figure class=\"wp-block-image size-large\"><img loading=\"lazy\" decoding=\"async\" width=\"1024\" height=\"576\" data-id=\"128515\" src=\"https:\/\/quehacerpolitico.mx\/wp-content\/uploads\/2026\/01\/IMG_6305-1024x576.jpeg\" alt=\"\" class=\"wp-image-128515\" srcset=\"https:\/\/quehacerpolitico.mx\/wp-content\/uploads\/2026\/01\/IMG_6305-1024x576.jpeg 1024w, https:\/\/quehacerpolitico.mx\/wp-content\/uploads\/2026\/01\/IMG_6305-300x169.jpeg 300w, https:\/\/quehacerpolitico.mx\/wp-content\/uploads\/2026\/01\/IMG_6305-768x432.jpeg 768w, https:\/\/quehacerpolitico.mx\/wp-content\/uploads\/2026\/01\/IMG_6305-1536x864.jpeg 1536w, https:\/\/quehacerpolitico.mx\/wp-content\/uploads\/2026\/01\/IMG_6305.jpeg 1920w\" sizes=\"auto, (max-width: 1024px) 100vw, 1024px\" \/><\/figure>\n\n\n\n<figure class=\"wp-block-image size-large\"><img loading=\"lazy\" decoding=\"async\" width=\"1024\" height=\"576\" data-id=\"128516\" src=\"https:\/\/quehacerpolitico.mx\/wp-content\/uploads\/2026\/01\/IMG_6306-1024x576.jpeg\" alt=\"\" class=\"wp-image-128516\" srcset=\"https:\/\/quehacerpolitico.mx\/wp-content\/uploads\/2026\/01\/IMG_6306-1024x576.jpeg 1024w, https:\/\/quehacerpolitico.mx\/wp-content\/uploads\/2026\/01\/IMG_6306-300x169.jpeg 300w, https:\/\/quehacerpolitico.mx\/wp-content\/uploads\/2026\/01\/IMG_6306-768x432.jpeg 768w, https:\/\/quehacerpolitico.mx\/wp-content\/uploads\/2026\/01\/IMG_6306-1536x864.jpeg 1536w, https:\/\/quehacerpolitico.mx\/wp-content\/uploads\/2026\/01\/IMG_6306.jpeg 1920w\" sizes=\"auto, (max-width: 1024px) 100vw, 1024px\" \/><\/figure>\n<\/figure>\n\n\n\n<p>El cineasta destaca que la distinci\u00f3n por parte del programa IberCultura Viva representa un reconocimiento colectivo, ya que visibiliza pr\u00e1cticas culturales del patrimonio vivo de Tlaxcala y las proyecta a nivel internacional.<\/p>\n\n\n\n<p><strong>Tesoros vivos, memoria y territorios<\/strong><\/p>\n\n\n\n<p>La convocatoria del programa IberCultura para Tesoros vivos, memoria y territorios fue una invitaci\u00f3n a integrantes de colectivos y personas propuestas por colectivos residentes en los pa\u00edses miembros del programa: Argentina, Brasil, Chile, Colombia, Costa Rica, Ecuador, Espa\u00f1a, El Salvador, M\u00e9xico, Panam\u00e1, Paraguay, Per\u00fa, Rep\u00fablica Dominicana y Uruguay.<\/p>\n\n\n\n<p>Tuvo la intenci\u00f3n de registrar pr\u00e1cticas, t\u00e9cnicas y modos de vida que expresaran el patrimonio cultural inmaterial y la diversidad de sus territorios.<\/p>\n\n\n\n<p>Cabe destacar que IberCultura Viva es un programa de cooperaci\u00f3n t\u00e9cnica y financiera entre gobiernos. La representaci\u00f3n mexicana est\u00e1 presidida por la Secretar\u00eda de Cultura del Gobierno de M\u00e9xico. Su objetivo es promover y fortalecer la diversidad cultural mediante el impulso de pol\u00edticas culturales de base comunitaria y la articulaci\u00f3n de acciones en Iberoam\u00e9rica.<\/p>\n\n\n\n<figure class=\"wp-block-gallery has-nested-images columns-default is-cropped wp-block-gallery-3 is-layout-flex wp-block-gallery-is-layout-flex\">\n<figure class=\"wp-block-image size-large\"><img loading=\"lazy\" decoding=\"async\" width=\"1024\" height=\"576\" data-id=\"128518\" src=\"https:\/\/quehacerpolitico.mx\/wp-content\/uploads\/2026\/01\/IMG_6307-1024x576.jpeg\" alt=\"\" class=\"wp-image-128518\" srcset=\"https:\/\/quehacerpolitico.mx\/wp-content\/uploads\/2026\/01\/IMG_6307-1024x576.jpeg 1024w, https:\/\/quehacerpolitico.mx\/wp-content\/uploads\/2026\/01\/IMG_6307-300x169.jpeg 300w, https:\/\/quehacerpolitico.mx\/wp-content\/uploads\/2026\/01\/IMG_6307-768x432.jpeg 768w, https:\/\/quehacerpolitico.mx\/wp-content\/uploads\/2026\/01\/IMG_6307-1536x864.jpeg 1536w, https:\/\/quehacerpolitico.mx\/wp-content\/uploads\/2026\/01\/IMG_6307.jpeg 1920w\" sizes=\"auto, (max-width: 1024px) 100vw, 1024px\" \/><\/figure>\n\n\n\n<figure class=\"wp-block-image size-large\"><img loading=\"lazy\" decoding=\"async\" width=\"1024\" height=\"576\" data-id=\"128517\" src=\"https:\/\/quehacerpolitico.mx\/wp-content\/uploads\/2026\/01\/IMG_6308-1024x576.jpeg\" alt=\"\" class=\"wp-image-128517\" srcset=\"https:\/\/quehacerpolitico.mx\/wp-content\/uploads\/2026\/01\/IMG_6308-1024x576.jpeg 1024w, https:\/\/quehacerpolitico.mx\/wp-content\/uploads\/2026\/01\/IMG_6308-300x169.jpeg 300w, https:\/\/quehacerpolitico.mx\/wp-content\/uploads\/2026\/01\/IMG_6308-768x432.jpeg 768w, https:\/\/quehacerpolitico.mx\/wp-content\/uploads\/2026\/01\/IMG_6308.jpeg 1080w\" sizes=\"auto, (max-width: 1024px) 100vw, 1024px\" \/><\/figure>\n<\/figure>\n\n\n\n<p>La evaluaci\u00f3n t\u00e9cnica del concurso Tesoros vivos, memoria y territorios estuvo a cargo de representantes de los pa\u00edses miembros, quienes conformaron la Comisi\u00f3n de Evaluaci\u00f3n, con el acompa\u00f1amiento de la Unidad T\u00e9cnica del Programa.<\/p>\n\n\n\n<p>Se utilizaron criterios como la adecuaci\u00f3n al tema, la centralidad de los Tesoros Vivos, la perspectiva de g\u00e9nero e interseccional, la promoci\u00f3n de los derechos culturales, el v\u00ednculo comunitario y la calidad t\u00e9cnica. Cada una de estas cinco obras, recibir\u00e1 un reconocimiento econ\u00f3mico de tres mil d\u00f3lares estadounidenses.<\/p>\n","protected":false},"excerpt":{"rendered":"<p>Por Litza Deniss Dur\u00e1n Espinosa Dirigido por el cineasta tlaxcalteca Miguel Minor Serrano, el cortometraje&nbsp;Ellas&#8230;<\/p>\n","protected":false},"author":2,"featured_media":128519,"comment_status":"open","ping_status":"open","sticky":false,"template":"","format":"standard","meta":{"_monsterinsights_skip_tracking":false,"_monsterinsights_sitenote_active":false,"_monsterinsights_sitenote_note":"","_monsterinsights_sitenote_category":0,"footnotes":""},"categories":[58],"tags":[],"class_list":["post-128512","post","type-post","status-publish","format-standard","has-post-thumbnail","hentry","category-cultura"],"yoast_head":"<!-- This site is optimized with the Yoast SEO plugin v27.3 - https:\/\/yoast.com\/product\/yoast-seo-wordpress\/ -->\n<title>El Quehacer Pol\u00edtico en la Cultura a trav\u00e9s del Enfoque\/\/\/Litza Deniss Dur\u00e1n Espinosa\/\/\/ELLAS CURAN,CORTOMETRAJE MEXICANO, ENTRE LOS CINCO GANADORES DE IBERCULTURA VIVA 2025 -<\/title>\n<meta name=\"robots\" content=\"index, follow, max-snippet:-1, max-image-preview:large, max-video-preview:-1\" \/>\n<link rel=\"canonical\" href=\"https:\/\/quehacerpolitico.mx\/?p=128512\" \/>\n<meta property=\"og:locale\" content=\"es_MX\" \/>\n<meta property=\"og:type\" content=\"article\" \/>\n<meta property=\"og:title\" content=\"El Quehacer Pol\u00edtico en la Cultura a trav\u00e9s del Enfoque\/\/\/Litza Deniss Dur\u00e1n Espinosa\/\/\/ELLAS CURAN,CORTOMETRAJE MEXICANO, ENTRE LOS CINCO GANADORES DE IBERCULTURA VIVA 2025 -\" \/>\n<meta property=\"og:description\" content=\"Por Litza Deniss Dur\u00e1n Espinosa Dirigido por el cineasta tlaxcalteca Miguel Minor Serrano, el cortometraje&nbsp;Ellas...\" \/>\n<meta property=\"og:url\" content=\"https:\/\/quehacerpolitico.mx\/?p=128512\" \/>\n<meta property=\"article:published_time\" content=\"2026-01-27T19:37:10+00:00\" \/>\n<meta property=\"article:modified_time\" content=\"2026-01-27T19:37:13+00:00\" \/>\n<meta property=\"og:image\" content=\"http:\/\/quehacerpolitico.mx\/wp-content\/uploads\/2026\/01\/1f82780f-42aa-4c37-8ba4-0ba4279e0a43-1.jpeg\" \/>\n\t<meta property=\"og:image:width\" content=\"963\" \/>\n\t<meta property=\"og:image:height\" content=\"493\" \/>\n\t<meta property=\"og:image:type\" content=\"image\/jpeg\" \/>\n<meta name=\"author\" content=\"Redacci\u00f3n QP\" \/>\n<meta name=\"twitter:card\" content=\"summary_large_image\" \/>\n<meta name=\"twitter:label1\" content=\"Escrito por\" \/>\n\t<meta name=\"twitter:data1\" content=\"Redacci\u00f3n QP\" \/>\n\t<meta name=\"twitter:label2\" content=\"Tiempo de lectura\" \/>\n\t<meta name=\"twitter:data2\" content=\"5 minutos\" \/>\n<script type=\"application\/ld+json\" class=\"yoast-schema-graph\">{\"@context\":\"https:\\\/\\\/schema.org\",\"@graph\":[{\"@type\":\"Article\",\"@id\":\"https:\\\/\\\/quehacerpolitico.mx\\\/?p=128512#article\",\"isPartOf\":{\"@id\":\"https:\\\/\\\/quehacerpolitico.mx\\\/?p=128512\"},\"author\":{\"name\":\"Redacci\u00f3n QP\",\"@id\":\"https:\\\/\\\/quehacerpolitico.mx\\\/#\\\/schema\\\/person\\\/496d8ad2d1d3f8036101dca7ee39e585\"},\"headline\":\"El Quehacer Pol\u00edtico en la Cultura a trav\u00e9s del Enfoque\\\/\\\/\\\/Litza Deniss Dur\u00e1n Espinosa\\\/\\\/\\\/ELLAS CURAN,CORTOMETRAJE MEXICANO, ENTRE LOS CINCO GANADORES DE IBERCULTURA VIVA 2025\",\"datePublished\":\"2026-01-27T19:37:10+00:00\",\"dateModified\":\"2026-01-27T19:37:13+00:00\",\"mainEntityOfPage\":{\"@id\":\"https:\\\/\\\/quehacerpolitico.mx\\\/?p=128512\"},\"wordCount\":663,\"commentCount\":0,\"image\":{\"@id\":\"https:\\\/\\\/quehacerpolitico.mx\\\/?p=128512#primaryimage\"},\"thumbnailUrl\":\"https:\\\/\\\/quehacerpolitico.mx\\\/wp-content\\\/uploads\\\/2026\\\/01\\\/1f82780f-42aa-4c37-8ba4-0ba4279e0a43-1.jpeg\",\"articleSection\":[\"Cultura y Entretenimiento\"],\"inLanguage\":\"es\",\"potentialAction\":[{\"@type\":\"CommentAction\",\"name\":\"Comment\",\"target\":[\"https:\\\/\\\/quehacerpolitico.mx\\\/?p=128512#respond\"]}]},{\"@type\":\"WebPage\",\"@id\":\"https:\\\/\\\/quehacerpolitico.mx\\\/?p=128512\",\"url\":\"https:\\\/\\\/quehacerpolitico.mx\\\/?p=128512\",\"name\":\"El Quehacer Pol\u00edtico en la Cultura a trav\u00e9s del Enfoque\\\/\\\/\\\/Litza Deniss Dur\u00e1n Espinosa\\\/\\\/\\\/ELLAS CURAN,CORTOMETRAJE MEXICANO, ENTRE LOS CINCO GANADORES DE IBERCULTURA VIVA 2025 -\",\"isPartOf\":{\"@id\":\"https:\\\/\\\/quehacerpolitico.mx\\\/#website\"},\"primaryImageOfPage\":{\"@id\":\"https:\\\/\\\/quehacerpolitico.mx\\\/?p=128512#primaryimage\"},\"image\":{\"@id\":\"https:\\\/\\\/quehacerpolitico.mx\\\/?p=128512#primaryimage\"},\"thumbnailUrl\":\"https:\\\/\\\/quehacerpolitico.mx\\\/wp-content\\\/uploads\\\/2026\\\/01\\\/1f82780f-42aa-4c37-8ba4-0ba4279e0a43-1.jpeg\",\"datePublished\":\"2026-01-27T19:37:10+00:00\",\"dateModified\":\"2026-01-27T19:37:13+00:00\",\"author\":{\"@id\":\"https:\\\/\\\/quehacerpolitico.mx\\\/#\\\/schema\\\/person\\\/496d8ad2d1d3f8036101dca7ee39e585\"},\"breadcrumb\":{\"@id\":\"https:\\\/\\\/quehacerpolitico.mx\\\/?p=128512#breadcrumb\"},\"inLanguage\":\"es\",\"potentialAction\":[{\"@type\":\"ReadAction\",\"target\":[\"https:\\\/\\\/quehacerpolitico.mx\\\/?p=128512\"]}]},{\"@type\":\"ImageObject\",\"inLanguage\":\"es\",\"@id\":\"https:\\\/\\\/quehacerpolitico.mx\\\/?p=128512#primaryimage\",\"url\":\"https:\\\/\\\/quehacerpolitico.mx\\\/wp-content\\\/uploads\\\/2026\\\/01\\\/1f82780f-42aa-4c37-8ba4-0ba4279e0a43-1.jpeg\",\"contentUrl\":\"https:\\\/\\\/quehacerpolitico.mx\\\/wp-content\\\/uploads\\\/2026\\\/01\\\/1f82780f-42aa-4c37-8ba4-0ba4279e0a43-1.jpeg\",\"width\":963,\"height\":493},{\"@type\":\"BreadcrumbList\",\"@id\":\"https:\\\/\\\/quehacerpolitico.mx\\\/?p=128512#breadcrumb\",\"itemListElement\":[{\"@type\":\"ListItem\",\"position\":1,\"name\":\"Inicio\",\"item\":\"https:\\\/\\\/quehacerpolitico.mx\\\/\"},{\"@type\":\"ListItem\",\"position\":2,\"name\":\"El Quehacer Pol\u00edtico en la Cultura a trav\u00e9s del Enfoque\\\/\\\/\\\/Litza Deniss Dur\u00e1n Espinosa\\\/\\\/\\\/ELLAS CURAN,CORTOMETRAJE MEXICANO, ENTRE LOS CINCO GANADORES DE IBERCULTURA VIVA 2025\"}]},{\"@type\":\"WebSite\",\"@id\":\"https:\\\/\\\/quehacerpolitico.mx\\\/#website\",\"url\":\"https:\\\/\\\/quehacerpolitico.mx\\\/\",\"name\":\"\",\"description\":\"\",\"potentialAction\":[{\"@type\":\"SearchAction\",\"target\":{\"@type\":\"EntryPoint\",\"urlTemplate\":\"https:\\\/\\\/quehacerpolitico.mx\\\/?s={search_term_string}\"},\"query-input\":{\"@type\":\"PropertyValueSpecification\",\"valueRequired\":true,\"valueName\":\"search_term_string\"}}],\"inLanguage\":\"es\"},{\"@type\":\"Person\",\"@id\":\"https:\\\/\\\/quehacerpolitico.mx\\\/#\\\/schema\\\/person\\\/496d8ad2d1d3f8036101dca7ee39e585\",\"name\":\"Redacci\u00f3n QP\",\"image\":{\"@type\":\"ImageObject\",\"inLanguage\":\"es\",\"@id\":\"https:\\\/\\\/secure.gravatar.com\\\/avatar\\\/c7164ed6fdec453195284ad24a5ae5b6e1eed2b848477fa2a4787ba9adf39a41?s=96&d=mm&r=g\",\"url\":\"https:\\\/\\\/secure.gravatar.com\\\/avatar\\\/c7164ed6fdec453195284ad24a5ae5b6e1eed2b848477fa2a4787ba9adf39a41?s=96&d=mm&r=g\",\"contentUrl\":\"https:\\\/\\\/secure.gravatar.com\\\/avatar\\\/c7164ed6fdec453195284ad24a5ae5b6e1eed2b848477fa2a4787ba9adf39a41?s=96&d=mm&r=g\",\"caption\":\"Redacci\u00f3n QP\"},\"url\":\"https:\\\/\\\/quehacerpolitico.mx\\\/?author=2\"}]}<\/script>\n<!-- \/ Yoast SEO plugin. -->","yoast_head_json":{"title":"El Quehacer Pol\u00edtico en la Cultura a trav\u00e9s del Enfoque\/\/\/Litza Deniss Dur\u00e1n Espinosa\/\/\/ELLAS CURAN,CORTOMETRAJE MEXICANO, ENTRE LOS CINCO GANADORES DE IBERCULTURA VIVA 2025 -","robots":{"index":"index","follow":"follow","max-snippet":"max-snippet:-1","max-image-preview":"max-image-preview:large","max-video-preview":"max-video-preview:-1"},"canonical":"https:\/\/quehacerpolitico.mx\/?p=128512","og_locale":"es_MX","og_type":"article","og_title":"El Quehacer Pol\u00edtico en la Cultura a trav\u00e9s del Enfoque\/\/\/Litza Deniss Dur\u00e1n Espinosa\/\/\/ELLAS CURAN,CORTOMETRAJE MEXICANO, ENTRE LOS CINCO GANADORES DE IBERCULTURA VIVA 2025 -","og_description":"Por Litza Deniss Dur\u00e1n Espinosa Dirigido por el cineasta tlaxcalteca Miguel Minor Serrano, el cortometraje&nbsp;Ellas...","og_url":"https:\/\/quehacerpolitico.mx\/?p=128512","article_published_time":"2026-01-27T19:37:10+00:00","article_modified_time":"2026-01-27T19:37:13+00:00","og_image":[{"width":963,"height":493,"url":"http:\/\/quehacerpolitico.mx\/wp-content\/uploads\/2026\/01\/1f82780f-42aa-4c37-8ba4-0ba4279e0a43-1.jpeg","type":"image\/jpeg"}],"author":"Redacci\u00f3n QP","twitter_card":"summary_large_image","twitter_misc":{"Escrito por":"Redacci\u00f3n QP","Tiempo de lectura":"5 minutos"},"schema":{"@context":"https:\/\/schema.org","@graph":[{"@type":"Article","@id":"https:\/\/quehacerpolitico.mx\/?p=128512#article","isPartOf":{"@id":"https:\/\/quehacerpolitico.mx\/?p=128512"},"author":{"name":"Redacci\u00f3n QP","@id":"https:\/\/quehacerpolitico.mx\/#\/schema\/person\/496d8ad2d1d3f8036101dca7ee39e585"},"headline":"El Quehacer Pol\u00edtico en la Cultura a trav\u00e9s del Enfoque\/\/\/Litza Deniss Dur\u00e1n Espinosa\/\/\/ELLAS CURAN,CORTOMETRAJE MEXICANO, ENTRE LOS CINCO GANADORES DE IBERCULTURA VIVA 2025","datePublished":"2026-01-27T19:37:10+00:00","dateModified":"2026-01-27T19:37:13+00:00","mainEntityOfPage":{"@id":"https:\/\/quehacerpolitico.mx\/?p=128512"},"wordCount":663,"commentCount":0,"image":{"@id":"https:\/\/quehacerpolitico.mx\/?p=128512#primaryimage"},"thumbnailUrl":"https:\/\/quehacerpolitico.mx\/wp-content\/uploads\/2026\/01\/1f82780f-42aa-4c37-8ba4-0ba4279e0a43-1.jpeg","articleSection":["Cultura y Entretenimiento"],"inLanguage":"es","potentialAction":[{"@type":"CommentAction","name":"Comment","target":["https:\/\/quehacerpolitico.mx\/?p=128512#respond"]}]},{"@type":"WebPage","@id":"https:\/\/quehacerpolitico.mx\/?p=128512","url":"https:\/\/quehacerpolitico.mx\/?p=128512","name":"El Quehacer Pol\u00edtico en la Cultura a trav\u00e9s del Enfoque\/\/\/Litza Deniss Dur\u00e1n Espinosa\/\/\/ELLAS CURAN,CORTOMETRAJE MEXICANO, ENTRE LOS CINCO GANADORES DE IBERCULTURA VIVA 2025 -","isPartOf":{"@id":"https:\/\/quehacerpolitico.mx\/#website"},"primaryImageOfPage":{"@id":"https:\/\/quehacerpolitico.mx\/?p=128512#primaryimage"},"image":{"@id":"https:\/\/quehacerpolitico.mx\/?p=128512#primaryimage"},"thumbnailUrl":"https:\/\/quehacerpolitico.mx\/wp-content\/uploads\/2026\/01\/1f82780f-42aa-4c37-8ba4-0ba4279e0a43-1.jpeg","datePublished":"2026-01-27T19:37:10+00:00","dateModified":"2026-01-27T19:37:13+00:00","author":{"@id":"https:\/\/quehacerpolitico.mx\/#\/schema\/person\/496d8ad2d1d3f8036101dca7ee39e585"},"breadcrumb":{"@id":"https:\/\/quehacerpolitico.mx\/?p=128512#breadcrumb"},"inLanguage":"es","potentialAction":[{"@type":"ReadAction","target":["https:\/\/quehacerpolitico.mx\/?p=128512"]}]},{"@type":"ImageObject","inLanguage":"es","@id":"https:\/\/quehacerpolitico.mx\/?p=128512#primaryimage","url":"https:\/\/quehacerpolitico.mx\/wp-content\/uploads\/2026\/01\/1f82780f-42aa-4c37-8ba4-0ba4279e0a43-1.jpeg","contentUrl":"https:\/\/quehacerpolitico.mx\/wp-content\/uploads\/2026\/01\/1f82780f-42aa-4c37-8ba4-0ba4279e0a43-1.jpeg","width":963,"height":493},{"@type":"BreadcrumbList","@id":"https:\/\/quehacerpolitico.mx\/?p=128512#breadcrumb","itemListElement":[{"@type":"ListItem","position":1,"name":"Inicio","item":"https:\/\/quehacerpolitico.mx\/"},{"@type":"ListItem","position":2,"name":"El Quehacer Pol\u00edtico en la Cultura a trav\u00e9s del Enfoque\/\/\/Litza Deniss Dur\u00e1n Espinosa\/\/\/ELLAS CURAN,CORTOMETRAJE MEXICANO, ENTRE LOS CINCO GANADORES DE IBERCULTURA VIVA 2025"}]},{"@type":"WebSite","@id":"https:\/\/quehacerpolitico.mx\/#website","url":"https:\/\/quehacerpolitico.mx\/","name":"","description":"","potentialAction":[{"@type":"SearchAction","target":{"@type":"EntryPoint","urlTemplate":"https:\/\/quehacerpolitico.mx\/?s={search_term_string}"},"query-input":{"@type":"PropertyValueSpecification","valueRequired":true,"valueName":"search_term_string"}}],"inLanguage":"es"},{"@type":"Person","@id":"https:\/\/quehacerpolitico.mx\/#\/schema\/person\/496d8ad2d1d3f8036101dca7ee39e585","name":"Redacci\u00f3n QP","image":{"@type":"ImageObject","inLanguage":"es","@id":"https:\/\/secure.gravatar.com\/avatar\/c7164ed6fdec453195284ad24a5ae5b6e1eed2b848477fa2a4787ba9adf39a41?s=96&d=mm&r=g","url":"https:\/\/secure.gravatar.com\/avatar\/c7164ed6fdec453195284ad24a5ae5b6e1eed2b848477fa2a4787ba9adf39a41?s=96&d=mm&r=g","contentUrl":"https:\/\/secure.gravatar.com\/avatar\/c7164ed6fdec453195284ad24a5ae5b6e1eed2b848477fa2a4787ba9adf39a41?s=96&d=mm&r=g","caption":"Redacci\u00f3n QP"},"url":"https:\/\/quehacerpolitico.mx\/?author=2"}]}},"featured_image_urls":{"full":["https:\/\/quehacerpolitico.mx\/wp-content\/uploads\/2026\/01\/1f82780f-42aa-4c37-8ba4-0ba4279e0a43-1.jpeg",963,493,false],"thumbnail":["https:\/\/quehacerpolitico.mx\/wp-content\/uploads\/2026\/01\/1f82780f-42aa-4c37-8ba4-0ba4279e0a43-1-150x150.jpeg",150,150,true],"medium":["https:\/\/quehacerpolitico.mx\/wp-content\/uploads\/2026\/01\/1f82780f-42aa-4c37-8ba4-0ba4279e0a43-1-300x154.jpeg",300,154,true],"medium_large":["https:\/\/quehacerpolitico.mx\/wp-content\/uploads\/2026\/01\/1f82780f-42aa-4c37-8ba4-0ba4279e0a43-1-768x393.jpeg",640,328,true],"large":["https:\/\/quehacerpolitico.mx\/wp-content\/uploads\/2026\/01\/1f82780f-42aa-4c37-8ba4-0ba4279e0a43-1.jpeg",640,328,false],"1536x1536":["https:\/\/quehacerpolitico.mx\/wp-content\/uploads\/2026\/01\/1f82780f-42aa-4c37-8ba4-0ba4279e0a43-1.jpeg",963,493,false],"2048x2048":["https:\/\/quehacerpolitico.mx\/wp-content\/uploads\/2026\/01\/1f82780f-42aa-4c37-8ba4-0ba4279e0a43-1.jpeg",963,493,false],"covernews-featured":["https:\/\/quehacerpolitico.mx\/wp-content\/uploads\/2026\/01\/1f82780f-42aa-4c37-8ba4-0ba4279e0a43-1.jpeg",963,493,false],"covernews-medium":["https:\/\/quehacerpolitico.mx\/wp-content\/uploads\/2026\/01\/1f82780f-42aa-4c37-8ba4-0ba4279e0a43-1-540x340.jpeg",540,340,true]},"author_info":{"display_name":"Redacci\u00f3n QP","author_link":"https:\/\/quehacerpolitico.mx\/?author=2"},"category_info":"<a href=\"https:\/\/quehacerpolitico.mx\/?cat=58\" rel=\"category\">Cultura y Entretenimiento<\/a>","tag_info":"Cultura y Entretenimiento","comment_count":"0","_links":{"self":[{"href":"https:\/\/quehacerpolitico.mx\/index.php?rest_route=\/wp\/v2\/posts\/128512","targetHints":{"allow":["GET"]}}],"collection":[{"href":"https:\/\/quehacerpolitico.mx\/index.php?rest_route=\/wp\/v2\/posts"}],"about":[{"href":"https:\/\/quehacerpolitico.mx\/index.php?rest_route=\/wp\/v2\/types\/post"}],"author":[{"embeddable":true,"href":"https:\/\/quehacerpolitico.mx\/index.php?rest_route=\/wp\/v2\/users\/2"}],"replies":[{"embeddable":true,"href":"https:\/\/quehacerpolitico.mx\/index.php?rest_route=%2Fwp%2Fv2%2Fcomments&post=128512"}],"version-history":[{"count":1,"href":"https:\/\/quehacerpolitico.mx\/index.php?rest_route=\/wp\/v2\/posts\/128512\/revisions"}],"predecessor-version":[{"id":128520,"href":"https:\/\/quehacerpolitico.mx\/index.php?rest_route=\/wp\/v2\/posts\/128512\/revisions\/128520"}],"wp:featuredmedia":[{"embeddable":true,"href":"https:\/\/quehacerpolitico.mx\/index.php?rest_route=\/wp\/v2\/media\/128519"}],"wp:attachment":[{"href":"https:\/\/quehacerpolitico.mx\/index.php?rest_route=%2Fwp%2Fv2%2Fmedia&parent=128512"}],"wp:term":[{"taxonomy":"category","embeddable":true,"href":"https:\/\/quehacerpolitico.mx\/index.php?rest_route=%2Fwp%2Fv2%2Fcategories&post=128512"},{"taxonomy":"post_tag","embeddable":true,"href":"https:\/\/quehacerpolitico.mx\/index.php?rest_route=%2Fwp%2Fv2%2Ftags&post=128512"}],"curies":[{"name":"wp","href":"https:\/\/api.w.org\/{rel}","templated":true}]}}