{"id":128508,"date":"2026-01-27T13:15:52","date_gmt":"2026-01-27T19:15:52","guid":{"rendered":"https:\/\/quehacerpolitico.mx\/?p=128508"},"modified":"2026-01-27T13:15:55","modified_gmt":"2026-01-27T19:15:55","slug":"el-quehacer-politico-internacional-en-la-opinion-carolina-alonso-romei-nasry-tito-asfura-asume-la-presidencia-de-honduras-tras-controvertidas-elecciones","status":"publish","type":"post","link":"https:\/\/quehacerpolitico.mx\/?p=128508","title":{"rendered":"El Quehacer Pol\u00edtico Internacional en la opini\u00f3n\/\/\/Carolina Alonso Romei\/\/\/Nasry &#8220;Tito&#8221;\u00a0Asfura asume la presidencia de Honduras tras controvertidas elecciones"},"content":{"rendered":"\n<p>Por Carolina Alonso Romei<\/p>\n\n\n\n<p>Internacionalista <\/p>\n\n\n\n<p>El conservador estar\u00e1 al frente del Ejecutivo durante el periodo 2025-2030, en sustituci\u00f3n de la izquierdista Xiomara Castro<\/p>\n\n\n\n<p>El conservador&nbsp;<strong>Nasry &#8220;Tito&#8221;&nbsp;Asfura<\/strong>asumi\u00f3 la ma\u00f1ana de este martes la<strong>presidencia de Honduras<\/strong>&nbsp;tras unas elecciones controvertidas que llevaron al gobierno de Estados Unidos a advertir a la entonces mandataria Xiomara Castro de&nbsp;&#8220;severas consecuencias&#8221;&nbsp;para&nbsp;el pa\u00eds&nbsp;ante &#8220;intentos para revertir los comicios&#8221;.<\/p>\n\n\n\n<figure class=\"wp-block-embed is-type-rich is-provider-twitter wp-block-embed-twitter\"><div class=\"wp-block-embed__wrapper\">\n<blockquote class=\"twitter-tweet\" data-width=\"550\" data-dnt=\"true\"><p lang=\"es\" dir=\"ltr\">Nasry \u201cTito\u201d Asfura rindi\u00f3 protesta como nuevo presidente de Honduras \ud83c\udded\ud83c\uddf3<br><br>Marca el relevo tras el gobierno de la izquierdista Xiomara Castro<a href=\"https:\/\/t.co\/ONW6sBSIBX\">pic.twitter.com\/ONW6sBSIBX<\/a><\/p>&mdash; Manuel Lopez San Martin (@MLopezSanMartin) <a href=\"https:\/\/twitter.com\/MLopezSanMartin\/status\/2016198098721116288?ref_src=twsrc%5Etfw\">January 27, 2026<\/a><\/blockquote><script async src=\"https:\/\/platform.twitter.com\/widgets.js\" charset=\"utf-8\"><\/script>\n<\/div><\/figure>\n\n\n\n<p>Asfura estar\u00e1 al frente del Ejecutivo hondure\u00f1o para el periodo 2026-2030, en sustituci\u00f3n de la<strong>&nbsp;izquierdista Xiomara Castro,<\/strong>&nbsp;bajo la promesa de&nbsp;<strong>combatir la pobreza,<\/strong>&nbsp;que afecta a seis de cada 10 hondure\u00f1os, la corrupci\u00f3n, el crimen y reavivar la econom\u00eda, al tiempo que deber\u00e1 tender puentes con los partidos derrotados para poder aprobar leyes en un Congreso fragmentado y donde su partido no tiene mayor\u00eda absoluta.<\/p>\n\n\n\n<p>El evento inici\u00f3 a las 9:00 de la ma\u00f1ana, hora local, en una sesi\u00f3n especial del Parlamento, la cual fue abierta por el presidente del Legislativo,&nbsp;<strong>Tom\u00e1s Zambrano.<\/strong><\/p>\n\n\n\n<figure class=\"wp-block-image size-full\"><img loading=\"lazy\" decoding=\"async\" width=\"425\" height=\"230\" src=\"https:\/\/quehacerpolitico.mx\/wp-content\/uploads\/2026\/01\/IMG_6302.webp\" alt=\"\" class=\"wp-image-128509\" srcset=\"https:\/\/quehacerpolitico.mx\/wp-content\/uploads\/2026\/01\/IMG_6302.webp 425w, https:\/\/quehacerpolitico.mx\/wp-content\/uploads\/2026\/01\/IMG_6302-300x162.webp 300w\" sizes=\"auto, (max-width: 425px) 100vw, 425px\" \/><\/figure>\n\n\n\n<p>A la investidura de Asfura&nbsp;<strong>no asistieron presidentes y jefes de Estado&nbsp;<\/strong>de otros pa\u00edses, por&nbsp;<strong>razones de austeridad&nbsp;<\/strong>y decisi\u00f3n del nuevo mandatario hondure\u00f1o, quien suceder\u00e1 a Xiomara Castro.<\/p>\n\n\n\n<p>&#8220;Tito&#8221; Asfura, de origen palestino y natural de&nbsp;<strong>Tegucigalpa<\/strong>, donde naci\u00f3 el 8 de junio de 1958, fue electo&nbsp;<strong>presidente de Honduras como candidato del Partido Nacional&nbsp;<\/strong>en los duod\u00e9cimos comicios generales celebrados en el pa\u00eds desde el retorno a la democracia en 1980, tras casi dos d\u00e9cadas de reg\u00edmenes militares.&nbsp;<\/p>\n\n\n\n<figure class=\"wp-block-image\"><img decoding=\"async\" src=\"https:\/\/latinus.us\/u\/fotografias\/m\/2026\/1\/27\/f768x1-137549_137676_5050.jpg\" alt=\"\"\/><\/figure>\n\n\n\n<p><strong>Exalcalde de Tegucigalpa&nbsp;<\/strong>entre 2014 y 2022,&nbsp;Asfura&nbsp;ha prometido r<strong>esolver los problemas m\u00e1s acuciantes del pa\u00eds<\/strong>&nbsp;con &#8220;trabajo y m\u00e1s trabajo&#8221;, fomento de las inversiones y nuevos empleos y priorizando una pol\u00edtica de austeridad estatal, que inaugurar\u00e1 el martes en su toma de posesi\u00f3n al no contar con la presencia de presidentes, solo del cuerpo diplom\u00e1tico acreditado en Honduras.<\/p>\n\n\n\n<p>A pesar de que proyecta una&nbsp;<strong>imagen modesta y trabajadora<\/strong>, siempre vestido con jeans y camisas arremangadas, la justicia investiga a&nbsp;Asfura, junto a otros exfuncionarios de su administraci\u00f3n capitalina, por ser parte de un&nbsp;<strong>esquema para &#8220;drenar fondos p\u00fablicos&#8221; y lavar dinero.<\/strong>&nbsp;\u00c9l se ha defendido asegurando que las acciones en su contra est\u00e1n motivadas por intereses pol\u00edticos.&nbsp;<\/p>\n\n\n\n<p><em>Con informaci\u00f3n de EFE y Reuters<\/em><\/p>\n","protected":false},"excerpt":{"rendered":"<p>Por Carolina Alonso Romei Internacionalista El conservador estar\u00e1 al frente del Ejecutivo durante el periodo&#8230;<\/p>\n","protected":false},"author":2,"featured_media":128510,"comment_status":"open","ping_status":"open","sticky":false,"template":"","format":"standard","meta":{"_monsterinsights_skip_tracking":false,"_monsterinsights_sitenote_active":false,"_monsterinsights_sitenote_note":"","_monsterinsights_sitenote_category":0,"footnotes":""},"categories":[1],"tags":[],"class_list":["post-128508","post","type-post","status-publish","format-standard","has-post-thumbnail","hentry","category-sin-categoria"],"yoast_head":"<!-- This site is optimized with the Yoast SEO plugin v27.3 - https:\/\/yoast.com\/product\/yoast-seo-wordpress\/ -->\n<title>El Quehacer Pol\u00edtico Internacional en la opini\u00f3n\/\/\/Carolina Alonso Romei\/\/\/Nasry &quot;Tito&quot;\u00a0Asfura asume la presidencia de Honduras tras controvertidas elecciones -<\/title>\n<meta name=\"robots\" content=\"index, follow, max-snippet:-1, max-image-preview:large, max-video-preview:-1\" \/>\n<link rel=\"canonical\" href=\"https:\/\/quehacerpolitico.mx\/?p=128508\" \/>\n<meta property=\"og:locale\" content=\"es_MX\" \/>\n<meta property=\"og:type\" content=\"article\" \/>\n<meta property=\"og:title\" content=\"El Quehacer Pol\u00edtico Internacional en la opini\u00f3n\/\/\/Carolina Alonso Romei\/\/\/Nasry &quot;Tito&quot;\u00a0Asfura asume la presidencia de Honduras tras controvertidas elecciones -\" \/>\n<meta property=\"og:description\" content=\"Por Carolina Alonso Romei Internacionalista El conservador estar\u00e1 al frente del Ejecutivo durante el periodo...\" \/>\n<meta property=\"og:url\" content=\"https:\/\/quehacerpolitico.mx\/?p=128508\" \/>\n<meta property=\"article:published_time\" content=\"2026-01-27T19:15:52+00:00\" \/>\n<meta property=\"article:modified_time\" content=\"2026-01-27T19:15:55+00:00\" \/>\n<meta property=\"og:image\" content=\"http:\/\/quehacerpolitico.mx\/wp-content\/uploads\/2026\/01\/03fa6135-c3fe-44b7-8e96-c6ca323ffebb-1.jpeg\" \/>\n\t<meta property=\"og:image:width\" content=\"963\" \/>\n\t<meta property=\"og:image:height\" content=\"493\" \/>\n\t<meta property=\"og:image:type\" content=\"image\/jpeg\" \/>\n<meta name=\"author\" content=\"Redacci\u00f3n QP\" \/>\n<meta name=\"twitter:card\" content=\"summary_large_image\" \/>\n<meta name=\"twitter:label1\" content=\"Escrito por\" \/>\n\t<meta name=\"twitter:data1\" content=\"Redacci\u00f3n QP\" \/>\n\t<meta name=\"twitter:label2\" content=\"Tiempo de lectura\" \/>\n\t<meta name=\"twitter:data2\" content=\"3 minutos\" \/>\n<script type=\"application\/ld+json\" class=\"yoast-schema-graph\">{\"@context\":\"https:\\\/\\\/schema.org\",\"@graph\":[{\"@type\":\"Article\",\"@id\":\"https:\\\/\\\/quehacerpolitico.mx\\\/?p=128508#article\",\"isPartOf\":{\"@id\":\"https:\\\/\\\/quehacerpolitico.mx\\\/?p=128508\"},\"author\":{\"name\":\"Redacci\u00f3n QP\",\"@id\":\"https:\\\/\\\/quehacerpolitico.mx\\\/#\\\/schema\\\/person\\\/496d8ad2d1d3f8036101dca7ee39e585\"},\"headline\":\"El Quehacer Pol\u00edtico Internacional en la opini\u00f3n\\\/\\\/\\\/Carolina Alonso Romei\\\/\\\/\\\/Nasry &#8220;Tito&#8221;\u00a0Asfura asume la presidencia de Honduras tras controvertidas elecciones\",\"datePublished\":\"2026-01-27T19:15:52+00:00\",\"dateModified\":\"2026-01-27T19:15:55+00:00\",\"mainEntityOfPage\":{\"@id\":\"https:\\\/\\\/quehacerpolitico.mx\\\/?p=128508\"},\"wordCount\":449,\"commentCount\":0,\"image\":{\"@id\":\"https:\\\/\\\/quehacerpolitico.mx\\\/?p=128508#primaryimage\"},\"thumbnailUrl\":\"https:\\\/\\\/quehacerpolitico.mx\\\/wp-content\\\/uploads\\\/2026\\\/01\\\/03fa6135-c3fe-44b7-8e96-c6ca323ffebb-1.jpeg\",\"articleSection\":[\"Internacionales\"],\"inLanguage\":\"es\",\"potentialAction\":[{\"@type\":\"CommentAction\",\"name\":\"Comment\",\"target\":[\"https:\\\/\\\/quehacerpolitico.mx\\\/?p=128508#respond\"]}]},{\"@type\":\"WebPage\",\"@id\":\"https:\\\/\\\/quehacerpolitico.mx\\\/?p=128508\",\"url\":\"https:\\\/\\\/quehacerpolitico.mx\\\/?p=128508\",\"name\":\"El Quehacer Pol\u00edtico Internacional en la opini\u00f3n\\\/\\\/\\\/Carolina Alonso Romei\\\/\\\/\\\/Nasry \\\"Tito\\\"\u00a0Asfura asume la presidencia de Honduras tras controvertidas elecciones -\",\"isPartOf\":{\"@id\":\"https:\\\/\\\/quehacerpolitico.mx\\\/#website\"},\"primaryImageOfPage\":{\"@id\":\"https:\\\/\\\/quehacerpolitico.mx\\\/?p=128508#primaryimage\"},\"image\":{\"@id\":\"https:\\\/\\\/quehacerpolitico.mx\\\/?p=128508#primaryimage\"},\"thumbnailUrl\":\"https:\\\/\\\/quehacerpolitico.mx\\\/wp-content\\\/uploads\\\/2026\\\/01\\\/03fa6135-c3fe-44b7-8e96-c6ca323ffebb-1.jpeg\",\"datePublished\":\"2026-01-27T19:15:52+00:00\",\"dateModified\":\"2026-01-27T19:15:55+00:00\",\"author\":{\"@id\":\"https:\\\/\\\/quehacerpolitico.mx\\\/#\\\/schema\\\/person\\\/496d8ad2d1d3f8036101dca7ee39e585\"},\"breadcrumb\":{\"@id\":\"https:\\\/\\\/quehacerpolitico.mx\\\/?p=128508#breadcrumb\"},\"inLanguage\":\"es\",\"potentialAction\":[{\"@type\":\"ReadAction\",\"target\":[\"https:\\\/\\\/quehacerpolitico.mx\\\/?p=128508\"]}]},{\"@type\":\"ImageObject\",\"inLanguage\":\"es\",\"@id\":\"https:\\\/\\\/quehacerpolitico.mx\\\/?p=128508#primaryimage\",\"url\":\"https:\\\/\\\/quehacerpolitico.mx\\\/wp-content\\\/uploads\\\/2026\\\/01\\\/03fa6135-c3fe-44b7-8e96-c6ca323ffebb-1.jpeg\",\"contentUrl\":\"https:\\\/\\\/quehacerpolitico.mx\\\/wp-content\\\/uploads\\\/2026\\\/01\\\/03fa6135-c3fe-44b7-8e96-c6ca323ffebb-1.jpeg\",\"width\":963,\"height\":493},{\"@type\":\"BreadcrumbList\",\"@id\":\"https:\\\/\\\/quehacerpolitico.mx\\\/?p=128508#breadcrumb\",\"itemListElement\":[{\"@type\":\"ListItem\",\"position\":1,\"name\":\"Inicio\",\"item\":\"https:\\\/\\\/quehacerpolitico.mx\\\/\"},{\"@type\":\"ListItem\",\"position\":2,\"name\":\"El Quehacer Pol\u00edtico Internacional en la opini\u00f3n\\\/\\\/\\\/Carolina Alonso Romei\\\/\\\/\\\/Nasry &#8220;Tito&#8221;\u00a0Asfura asume la presidencia de Honduras tras controvertidas elecciones\"}]},{\"@type\":\"WebSite\",\"@id\":\"https:\\\/\\\/quehacerpolitico.mx\\\/#website\",\"url\":\"https:\\\/\\\/quehacerpolitico.mx\\\/\",\"name\":\"\",\"description\":\"\",\"potentialAction\":[{\"@type\":\"SearchAction\",\"target\":{\"@type\":\"EntryPoint\",\"urlTemplate\":\"https:\\\/\\\/quehacerpolitico.mx\\\/?s={search_term_string}\"},\"query-input\":{\"@type\":\"PropertyValueSpecification\",\"valueRequired\":true,\"valueName\":\"search_term_string\"}}],\"inLanguage\":\"es\"},{\"@type\":\"Person\",\"@id\":\"https:\\\/\\\/quehacerpolitico.mx\\\/#\\\/schema\\\/person\\\/496d8ad2d1d3f8036101dca7ee39e585\",\"name\":\"Redacci\u00f3n QP\",\"image\":{\"@type\":\"ImageObject\",\"inLanguage\":\"es\",\"@id\":\"https:\\\/\\\/secure.gravatar.com\\\/avatar\\\/c7164ed6fdec453195284ad24a5ae5b6e1eed2b848477fa2a4787ba9adf39a41?s=96&d=mm&r=g\",\"url\":\"https:\\\/\\\/secure.gravatar.com\\\/avatar\\\/c7164ed6fdec453195284ad24a5ae5b6e1eed2b848477fa2a4787ba9adf39a41?s=96&d=mm&r=g\",\"contentUrl\":\"https:\\\/\\\/secure.gravatar.com\\\/avatar\\\/c7164ed6fdec453195284ad24a5ae5b6e1eed2b848477fa2a4787ba9adf39a41?s=96&d=mm&r=g\",\"caption\":\"Redacci\u00f3n QP\"},\"url\":\"https:\\\/\\\/quehacerpolitico.mx\\\/?author=2\"}]}<\/script>\n<!-- \/ Yoast SEO plugin. -->","yoast_head_json":{"title":"El Quehacer Pol\u00edtico Internacional en la opini\u00f3n\/\/\/Carolina Alonso Romei\/\/\/Nasry \"Tito\"\u00a0Asfura asume la presidencia de Honduras tras controvertidas elecciones -","robots":{"index":"index","follow":"follow","max-snippet":"max-snippet:-1","max-image-preview":"max-image-preview:large","max-video-preview":"max-video-preview:-1"},"canonical":"https:\/\/quehacerpolitico.mx\/?p=128508","og_locale":"es_MX","og_type":"article","og_title":"El Quehacer Pol\u00edtico Internacional en la opini\u00f3n\/\/\/Carolina Alonso Romei\/\/\/Nasry \"Tito\"\u00a0Asfura asume la presidencia de Honduras tras controvertidas elecciones -","og_description":"Por Carolina Alonso Romei Internacionalista El conservador estar\u00e1 al frente del Ejecutivo durante el periodo...","og_url":"https:\/\/quehacerpolitico.mx\/?p=128508","article_published_time":"2026-01-27T19:15:52+00:00","article_modified_time":"2026-01-27T19:15:55+00:00","og_image":[{"width":963,"height":493,"url":"http:\/\/quehacerpolitico.mx\/wp-content\/uploads\/2026\/01\/03fa6135-c3fe-44b7-8e96-c6ca323ffebb-1.jpeg","type":"image\/jpeg"}],"author":"Redacci\u00f3n QP","twitter_card":"summary_large_image","twitter_misc":{"Escrito por":"Redacci\u00f3n QP","Tiempo de lectura":"3 minutos"},"schema":{"@context":"https:\/\/schema.org","@graph":[{"@type":"Article","@id":"https:\/\/quehacerpolitico.mx\/?p=128508#article","isPartOf":{"@id":"https:\/\/quehacerpolitico.mx\/?p=128508"},"author":{"name":"Redacci\u00f3n QP","@id":"https:\/\/quehacerpolitico.mx\/#\/schema\/person\/496d8ad2d1d3f8036101dca7ee39e585"},"headline":"El Quehacer Pol\u00edtico Internacional en la opini\u00f3n\/\/\/Carolina Alonso Romei\/\/\/Nasry &#8220;Tito&#8221;\u00a0Asfura asume la presidencia de Honduras tras controvertidas elecciones","datePublished":"2026-01-27T19:15:52+00:00","dateModified":"2026-01-27T19:15:55+00:00","mainEntityOfPage":{"@id":"https:\/\/quehacerpolitico.mx\/?p=128508"},"wordCount":449,"commentCount":0,"image":{"@id":"https:\/\/quehacerpolitico.mx\/?p=128508#primaryimage"},"thumbnailUrl":"https:\/\/quehacerpolitico.mx\/wp-content\/uploads\/2026\/01\/03fa6135-c3fe-44b7-8e96-c6ca323ffebb-1.jpeg","articleSection":["Internacionales"],"inLanguage":"es","potentialAction":[{"@type":"CommentAction","name":"Comment","target":["https:\/\/quehacerpolitico.mx\/?p=128508#respond"]}]},{"@type":"WebPage","@id":"https:\/\/quehacerpolitico.mx\/?p=128508","url":"https:\/\/quehacerpolitico.mx\/?p=128508","name":"El Quehacer Pol\u00edtico Internacional en la opini\u00f3n\/\/\/Carolina Alonso Romei\/\/\/Nasry \"Tito\"\u00a0Asfura asume la presidencia de Honduras tras controvertidas elecciones -","isPartOf":{"@id":"https:\/\/quehacerpolitico.mx\/#website"},"primaryImageOfPage":{"@id":"https:\/\/quehacerpolitico.mx\/?p=128508#primaryimage"},"image":{"@id":"https:\/\/quehacerpolitico.mx\/?p=128508#primaryimage"},"thumbnailUrl":"https:\/\/quehacerpolitico.mx\/wp-content\/uploads\/2026\/01\/03fa6135-c3fe-44b7-8e96-c6ca323ffebb-1.jpeg","datePublished":"2026-01-27T19:15:52+00:00","dateModified":"2026-01-27T19:15:55+00:00","author":{"@id":"https:\/\/quehacerpolitico.mx\/#\/schema\/person\/496d8ad2d1d3f8036101dca7ee39e585"},"breadcrumb":{"@id":"https:\/\/quehacerpolitico.mx\/?p=128508#breadcrumb"},"inLanguage":"es","potentialAction":[{"@type":"ReadAction","target":["https:\/\/quehacerpolitico.mx\/?p=128508"]}]},{"@type":"ImageObject","inLanguage":"es","@id":"https:\/\/quehacerpolitico.mx\/?p=128508#primaryimage","url":"https:\/\/quehacerpolitico.mx\/wp-content\/uploads\/2026\/01\/03fa6135-c3fe-44b7-8e96-c6ca323ffebb-1.jpeg","contentUrl":"https:\/\/quehacerpolitico.mx\/wp-content\/uploads\/2026\/01\/03fa6135-c3fe-44b7-8e96-c6ca323ffebb-1.jpeg","width":963,"height":493},{"@type":"BreadcrumbList","@id":"https:\/\/quehacerpolitico.mx\/?p=128508#breadcrumb","itemListElement":[{"@type":"ListItem","position":1,"name":"Inicio","item":"https:\/\/quehacerpolitico.mx\/"},{"@type":"ListItem","position":2,"name":"El Quehacer Pol\u00edtico Internacional en la opini\u00f3n\/\/\/Carolina Alonso Romei\/\/\/Nasry &#8220;Tito&#8221;\u00a0Asfura asume la presidencia de Honduras tras controvertidas elecciones"}]},{"@type":"WebSite","@id":"https:\/\/quehacerpolitico.mx\/#website","url":"https:\/\/quehacerpolitico.mx\/","name":"","description":"","potentialAction":[{"@type":"SearchAction","target":{"@type":"EntryPoint","urlTemplate":"https:\/\/quehacerpolitico.mx\/?s={search_term_string}"},"query-input":{"@type":"PropertyValueSpecification","valueRequired":true,"valueName":"search_term_string"}}],"inLanguage":"es"},{"@type":"Person","@id":"https:\/\/quehacerpolitico.mx\/#\/schema\/person\/496d8ad2d1d3f8036101dca7ee39e585","name":"Redacci\u00f3n QP","image":{"@type":"ImageObject","inLanguage":"es","@id":"https:\/\/secure.gravatar.com\/avatar\/c7164ed6fdec453195284ad24a5ae5b6e1eed2b848477fa2a4787ba9adf39a41?s=96&d=mm&r=g","url":"https:\/\/secure.gravatar.com\/avatar\/c7164ed6fdec453195284ad24a5ae5b6e1eed2b848477fa2a4787ba9adf39a41?s=96&d=mm&r=g","contentUrl":"https:\/\/secure.gravatar.com\/avatar\/c7164ed6fdec453195284ad24a5ae5b6e1eed2b848477fa2a4787ba9adf39a41?s=96&d=mm&r=g","caption":"Redacci\u00f3n QP"},"url":"https:\/\/quehacerpolitico.mx\/?author=2"}]}},"featured_image_urls":{"full":["https:\/\/quehacerpolitico.mx\/wp-content\/uploads\/2026\/01\/03fa6135-c3fe-44b7-8e96-c6ca323ffebb-1.jpeg",963,493,false],"thumbnail":["https:\/\/quehacerpolitico.mx\/wp-content\/uploads\/2026\/01\/03fa6135-c3fe-44b7-8e96-c6ca323ffebb-1-150x150.jpeg",150,150,true],"medium":["https:\/\/quehacerpolitico.mx\/wp-content\/uploads\/2026\/01\/03fa6135-c3fe-44b7-8e96-c6ca323ffebb-1-300x154.jpeg",300,154,true],"medium_large":["https:\/\/quehacerpolitico.mx\/wp-content\/uploads\/2026\/01\/03fa6135-c3fe-44b7-8e96-c6ca323ffebb-1-768x393.jpeg",640,328,true],"large":["https:\/\/quehacerpolitico.mx\/wp-content\/uploads\/2026\/01\/03fa6135-c3fe-44b7-8e96-c6ca323ffebb-1.jpeg",640,328,false],"1536x1536":["https:\/\/quehacerpolitico.mx\/wp-content\/uploads\/2026\/01\/03fa6135-c3fe-44b7-8e96-c6ca323ffebb-1.jpeg",963,493,false],"2048x2048":["https:\/\/quehacerpolitico.mx\/wp-content\/uploads\/2026\/01\/03fa6135-c3fe-44b7-8e96-c6ca323ffebb-1.jpeg",963,493,false],"covernews-featured":["https:\/\/quehacerpolitico.mx\/wp-content\/uploads\/2026\/01\/03fa6135-c3fe-44b7-8e96-c6ca323ffebb-1.jpeg",963,493,false],"covernews-medium":["https:\/\/quehacerpolitico.mx\/wp-content\/uploads\/2026\/01\/03fa6135-c3fe-44b7-8e96-c6ca323ffebb-1-540x340.jpeg",540,340,true]},"author_info":{"display_name":"Redacci\u00f3n QP","author_link":"https:\/\/quehacerpolitico.mx\/?author=2"},"category_info":"<a href=\"https:\/\/quehacerpolitico.mx\/?cat=1\" rel=\"category\">Internacionales<\/a>","tag_info":"Internacionales","comment_count":"0","_links":{"self":[{"href":"https:\/\/quehacerpolitico.mx\/index.php?rest_route=\/wp\/v2\/posts\/128508","targetHints":{"allow":["GET"]}}],"collection":[{"href":"https:\/\/quehacerpolitico.mx\/index.php?rest_route=\/wp\/v2\/posts"}],"about":[{"href":"https:\/\/quehacerpolitico.mx\/index.php?rest_route=\/wp\/v2\/types\/post"}],"author":[{"embeddable":true,"href":"https:\/\/quehacerpolitico.mx\/index.php?rest_route=\/wp\/v2\/users\/2"}],"replies":[{"embeddable":true,"href":"https:\/\/quehacerpolitico.mx\/index.php?rest_route=%2Fwp%2Fv2%2Fcomments&post=128508"}],"version-history":[{"count":1,"href":"https:\/\/quehacerpolitico.mx\/index.php?rest_route=\/wp\/v2\/posts\/128508\/revisions"}],"predecessor-version":[{"id":128511,"href":"https:\/\/quehacerpolitico.mx\/index.php?rest_route=\/wp\/v2\/posts\/128508\/revisions\/128511"}],"wp:featuredmedia":[{"embeddable":true,"href":"https:\/\/quehacerpolitico.mx\/index.php?rest_route=\/wp\/v2\/media\/128510"}],"wp:attachment":[{"href":"https:\/\/quehacerpolitico.mx\/index.php?rest_route=%2Fwp%2Fv2%2Fmedia&parent=128508"}],"wp:term":[{"taxonomy":"category","embeddable":true,"href":"https:\/\/quehacerpolitico.mx\/index.php?rest_route=%2Fwp%2Fv2%2Fcategories&post=128508"},{"taxonomy":"post_tag","embeddable":true,"href":"https:\/\/quehacerpolitico.mx\/index.php?rest_route=%2Fwp%2Fv2%2Ftags&post=128508"}],"curies":[{"name":"wp","href":"https:\/\/api.w.org\/{rel}","templated":true}]}}