{"id":128500,"date":"2026-01-27T12:07:19","date_gmt":"2026-01-27T18:07:19","guid":{"rendered":"https:\/\/quehacerpolitico.mx\/?p=128500"},"modified":"2026-01-27T12:07:23","modified_gmt":"2026-01-27T18:07:23","slug":"sheinbaum-afirma-que-solicito-a-eu-el-envio-a-mexico-de-sujetos-implicados-en-el-delito-de-huachicol-fiscal","status":"publish","type":"post","link":"https:\/\/quehacerpolitico.mx\/?p=128500","title":{"rendered":"Sheinbaum afirma que solicit\u00f3 a EU el env\u00edo a M\u00e9xico de sujetos implicados en el delito de \u201chuachicol\u201d fiscal"},"content":{"rendered":"\n<p>Por Redacci\u00f3n QP<\/p>\n\n\n\n<p>La mandataria se limit\u00f3 a se\u00f1alar que algunas de estas personas estar\u00edan detenidas en el pa\u00eds vecino del norte, pero a\u00f1adi\u00f3 que la FGR debe compartir m\u00e1s detalles del asunto<\/p>\n\n\n\n<p>La presidenta Claudia Sheinbaum confirm\u00f3 este martes que su gobierno<strong>ha solicitado a Estados Unidos e<\/strong>l env\u00edo a M\u00e9xico de personas implicadas en el&nbsp;<strong>delito de &#8220;huachicol&#8221; fiscal.&nbsp;<\/strong><\/p>\n\n\n\n<p>En su conferencia en\u00a0<strong>Palacio Nacional,<\/strong> la mandataria evit\u00f3 compartir a la prensa la cantidad de personas de las que se estar\u00eda pidiendo su traslado ni precis\u00f3\u00a0si se tratar\u00eda\u00a0de\u00a0<strong>empresarios norteamericanos.<\/strong><\/p>\n\n\n\n<figure class=\"wp-block-embed is-type-rich is-provider-twitter wp-block-embed-twitter\"><div class=\"wp-block-embed__wrapper\">\n<blockquote class=\"twitter-tweet\" data-width=\"550\" data-dnt=\"true\"><p lang=\"es\" dir=\"ltr\"><a href=\"https:\/\/twitter.com\/hashtag\/EnLaMa%C3%B1anera?src=hash&amp;ref_src=twsrc%5Etfw\">#EnLaMa\u00f1anera<\/a> | \ud83d\ude94 Sheinbaum confirma que ha pedido extradiciones sobre el caso Ayotzinapa y otros casos como huachicol fiscal y apunt\u00f3 que &quot;se le ha pedido m\u00e1s&quot; a EU para enfrentar en tr\u00e1fico de armas desde aqu\u00e9l pa\u00eds <a href=\"https:\/\/t.co\/YB6dZ1r3TT\">pic.twitter.com\/YB6dZ1r3TT<\/a><\/p>&mdash; El Financiero (@ElFinanciero_Mx) <a href=\"https:\/\/twitter.com\/ElFinanciero_Mx\/status\/2016182568329117969?ref_src=twsrc%5Etfw\">January 27, 2026<\/a><\/blockquote><script async src=\"https:\/\/platform.twitter.com\/widgets.js\" charset=\"utf-8\"><\/script>\n<\/div><\/figure>\n\n\n\n<p>Sin embargo, se\u00f1al\u00f3 que algunos de estos sujetos\u00a0<strong>estar\u00edan detenidos en Estados Unidos<\/strong>, pero a\u00f1adi\u00f3 que\u00a0la Fiscal\u00eda General de la Rep\u00fablica (FGR) deber\u00e1 ofrecer m\u00e1s detalles de este asunto.<\/p>\n\n\n\n<p>La informaci\u00f3n fue compartida por la mandataria una semana despu\u00e9s de que su\u00a0<strong>gobierno enviara a 37 presos mexicanos\u00a0<\/strong>a c\u00e1rceles de Estados Unidos.<\/p>\n\n\n\n<p>Este&nbsp;\u00faltimo fue el tercer env\u00edo masivo de presos a ese pa\u00eds en el marco de la estrategia bilateral de seguridad; ya suman 92 personas.&nbsp;<\/p>\n\n\n\n<p>En M\u00e9xico han sido detenidos al menos tres empresarios, seis marinos y cinco exfuncionarios de aduanas como parte de una red de \u201chuachicol\u201d fiscal, entre los que se encuentra el vicealmirante Manuel Roberto Far\u00edas Laguna, sobrino del ex secretario de Marina<strong>, Rafael Ojeda.&nbsp;<\/strong><\/p>\n","protected":false},"excerpt":{"rendered":"<p>Por Redacci\u00f3n QP La mandataria se limit\u00f3 a se\u00f1alar que algunas de estas personas estar\u00edan&#8230;<\/p>\n","protected":false},"author":2,"featured_media":128501,"comment_status":"open","ping_status":"open","sticky":false,"template":"","format":"standard","meta":{"_monsterinsights_skip_tracking":false,"_monsterinsights_sitenote_active":false,"_monsterinsights_sitenote_note":"","_monsterinsights_sitenote_category":0,"footnotes":""},"categories":[280,2],"tags":[],"class_list":["post-128500","post","type-post","status-publish","format-standard","has-post-thumbnail","hentry","category-nacionales","category-noticias"],"yoast_head":"<!-- This site is optimized with the Yoast SEO plugin v27.3 - https:\/\/yoast.com\/product\/yoast-seo-wordpress\/ -->\n<title>Sheinbaum afirma que solicit\u00f3 a EU el env\u00edo a M\u00e9xico de sujetos implicados en el delito de \u201chuachicol\u201d fiscal -<\/title>\n<meta name=\"robots\" content=\"index, follow, max-snippet:-1, max-image-preview:large, max-video-preview:-1\" \/>\n<link rel=\"canonical\" href=\"https:\/\/quehacerpolitico.mx\/?p=128500\" \/>\n<meta property=\"og:locale\" content=\"es_MX\" \/>\n<meta property=\"og:type\" content=\"article\" \/>\n<meta property=\"og:title\" content=\"Sheinbaum afirma que solicit\u00f3 a EU el env\u00edo a M\u00e9xico de sujetos implicados en el delito de \u201chuachicol\u201d fiscal -\" \/>\n<meta property=\"og:description\" content=\"Por Redacci\u00f3n QP La mandataria se limit\u00f3 a se\u00f1alar que algunas de estas personas estar\u00edan...\" \/>\n<meta property=\"og:url\" content=\"https:\/\/quehacerpolitico.mx\/?p=128500\" \/>\n<meta property=\"article:published_time\" content=\"2026-01-27T18:07:19+00:00\" \/>\n<meta property=\"article:modified_time\" content=\"2026-01-27T18:07:23+00:00\" \/>\n<meta property=\"og:image\" content=\"http:\/\/quehacerpolitico.mx\/wp-content\/uploads\/2026\/01\/IMG_6299.jpeg\" \/>\n\t<meta property=\"og:image:width\" content=\"1170\" \/>\n\t<meta property=\"og:image:height\" content=\"647\" \/>\n\t<meta property=\"og:image:type\" content=\"image\/jpeg\" \/>\n<meta name=\"author\" content=\"Redacci\u00f3n QP\" \/>\n<meta name=\"twitter:card\" content=\"summary_large_image\" \/>\n<meta name=\"twitter:label1\" content=\"Escrito por\" \/>\n\t<meta name=\"twitter:data1\" content=\"Redacci\u00f3n QP\" \/>\n\t<meta name=\"twitter:label2\" content=\"Tiempo de lectura\" \/>\n\t<meta name=\"twitter:data2\" content=\"2 minutos\" \/>\n<script type=\"application\/ld+json\" class=\"yoast-schema-graph\">{\"@context\":\"https:\\\/\\\/schema.org\",\"@graph\":[{\"@type\":\"Article\",\"@id\":\"https:\\\/\\\/quehacerpolitico.mx\\\/?p=128500#article\",\"isPartOf\":{\"@id\":\"https:\\\/\\\/quehacerpolitico.mx\\\/?p=128500\"},\"author\":{\"name\":\"Redacci\u00f3n QP\",\"@id\":\"https:\\\/\\\/quehacerpolitico.mx\\\/#\\\/schema\\\/person\\\/496d8ad2d1d3f8036101dca7ee39e585\"},\"headline\":\"Sheinbaum afirma que solicit\u00f3 a EU el env\u00edo a M\u00e9xico de sujetos implicados en el delito de \u201chuachicol\u201d fiscal\",\"datePublished\":\"2026-01-27T18:07:19+00:00\",\"dateModified\":\"2026-01-27T18:07:23+00:00\",\"mainEntityOfPage\":{\"@id\":\"https:\\\/\\\/quehacerpolitico.mx\\\/?p=128500\"},\"wordCount\":269,\"commentCount\":0,\"image\":{\"@id\":\"https:\\\/\\\/quehacerpolitico.mx\\\/?p=128500#primaryimage\"},\"thumbnailUrl\":\"https:\\\/\\\/quehacerpolitico.mx\\\/wp-content\\\/uploads\\\/2026\\\/01\\\/IMG_6299.jpeg\",\"articleSection\":[\"Nacionales\",\"Noticias\"],\"inLanguage\":\"es\",\"potentialAction\":[{\"@type\":\"CommentAction\",\"name\":\"Comment\",\"target\":[\"https:\\\/\\\/quehacerpolitico.mx\\\/?p=128500#respond\"]}]},{\"@type\":\"WebPage\",\"@id\":\"https:\\\/\\\/quehacerpolitico.mx\\\/?p=128500\",\"url\":\"https:\\\/\\\/quehacerpolitico.mx\\\/?p=128500\",\"name\":\"Sheinbaum afirma que solicit\u00f3 a EU el env\u00edo a M\u00e9xico de sujetos implicados en el delito de \u201chuachicol\u201d fiscal -\",\"isPartOf\":{\"@id\":\"https:\\\/\\\/quehacerpolitico.mx\\\/#website\"},\"primaryImageOfPage\":{\"@id\":\"https:\\\/\\\/quehacerpolitico.mx\\\/?p=128500#primaryimage\"},\"image\":{\"@id\":\"https:\\\/\\\/quehacerpolitico.mx\\\/?p=128500#primaryimage\"},\"thumbnailUrl\":\"https:\\\/\\\/quehacerpolitico.mx\\\/wp-content\\\/uploads\\\/2026\\\/01\\\/IMG_6299.jpeg\",\"datePublished\":\"2026-01-27T18:07:19+00:00\",\"dateModified\":\"2026-01-27T18:07:23+00:00\",\"author\":{\"@id\":\"https:\\\/\\\/quehacerpolitico.mx\\\/#\\\/schema\\\/person\\\/496d8ad2d1d3f8036101dca7ee39e585\"},\"breadcrumb\":{\"@id\":\"https:\\\/\\\/quehacerpolitico.mx\\\/?p=128500#breadcrumb\"},\"inLanguage\":\"es\",\"potentialAction\":[{\"@type\":\"ReadAction\",\"target\":[\"https:\\\/\\\/quehacerpolitico.mx\\\/?p=128500\"]}]},{\"@type\":\"ImageObject\",\"inLanguage\":\"es\",\"@id\":\"https:\\\/\\\/quehacerpolitico.mx\\\/?p=128500#primaryimage\",\"url\":\"https:\\\/\\\/quehacerpolitico.mx\\\/wp-content\\\/uploads\\\/2026\\\/01\\\/IMG_6299.jpeg\",\"contentUrl\":\"https:\\\/\\\/quehacerpolitico.mx\\\/wp-content\\\/uploads\\\/2026\\\/01\\\/IMG_6299.jpeg\",\"width\":1170,\"height\":647,\"caption\":\"Screenshot\"},{\"@type\":\"BreadcrumbList\",\"@id\":\"https:\\\/\\\/quehacerpolitico.mx\\\/?p=128500#breadcrumb\",\"itemListElement\":[{\"@type\":\"ListItem\",\"position\":1,\"name\":\"Inicio\",\"item\":\"https:\\\/\\\/quehacerpolitico.mx\\\/\"},{\"@type\":\"ListItem\",\"position\":2,\"name\":\"Sheinbaum afirma que solicit\u00f3 a EU el env\u00edo a M\u00e9xico de sujetos implicados en el delito de \u201chuachicol\u201d fiscal\"}]},{\"@type\":\"WebSite\",\"@id\":\"https:\\\/\\\/quehacerpolitico.mx\\\/#website\",\"url\":\"https:\\\/\\\/quehacerpolitico.mx\\\/\",\"name\":\"\",\"description\":\"\",\"potentialAction\":[{\"@type\":\"SearchAction\",\"target\":{\"@type\":\"EntryPoint\",\"urlTemplate\":\"https:\\\/\\\/quehacerpolitico.mx\\\/?s={search_term_string}\"},\"query-input\":{\"@type\":\"PropertyValueSpecification\",\"valueRequired\":true,\"valueName\":\"search_term_string\"}}],\"inLanguage\":\"es\"},{\"@type\":\"Person\",\"@id\":\"https:\\\/\\\/quehacerpolitico.mx\\\/#\\\/schema\\\/person\\\/496d8ad2d1d3f8036101dca7ee39e585\",\"name\":\"Redacci\u00f3n QP\",\"image\":{\"@type\":\"ImageObject\",\"inLanguage\":\"es\",\"@id\":\"https:\\\/\\\/secure.gravatar.com\\\/avatar\\\/c7164ed6fdec453195284ad24a5ae5b6e1eed2b848477fa2a4787ba9adf39a41?s=96&d=mm&r=g\",\"url\":\"https:\\\/\\\/secure.gravatar.com\\\/avatar\\\/c7164ed6fdec453195284ad24a5ae5b6e1eed2b848477fa2a4787ba9adf39a41?s=96&d=mm&r=g\",\"contentUrl\":\"https:\\\/\\\/secure.gravatar.com\\\/avatar\\\/c7164ed6fdec453195284ad24a5ae5b6e1eed2b848477fa2a4787ba9adf39a41?s=96&d=mm&r=g\",\"caption\":\"Redacci\u00f3n QP\"},\"url\":\"https:\\\/\\\/quehacerpolitico.mx\\\/?author=2\"}]}<\/script>\n<!-- \/ Yoast SEO plugin. -->","yoast_head_json":{"title":"Sheinbaum afirma que solicit\u00f3 a EU el env\u00edo a M\u00e9xico de sujetos implicados en el delito de \u201chuachicol\u201d fiscal -","robots":{"index":"index","follow":"follow","max-snippet":"max-snippet:-1","max-image-preview":"max-image-preview:large","max-video-preview":"max-video-preview:-1"},"canonical":"https:\/\/quehacerpolitico.mx\/?p=128500","og_locale":"es_MX","og_type":"article","og_title":"Sheinbaum afirma que solicit\u00f3 a EU el env\u00edo a M\u00e9xico de sujetos implicados en el delito de \u201chuachicol\u201d fiscal -","og_description":"Por Redacci\u00f3n QP La mandataria se limit\u00f3 a se\u00f1alar que algunas de estas personas estar\u00edan...","og_url":"https:\/\/quehacerpolitico.mx\/?p=128500","article_published_time":"2026-01-27T18:07:19+00:00","article_modified_time":"2026-01-27T18:07:23+00:00","og_image":[{"width":1170,"height":647,"url":"http:\/\/quehacerpolitico.mx\/wp-content\/uploads\/2026\/01\/IMG_6299.jpeg","type":"image\/jpeg"}],"author":"Redacci\u00f3n QP","twitter_card":"summary_large_image","twitter_misc":{"Escrito por":"Redacci\u00f3n QP","Tiempo de lectura":"2 minutos"},"schema":{"@context":"https:\/\/schema.org","@graph":[{"@type":"Article","@id":"https:\/\/quehacerpolitico.mx\/?p=128500#article","isPartOf":{"@id":"https:\/\/quehacerpolitico.mx\/?p=128500"},"author":{"name":"Redacci\u00f3n QP","@id":"https:\/\/quehacerpolitico.mx\/#\/schema\/person\/496d8ad2d1d3f8036101dca7ee39e585"},"headline":"Sheinbaum afirma que solicit\u00f3 a EU el env\u00edo a M\u00e9xico de sujetos implicados en el delito de \u201chuachicol\u201d fiscal","datePublished":"2026-01-27T18:07:19+00:00","dateModified":"2026-01-27T18:07:23+00:00","mainEntityOfPage":{"@id":"https:\/\/quehacerpolitico.mx\/?p=128500"},"wordCount":269,"commentCount":0,"image":{"@id":"https:\/\/quehacerpolitico.mx\/?p=128500#primaryimage"},"thumbnailUrl":"https:\/\/quehacerpolitico.mx\/wp-content\/uploads\/2026\/01\/IMG_6299.jpeg","articleSection":["Nacionales","Noticias"],"inLanguage":"es","potentialAction":[{"@type":"CommentAction","name":"Comment","target":["https:\/\/quehacerpolitico.mx\/?p=128500#respond"]}]},{"@type":"WebPage","@id":"https:\/\/quehacerpolitico.mx\/?p=128500","url":"https:\/\/quehacerpolitico.mx\/?p=128500","name":"Sheinbaum afirma que solicit\u00f3 a EU el env\u00edo a M\u00e9xico de sujetos implicados en el delito de \u201chuachicol\u201d fiscal -","isPartOf":{"@id":"https:\/\/quehacerpolitico.mx\/#website"},"primaryImageOfPage":{"@id":"https:\/\/quehacerpolitico.mx\/?p=128500#primaryimage"},"image":{"@id":"https:\/\/quehacerpolitico.mx\/?p=128500#primaryimage"},"thumbnailUrl":"https:\/\/quehacerpolitico.mx\/wp-content\/uploads\/2026\/01\/IMG_6299.jpeg","datePublished":"2026-01-27T18:07:19+00:00","dateModified":"2026-01-27T18:07:23+00:00","author":{"@id":"https:\/\/quehacerpolitico.mx\/#\/schema\/person\/496d8ad2d1d3f8036101dca7ee39e585"},"breadcrumb":{"@id":"https:\/\/quehacerpolitico.mx\/?p=128500#breadcrumb"},"inLanguage":"es","potentialAction":[{"@type":"ReadAction","target":["https:\/\/quehacerpolitico.mx\/?p=128500"]}]},{"@type":"ImageObject","inLanguage":"es","@id":"https:\/\/quehacerpolitico.mx\/?p=128500#primaryimage","url":"https:\/\/quehacerpolitico.mx\/wp-content\/uploads\/2026\/01\/IMG_6299.jpeg","contentUrl":"https:\/\/quehacerpolitico.mx\/wp-content\/uploads\/2026\/01\/IMG_6299.jpeg","width":1170,"height":647,"caption":"Screenshot"},{"@type":"BreadcrumbList","@id":"https:\/\/quehacerpolitico.mx\/?p=128500#breadcrumb","itemListElement":[{"@type":"ListItem","position":1,"name":"Inicio","item":"https:\/\/quehacerpolitico.mx\/"},{"@type":"ListItem","position":2,"name":"Sheinbaum afirma que solicit\u00f3 a EU el env\u00edo a M\u00e9xico de sujetos implicados en el delito de \u201chuachicol\u201d fiscal"}]},{"@type":"WebSite","@id":"https:\/\/quehacerpolitico.mx\/#website","url":"https:\/\/quehacerpolitico.mx\/","name":"","description":"","potentialAction":[{"@type":"SearchAction","target":{"@type":"EntryPoint","urlTemplate":"https:\/\/quehacerpolitico.mx\/?s={search_term_string}"},"query-input":{"@type":"PropertyValueSpecification","valueRequired":true,"valueName":"search_term_string"}}],"inLanguage":"es"},{"@type":"Person","@id":"https:\/\/quehacerpolitico.mx\/#\/schema\/person\/496d8ad2d1d3f8036101dca7ee39e585","name":"Redacci\u00f3n QP","image":{"@type":"ImageObject","inLanguage":"es","@id":"https:\/\/secure.gravatar.com\/avatar\/c7164ed6fdec453195284ad24a5ae5b6e1eed2b848477fa2a4787ba9adf39a41?s=96&d=mm&r=g","url":"https:\/\/secure.gravatar.com\/avatar\/c7164ed6fdec453195284ad24a5ae5b6e1eed2b848477fa2a4787ba9adf39a41?s=96&d=mm&r=g","contentUrl":"https:\/\/secure.gravatar.com\/avatar\/c7164ed6fdec453195284ad24a5ae5b6e1eed2b848477fa2a4787ba9adf39a41?s=96&d=mm&r=g","caption":"Redacci\u00f3n QP"},"url":"https:\/\/quehacerpolitico.mx\/?author=2"}]}},"featured_image_urls":{"full":["https:\/\/quehacerpolitico.mx\/wp-content\/uploads\/2026\/01\/IMG_6299.jpeg",1170,647,false],"thumbnail":["https:\/\/quehacerpolitico.mx\/wp-content\/uploads\/2026\/01\/IMG_6299-150x150.jpeg",150,150,true],"medium":["https:\/\/quehacerpolitico.mx\/wp-content\/uploads\/2026\/01\/IMG_6299-300x166.jpeg",300,166,true],"medium_large":["https:\/\/quehacerpolitico.mx\/wp-content\/uploads\/2026\/01\/IMG_6299-768x425.jpeg",640,354,true],"large":["https:\/\/quehacerpolitico.mx\/wp-content\/uploads\/2026\/01\/IMG_6299-1024x566.jpeg",640,354,true],"1536x1536":["https:\/\/quehacerpolitico.mx\/wp-content\/uploads\/2026\/01\/IMG_6299.jpeg",1170,647,false],"2048x2048":["https:\/\/quehacerpolitico.mx\/wp-content\/uploads\/2026\/01\/IMG_6299.jpeg",1170,647,false],"covernews-featured":["https:\/\/quehacerpolitico.mx\/wp-content\/uploads\/2026\/01\/IMG_6299-1024x566.jpeg",1024,566,true],"covernews-medium":["https:\/\/quehacerpolitico.mx\/wp-content\/uploads\/2026\/01\/IMG_6299-540x340.jpeg",540,340,true]},"author_info":{"display_name":"Redacci\u00f3n QP","author_link":"https:\/\/quehacerpolitico.mx\/?author=2"},"category_info":"<a href=\"https:\/\/quehacerpolitico.mx\/?cat=280\" rel=\"category\">Nacionales<\/a> <a href=\"https:\/\/quehacerpolitico.mx\/?cat=2\" rel=\"category\">Noticias<\/a>","tag_info":"Noticias","comment_count":"0","_links":{"self":[{"href":"https:\/\/quehacerpolitico.mx\/index.php?rest_route=\/wp\/v2\/posts\/128500","targetHints":{"allow":["GET"]}}],"collection":[{"href":"https:\/\/quehacerpolitico.mx\/index.php?rest_route=\/wp\/v2\/posts"}],"about":[{"href":"https:\/\/quehacerpolitico.mx\/index.php?rest_route=\/wp\/v2\/types\/post"}],"author":[{"embeddable":true,"href":"https:\/\/quehacerpolitico.mx\/index.php?rest_route=\/wp\/v2\/users\/2"}],"replies":[{"embeddable":true,"href":"https:\/\/quehacerpolitico.mx\/index.php?rest_route=%2Fwp%2Fv2%2Fcomments&post=128500"}],"version-history":[{"count":1,"href":"https:\/\/quehacerpolitico.mx\/index.php?rest_route=\/wp\/v2\/posts\/128500\/revisions"}],"predecessor-version":[{"id":128502,"href":"https:\/\/quehacerpolitico.mx\/index.php?rest_route=\/wp\/v2\/posts\/128500\/revisions\/128502"}],"wp:featuredmedia":[{"embeddable":true,"href":"https:\/\/quehacerpolitico.mx\/index.php?rest_route=\/wp\/v2\/media\/128501"}],"wp:attachment":[{"href":"https:\/\/quehacerpolitico.mx\/index.php?rest_route=%2Fwp%2Fv2%2Fmedia&parent=128500"}],"wp:term":[{"taxonomy":"category","embeddable":true,"href":"https:\/\/quehacerpolitico.mx\/index.php?rest_route=%2Fwp%2Fv2%2Fcategories&post=128500"},{"taxonomy":"post_tag","embeddable":true,"href":"https:\/\/quehacerpolitico.mx\/index.php?rest_route=%2Fwp%2Fv2%2Ftags&post=128500"}],"curies":[{"name":"wp","href":"https:\/\/api.w.org\/{rel}","templated":true}]}}