{"id":128496,"date":"2026-01-27T11:14:33","date_gmt":"2026-01-27T17:14:33","guid":{"rendered":"https:\/\/quehacerpolitico.mx\/?p=128496"},"modified":"2026-01-27T11:14:48","modified_gmt":"2026-01-27T17:14:48","slug":"pemex-toma-sus-decisiones-sheinbaum-evade-hablar-del-freno-al-envio-de-un-cargamento-de-petroleo-a-cuba","status":"publish","type":"post","link":"https:\/\/quehacerpolitico.mx\/?p=128496","title":{"rendered":"&#8220;Pemex toma sus decisiones&#8221;: Sheinbaum evade hablar del freno al env\u00edo de un cargamento de petr\u00f3leo a Cuba"},"content":{"rendered":"\n<p>Por Redacci\u00f3n QP<\/p>\n\n\n\n<p>La agencia Bloomberg public\u00f3 este lunes que la paraestatal detuvo el traslado que se realizar\u00eda a mediados del mes en medio de las presiones desde Estados Unidos<\/p>\n\n\n\n<p>La presidenta&nbsp;<strong>Claudia Sheinbaum<\/strong>&nbsp;evit\u00f3 este martes hablar sobre la cancelaci\u00f3n del env\u00edo de un cargamento de petr\u00f3leo a Cuba en el marco de la presi\u00f3n de su hom\u00f3logo estadounidense,&nbsp;<strong>Donald Trump<\/strong>, a M\u00e9xico.&nbsp;<\/p>\n\n\n\n<p>Este lunes, la agencia Bloomberg inform\u00f3 que Petr\u00f3leos Mexicanos (Pemex) detuvo este traslado que&nbsp;<strong>se realizar\u00eda a mediados de enero.<\/strong><\/p>\n\n\n\n<figure class=\"wp-block-embed is-type-rich is-provider-twitter wp-block-embed-twitter\"><div class=\"wp-block-embed__wrapper\">\n<blockquote class=\"twitter-tweet\" data-width=\"550\" data-dnt=\"true\"><p lang=\"es\" dir=\"ltr\">\u201cEs una decisi\u00f3n soberana de Pemex\u201d, responde Sheinbaum tras la nota de Bloomberg sobre el env\u00edo de crudo a <a href=\"https:\/\/twitter.com\/hashtag\/Cuba?src=hash&amp;ref_src=twsrc%5Etfw\">#Cuba<\/a> \ud83c\udde8\ud83c\uddfa<br><br>Un cargamento previsto para este mes fue retirado del programa, seg\u00fan documentos a los que accedi\u00f3 la agencia <a href=\"https:\/\/t.co\/6wF8yj5vWl\">pic.twitter.com\/6wF8yj5vWl<\/a><\/p>&mdash; Manuel Lopez San Martin (@MLopezSanMartin) <a href=\"https:\/\/twitter.com\/MLopezSanMartin\/status\/2016161363513491681?ref_src=twsrc%5Etfw\">January 27, 2026<\/a><\/blockquote><script async src=\"https:\/\/platform.twitter.com\/widgets.js\" charset=\"utf-8\"><\/script>\n<\/div><\/figure>\n\n\n\n<p>&#8220;Es una decisi\u00f3n soberana y&nbsp;<strong>Pemex toma sus decisiones<\/strong>, como lo hemos dicho, la decisi\u00f3n de M\u00e9xico de vender o dar por razones humanitarias a Cuba petr\u00f3leo&#8221;, se\u00f1al\u00f3 ante la pregunta de la prensa.<\/p>\n\n\n\n<p>La mandataria insisti\u00f3 en se\u00f1alar que&nbsp;<strong>Cuba enfrenta desabasto<\/strong>&nbsp;ante el bloqueo de Estados Unidos y reiter\u00f3 su cooperaci\u00f3n con la isla como un acto solidario.<\/p>\n\n\n\n<p>&#8220;La decisi\u00f3n de cu\u00e1ndo se env\u00eda, c\u00f3mo se env\u00eda, pues es una decisi\u00f3n soberana y&nbsp;est\u00e1 en t\u00e9rminos de lo&nbsp;<strong>que defina Pemex&nbsp;<\/strong>en funci\u00f3n de los contratos o ya en todo caso del gobierno, de una decisi\u00f3n humanitaria de emplear en determinadas circunstancias&#8221;, a\u00f1adi\u00f3.&nbsp;<\/p>\n\n\n\n<p>Sin embargo, la prensa le insisti\u00f3 en que se desment\u00eda la publicaci\u00f3n de este lunes, a lo que ella se limit\u00f3 a responder: &#8220;<strong>es una decisi\u00f3n&nbsp;soberana<\/strong>&nbsp;y se toma en el momento en que sea necesario&#8221;.&nbsp;<\/p>\n\n\n\n<p>Hace unos d\u00edas, la agencia<em>&nbsp;Reuters<\/em>&nbsp;public\u00f3 que el gobierno mexicano est\u00e1 evaluando si continuaba con&nbsp;<strong>el env\u00edo de petr\u00f3leo a&nbsp;Cuba&nbsp;<\/strong>ante el creciente temor dentro del gobierno de Sheinbaum de que M\u00e9xico pueda enfrentar represalias por parte de Estados Unidos por esta pol\u00edtica<em>.&nbsp;<\/em><\/p>\n","protected":false},"excerpt":{"rendered":"<p>Por Redacci\u00f3n QP La agencia Bloomberg public\u00f3 este lunes que la paraestatal detuvo el traslado&#8230;<\/p>\n","protected":false},"author":2,"featured_media":128497,"comment_status":"open","ping_status":"open","sticky":false,"template":"","format":"standard","meta":{"_monsterinsights_skip_tracking":false,"_monsterinsights_sitenote_active":false,"_monsterinsights_sitenote_note":"","_monsterinsights_sitenote_category":0,"footnotes":""},"categories":[280,2],"tags":[],"class_list":["post-128496","post","type-post","status-publish","format-standard","has-post-thumbnail","hentry","category-nacionales","category-noticias"],"yoast_head":"<!-- This site is optimized with the Yoast SEO plugin v27.3 - https:\/\/yoast.com\/product\/yoast-seo-wordpress\/ -->\n<title>&quot;Pemex toma sus decisiones&quot;: Sheinbaum evade hablar del freno al env\u00edo de un cargamento de petr\u00f3leo a Cuba -<\/title>\n<meta name=\"robots\" content=\"index, follow, max-snippet:-1, max-image-preview:large, max-video-preview:-1\" \/>\n<link rel=\"canonical\" href=\"https:\/\/quehacerpolitico.mx\/?p=128496\" \/>\n<meta property=\"og:locale\" content=\"es_MX\" \/>\n<meta property=\"og:type\" content=\"article\" \/>\n<meta property=\"og:title\" content=\"&quot;Pemex toma sus decisiones&quot;: Sheinbaum evade hablar del freno al env\u00edo de un cargamento de petr\u00f3leo a Cuba -\" \/>\n<meta property=\"og:description\" content=\"Por Redacci\u00f3n QP La agencia Bloomberg public\u00f3 este lunes que la paraestatal detuvo el traslado...\" \/>\n<meta property=\"og:url\" content=\"https:\/\/quehacerpolitico.mx\/?p=128496\" \/>\n<meta property=\"article:published_time\" content=\"2026-01-27T17:14:33+00:00\" \/>\n<meta property=\"article:modified_time\" content=\"2026-01-27T17:14:48+00:00\" \/>\n<meta property=\"og:image\" content=\"http:\/\/quehacerpolitico.mx\/wp-content\/uploads\/2026\/01\/IMG_6298.jpeg\" \/>\n\t<meta property=\"og:image:width\" content=\"1170\" \/>\n\t<meta property=\"og:image:height\" content=\"644\" \/>\n\t<meta property=\"og:image:type\" content=\"image\/jpeg\" \/>\n<meta name=\"author\" content=\"Redacci\u00f3n QP\" \/>\n<meta name=\"twitter:card\" content=\"summary_large_image\" \/>\n<meta name=\"twitter:label1\" content=\"Escrito por\" \/>\n\t<meta name=\"twitter:data1\" content=\"Redacci\u00f3n QP\" \/>\n\t<meta name=\"twitter:label2\" content=\"Tiempo de lectura\" \/>\n\t<meta name=\"twitter:data2\" content=\"2 minutos\" \/>\n<script type=\"application\/ld+json\" class=\"yoast-schema-graph\">{\"@context\":\"https:\\\/\\\/schema.org\",\"@graph\":[{\"@type\":\"Article\",\"@id\":\"https:\\\/\\\/quehacerpolitico.mx\\\/?p=128496#article\",\"isPartOf\":{\"@id\":\"https:\\\/\\\/quehacerpolitico.mx\\\/?p=128496\"},\"author\":{\"name\":\"Redacci\u00f3n QP\",\"@id\":\"https:\\\/\\\/quehacerpolitico.mx\\\/#\\\/schema\\\/person\\\/496d8ad2d1d3f8036101dca7ee39e585\"},\"headline\":\"&#8220;Pemex toma sus decisiones&#8221;: Sheinbaum evade hablar del freno al env\u00edo de un cargamento de petr\u00f3leo a Cuba\",\"datePublished\":\"2026-01-27T17:14:33+00:00\",\"dateModified\":\"2026-01-27T17:14:48+00:00\",\"mainEntityOfPage\":{\"@id\":\"https:\\\/\\\/quehacerpolitico.mx\\\/?p=128496\"},\"wordCount\":353,\"commentCount\":0,\"image\":{\"@id\":\"https:\\\/\\\/quehacerpolitico.mx\\\/?p=128496#primaryimage\"},\"thumbnailUrl\":\"https:\\\/\\\/quehacerpolitico.mx\\\/wp-content\\\/uploads\\\/2026\\\/01\\\/IMG_6298.jpeg\",\"articleSection\":[\"Nacionales\",\"Noticias\"],\"inLanguage\":\"es\",\"potentialAction\":[{\"@type\":\"CommentAction\",\"name\":\"Comment\",\"target\":[\"https:\\\/\\\/quehacerpolitico.mx\\\/?p=128496#respond\"]}]},{\"@type\":\"WebPage\",\"@id\":\"https:\\\/\\\/quehacerpolitico.mx\\\/?p=128496\",\"url\":\"https:\\\/\\\/quehacerpolitico.mx\\\/?p=128496\",\"name\":\"\\\"Pemex toma sus decisiones\\\": Sheinbaum evade hablar del freno al env\u00edo de un cargamento de petr\u00f3leo a Cuba -\",\"isPartOf\":{\"@id\":\"https:\\\/\\\/quehacerpolitico.mx\\\/#website\"},\"primaryImageOfPage\":{\"@id\":\"https:\\\/\\\/quehacerpolitico.mx\\\/?p=128496#primaryimage\"},\"image\":{\"@id\":\"https:\\\/\\\/quehacerpolitico.mx\\\/?p=128496#primaryimage\"},\"thumbnailUrl\":\"https:\\\/\\\/quehacerpolitico.mx\\\/wp-content\\\/uploads\\\/2026\\\/01\\\/IMG_6298.jpeg\",\"datePublished\":\"2026-01-27T17:14:33+00:00\",\"dateModified\":\"2026-01-27T17:14:48+00:00\",\"author\":{\"@id\":\"https:\\\/\\\/quehacerpolitico.mx\\\/#\\\/schema\\\/person\\\/496d8ad2d1d3f8036101dca7ee39e585\"},\"breadcrumb\":{\"@id\":\"https:\\\/\\\/quehacerpolitico.mx\\\/?p=128496#breadcrumb\"},\"inLanguage\":\"es\",\"potentialAction\":[{\"@type\":\"ReadAction\",\"target\":[\"https:\\\/\\\/quehacerpolitico.mx\\\/?p=128496\"]}]},{\"@type\":\"ImageObject\",\"inLanguage\":\"es\",\"@id\":\"https:\\\/\\\/quehacerpolitico.mx\\\/?p=128496#primaryimage\",\"url\":\"https:\\\/\\\/quehacerpolitico.mx\\\/wp-content\\\/uploads\\\/2026\\\/01\\\/IMG_6298.jpeg\",\"contentUrl\":\"https:\\\/\\\/quehacerpolitico.mx\\\/wp-content\\\/uploads\\\/2026\\\/01\\\/IMG_6298.jpeg\",\"width\":1170,\"height\":644,\"caption\":\"Screenshot\"},{\"@type\":\"BreadcrumbList\",\"@id\":\"https:\\\/\\\/quehacerpolitico.mx\\\/?p=128496#breadcrumb\",\"itemListElement\":[{\"@type\":\"ListItem\",\"position\":1,\"name\":\"Inicio\",\"item\":\"https:\\\/\\\/quehacerpolitico.mx\\\/\"},{\"@type\":\"ListItem\",\"position\":2,\"name\":\"&#8220;Pemex toma sus decisiones&#8221;: Sheinbaum evade hablar del freno al env\u00edo de un cargamento de petr\u00f3leo a Cuba\"}]},{\"@type\":\"WebSite\",\"@id\":\"https:\\\/\\\/quehacerpolitico.mx\\\/#website\",\"url\":\"https:\\\/\\\/quehacerpolitico.mx\\\/\",\"name\":\"\",\"description\":\"\",\"potentialAction\":[{\"@type\":\"SearchAction\",\"target\":{\"@type\":\"EntryPoint\",\"urlTemplate\":\"https:\\\/\\\/quehacerpolitico.mx\\\/?s={search_term_string}\"},\"query-input\":{\"@type\":\"PropertyValueSpecification\",\"valueRequired\":true,\"valueName\":\"search_term_string\"}}],\"inLanguage\":\"es\"},{\"@type\":\"Person\",\"@id\":\"https:\\\/\\\/quehacerpolitico.mx\\\/#\\\/schema\\\/person\\\/496d8ad2d1d3f8036101dca7ee39e585\",\"name\":\"Redacci\u00f3n QP\",\"image\":{\"@type\":\"ImageObject\",\"inLanguage\":\"es\",\"@id\":\"https:\\\/\\\/secure.gravatar.com\\\/avatar\\\/c7164ed6fdec453195284ad24a5ae5b6e1eed2b848477fa2a4787ba9adf39a41?s=96&d=mm&r=g\",\"url\":\"https:\\\/\\\/secure.gravatar.com\\\/avatar\\\/c7164ed6fdec453195284ad24a5ae5b6e1eed2b848477fa2a4787ba9adf39a41?s=96&d=mm&r=g\",\"contentUrl\":\"https:\\\/\\\/secure.gravatar.com\\\/avatar\\\/c7164ed6fdec453195284ad24a5ae5b6e1eed2b848477fa2a4787ba9adf39a41?s=96&d=mm&r=g\",\"caption\":\"Redacci\u00f3n QP\"},\"url\":\"https:\\\/\\\/quehacerpolitico.mx\\\/?author=2\"}]}<\/script>\n<!-- \/ Yoast SEO plugin. -->","yoast_head_json":{"title":"\"Pemex toma sus decisiones\": Sheinbaum evade hablar del freno al env\u00edo de un cargamento de petr\u00f3leo a Cuba -","robots":{"index":"index","follow":"follow","max-snippet":"max-snippet:-1","max-image-preview":"max-image-preview:large","max-video-preview":"max-video-preview:-1"},"canonical":"https:\/\/quehacerpolitico.mx\/?p=128496","og_locale":"es_MX","og_type":"article","og_title":"\"Pemex toma sus decisiones\": Sheinbaum evade hablar del freno al env\u00edo de un cargamento de petr\u00f3leo a Cuba -","og_description":"Por Redacci\u00f3n QP La agencia Bloomberg public\u00f3 este lunes que la paraestatal detuvo el traslado...","og_url":"https:\/\/quehacerpolitico.mx\/?p=128496","article_published_time":"2026-01-27T17:14:33+00:00","article_modified_time":"2026-01-27T17:14:48+00:00","og_image":[{"width":1170,"height":644,"url":"http:\/\/quehacerpolitico.mx\/wp-content\/uploads\/2026\/01\/IMG_6298.jpeg","type":"image\/jpeg"}],"author":"Redacci\u00f3n QP","twitter_card":"summary_large_image","twitter_misc":{"Escrito por":"Redacci\u00f3n QP","Tiempo de lectura":"2 minutos"},"schema":{"@context":"https:\/\/schema.org","@graph":[{"@type":"Article","@id":"https:\/\/quehacerpolitico.mx\/?p=128496#article","isPartOf":{"@id":"https:\/\/quehacerpolitico.mx\/?p=128496"},"author":{"name":"Redacci\u00f3n QP","@id":"https:\/\/quehacerpolitico.mx\/#\/schema\/person\/496d8ad2d1d3f8036101dca7ee39e585"},"headline":"&#8220;Pemex toma sus decisiones&#8221;: Sheinbaum evade hablar del freno al env\u00edo de un cargamento de petr\u00f3leo a Cuba","datePublished":"2026-01-27T17:14:33+00:00","dateModified":"2026-01-27T17:14:48+00:00","mainEntityOfPage":{"@id":"https:\/\/quehacerpolitico.mx\/?p=128496"},"wordCount":353,"commentCount":0,"image":{"@id":"https:\/\/quehacerpolitico.mx\/?p=128496#primaryimage"},"thumbnailUrl":"https:\/\/quehacerpolitico.mx\/wp-content\/uploads\/2026\/01\/IMG_6298.jpeg","articleSection":["Nacionales","Noticias"],"inLanguage":"es","potentialAction":[{"@type":"CommentAction","name":"Comment","target":["https:\/\/quehacerpolitico.mx\/?p=128496#respond"]}]},{"@type":"WebPage","@id":"https:\/\/quehacerpolitico.mx\/?p=128496","url":"https:\/\/quehacerpolitico.mx\/?p=128496","name":"\"Pemex toma sus decisiones\": Sheinbaum evade hablar del freno al env\u00edo de un cargamento de petr\u00f3leo a Cuba -","isPartOf":{"@id":"https:\/\/quehacerpolitico.mx\/#website"},"primaryImageOfPage":{"@id":"https:\/\/quehacerpolitico.mx\/?p=128496#primaryimage"},"image":{"@id":"https:\/\/quehacerpolitico.mx\/?p=128496#primaryimage"},"thumbnailUrl":"https:\/\/quehacerpolitico.mx\/wp-content\/uploads\/2026\/01\/IMG_6298.jpeg","datePublished":"2026-01-27T17:14:33+00:00","dateModified":"2026-01-27T17:14:48+00:00","author":{"@id":"https:\/\/quehacerpolitico.mx\/#\/schema\/person\/496d8ad2d1d3f8036101dca7ee39e585"},"breadcrumb":{"@id":"https:\/\/quehacerpolitico.mx\/?p=128496#breadcrumb"},"inLanguage":"es","potentialAction":[{"@type":"ReadAction","target":["https:\/\/quehacerpolitico.mx\/?p=128496"]}]},{"@type":"ImageObject","inLanguage":"es","@id":"https:\/\/quehacerpolitico.mx\/?p=128496#primaryimage","url":"https:\/\/quehacerpolitico.mx\/wp-content\/uploads\/2026\/01\/IMG_6298.jpeg","contentUrl":"https:\/\/quehacerpolitico.mx\/wp-content\/uploads\/2026\/01\/IMG_6298.jpeg","width":1170,"height":644,"caption":"Screenshot"},{"@type":"BreadcrumbList","@id":"https:\/\/quehacerpolitico.mx\/?p=128496#breadcrumb","itemListElement":[{"@type":"ListItem","position":1,"name":"Inicio","item":"https:\/\/quehacerpolitico.mx\/"},{"@type":"ListItem","position":2,"name":"&#8220;Pemex toma sus decisiones&#8221;: Sheinbaum evade hablar del freno al env\u00edo de un cargamento de petr\u00f3leo a Cuba"}]},{"@type":"WebSite","@id":"https:\/\/quehacerpolitico.mx\/#website","url":"https:\/\/quehacerpolitico.mx\/","name":"","description":"","potentialAction":[{"@type":"SearchAction","target":{"@type":"EntryPoint","urlTemplate":"https:\/\/quehacerpolitico.mx\/?s={search_term_string}"},"query-input":{"@type":"PropertyValueSpecification","valueRequired":true,"valueName":"search_term_string"}}],"inLanguage":"es"},{"@type":"Person","@id":"https:\/\/quehacerpolitico.mx\/#\/schema\/person\/496d8ad2d1d3f8036101dca7ee39e585","name":"Redacci\u00f3n QP","image":{"@type":"ImageObject","inLanguage":"es","@id":"https:\/\/secure.gravatar.com\/avatar\/c7164ed6fdec453195284ad24a5ae5b6e1eed2b848477fa2a4787ba9adf39a41?s=96&d=mm&r=g","url":"https:\/\/secure.gravatar.com\/avatar\/c7164ed6fdec453195284ad24a5ae5b6e1eed2b848477fa2a4787ba9adf39a41?s=96&d=mm&r=g","contentUrl":"https:\/\/secure.gravatar.com\/avatar\/c7164ed6fdec453195284ad24a5ae5b6e1eed2b848477fa2a4787ba9adf39a41?s=96&d=mm&r=g","caption":"Redacci\u00f3n QP"},"url":"https:\/\/quehacerpolitico.mx\/?author=2"}]}},"featured_image_urls":{"full":["https:\/\/quehacerpolitico.mx\/wp-content\/uploads\/2026\/01\/IMG_6298.jpeg",1170,644,false],"thumbnail":["https:\/\/quehacerpolitico.mx\/wp-content\/uploads\/2026\/01\/IMG_6298-150x150.jpeg",150,150,true],"medium":["https:\/\/quehacerpolitico.mx\/wp-content\/uploads\/2026\/01\/IMG_6298-300x165.jpeg",300,165,true],"medium_large":["https:\/\/quehacerpolitico.mx\/wp-content\/uploads\/2026\/01\/IMG_6298-768x423.jpeg",640,353,true],"large":["https:\/\/quehacerpolitico.mx\/wp-content\/uploads\/2026\/01\/IMG_6298-1024x564.jpeg",640,353,true],"1536x1536":["https:\/\/quehacerpolitico.mx\/wp-content\/uploads\/2026\/01\/IMG_6298.jpeg",1170,644,false],"2048x2048":["https:\/\/quehacerpolitico.mx\/wp-content\/uploads\/2026\/01\/IMG_6298.jpeg",1170,644,false],"covernews-featured":["https:\/\/quehacerpolitico.mx\/wp-content\/uploads\/2026\/01\/IMG_6298-1024x564.jpeg",1024,564,true],"covernews-medium":["https:\/\/quehacerpolitico.mx\/wp-content\/uploads\/2026\/01\/IMG_6298-540x340.jpeg",540,340,true]},"author_info":{"display_name":"Redacci\u00f3n QP","author_link":"https:\/\/quehacerpolitico.mx\/?author=2"},"category_info":"<a href=\"https:\/\/quehacerpolitico.mx\/?cat=280\" rel=\"category\">Nacionales<\/a> <a href=\"https:\/\/quehacerpolitico.mx\/?cat=2\" rel=\"category\">Noticias<\/a>","tag_info":"Noticias","comment_count":"0","_links":{"self":[{"href":"https:\/\/quehacerpolitico.mx\/index.php?rest_route=\/wp\/v2\/posts\/128496","targetHints":{"allow":["GET"]}}],"collection":[{"href":"https:\/\/quehacerpolitico.mx\/index.php?rest_route=\/wp\/v2\/posts"}],"about":[{"href":"https:\/\/quehacerpolitico.mx\/index.php?rest_route=\/wp\/v2\/types\/post"}],"author":[{"embeddable":true,"href":"https:\/\/quehacerpolitico.mx\/index.php?rest_route=\/wp\/v2\/users\/2"}],"replies":[{"embeddable":true,"href":"https:\/\/quehacerpolitico.mx\/index.php?rest_route=%2Fwp%2Fv2%2Fcomments&post=128496"}],"version-history":[{"count":1,"href":"https:\/\/quehacerpolitico.mx\/index.php?rest_route=\/wp\/v2\/posts\/128496\/revisions"}],"predecessor-version":[{"id":128498,"href":"https:\/\/quehacerpolitico.mx\/index.php?rest_route=\/wp\/v2\/posts\/128496\/revisions\/128498"}],"wp:featuredmedia":[{"embeddable":true,"href":"https:\/\/quehacerpolitico.mx\/index.php?rest_route=\/wp\/v2\/media\/128497"}],"wp:attachment":[{"href":"https:\/\/quehacerpolitico.mx\/index.php?rest_route=%2Fwp%2Fv2%2Fmedia&parent=128496"}],"wp:term":[{"taxonomy":"category","embeddable":true,"href":"https:\/\/quehacerpolitico.mx\/index.php?rest_route=%2Fwp%2Fv2%2Fcategories&post=128496"},{"taxonomy":"post_tag","embeddable":true,"href":"https:\/\/quehacerpolitico.mx\/index.php?rest_route=%2Fwp%2Fv2%2Ftags&post=128496"}],"curies":[{"name":"wp","href":"https:\/\/api.w.org\/{rel}","templated":true}]}}