{"id":128493,"date":"2026-01-27T10:46:29","date_gmt":"2026-01-27T16:46:29","guid":{"rendered":"https:\/\/quehacerpolitico.mx\/?p=128493"},"modified":"2026-01-27T10:46:32","modified_gmt":"2026-01-27T16:46:32","slug":"bank-of-america-preve-un-crecimiento-de-1-2-para-la-economia-mexicana-en-2026-en-medio-de-la-incertidumbre-global","status":"publish","type":"post","link":"https:\/\/quehacerpolitico.mx\/?p=128493","title":{"rendered":"Bank of America prev\u00e9 un crecimiento de 1.2% para la econom\u00eda mexicana en 2026 en medio de la incertidumbre global"},"content":{"rendered":"\n<p>Por Redacci\u00f3n QP<\/p>\n\n\n\n<p>Sin embargo, el jefe para Latinoam\u00e9rica, Carlos\u00a0Capistr\u00e1n, se\u00f1al\u00f3 que el PIB del pa\u00eds se ha estancado en la \u00faltima d\u00e9cada con un acumulado de 5% frente al 70% de China o el 20% de Estados Unidos<\/p>\n\n\n\n<p>La&nbsp;<strong>econom\u00eda mexicana crecer\u00e1&nbsp;un 1.2%<\/strong>&nbsp;en 2026, una \u201crecuperaci\u00f3n moderada\u201d&nbsp;tras un&nbsp;0.4% en 2025,&nbsp;en un contexto de incertidumbre comercial y con las exportaciones como principal soporte, mientras&nbsp;el pa\u00eds&nbsp;enfrenta&nbsp;un&nbsp;\u201cproblema de fata de crecimiento cr\u00f3nico\u201d, seg\u00fan detall\u00f3&nbsp;el economista&nbsp;en jefe para Latinoam\u00e9rica y Canad\u00e1 de&nbsp;<strong>Bank&nbsp;of&nbsp;America<\/strong>, Carlos&nbsp;Capistr\u00e1n.<\/p>\n\n\n\n<p>En una conferencia de prensa,&nbsp;Capistr\u00e1n&nbsp;explic\u00f3&nbsp;que&nbsp;las&nbsp;<strong>exportaciones crecieron en 2025 \u201carriba del 5%\u201d<\/strong>&nbsp;en t\u00e9rminos reales,&nbsp;pese a la incertidumbre y la volatilidad asociadas a los aranceles&nbsp;impulsados desde Washington, y anticip\u00f3 que en 2026 podr\u00edan volver a expandirse por encima de ese umbral.<\/p>\n\n\n\n<p>En\u00a0este sentido, afirm\u00f3 que el a\u00f1o pasado\u00a0<strong>M\u00e9xico evit\u00f3 una recesi\u00f3n<\/strong>\u201cb\u00e1sicamente porque las exportaciones respondieron bien\u201d, en un entorno que describi\u00f3 como de incertidumbre y nuevos aranceles.<\/p>\n\n\n\n<p>En su diagn\u00f3stico de largo plazo,\u00a0Capistr\u00e1n\u00a0sostuvo que el\u00a0producto\u00a0interno bruto (PIB)\u00a0per c\u00e1pita del pa\u00eds \u201cb\u00e1sicamente\u00a0<strong>no ha crecido\u201d en la \u00faltima d\u00e9cada\u00a0<\/strong>y lo calific\u00f3 como \u201cestancado\u201d.<\/p>\n\n\n\n<p>Con informaci\u00f3n de EFE<br><br><br><br><br><\/p>\n","protected":false},"excerpt":{"rendered":"<p>Por Redacci\u00f3n QP Sin embargo, el jefe para Latinoam\u00e9rica, Carlos\u00a0Capistr\u00e1n, se\u00f1al\u00f3 que el PIB del&#8230;<\/p>\n","protected":false},"author":2,"featured_media":128494,"comment_status":"open","ping_status":"open","sticky":false,"template":"","format":"standard","meta":{"_monsterinsights_skip_tracking":false,"_monsterinsights_sitenote_active":false,"_monsterinsights_sitenote_note":"","_monsterinsights_sitenote_category":0,"footnotes":""},"categories":[56],"tags":[],"class_list":["post-128493","post","type-post","status-publish","format-standard","has-post-thumbnail","hentry","category-economia"],"yoast_head":"<!-- This site is optimized with the Yoast SEO plugin v27.3 - https:\/\/yoast.com\/product\/yoast-seo-wordpress\/ -->\n<title>Bank of America prev\u00e9 un crecimiento de 1.2% para la econom\u00eda mexicana en 2026 en medio de la incertidumbre global -<\/title>\n<meta name=\"robots\" content=\"index, follow, max-snippet:-1, max-image-preview:large, max-video-preview:-1\" \/>\n<link rel=\"canonical\" href=\"https:\/\/quehacerpolitico.mx\/?p=128493\" \/>\n<meta property=\"og:locale\" content=\"es_MX\" \/>\n<meta property=\"og:type\" content=\"article\" \/>\n<meta property=\"og:title\" content=\"Bank of America prev\u00e9 un crecimiento de 1.2% para la econom\u00eda mexicana en 2026 en medio de la incertidumbre global -\" \/>\n<meta property=\"og:description\" content=\"Por Redacci\u00f3n QP Sin embargo, el jefe para Latinoam\u00e9rica, Carlos\u00a0Capistr\u00e1n, se\u00f1al\u00f3 que el PIB del...\" \/>\n<meta property=\"og:url\" content=\"https:\/\/quehacerpolitico.mx\/?p=128493\" \/>\n<meta property=\"article:published_time\" content=\"2026-01-27T16:46:29+00:00\" \/>\n<meta property=\"article:modified_time\" content=\"2026-01-27T16:46:32+00:00\" \/>\n<meta property=\"og:image\" content=\"http:\/\/quehacerpolitico.mx\/wp-content\/uploads\/2026\/01\/IMG_6297.png\" \/>\n\t<meta property=\"og:image:width\" content=\"600\" \/>\n\t<meta property=\"og:image:height\" content=\"300\" \/>\n\t<meta property=\"og:image:type\" content=\"image\/png\" \/>\n<meta name=\"author\" content=\"Redacci\u00f3n QP\" \/>\n<meta name=\"twitter:card\" content=\"summary_large_image\" \/>\n<meta name=\"twitter:label1\" content=\"Escrito por\" \/>\n\t<meta name=\"twitter:data1\" content=\"Redacci\u00f3n QP\" \/>\n\t<meta name=\"twitter:label2\" content=\"Tiempo de lectura\" \/>\n\t<meta name=\"twitter:data2\" content=\"2 minutos\" \/>\n<script type=\"application\/ld+json\" class=\"yoast-schema-graph\">{\"@context\":\"https:\\\/\\\/schema.org\",\"@graph\":[{\"@type\":\"Article\",\"@id\":\"https:\\\/\\\/quehacerpolitico.mx\\\/?p=128493#article\",\"isPartOf\":{\"@id\":\"https:\\\/\\\/quehacerpolitico.mx\\\/?p=128493\"},\"author\":{\"name\":\"Redacci\u00f3n QP\",\"@id\":\"https:\\\/\\\/quehacerpolitico.mx\\\/#\\\/schema\\\/person\\\/496d8ad2d1d3f8036101dca7ee39e585\"},\"headline\":\"Bank of America prev\u00e9 un crecimiento de 1.2% para la econom\u00eda mexicana en 2026 en medio de la incertidumbre global\",\"datePublished\":\"2026-01-27T16:46:29+00:00\",\"dateModified\":\"2026-01-27T16:46:32+00:00\",\"mainEntityOfPage\":{\"@id\":\"https:\\\/\\\/quehacerpolitico.mx\\\/?p=128493\"},\"wordCount\":267,\"commentCount\":0,\"image\":{\"@id\":\"https:\\\/\\\/quehacerpolitico.mx\\\/?p=128493#primaryimage\"},\"thumbnailUrl\":\"https:\\\/\\\/quehacerpolitico.mx\\\/wp-content\\\/uploads\\\/2026\\\/01\\\/IMG_6297.png\",\"articleSection\":[\"Econom\u00eda\"],\"inLanguage\":\"es\",\"potentialAction\":[{\"@type\":\"CommentAction\",\"name\":\"Comment\",\"target\":[\"https:\\\/\\\/quehacerpolitico.mx\\\/?p=128493#respond\"]}]},{\"@type\":\"WebPage\",\"@id\":\"https:\\\/\\\/quehacerpolitico.mx\\\/?p=128493\",\"url\":\"https:\\\/\\\/quehacerpolitico.mx\\\/?p=128493\",\"name\":\"Bank of America prev\u00e9 un crecimiento de 1.2% para la econom\u00eda mexicana en 2026 en medio de la incertidumbre global -\",\"isPartOf\":{\"@id\":\"https:\\\/\\\/quehacerpolitico.mx\\\/#website\"},\"primaryImageOfPage\":{\"@id\":\"https:\\\/\\\/quehacerpolitico.mx\\\/?p=128493#primaryimage\"},\"image\":{\"@id\":\"https:\\\/\\\/quehacerpolitico.mx\\\/?p=128493#primaryimage\"},\"thumbnailUrl\":\"https:\\\/\\\/quehacerpolitico.mx\\\/wp-content\\\/uploads\\\/2026\\\/01\\\/IMG_6297.png\",\"datePublished\":\"2026-01-27T16:46:29+00:00\",\"dateModified\":\"2026-01-27T16:46:32+00:00\",\"author\":{\"@id\":\"https:\\\/\\\/quehacerpolitico.mx\\\/#\\\/schema\\\/person\\\/496d8ad2d1d3f8036101dca7ee39e585\"},\"breadcrumb\":{\"@id\":\"https:\\\/\\\/quehacerpolitico.mx\\\/?p=128493#breadcrumb\"},\"inLanguage\":\"es\",\"potentialAction\":[{\"@type\":\"ReadAction\",\"target\":[\"https:\\\/\\\/quehacerpolitico.mx\\\/?p=128493\"]}]},{\"@type\":\"ImageObject\",\"inLanguage\":\"es\",\"@id\":\"https:\\\/\\\/quehacerpolitico.mx\\\/?p=128493#primaryimage\",\"url\":\"https:\\\/\\\/quehacerpolitico.mx\\\/wp-content\\\/uploads\\\/2026\\\/01\\\/IMG_6297.png\",\"contentUrl\":\"https:\\\/\\\/quehacerpolitico.mx\\\/wp-content\\\/uploads\\\/2026\\\/01\\\/IMG_6297.png\",\"width\":600,\"height\":300},{\"@type\":\"BreadcrumbList\",\"@id\":\"https:\\\/\\\/quehacerpolitico.mx\\\/?p=128493#breadcrumb\",\"itemListElement\":[{\"@type\":\"ListItem\",\"position\":1,\"name\":\"Inicio\",\"item\":\"https:\\\/\\\/quehacerpolitico.mx\\\/\"},{\"@type\":\"ListItem\",\"position\":2,\"name\":\"Bank of America prev\u00e9 un crecimiento de 1.2% para la econom\u00eda mexicana en 2026 en medio de la incertidumbre global\"}]},{\"@type\":\"WebSite\",\"@id\":\"https:\\\/\\\/quehacerpolitico.mx\\\/#website\",\"url\":\"https:\\\/\\\/quehacerpolitico.mx\\\/\",\"name\":\"\",\"description\":\"\",\"potentialAction\":[{\"@type\":\"SearchAction\",\"target\":{\"@type\":\"EntryPoint\",\"urlTemplate\":\"https:\\\/\\\/quehacerpolitico.mx\\\/?s={search_term_string}\"},\"query-input\":{\"@type\":\"PropertyValueSpecification\",\"valueRequired\":true,\"valueName\":\"search_term_string\"}}],\"inLanguage\":\"es\"},{\"@type\":\"Person\",\"@id\":\"https:\\\/\\\/quehacerpolitico.mx\\\/#\\\/schema\\\/person\\\/496d8ad2d1d3f8036101dca7ee39e585\",\"name\":\"Redacci\u00f3n QP\",\"image\":{\"@type\":\"ImageObject\",\"inLanguage\":\"es\",\"@id\":\"https:\\\/\\\/secure.gravatar.com\\\/avatar\\\/c7164ed6fdec453195284ad24a5ae5b6e1eed2b848477fa2a4787ba9adf39a41?s=96&d=mm&r=g\",\"url\":\"https:\\\/\\\/secure.gravatar.com\\\/avatar\\\/c7164ed6fdec453195284ad24a5ae5b6e1eed2b848477fa2a4787ba9adf39a41?s=96&d=mm&r=g\",\"contentUrl\":\"https:\\\/\\\/secure.gravatar.com\\\/avatar\\\/c7164ed6fdec453195284ad24a5ae5b6e1eed2b848477fa2a4787ba9adf39a41?s=96&d=mm&r=g\",\"caption\":\"Redacci\u00f3n QP\"},\"url\":\"https:\\\/\\\/quehacerpolitico.mx\\\/?author=2\"}]}<\/script>\n<!-- \/ Yoast SEO plugin. -->","yoast_head_json":{"title":"Bank of America prev\u00e9 un crecimiento de 1.2% para la econom\u00eda mexicana en 2026 en medio de la incertidumbre global -","robots":{"index":"index","follow":"follow","max-snippet":"max-snippet:-1","max-image-preview":"max-image-preview:large","max-video-preview":"max-video-preview:-1"},"canonical":"https:\/\/quehacerpolitico.mx\/?p=128493","og_locale":"es_MX","og_type":"article","og_title":"Bank of America prev\u00e9 un crecimiento de 1.2% para la econom\u00eda mexicana en 2026 en medio de la incertidumbre global -","og_description":"Por Redacci\u00f3n QP Sin embargo, el jefe para Latinoam\u00e9rica, Carlos\u00a0Capistr\u00e1n, se\u00f1al\u00f3 que el PIB del...","og_url":"https:\/\/quehacerpolitico.mx\/?p=128493","article_published_time":"2026-01-27T16:46:29+00:00","article_modified_time":"2026-01-27T16:46:32+00:00","og_image":[{"width":600,"height":300,"url":"http:\/\/quehacerpolitico.mx\/wp-content\/uploads\/2026\/01\/IMG_6297.png","type":"image\/png"}],"author":"Redacci\u00f3n QP","twitter_card":"summary_large_image","twitter_misc":{"Escrito por":"Redacci\u00f3n QP","Tiempo de lectura":"2 minutos"},"schema":{"@context":"https:\/\/schema.org","@graph":[{"@type":"Article","@id":"https:\/\/quehacerpolitico.mx\/?p=128493#article","isPartOf":{"@id":"https:\/\/quehacerpolitico.mx\/?p=128493"},"author":{"name":"Redacci\u00f3n QP","@id":"https:\/\/quehacerpolitico.mx\/#\/schema\/person\/496d8ad2d1d3f8036101dca7ee39e585"},"headline":"Bank of America prev\u00e9 un crecimiento de 1.2% para la econom\u00eda mexicana en 2026 en medio de la incertidumbre global","datePublished":"2026-01-27T16:46:29+00:00","dateModified":"2026-01-27T16:46:32+00:00","mainEntityOfPage":{"@id":"https:\/\/quehacerpolitico.mx\/?p=128493"},"wordCount":267,"commentCount":0,"image":{"@id":"https:\/\/quehacerpolitico.mx\/?p=128493#primaryimage"},"thumbnailUrl":"https:\/\/quehacerpolitico.mx\/wp-content\/uploads\/2026\/01\/IMG_6297.png","articleSection":["Econom\u00eda"],"inLanguage":"es","potentialAction":[{"@type":"CommentAction","name":"Comment","target":["https:\/\/quehacerpolitico.mx\/?p=128493#respond"]}]},{"@type":"WebPage","@id":"https:\/\/quehacerpolitico.mx\/?p=128493","url":"https:\/\/quehacerpolitico.mx\/?p=128493","name":"Bank of America prev\u00e9 un crecimiento de 1.2% para la econom\u00eda mexicana en 2026 en medio de la incertidumbre global -","isPartOf":{"@id":"https:\/\/quehacerpolitico.mx\/#website"},"primaryImageOfPage":{"@id":"https:\/\/quehacerpolitico.mx\/?p=128493#primaryimage"},"image":{"@id":"https:\/\/quehacerpolitico.mx\/?p=128493#primaryimage"},"thumbnailUrl":"https:\/\/quehacerpolitico.mx\/wp-content\/uploads\/2026\/01\/IMG_6297.png","datePublished":"2026-01-27T16:46:29+00:00","dateModified":"2026-01-27T16:46:32+00:00","author":{"@id":"https:\/\/quehacerpolitico.mx\/#\/schema\/person\/496d8ad2d1d3f8036101dca7ee39e585"},"breadcrumb":{"@id":"https:\/\/quehacerpolitico.mx\/?p=128493#breadcrumb"},"inLanguage":"es","potentialAction":[{"@type":"ReadAction","target":["https:\/\/quehacerpolitico.mx\/?p=128493"]}]},{"@type":"ImageObject","inLanguage":"es","@id":"https:\/\/quehacerpolitico.mx\/?p=128493#primaryimage","url":"https:\/\/quehacerpolitico.mx\/wp-content\/uploads\/2026\/01\/IMG_6297.png","contentUrl":"https:\/\/quehacerpolitico.mx\/wp-content\/uploads\/2026\/01\/IMG_6297.png","width":600,"height":300},{"@type":"BreadcrumbList","@id":"https:\/\/quehacerpolitico.mx\/?p=128493#breadcrumb","itemListElement":[{"@type":"ListItem","position":1,"name":"Inicio","item":"https:\/\/quehacerpolitico.mx\/"},{"@type":"ListItem","position":2,"name":"Bank of America prev\u00e9 un crecimiento de 1.2% para la econom\u00eda mexicana en 2026 en medio de la incertidumbre global"}]},{"@type":"WebSite","@id":"https:\/\/quehacerpolitico.mx\/#website","url":"https:\/\/quehacerpolitico.mx\/","name":"","description":"","potentialAction":[{"@type":"SearchAction","target":{"@type":"EntryPoint","urlTemplate":"https:\/\/quehacerpolitico.mx\/?s={search_term_string}"},"query-input":{"@type":"PropertyValueSpecification","valueRequired":true,"valueName":"search_term_string"}}],"inLanguage":"es"},{"@type":"Person","@id":"https:\/\/quehacerpolitico.mx\/#\/schema\/person\/496d8ad2d1d3f8036101dca7ee39e585","name":"Redacci\u00f3n QP","image":{"@type":"ImageObject","inLanguage":"es","@id":"https:\/\/secure.gravatar.com\/avatar\/c7164ed6fdec453195284ad24a5ae5b6e1eed2b848477fa2a4787ba9adf39a41?s=96&d=mm&r=g","url":"https:\/\/secure.gravatar.com\/avatar\/c7164ed6fdec453195284ad24a5ae5b6e1eed2b848477fa2a4787ba9adf39a41?s=96&d=mm&r=g","contentUrl":"https:\/\/secure.gravatar.com\/avatar\/c7164ed6fdec453195284ad24a5ae5b6e1eed2b848477fa2a4787ba9adf39a41?s=96&d=mm&r=g","caption":"Redacci\u00f3n QP"},"url":"https:\/\/quehacerpolitico.mx\/?author=2"}]}},"featured_image_urls":{"full":["https:\/\/quehacerpolitico.mx\/wp-content\/uploads\/2026\/01\/IMG_6297.png",600,300,false],"thumbnail":["https:\/\/quehacerpolitico.mx\/wp-content\/uploads\/2026\/01\/IMG_6297-150x150.png",150,150,true],"medium":["https:\/\/quehacerpolitico.mx\/wp-content\/uploads\/2026\/01\/IMG_6297-300x150.png",300,150,true],"medium_large":["https:\/\/quehacerpolitico.mx\/wp-content\/uploads\/2026\/01\/IMG_6297.png",600,300,false],"large":["https:\/\/quehacerpolitico.mx\/wp-content\/uploads\/2026\/01\/IMG_6297.png",600,300,false],"1536x1536":["https:\/\/quehacerpolitico.mx\/wp-content\/uploads\/2026\/01\/IMG_6297.png",600,300,false],"2048x2048":["https:\/\/quehacerpolitico.mx\/wp-content\/uploads\/2026\/01\/IMG_6297.png",600,300,false],"covernews-featured":["https:\/\/quehacerpolitico.mx\/wp-content\/uploads\/2026\/01\/IMG_6297.png",600,300,false],"covernews-medium":["https:\/\/quehacerpolitico.mx\/wp-content\/uploads\/2026\/01\/IMG_6297-540x300.png",540,300,true]},"author_info":{"display_name":"Redacci\u00f3n QP","author_link":"https:\/\/quehacerpolitico.mx\/?author=2"},"category_info":"<a href=\"https:\/\/quehacerpolitico.mx\/?cat=56\" rel=\"category\">Econom\u00eda<\/a>","tag_info":"Econom\u00eda","comment_count":"0","_links":{"self":[{"href":"https:\/\/quehacerpolitico.mx\/index.php?rest_route=\/wp\/v2\/posts\/128493","targetHints":{"allow":["GET"]}}],"collection":[{"href":"https:\/\/quehacerpolitico.mx\/index.php?rest_route=\/wp\/v2\/posts"}],"about":[{"href":"https:\/\/quehacerpolitico.mx\/index.php?rest_route=\/wp\/v2\/types\/post"}],"author":[{"embeddable":true,"href":"https:\/\/quehacerpolitico.mx\/index.php?rest_route=\/wp\/v2\/users\/2"}],"replies":[{"embeddable":true,"href":"https:\/\/quehacerpolitico.mx\/index.php?rest_route=%2Fwp%2Fv2%2Fcomments&post=128493"}],"version-history":[{"count":1,"href":"https:\/\/quehacerpolitico.mx\/index.php?rest_route=\/wp\/v2\/posts\/128493\/revisions"}],"predecessor-version":[{"id":128495,"href":"https:\/\/quehacerpolitico.mx\/index.php?rest_route=\/wp\/v2\/posts\/128493\/revisions\/128495"}],"wp:featuredmedia":[{"embeddable":true,"href":"https:\/\/quehacerpolitico.mx\/index.php?rest_route=\/wp\/v2\/media\/128494"}],"wp:attachment":[{"href":"https:\/\/quehacerpolitico.mx\/index.php?rest_route=%2Fwp%2Fv2%2Fmedia&parent=128493"}],"wp:term":[{"taxonomy":"category","embeddable":true,"href":"https:\/\/quehacerpolitico.mx\/index.php?rest_route=%2Fwp%2Fv2%2Fcategories&post=128493"},{"taxonomy":"post_tag","embeddable":true,"href":"https:\/\/quehacerpolitico.mx\/index.php?rest_route=%2Fwp%2Fv2%2Ftags&post=128493"}],"curies":[{"name":"wp","href":"https:\/\/api.w.org\/{rel}","templated":true}]}}