{"id":128087,"date":"2026-01-16T21:28:25","date_gmt":"2026-01-17T03:28:25","guid":{"rendered":"https:\/\/quehacerpolitico.mx\/?p=128087"},"modified":"2026-01-16T21:28:28","modified_gmt":"2026-01-17T03:28:28","slug":"el-quehacer-politico-en-la-cultura-a-traves-del-enfoque-litza-deniss-duran-espinosa-en-2026-sumate-a-los-semilleros-creativos-del-programa-cultura-comunitaria","status":"publish","type":"post","link":"https:\/\/quehacerpolitico.mx\/?p=128087","title":{"rendered":"El Quehacer Pol\u00edtico en la Cultura a trav\u00e9s del Enfoque\/\/\/Litza Deniss Dur\u00e1n Espinosa\/\/\/EN 2026, S\u00daMATE A LOS SEMILLEROS CREATIVOS DEL PROGRAMA CULTURA COMUNITARIA"},"content":{"rendered":"\n<p>Por Litza Deniss Dur\u00e1n Espinosa<\/p>\n\n\n\n<ul class=\"wp-block-list\">\n<li><strong>Las y los participantes explora<\/strong><strong>n\u00a0<\/strong><strong>diversas disciplinas art\u00edsticas y oficios tradicionales<\/strong><\/li>\n\n\n\n<li><strong>Inscripciones abiertas todo el a\u00f1o, en l<\/strong><strong>a<\/strong><strong>s 32\u00a0<\/strong><strong>entidades<\/strong><strong>\u00a0del pa\u00eds<\/strong><\/li>\n\n\n\n<li><strong>La Secretar\u00eda de Cultura del Gobierno de M\u00e9xico invita a ni\u00f1as, ni\u00f1os y j\u00f3venes de todo el pa\u00eds<\/strong><\/li>\n<\/ul>\n\n\n\n<p>La Secretar\u00eda de Cultura del Gobierno de M\u00e9xico, a trav\u00e9s de la Direcci\u00f3n General de Vinculaci\u00f3n Cultural (DGVC) y el programa Cultura Comunitaria, invita a ni\u00f1as, ni\u00f1os y j\u00f3venes de todo el pa\u00eds a sumarse a los Semilleros Creativos, en los que aprenden sobre dibujo, grabado, pintura, escultura, literatura, m\u00fasica, danza, teatro, circo, radio, fotograf\u00eda, cinematograf\u00eda, oficios tradicionales, entre otros lenguajes art\u00edsticos y expresiones culturales.<\/p>\n\n\n\n<figure class=\"wp-block-gallery has-nested-images columns-default is-cropped wp-block-gallery-1 is-layout-flex wp-block-gallery-is-layout-flex\">\n<figure class=\"wp-block-image size-large\"><img loading=\"lazy\" decoding=\"async\" width=\"1024\" height=\"682\" data-id=\"128089\" src=\"https:\/\/quehacerpolitico.mx\/wp-content\/uploads\/2026\/01\/IMG_6063-1024x682.jpeg\" alt=\"\" class=\"wp-image-128089\" srcset=\"https:\/\/quehacerpolitico.mx\/wp-content\/uploads\/2026\/01\/IMG_6063-1024x682.jpeg 1024w, https:\/\/quehacerpolitico.mx\/wp-content\/uploads\/2026\/01\/IMG_6063-300x200.jpeg 300w, https:\/\/quehacerpolitico.mx\/wp-content\/uploads\/2026\/01\/IMG_6063-768x512.jpeg 768w, https:\/\/quehacerpolitico.mx\/wp-content\/uploads\/2026\/01\/IMG_6063.jpeg 1280w\" sizes=\"auto, (max-width: 1024px) 100vw, 1024px\" \/><\/figure>\n\n\n\n<figure class=\"wp-block-image size-large\"><img loading=\"lazy\" decoding=\"async\" width=\"768\" height=\"1024\" data-id=\"128090\" src=\"https:\/\/quehacerpolitico.mx\/wp-content\/uploads\/2026\/01\/IMG_6064-768x1024.jpeg\" alt=\"\" class=\"wp-image-128090\" srcset=\"https:\/\/quehacerpolitico.mx\/wp-content\/uploads\/2026\/01\/IMG_6064-768x1024.jpeg 768w, https:\/\/quehacerpolitico.mx\/wp-content\/uploads\/2026\/01\/IMG_6064-225x300.jpeg 225w, https:\/\/quehacerpolitico.mx\/wp-content\/uploads\/2026\/01\/IMG_6064.jpeg 960w\" sizes=\"auto, (max-width: 768px) 100vw, 768px\" \/><\/figure>\n\n\n\n<figure class=\"wp-block-image size-large\"><img loading=\"lazy\" decoding=\"async\" width=\"1024\" height=\"1024\" data-id=\"128091\" src=\"https:\/\/quehacerpolitico.mx\/wp-content\/uploads\/2026\/01\/IMG_6065-1024x1024.jpeg\" alt=\"\" class=\"wp-image-128091\" srcset=\"https:\/\/quehacerpolitico.mx\/wp-content\/uploads\/2026\/01\/IMG_6065-1024x1024.jpeg 1024w, https:\/\/quehacerpolitico.mx\/wp-content\/uploads\/2026\/01\/IMG_6065-300x300.jpeg 300w, https:\/\/quehacerpolitico.mx\/wp-content\/uploads\/2026\/01\/IMG_6065-150x150.jpeg 150w, https:\/\/quehacerpolitico.mx\/wp-content\/uploads\/2026\/01\/IMG_6065-768x768.jpeg 768w, https:\/\/quehacerpolitico.mx\/wp-content\/uploads\/2026\/01\/IMG_6065.jpeg 1080w\" sizes=\"auto, (max-width: 1024px) 100vw, 1024px\" \/><\/figure>\n<\/figure>\n\n\n\n<p>Son grupos de formaci\u00f3n art\u00edstica gratuita integrados por infancias y juventudes en contextos de vulnerabilidad social, espacios de arte y construcci\u00f3n de paz que tienen como objetivo promover la participaci\u00f3n en la vida art\u00edstica de las comunidades, fortalecer el pensamiento cr\u00edtico y empoderar a las infancias y juventudes como agentes de cambio en sus regiones.<\/p>\n\n\n\n<p>Adem\u00e1s, desarrollan y fomentan habilidades sociales como la confianza, la solidaridad, el compa\u00f1erismo y la sensibilidad en favor de una transformaci\u00f3n personal, familiar y comunitaria.<\/p>\n\n\n\n<p>Los Semilleros Creativos tambi\u00e9n son \u201cterritorios de reconstrucci\u00f3n del tejido social&#8221;. En ellos se busca que la cultura se entienda como un derecho y como una herramienta viva para que ni\u00f1as, ni\u00f1os y j\u00f3venes fortalezcan su identidad, su comunidad y su capacidad de imaginar futuros posibles\u201d, afirma la coordinadora regional de Semilleros Creativos Occidente, Amairani Cabrera Alvarado.<\/p>\n\n\n\n<p><strong>2025, un a\u00f1o de creaci\u00f3n, participaci\u00f3n y vida comunitaria<\/strong><\/p>\n\n\n\n<p>Durante 2025, los Semilleros Creativos consolidaron sus procesos de formaci\u00f3n y ampliaron su presencia en espacios locales y nacionales. Ni\u00f1as, ni\u00f1os y j\u00f3venes compartieron con sus comunidades los resultados de su trabajo a trav\u00e9s de encuentros, presentaciones y festivales, actividades en las que visibilizaron las lenguas originarias, los saberes locales y las diversas expresiones art\u00edsticas. Dichas acciones se fortalecieron con la participaci\u00f3n cultural, el orgullo identitario y el ejercicio de sus derechos culturales desde los territorios.<\/p>\n\n\n\n<p>Como parte de sus actividades, diversos Semilleros Creativos participaron en la inauguraci\u00f3n del 53 Festival Internacional Cervantino (FIC), con el Fandango Monumental, lo que confirm\u00f3 a dichos grupos como un modelo de formaci\u00f3n art\u00edstica con impacto nacional y vocaci\u00f3n comunitaria.<\/p>\n\n\n\n<figure class=\"wp-block-gallery has-nested-images columns-default is-cropped wp-block-gallery-2 is-layout-flex wp-block-gallery-is-layout-flex\">\n<figure class=\"wp-block-image size-large\"><img loading=\"lazy\" decoding=\"async\" width=\"1024\" height=\"683\" data-id=\"128095\" src=\"https:\/\/quehacerpolitico.mx\/wp-content\/uploads\/2026\/01\/IMG_6066-1024x683.jpeg\" alt=\"\" class=\"wp-image-128095\" srcset=\"https:\/\/quehacerpolitico.mx\/wp-content\/uploads\/2026\/01\/IMG_6066-1024x683.jpeg 1024w, https:\/\/quehacerpolitico.mx\/wp-content\/uploads\/2026\/01\/IMG_6066-300x200.jpeg 300w, https:\/\/quehacerpolitico.mx\/wp-content\/uploads\/2026\/01\/IMG_6066-768x512.jpeg 768w, https:\/\/quehacerpolitico.mx\/wp-content\/uploads\/2026\/01\/IMG_6066-1536x1024.jpeg 1536w, https:\/\/quehacerpolitico.mx\/wp-content\/uploads\/2026\/01\/IMG_6066.jpeg 2048w\" sizes=\"auto, (max-width: 1024px) 100vw, 1024px\" \/><\/figure>\n\n\n\n<figure class=\"wp-block-image size-large\"><img loading=\"lazy\" decoding=\"async\" width=\"700\" height=\"466\" data-id=\"128092\" src=\"https:\/\/quehacerpolitico.mx\/wp-content\/uploads\/2026\/01\/IMG_6067.jpeg\" alt=\"\" class=\"wp-image-128092\" srcset=\"https:\/\/quehacerpolitico.mx\/wp-content\/uploads\/2026\/01\/IMG_6067.jpeg 700w, https:\/\/quehacerpolitico.mx\/wp-content\/uploads\/2026\/01\/IMG_6067-300x200.jpeg 300w\" sizes=\"auto, (max-width: 700px) 100vw, 700px\" \/><\/figure>\n\n\n\n<figure class=\"wp-block-image size-large\"><img loading=\"lazy\" decoding=\"async\" width=\"1024\" height=\"768\" data-id=\"128093\" src=\"https:\/\/quehacerpolitico.mx\/wp-content\/uploads\/2026\/01\/IMG_6068-1024x768.jpeg\" alt=\"\" class=\"wp-image-128093\" srcset=\"https:\/\/quehacerpolitico.mx\/wp-content\/uploads\/2026\/01\/IMG_6068-1024x768.jpeg 1024w, https:\/\/quehacerpolitico.mx\/wp-content\/uploads\/2026\/01\/IMG_6068-300x225.jpeg 300w, https:\/\/quehacerpolitico.mx\/wp-content\/uploads\/2026\/01\/IMG_6068-768x576.jpeg 768w, https:\/\/quehacerpolitico.mx\/wp-content\/uploads\/2026\/01\/IMG_6068.jpeg 1080w\" sizes=\"auto, (max-width: 1024px) 100vw, 1024px\" \/><\/figure>\n\n\n\n<figure class=\"wp-block-image size-large\"><img loading=\"lazy\" decoding=\"async\" width=\"1024\" height=\"1024\" data-id=\"128094\" src=\"https:\/\/quehacerpolitico.mx\/wp-content\/uploads\/2026\/01\/IMG_6069-1024x1024.jpeg\" alt=\"\" class=\"wp-image-128094\" srcset=\"https:\/\/quehacerpolitico.mx\/wp-content\/uploads\/2026\/01\/IMG_6069-1024x1024.jpeg 1024w, https:\/\/quehacerpolitico.mx\/wp-content\/uploads\/2026\/01\/IMG_6069-300x300.jpeg 300w, https:\/\/quehacerpolitico.mx\/wp-content\/uploads\/2026\/01\/IMG_6069-150x150.jpeg 150w, https:\/\/quehacerpolitico.mx\/wp-content\/uploads\/2026\/01\/IMG_6069-768x768.jpeg 768w, https:\/\/quehacerpolitico.mx\/wp-content\/uploads\/2026\/01\/IMG_6069.jpeg 1080w\" sizes=\"auto, (max-width: 1024px) 100vw, 1024px\" \/><\/figure>\n<\/figure>\n\n\n\n<p>Asimismo, la Fiesta de Culturas Comunitarias 2025 Yoltlajtoli \u2013 Voces Vivas, realizada en el Z\u00f3calo de la Ciudad de M\u00e9xico, en la que m\u00e1s de mil 500 participantes de 26 entidades del pa\u00eds celebraron la diversidad ling\u00fc\u00edstica nacional, entre otros eventos.<\/p>\n\n\n\n<p>Las inscripciones est\u00e1n abiertas todo el a\u00f1o. Las personas interesadas en sumarse a la gran comunidad pueden consultar la informaci\u00f3n de la sede m\u00e1s cercana en la p\u00e1gina web:&nbsp;<a href=\"https:\/\/culturacomunitaria.cultura.gob.mx\/\" target=\"_blank\" rel=\"noreferrer noopener\">culturacomunitaria.cultura.<wbr>gob.mx,<\/a>&nbsp;en el apartado de Semilleros Creativos.<\/p>\n\n\n\n<p><strong>Fortalecimiento de Semilleros Creativos en Michoac\u00e1n<\/strong><\/p>\n\n\n\n<p>Debido al trabajo en territorio que realizan los Semilleros Creativos, para 2026 se anuncian nuevas acciones espec\u00edficas en el marco del Plan Michoac\u00e1n por la Paz y la Justicia: se abrir\u00e1n nuevos grupos y fortalecer\u00e1n los existentes, como parte de la estrategia para ampliar el acceso a la formaci\u00f3n art\u00edstica comunitaria de ni\u00f1as, ni\u00f1os y j\u00f3venes, con \u00e9nfasis en la cultura de paz.<\/p>\n","protected":false},"excerpt":{"rendered":"<p>Por Litza Deniss Dur\u00e1n Espinosa La Secretar\u00eda de Cultura del Gobierno de M\u00e9xico, a trav\u00e9s&#8230;<\/p>\n","protected":false},"author":2,"featured_media":128088,"comment_status":"open","ping_status":"open","sticky":false,"template":"","format":"standard","meta":{"_monsterinsights_skip_tracking":false,"_monsterinsights_sitenote_active":false,"_monsterinsights_sitenote_note":"","_monsterinsights_sitenote_category":0,"footnotes":""},"categories":[58],"tags":[],"class_list":["post-128087","post","type-post","status-publish","format-standard","has-post-thumbnail","hentry","category-cultura"],"yoast_head":"<!-- This site is optimized with the Yoast SEO plugin v27.3 - https:\/\/yoast.com\/product\/yoast-seo-wordpress\/ -->\n<title>El Quehacer Pol\u00edtico en la Cultura a trav\u00e9s del Enfoque\/\/\/Litza Deniss Dur\u00e1n Espinosa\/\/\/EN 2026, S\u00daMATE A LOS SEMILLEROS CREATIVOS DEL PROGRAMA CULTURA COMUNITARIA -<\/title>\n<meta name=\"robots\" content=\"index, follow, max-snippet:-1, max-image-preview:large, max-video-preview:-1\" \/>\n<link rel=\"canonical\" href=\"https:\/\/quehacerpolitico.mx\/?p=128087\" \/>\n<meta property=\"og:locale\" content=\"es_MX\" \/>\n<meta property=\"og:type\" content=\"article\" \/>\n<meta property=\"og:title\" content=\"El Quehacer Pol\u00edtico en la Cultura a trav\u00e9s del Enfoque\/\/\/Litza Deniss Dur\u00e1n Espinosa\/\/\/EN 2026, S\u00daMATE A LOS SEMILLEROS CREATIVOS DEL PROGRAMA CULTURA COMUNITARIA -\" \/>\n<meta property=\"og:description\" content=\"Por Litza Deniss Dur\u00e1n Espinosa La Secretar\u00eda de Cultura del Gobierno de M\u00e9xico, a trav\u00e9s...\" \/>\n<meta property=\"og:url\" content=\"https:\/\/quehacerpolitico.mx\/?p=128087\" \/>\n<meta property=\"article:published_time\" content=\"2026-01-17T03:28:25+00:00\" \/>\n<meta property=\"article:modified_time\" content=\"2026-01-17T03:28:28+00:00\" \/>\n<meta property=\"og:image\" content=\"http:\/\/quehacerpolitico.mx\/wp-content\/uploads\/2026\/01\/1f82780f-42aa-4c37-8ba4-0ba4279e0a43.jpeg\" \/>\n\t<meta property=\"og:image:width\" content=\"963\" \/>\n\t<meta property=\"og:image:height\" content=\"493\" \/>\n\t<meta property=\"og:image:type\" content=\"image\/jpeg\" \/>\n<meta name=\"author\" content=\"Redacci\u00f3n QP\" \/>\n<meta name=\"twitter:card\" content=\"summary_large_image\" \/>\n<meta name=\"twitter:label1\" content=\"Escrito por\" \/>\n\t<meta name=\"twitter:data1\" content=\"Redacci\u00f3n QP\" \/>\n\t<meta name=\"twitter:label2\" content=\"Tiempo de lectura\" \/>\n\t<meta name=\"twitter:data2\" content=\"4 minutos\" \/>\n<script type=\"application\/ld+json\" class=\"yoast-schema-graph\">{\"@context\":\"https:\\\/\\\/schema.org\",\"@graph\":[{\"@type\":\"Article\",\"@id\":\"https:\\\/\\\/quehacerpolitico.mx\\\/?p=128087#article\",\"isPartOf\":{\"@id\":\"https:\\\/\\\/quehacerpolitico.mx\\\/?p=128087\"},\"author\":{\"name\":\"Redacci\u00f3n QP\",\"@id\":\"https:\\\/\\\/quehacerpolitico.mx\\\/#\\\/schema\\\/person\\\/496d8ad2d1d3f8036101dca7ee39e585\"},\"headline\":\"El Quehacer Pol\u00edtico en la Cultura a trav\u00e9s del Enfoque\\\/\\\/\\\/Litza Deniss Dur\u00e1n Espinosa\\\/\\\/\\\/EN 2026, S\u00daMATE A LOS SEMILLEROS CREATIVOS DEL PROGRAMA CULTURA COMUNITARIA\",\"datePublished\":\"2026-01-17T03:28:25+00:00\",\"dateModified\":\"2026-01-17T03:28:28+00:00\",\"mainEntityOfPage\":{\"@id\":\"https:\\\/\\\/quehacerpolitico.mx\\\/?p=128087\"},\"wordCount\":616,\"commentCount\":0,\"image\":{\"@id\":\"https:\\\/\\\/quehacerpolitico.mx\\\/?p=128087#primaryimage\"},\"thumbnailUrl\":\"https:\\\/\\\/quehacerpolitico.mx\\\/wp-content\\\/uploads\\\/2026\\\/01\\\/1f82780f-42aa-4c37-8ba4-0ba4279e0a43.jpeg\",\"articleSection\":[\"Cultura y Entretenimiento\"],\"inLanguage\":\"es\",\"potentialAction\":[{\"@type\":\"CommentAction\",\"name\":\"Comment\",\"target\":[\"https:\\\/\\\/quehacerpolitico.mx\\\/?p=128087#respond\"]}]},{\"@type\":\"WebPage\",\"@id\":\"https:\\\/\\\/quehacerpolitico.mx\\\/?p=128087\",\"url\":\"https:\\\/\\\/quehacerpolitico.mx\\\/?p=128087\",\"name\":\"El Quehacer Pol\u00edtico en la Cultura a trav\u00e9s del Enfoque\\\/\\\/\\\/Litza Deniss Dur\u00e1n Espinosa\\\/\\\/\\\/EN 2026, S\u00daMATE A LOS SEMILLEROS CREATIVOS DEL PROGRAMA CULTURA COMUNITARIA -\",\"isPartOf\":{\"@id\":\"https:\\\/\\\/quehacerpolitico.mx\\\/#website\"},\"primaryImageOfPage\":{\"@id\":\"https:\\\/\\\/quehacerpolitico.mx\\\/?p=128087#primaryimage\"},\"image\":{\"@id\":\"https:\\\/\\\/quehacerpolitico.mx\\\/?p=128087#primaryimage\"},\"thumbnailUrl\":\"https:\\\/\\\/quehacerpolitico.mx\\\/wp-content\\\/uploads\\\/2026\\\/01\\\/1f82780f-42aa-4c37-8ba4-0ba4279e0a43.jpeg\",\"datePublished\":\"2026-01-17T03:28:25+00:00\",\"dateModified\":\"2026-01-17T03:28:28+00:00\",\"author\":{\"@id\":\"https:\\\/\\\/quehacerpolitico.mx\\\/#\\\/schema\\\/person\\\/496d8ad2d1d3f8036101dca7ee39e585\"},\"breadcrumb\":{\"@id\":\"https:\\\/\\\/quehacerpolitico.mx\\\/?p=128087#breadcrumb\"},\"inLanguage\":\"es\",\"potentialAction\":[{\"@type\":\"ReadAction\",\"target\":[\"https:\\\/\\\/quehacerpolitico.mx\\\/?p=128087\"]}]},{\"@type\":\"ImageObject\",\"inLanguage\":\"es\",\"@id\":\"https:\\\/\\\/quehacerpolitico.mx\\\/?p=128087#primaryimage\",\"url\":\"https:\\\/\\\/quehacerpolitico.mx\\\/wp-content\\\/uploads\\\/2026\\\/01\\\/1f82780f-42aa-4c37-8ba4-0ba4279e0a43.jpeg\",\"contentUrl\":\"https:\\\/\\\/quehacerpolitico.mx\\\/wp-content\\\/uploads\\\/2026\\\/01\\\/1f82780f-42aa-4c37-8ba4-0ba4279e0a43.jpeg\",\"width\":963,\"height\":493},{\"@type\":\"BreadcrumbList\",\"@id\":\"https:\\\/\\\/quehacerpolitico.mx\\\/?p=128087#breadcrumb\",\"itemListElement\":[{\"@type\":\"ListItem\",\"position\":1,\"name\":\"Inicio\",\"item\":\"https:\\\/\\\/quehacerpolitico.mx\\\/\"},{\"@type\":\"ListItem\",\"position\":2,\"name\":\"El Quehacer Pol\u00edtico en la Cultura a trav\u00e9s del Enfoque\\\/\\\/\\\/Litza Deniss Dur\u00e1n Espinosa\\\/\\\/\\\/EN 2026, S\u00daMATE A LOS SEMILLEROS CREATIVOS DEL PROGRAMA CULTURA COMUNITARIA\"}]},{\"@type\":\"WebSite\",\"@id\":\"https:\\\/\\\/quehacerpolitico.mx\\\/#website\",\"url\":\"https:\\\/\\\/quehacerpolitico.mx\\\/\",\"name\":\"\",\"description\":\"\",\"potentialAction\":[{\"@type\":\"SearchAction\",\"target\":{\"@type\":\"EntryPoint\",\"urlTemplate\":\"https:\\\/\\\/quehacerpolitico.mx\\\/?s={search_term_string}\"},\"query-input\":{\"@type\":\"PropertyValueSpecification\",\"valueRequired\":true,\"valueName\":\"search_term_string\"}}],\"inLanguage\":\"es\"},{\"@type\":\"Person\",\"@id\":\"https:\\\/\\\/quehacerpolitico.mx\\\/#\\\/schema\\\/person\\\/496d8ad2d1d3f8036101dca7ee39e585\",\"name\":\"Redacci\u00f3n QP\",\"image\":{\"@type\":\"ImageObject\",\"inLanguage\":\"es\",\"@id\":\"https:\\\/\\\/secure.gravatar.com\\\/avatar\\\/c7164ed6fdec453195284ad24a5ae5b6e1eed2b848477fa2a4787ba9adf39a41?s=96&d=mm&r=g\",\"url\":\"https:\\\/\\\/secure.gravatar.com\\\/avatar\\\/c7164ed6fdec453195284ad24a5ae5b6e1eed2b848477fa2a4787ba9adf39a41?s=96&d=mm&r=g\",\"contentUrl\":\"https:\\\/\\\/secure.gravatar.com\\\/avatar\\\/c7164ed6fdec453195284ad24a5ae5b6e1eed2b848477fa2a4787ba9adf39a41?s=96&d=mm&r=g\",\"caption\":\"Redacci\u00f3n QP\"},\"url\":\"https:\\\/\\\/quehacerpolitico.mx\\\/?author=2\"}]}<\/script>\n<!-- \/ Yoast SEO plugin. -->","yoast_head_json":{"title":"El Quehacer Pol\u00edtico en la Cultura a trav\u00e9s del Enfoque\/\/\/Litza Deniss Dur\u00e1n Espinosa\/\/\/EN 2026, S\u00daMATE A LOS SEMILLEROS CREATIVOS DEL PROGRAMA CULTURA COMUNITARIA -","robots":{"index":"index","follow":"follow","max-snippet":"max-snippet:-1","max-image-preview":"max-image-preview:large","max-video-preview":"max-video-preview:-1"},"canonical":"https:\/\/quehacerpolitico.mx\/?p=128087","og_locale":"es_MX","og_type":"article","og_title":"El Quehacer Pol\u00edtico en la Cultura a trav\u00e9s del Enfoque\/\/\/Litza Deniss Dur\u00e1n Espinosa\/\/\/EN 2026, S\u00daMATE A LOS SEMILLEROS CREATIVOS DEL PROGRAMA CULTURA COMUNITARIA -","og_description":"Por Litza Deniss Dur\u00e1n Espinosa La Secretar\u00eda de Cultura del Gobierno de M\u00e9xico, a trav\u00e9s...","og_url":"https:\/\/quehacerpolitico.mx\/?p=128087","article_published_time":"2026-01-17T03:28:25+00:00","article_modified_time":"2026-01-17T03:28:28+00:00","og_image":[{"width":963,"height":493,"url":"http:\/\/quehacerpolitico.mx\/wp-content\/uploads\/2026\/01\/1f82780f-42aa-4c37-8ba4-0ba4279e0a43.jpeg","type":"image\/jpeg"}],"author":"Redacci\u00f3n QP","twitter_card":"summary_large_image","twitter_misc":{"Escrito por":"Redacci\u00f3n QP","Tiempo de lectura":"4 minutos"},"schema":{"@context":"https:\/\/schema.org","@graph":[{"@type":"Article","@id":"https:\/\/quehacerpolitico.mx\/?p=128087#article","isPartOf":{"@id":"https:\/\/quehacerpolitico.mx\/?p=128087"},"author":{"name":"Redacci\u00f3n QP","@id":"https:\/\/quehacerpolitico.mx\/#\/schema\/person\/496d8ad2d1d3f8036101dca7ee39e585"},"headline":"El Quehacer Pol\u00edtico en la Cultura a trav\u00e9s del Enfoque\/\/\/Litza Deniss Dur\u00e1n Espinosa\/\/\/EN 2026, S\u00daMATE A LOS SEMILLEROS CREATIVOS DEL PROGRAMA CULTURA COMUNITARIA","datePublished":"2026-01-17T03:28:25+00:00","dateModified":"2026-01-17T03:28:28+00:00","mainEntityOfPage":{"@id":"https:\/\/quehacerpolitico.mx\/?p=128087"},"wordCount":616,"commentCount":0,"image":{"@id":"https:\/\/quehacerpolitico.mx\/?p=128087#primaryimage"},"thumbnailUrl":"https:\/\/quehacerpolitico.mx\/wp-content\/uploads\/2026\/01\/1f82780f-42aa-4c37-8ba4-0ba4279e0a43.jpeg","articleSection":["Cultura y Entretenimiento"],"inLanguage":"es","potentialAction":[{"@type":"CommentAction","name":"Comment","target":["https:\/\/quehacerpolitico.mx\/?p=128087#respond"]}]},{"@type":"WebPage","@id":"https:\/\/quehacerpolitico.mx\/?p=128087","url":"https:\/\/quehacerpolitico.mx\/?p=128087","name":"El Quehacer Pol\u00edtico en la Cultura a trav\u00e9s del Enfoque\/\/\/Litza Deniss Dur\u00e1n Espinosa\/\/\/EN 2026, S\u00daMATE A LOS SEMILLEROS CREATIVOS DEL PROGRAMA CULTURA COMUNITARIA -","isPartOf":{"@id":"https:\/\/quehacerpolitico.mx\/#website"},"primaryImageOfPage":{"@id":"https:\/\/quehacerpolitico.mx\/?p=128087#primaryimage"},"image":{"@id":"https:\/\/quehacerpolitico.mx\/?p=128087#primaryimage"},"thumbnailUrl":"https:\/\/quehacerpolitico.mx\/wp-content\/uploads\/2026\/01\/1f82780f-42aa-4c37-8ba4-0ba4279e0a43.jpeg","datePublished":"2026-01-17T03:28:25+00:00","dateModified":"2026-01-17T03:28:28+00:00","author":{"@id":"https:\/\/quehacerpolitico.mx\/#\/schema\/person\/496d8ad2d1d3f8036101dca7ee39e585"},"breadcrumb":{"@id":"https:\/\/quehacerpolitico.mx\/?p=128087#breadcrumb"},"inLanguage":"es","potentialAction":[{"@type":"ReadAction","target":["https:\/\/quehacerpolitico.mx\/?p=128087"]}]},{"@type":"ImageObject","inLanguage":"es","@id":"https:\/\/quehacerpolitico.mx\/?p=128087#primaryimage","url":"https:\/\/quehacerpolitico.mx\/wp-content\/uploads\/2026\/01\/1f82780f-42aa-4c37-8ba4-0ba4279e0a43.jpeg","contentUrl":"https:\/\/quehacerpolitico.mx\/wp-content\/uploads\/2026\/01\/1f82780f-42aa-4c37-8ba4-0ba4279e0a43.jpeg","width":963,"height":493},{"@type":"BreadcrumbList","@id":"https:\/\/quehacerpolitico.mx\/?p=128087#breadcrumb","itemListElement":[{"@type":"ListItem","position":1,"name":"Inicio","item":"https:\/\/quehacerpolitico.mx\/"},{"@type":"ListItem","position":2,"name":"El Quehacer Pol\u00edtico en la Cultura a trav\u00e9s del Enfoque\/\/\/Litza Deniss Dur\u00e1n Espinosa\/\/\/EN 2026, S\u00daMATE A LOS SEMILLEROS CREATIVOS DEL PROGRAMA CULTURA COMUNITARIA"}]},{"@type":"WebSite","@id":"https:\/\/quehacerpolitico.mx\/#website","url":"https:\/\/quehacerpolitico.mx\/","name":"","description":"","potentialAction":[{"@type":"SearchAction","target":{"@type":"EntryPoint","urlTemplate":"https:\/\/quehacerpolitico.mx\/?s={search_term_string}"},"query-input":{"@type":"PropertyValueSpecification","valueRequired":true,"valueName":"search_term_string"}}],"inLanguage":"es"},{"@type":"Person","@id":"https:\/\/quehacerpolitico.mx\/#\/schema\/person\/496d8ad2d1d3f8036101dca7ee39e585","name":"Redacci\u00f3n QP","image":{"@type":"ImageObject","inLanguage":"es","@id":"https:\/\/secure.gravatar.com\/avatar\/c7164ed6fdec453195284ad24a5ae5b6e1eed2b848477fa2a4787ba9adf39a41?s=96&d=mm&r=g","url":"https:\/\/secure.gravatar.com\/avatar\/c7164ed6fdec453195284ad24a5ae5b6e1eed2b848477fa2a4787ba9adf39a41?s=96&d=mm&r=g","contentUrl":"https:\/\/secure.gravatar.com\/avatar\/c7164ed6fdec453195284ad24a5ae5b6e1eed2b848477fa2a4787ba9adf39a41?s=96&d=mm&r=g","caption":"Redacci\u00f3n QP"},"url":"https:\/\/quehacerpolitico.mx\/?author=2"}]}},"featured_image_urls":{"full":["https:\/\/quehacerpolitico.mx\/wp-content\/uploads\/2026\/01\/1f82780f-42aa-4c37-8ba4-0ba4279e0a43.jpeg",963,493,false],"thumbnail":["https:\/\/quehacerpolitico.mx\/wp-content\/uploads\/2026\/01\/1f82780f-42aa-4c37-8ba4-0ba4279e0a43-150x150.jpeg",150,150,true],"medium":["https:\/\/quehacerpolitico.mx\/wp-content\/uploads\/2026\/01\/1f82780f-42aa-4c37-8ba4-0ba4279e0a43-300x154.jpeg",300,154,true],"medium_large":["https:\/\/quehacerpolitico.mx\/wp-content\/uploads\/2026\/01\/1f82780f-42aa-4c37-8ba4-0ba4279e0a43-768x393.jpeg",640,328,true],"large":["https:\/\/quehacerpolitico.mx\/wp-content\/uploads\/2026\/01\/1f82780f-42aa-4c37-8ba4-0ba4279e0a43.jpeg",640,328,false],"1536x1536":["https:\/\/quehacerpolitico.mx\/wp-content\/uploads\/2026\/01\/1f82780f-42aa-4c37-8ba4-0ba4279e0a43.jpeg",963,493,false],"2048x2048":["https:\/\/quehacerpolitico.mx\/wp-content\/uploads\/2026\/01\/1f82780f-42aa-4c37-8ba4-0ba4279e0a43.jpeg",963,493,false],"covernews-featured":["https:\/\/quehacerpolitico.mx\/wp-content\/uploads\/2026\/01\/1f82780f-42aa-4c37-8ba4-0ba4279e0a43.jpeg",963,493,false],"covernews-medium":["https:\/\/quehacerpolitico.mx\/wp-content\/uploads\/2026\/01\/1f82780f-42aa-4c37-8ba4-0ba4279e0a43-540x340.jpeg",540,340,true]},"author_info":{"display_name":"Redacci\u00f3n QP","author_link":"https:\/\/quehacerpolitico.mx\/?author=2"},"category_info":"<a href=\"https:\/\/quehacerpolitico.mx\/?cat=58\" rel=\"category\">Cultura y Entretenimiento<\/a>","tag_info":"Cultura y Entretenimiento","comment_count":"0","_links":{"self":[{"href":"https:\/\/quehacerpolitico.mx\/index.php?rest_route=\/wp\/v2\/posts\/128087","targetHints":{"allow":["GET"]}}],"collection":[{"href":"https:\/\/quehacerpolitico.mx\/index.php?rest_route=\/wp\/v2\/posts"}],"about":[{"href":"https:\/\/quehacerpolitico.mx\/index.php?rest_route=\/wp\/v2\/types\/post"}],"author":[{"embeddable":true,"href":"https:\/\/quehacerpolitico.mx\/index.php?rest_route=\/wp\/v2\/users\/2"}],"replies":[{"embeddable":true,"href":"https:\/\/quehacerpolitico.mx\/index.php?rest_route=%2Fwp%2Fv2%2Fcomments&post=128087"}],"version-history":[{"count":1,"href":"https:\/\/quehacerpolitico.mx\/index.php?rest_route=\/wp\/v2\/posts\/128087\/revisions"}],"predecessor-version":[{"id":128096,"href":"https:\/\/quehacerpolitico.mx\/index.php?rest_route=\/wp\/v2\/posts\/128087\/revisions\/128096"}],"wp:featuredmedia":[{"embeddable":true,"href":"https:\/\/quehacerpolitico.mx\/index.php?rest_route=\/wp\/v2\/media\/128088"}],"wp:attachment":[{"href":"https:\/\/quehacerpolitico.mx\/index.php?rest_route=%2Fwp%2Fv2%2Fmedia&parent=128087"}],"wp:term":[{"taxonomy":"category","embeddable":true,"href":"https:\/\/quehacerpolitico.mx\/index.php?rest_route=%2Fwp%2Fv2%2Fcategories&post=128087"},{"taxonomy":"post_tag","embeddable":true,"href":"https:\/\/quehacerpolitico.mx\/index.php?rest_route=%2Fwp%2Fv2%2Ftags&post=128087"}],"curies":[{"name":"wp","href":"https:\/\/api.w.org\/{rel}","templated":true}]}}