{"id":126979,"date":"2026-01-09T11:47:11","date_gmt":"2026-01-09T17:47:11","guid":{"rendered":"https:\/\/quehacerpolitico.mx\/?p=126979"},"modified":"2026-01-09T11:47:14","modified_gmt":"2026-01-09T17:47:14","slug":"explosion-en-paseos-de-taxquena-en-la-cdmx","status":"publish","type":"post","link":"https:\/\/quehacerpolitico.mx\/?p=126979","title":{"rendered":"Explosi\u00f3n en paseos de Taxque\u00f1a en la CDMX"},"content":{"rendered":"\n<p>Por Redacci\u00f3n QP<\/p>\n\n\n\n<p>Se trat\u00f3 de una fuga de gas en el tercer piso de un inmueble, hay varios lesionados y al menos cinco edificios fuertemente da\u00f1ados.<\/p>\n\n\n\n<p>Una terrible explosi\u00f3n se registr\u00f3 la ma\u00f1ana de este viernes 9 de enero de 2026 en la&nbsp;<strong>colonia Paseos de Taxque\u00f1a<\/strong>, per\u00edmetro de la alcald\u00eda Coyoac\u00e1n, al sur de la Ciudad de M\u00e9xico. Diversos elementos de rescate y emergencias llegaron para auxiliar a las personas.<\/p>\n\n\n\n<figure class=\"wp-block-embed is-type-rich is-provider-twitter wp-block-embed-twitter\"><div class=\"wp-block-embed__wrapper\">\n<blockquote class=\"twitter-tweet\" data-width=\"550\" data-dnt=\"true\"><p lang=\"es\" dir=\"ltr\">\ud83c\udfe1\ud83d\udea8 Reportan explosi\u00f3n  por acumulaci\u00f3n de gas en un departamento de Paseos de Taxque\u00f1a, en la alcald\u00eda Coyoac\u00e1n, en la CDMX; el siniestro  dej\u00f3 un  edificio da\u00f1ado y varios lesionados. Autoridades se encuentran atendiendo la emergencia<a href=\"https:\/\/t.co\/9aZzorjBWL\">https:\/\/t.co\/9aZzorjBWL<\/a> <a href=\"https:\/\/t.co\/xYv0NwQADv\">pic.twitter.com\/xYv0NwQADv<\/a><\/p>&mdash; El Universal (@El_Universal_Mx) <a href=\"https:\/\/twitter.com\/El_Universal_Mx\/status\/2009662915318829556?ref_src=twsrc%5Etfw\">January 9, 2026<\/a><\/blockquote><script async src=\"https:\/\/platform.twitter.com\/widgets.js\" charset=\"utf-8\"><\/script>\n<\/div><\/figure>\n\n\n\n<p>Hasta ahora reportan&nbsp;<strong>cinco heridos&nbsp;<\/strong>que fueron trasladados a diversos hospitales de la capital, desafortunadamente un hombre presenta 80% de quemaduras en su superficie corporal por lo que lo reportan grave.<\/p>\n\n\n\n<p>Alrededor de 300 personas tuvieron que ser desalojadas para cumplir con las medidas de Protecci\u00f3n Civil correspondientes y prevenir nuevas afectaciones. Los colonos salieron r\u00e1pidamente incluso con sus mascotas.<\/p>\n\n\n\n<figure class=\"wp-block-embed is-type-rich is-provider-twitter wp-block-embed-twitter\"><div class=\"wp-block-embed__wrapper\">\n<blockquote class=\"twitter-tweet\" data-width=\"550\" data-dnt=\"true\"><p lang=\"es\" dir=\"ltr\">AYUDANDO en la ZONA de la EXPLOSI\u00d3N<br>As\u00ed sacaron en camilla a un hombre lesionado de gravedad por el estallido  en <a href=\"https:\/\/twitter.com\/Alcaldia_Coy?ref_src=twsrc%5Etfw\">@Alcaldia_Coy<\/a> <br>Tb se llevaron a una se\u00f1ora.<br>Un agente de <a href=\"https:\/\/twitter.com\/SSC_CDMX?ref_src=twsrc%5Etfw\">@SSC_CDMX<\/a> saca a una ni\u00f1a cargando.<br>Rescatistas, polic\u00edas, bomberos\u2026 todos ayudando en la zona. <a href=\"https:\/\/t.co\/qHaWyOF6zf\">pic.twitter.com\/qHaWyOF6zf<\/a><\/p>&mdash; Carlos Jim\u00e9nez (@c4jimenez) <a href=\"https:\/\/twitter.com\/c4jimenez\/status\/2009650997996793927?ref_src=twsrc%5Etfw\">January 9, 2026<\/a><\/blockquote><script async src=\"https:\/\/platform.twitter.com\/widgets.js\" charset=\"utf-8\"><\/script>\n<\/div><\/figure>\n\n\n\n<p>Al parecer se trat\u00f3 de una&nbsp;<strong>fuga de gas&nbsp;<\/strong>en el tercer piso, lo que provoc\u00f3 el estallamiento en el inmueble, primeros reportes se\u00f1alan que al menos hay cinco edificios afectados, en el pavimento se puede ver pedazos de vidrios rotos, piedras y muchas personas en la calle estresados y preocupados.<\/p>\n\n\n\n<figure class=\"wp-block-embed is-type-rich is-provider-twitter wp-block-embed-twitter\"><div class=\"wp-block-embed__wrapper\">\n<blockquote class=\"twitter-tweet\" data-width=\"550\" data-dnt=\"true\"><p lang=\"es\" dir=\"ltr\">EXPLOSI\u00d3N en EDIFICIO de  <a href=\"https:\/\/twitter.com\/Alcaldia_Coy?ref_src=twsrc%5Etfw\">@Alcaldia_Coy<\/a>; 2 HERIDOS de CONSIDERACI\u00d3N <br>As\u00ed qued\u00f3 da\u00f1ado el edificio de la Col Paseos de Taxque\u00f1a.<br>Al parecer una fuga de gas provoc\u00f3 el estallido.<br>Bomberos, agentes de <a href=\"https:\/\/twitter.com\/SSC_CDMX?ref_src=twsrc%5Etfw\">@SSC_CDMX<\/a>, ERUM, rescatistas, protecci\u00f3n civil\u2026.<br>Todos ayudando en el lugar. <a href=\"https:\/\/t.co\/sRWK2Hw64E\">pic.twitter.com\/sRWK2Hw64E<\/a><\/p>&mdash; Carlos Jim\u00e9nez (@c4jimenez) <a href=\"https:\/\/twitter.com\/c4jimenez\/status\/2009648146608214381?ref_src=twsrc%5Etfw\">January 9, 2026<\/a><\/blockquote><script async src=\"https:\/\/platform.twitter.com\/widgets.js\" charset=\"utf-8\"><\/script>\n<\/div><\/figure>\n\n\n\n<figure class=\"wp-block-embed is-type-rich is-provider-twitter wp-block-embed-twitter\"><div class=\"wp-block-embed__wrapper\">\n<blockquote class=\"twitter-tweet\" data-width=\"550\" data-dnt=\"true\"><p lang=\"es\" dir=\"ltr\">Recibimos reporte de Flamazo en la colonia Paseos de Taxque\u00f1a, en \u2066<a href=\"https:\/\/twitter.com\/Alcaldia_Coy?ref_src=twsrc%5Etfw\">@Alcaldia_Coy<\/a>. Acudimos al lugar para verificar la situaci\u00f3n y mantener a la ciudadan\u00eda informada. <br>\u2066<a href=\"https:\/\/twitter.com\/JefeVulcanoCova?ref_src=twsrc%5Etfw\">@JefeVulcanoCova<\/a>\u2069 <a href=\"https:\/\/t.co\/dEm6OLtzdf\">pic.twitter.com\/dEm6OLtzdf<\/a><\/p>&mdash; Bomberos Ciudad de M\u00e9xico Oficial (@Bomberos_CDMX) <a href=\"https:\/\/twitter.com\/Bomberos_CDMX\/status\/2009640327913894013?ref_src=twsrc%5Etfw\">January 9, 2026<\/a><\/blockquote><script async src=\"https:\/\/platform.twitter.com\/widgets.js\" charset=\"utf-8\"><\/script>\n<\/div><\/figure>\n\n\n\n<p>La titular de la Secretar\u00eda de Gesti\u00f3n Integral de Riesgos y Protecci\u00f3n Civil de la Ciudad de M\u00e9xico, Myriam Urz\u00faa dio a conocer que cuatro personas resultaron lesionadas. Tambi\u00e9n indic\u00f3 que el da\u00f1o estructural en el edificio donde fue la explosi\u00f3n se va a revisar pues se encuentra muy da\u00f1ado. Respecto a los dem\u00e1s inmuebles al parecer solo fueron da\u00f1os en vidrios y herrer\u00eda.&nbsp;<\/p>\n\n\n\n<p>La SGIRPC CDMX tambi\u00e9n alert\u00f3 a los automovilistas a evitar la zona de Paseo de los Cipreses, Naranjos, Paseo del R\u00edo, a fin de no entorpecer las labores de atenci\u00f3n y seguridad.<\/p>\n\n\n\n<figure class=\"wp-block-embed is-type-rich is-provider-twitter wp-block-embed-twitter\"><div class=\"wp-block-embed__wrapper\">\n<blockquote class=\"twitter-tweet\" data-width=\"550\" data-dnt=\"true\"><p lang=\"es\" dir=\"ltr\">\u201cLa onda explansiva da\u00f1\u00f3 7 edificios. Se evacuaron 2mil 500 personas de 280 departamentos para evitar riesgos. <a href=\"https:\/\/twitter.com\/hashtag\/AlMomento?src=hash&amp;ref_src=twsrc%5Etfw\">#AlMomento<\/a> tres departamentos presentan da\u00f1o estructural. Se reportan 5 personas lesionadas, 3 de ellas son valorados en el punto por ambulancias del ERUM\u201d.<a href=\"https:\/\/twitter.com\/SGIRPC_CDMX?ref_src=twsrc%5Etfw\">@SGIRPC_CDMX<\/a>\u2026 <a href=\"https:\/\/t.co\/BPR68nUbIh\">pic.twitter.com\/BPR68nUbIh<\/a><\/p>&mdash; JORGE BECERRIL JB\/8 (@MrElDiablo8) <a href=\"https:\/\/twitter.com\/MrElDiablo8\/status\/2009670413782077578?ref_src=twsrc%5Etfw\">January 9, 2026<\/a><\/blockquote><script async src=\"https:\/\/platform.twitter.com\/widgets.js\" charset=\"utf-8\"><\/script>\n<\/div><\/figure>\n\n\n\n<figure class=\"wp-block-embed is-type-rich is-provider-twitter wp-block-embed-twitter\"><div class=\"wp-block-embed__wrapper\">\n<blockquote class=\"twitter-tweet\" data-width=\"550\" data-dnt=\"true\"><p lang=\"es\" dir=\"ltr\">La titular de la <a href=\"https:\/\/twitter.com\/SGIRPC_CDMX?ref_src=twsrc%5Etfw\">@SGIRPC_CDMX<\/a>, <a href=\"https:\/\/twitter.com\/VenegasUrzua?ref_src=twsrc%5Etfw\">@VenegasUrzua<\/a>, arrib\u00f3 a la calle Paseo de los Naranjos, col. Paseos de Taxque\u00f1a, <a href=\"https:\/\/twitter.com\/Alcaldia_Coy?ref_src=twsrc%5Etfw\">@Alcaldia_Coy<\/a>, en d\u00f3nde se registr\u00f3 una explosi\u00f3n para coordinar los trabajos de los equipos de emergencias.<br><br>Permite el paso a veh\u00edculos de oficiales.\u2026 <a href=\"https:\/\/t.co\/tM4j4vnCSi\">pic.twitter.com\/tM4j4vnCSi<\/a><\/p>&mdash; Secretar\u00eda de Gesti\u00f3n Integral de Riesgos y PC (@SGIRPC_CDMX) <a href=\"https:\/\/twitter.com\/SGIRPC_CDMX\/status\/2009650494369661328?ref_src=twsrc%5Etfw\">January 9, 2026<\/a><\/blockquote><script async src=\"https:\/\/platform.twitter.com\/widgets.js\" charset=\"utf-8\"><\/script>\n<\/div><\/figure>\n\n\n\n<p>El flamazo gener\u00f3 alarma entre vecinos de la zona y colonias aleda\u00f1as, quienes aseguraron que el estruendo se escuch\u00f3 \u201ccomo una bomba\u201d.<\/p>\n\n\n\n<figure class=\"wp-block-embed is-type-rich is-provider-twitter wp-block-embed-twitter\"><div class=\"wp-block-embed__wrapper\">\n<blockquote class=\"twitter-tweet\" data-width=\"550\" data-dnt=\"true\"><p lang=\"es\" dir=\"ltr\"><a href=\"https:\/\/twitter.com\/hashtag\/Precauci%C3%B3nVial?src=hash&amp;ref_src=twsrc%5Etfw\">#Precauci\u00f3nVial<\/a> | En Paseo de los Naranjos y Paseo de los Duraznos, col. Paseos de Taxque\u00f1a, alcald\u00eda Coyoac\u00e1n, por labor de servicios de emergencia. <a href=\"https:\/\/twitter.com\/hashtag\/AlternativaVial?src=hash&amp;ref_src=twsrc%5Etfw\">#AlternativaVial<\/a> Av. R\u00edo Churubusco, Paseo de la Hacienda, Paseo del Bosque y Calz. Taxque\u00f1a. <a href=\"https:\/\/t.co\/piVWLKoNZC\">pic.twitter.com\/piVWLKoNZC<\/a><\/p>&mdash; OVIAL_SSCCDMX (@OVIALCDMX) <a href=\"https:\/\/twitter.com\/OVIALCDMX\/status\/2009656778162933983?ref_src=twsrc%5Etfw\">January 9, 2026<\/a><\/blockquote><script async src=\"https:\/\/platform.twitter.com\/widgets.js\" charset=\"utf-8\"><\/script>\n<\/div><\/figure>\n\n\n\n<p><em>\u201cTengan cuidado, cimbraron las puertas hasta en las colonias aleda\u00f1as\u201d, escribi\u00f3 una vecina, mientras que otro usuario se\u00f1al\u00f3 que \u201cse escuch\u00f3 muy fuerte y vibr\u00f3 todo el edificio\u201d, lo que increment\u00f3 la preocupaci\u00f3n entre la poblaci\u00f3n.<\/em><\/p>\n\n\n\n<p>Como alternativa vial el Centro de Orientaci\u00f3n Vial de la Secretar\u00eda de Seguridad Ciudadana de la Ciudad de M\u00e9xico se\u00f1ala:<\/p>\n\n\n\n<p>Avenida R\u00edo Churubusco<\/p>\n\n\n\n<p>Paseo de la Hacienda<\/p>\n\n\n\n<p>Paseo del Bosque<\/p>\n\n\n\n<p>Calzada Taxque\u00f1a.<\/p>\n","protected":false},"excerpt":{"rendered":"<p>Por Redacci\u00f3n QP Se trat\u00f3 de una fuga de gas en el tercer piso de&#8230;<\/p>\n","protected":false},"author":2,"featured_media":126984,"comment_status":"open","ping_status":"open","sticky":false,"template":"","format":"standard","meta":{"_monsterinsights_skip_tracking":false,"_monsterinsights_sitenote_active":false,"_monsterinsights_sitenote_note":"","_monsterinsights_sitenote_category":0,"footnotes":""},"categories":[55],"tags":[],"class_list":["post-126979","post","type-post","status-publish","format-standard","has-post-thumbnail","hentry","category-cdmx"],"yoast_head":"<!-- This site is optimized with the Yoast SEO plugin v27.3 - https:\/\/yoast.com\/product\/yoast-seo-wordpress\/ -->\n<title>Explosi\u00f3n en paseos de Taxque\u00f1a en la CDMX -<\/title>\n<meta name=\"robots\" content=\"index, follow, max-snippet:-1, max-image-preview:large, max-video-preview:-1\" \/>\n<link rel=\"canonical\" href=\"https:\/\/quehacerpolitico.mx\/?p=126979\" \/>\n<meta property=\"og:locale\" content=\"es_MX\" \/>\n<meta property=\"og:type\" content=\"article\" \/>\n<meta property=\"og:title\" content=\"Explosi\u00f3n en paseos de Taxque\u00f1a en la CDMX -\" \/>\n<meta property=\"og:description\" content=\"Por Redacci\u00f3n QP Se trat\u00f3 de una fuga de gas en el tercer piso de...\" \/>\n<meta property=\"og:url\" content=\"https:\/\/quehacerpolitico.mx\/?p=126979\" \/>\n<meta property=\"article:published_time\" content=\"2026-01-09T17:47:11+00:00\" \/>\n<meta property=\"article:modified_time\" content=\"2026-01-09T17:47:14+00:00\" \/>\n<meta property=\"og:image\" content=\"http:\/\/quehacerpolitico.mx\/wp-content\/uploads\/2026\/01\/IMG_5974.jpeg\" \/>\n\t<meta property=\"og:image:width\" content=\"1170\" \/>\n\t<meta property=\"og:image:height\" content=\"1055\" \/>\n\t<meta property=\"og:image:type\" content=\"image\/jpeg\" \/>\n<meta name=\"author\" content=\"Redacci\u00f3n QP\" \/>\n<meta name=\"twitter:card\" content=\"summary_large_image\" \/>\n<meta name=\"twitter:label1\" content=\"Escrito por\" \/>\n\t<meta name=\"twitter:data1\" content=\"Redacci\u00f3n QP\" \/>\n\t<meta name=\"twitter:label2\" content=\"Tiempo de lectura\" \/>\n\t<meta name=\"twitter:data2\" content=\"2 minutos\" \/>\n<script type=\"application\/ld+json\" class=\"yoast-schema-graph\">{\"@context\":\"https:\\\/\\\/schema.org\",\"@graph\":[{\"@type\":\"Article\",\"@id\":\"https:\\\/\\\/quehacerpolitico.mx\\\/?p=126979#article\",\"isPartOf\":{\"@id\":\"https:\\\/\\\/quehacerpolitico.mx\\\/?p=126979\"},\"author\":{\"name\":\"Redacci\u00f3n QP\",\"@id\":\"https:\\\/\\\/quehacerpolitico.mx\\\/#\\\/schema\\\/person\\\/496d8ad2d1d3f8036101dca7ee39e585\"},\"headline\":\"Explosi\u00f3n en paseos de Taxque\u00f1a en la CDMX\",\"datePublished\":\"2026-01-09T17:47:11+00:00\",\"dateModified\":\"2026-01-09T17:47:14+00:00\",\"mainEntityOfPage\":{\"@id\":\"https:\\\/\\\/quehacerpolitico.mx\\\/?p=126979\"},\"wordCount\":467,\"commentCount\":0,\"image\":{\"@id\":\"https:\\\/\\\/quehacerpolitico.mx\\\/?p=126979#primaryimage\"},\"thumbnailUrl\":\"https:\\\/\\\/quehacerpolitico.mx\\\/wp-content\\\/uploads\\\/2026\\\/01\\\/IMG_5974.jpeg\",\"articleSection\":[\"CDMX\"],\"inLanguage\":\"es\",\"potentialAction\":[{\"@type\":\"CommentAction\",\"name\":\"Comment\",\"target\":[\"https:\\\/\\\/quehacerpolitico.mx\\\/?p=126979#respond\"]}]},{\"@type\":\"WebPage\",\"@id\":\"https:\\\/\\\/quehacerpolitico.mx\\\/?p=126979\",\"url\":\"https:\\\/\\\/quehacerpolitico.mx\\\/?p=126979\",\"name\":\"Explosi\u00f3n en paseos de Taxque\u00f1a en la CDMX -\",\"isPartOf\":{\"@id\":\"https:\\\/\\\/quehacerpolitico.mx\\\/#website\"},\"primaryImageOfPage\":{\"@id\":\"https:\\\/\\\/quehacerpolitico.mx\\\/?p=126979#primaryimage\"},\"image\":{\"@id\":\"https:\\\/\\\/quehacerpolitico.mx\\\/?p=126979#primaryimage\"},\"thumbnailUrl\":\"https:\\\/\\\/quehacerpolitico.mx\\\/wp-content\\\/uploads\\\/2026\\\/01\\\/IMG_5974.jpeg\",\"datePublished\":\"2026-01-09T17:47:11+00:00\",\"dateModified\":\"2026-01-09T17:47:14+00:00\",\"author\":{\"@id\":\"https:\\\/\\\/quehacerpolitico.mx\\\/#\\\/schema\\\/person\\\/496d8ad2d1d3f8036101dca7ee39e585\"},\"breadcrumb\":{\"@id\":\"https:\\\/\\\/quehacerpolitico.mx\\\/?p=126979#breadcrumb\"},\"inLanguage\":\"es\",\"potentialAction\":[{\"@type\":\"ReadAction\",\"target\":[\"https:\\\/\\\/quehacerpolitico.mx\\\/?p=126979\"]}]},{\"@type\":\"ImageObject\",\"inLanguage\":\"es\",\"@id\":\"https:\\\/\\\/quehacerpolitico.mx\\\/?p=126979#primaryimage\",\"url\":\"https:\\\/\\\/quehacerpolitico.mx\\\/wp-content\\\/uploads\\\/2026\\\/01\\\/IMG_5974.jpeg\",\"contentUrl\":\"https:\\\/\\\/quehacerpolitico.mx\\\/wp-content\\\/uploads\\\/2026\\\/01\\\/IMG_5974.jpeg\",\"width\":1170,\"height\":1055,\"caption\":\"Screenshot\"},{\"@type\":\"BreadcrumbList\",\"@id\":\"https:\\\/\\\/quehacerpolitico.mx\\\/?p=126979#breadcrumb\",\"itemListElement\":[{\"@type\":\"ListItem\",\"position\":1,\"name\":\"Inicio\",\"item\":\"https:\\\/\\\/quehacerpolitico.mx\\\/\"},{\"@type\":\"ListItem\",\"position\":2,\"name\":\"Explosi\u00f3n en paseos de Taxque\u00f1a en la CDMX\"}]},{\"@type\":\"WebSite\",\"@id\":\"https:\\\/\\\/quehacerpolitico.mx\\\/#website\",\"url\":\"https:\\\/\\\/quehacerpolitico.mx\\\/\",\"name\":\"\",\"description\":\"\",\"potentialAction\":[{\"@type\":\"SearchAction\",\"target\":{\"@type\":\"EntryPoint\",\"urlTemplate\":\"https:\\\/\\\/quehacerpolitico.mx\\\/?s={search_term_string}\"},\"query-input\":{\"@type\":\"PropertyValueSpecification\",\"valueRequired\":true,\"valueName\":\"search_term_string\"}}],\"inLanguage\":\"es\"},{\"@type\":\"Person\",\"@id\":\"https:\\\/\\\/quehacerpolitico.mx\\\/#\\\/schema\\\/person\\\/496d8ad2d1d3f8036101dca7ee39e585\",\"name\":\"Redacci\u00f3n QP\",\"image\":{\"@type\":\"ImageObject\",\"inLanguage\":\"es\",\"@id\":\"https:\\\/\\\/secure.gravatar.com\\\/avatar\\\/c7164ed6fdec453195284ad24a5ae5b6e1eed2b848477fa2a4787ba9adf39a41?s=96&d=mm&r=g\",\"url\":\"https:\\\/\\\/secure.gravatar.com\\\/avatar\\\/c7164ed6fdec453195284ad24a5ae5b6e1eed2b848477fa2a4787ba9adf39a41?s=96&d=mm&r=g\",\"contentUrl\":\"https:\\\/\\\/secure.gravatar.com\\\/avatar\\\/c7164ed6fdec453195284ad24a5ae5b6e1eed2b848477fa2a4787ba9adf39a41?s=96&d=mm&r=g\",\"caption\":\"Redacci\u00f3n QP\"},\"url\":\"https:\\\/\\\/quehacerpolitico.mx\\\/?author=2\"}]}<\/script>\n<!-- \/ Yoast SEO plugin. -->","yoast_head_json":{"title":"Explosi\u00f3n en paseos de Taxque\u00f1a en la CDMX -","robots":{"index":"index","follow":"follow","max-snippet":"max-snippet:-1","max-image-preview":"max-image-preview:large","max-video-preview":"max-video-preview:-1"},"canonical":"https:\/\/quehacerpolitico.mx\/?p=126979","og_locale":"es_MX","og_type":"article","og_title":"Explosi\u00f3n en paseos de Taxque\u00f1a en la CDMX -","og_description":"Por Redacci\u00f3n QP Se trat\u00f3 de una fuga de gas en el tercer piso de...","og_url":"https:\/\/quehacerpolitico.mx\/?p=126979","article_published_time":"2026-01-09T17:47:11+00:00","article_modified_time":"2026-01-09T17:47:14+00:00","og_image":[{"width":1170,"height":1055,"url":"http:\/\/quehacerpolitico.mx\/wp-content\/uploads\/2026\/01\/IMG_5974.jpeg","type":"image\/jpeg"}],"author":"Redacci\u00f3n QP","twitter_card":"summary_large_image","twitter_misc":{"Escrito por":"Redacci\u00f3n QP","Tiempo de lectura":"2 minutos"},"schema":{"@context":"https:\/\/schema.org","@graph":[{"@type":"Article","@id":"https:\/\/quehacerpolitico.mx\/?p=126979#article","isPartOf":{"@id":"https:\/\/quehacerpolitico.mx\/?p=126979"},"author":{"name":"Redacci\u00f3n QP","@id":"https:\/\/quehacerpolitico.mx\/#\/schema\/person\/496d8ad2d1d3f8036101dca7ee39e585"},"headline":"Explosi\u00f3n en paseos de Taxque\u00f1a en la CDMX","datePublished":"2026-01-09T17:47:11+00:00","dateModified":"2026-01-09T17:47:14+00:00","mainEntityOfPage":{"@id":"https:\/\/quehacerpolitico.mx\/?p=126979"},"wordCount":467,"commentCount":0,"image":{"@id":"https:\/\/quehacerpolitico.mx\/?p=126979#primaryimage"},"thumbnailUrl":"https:\/\/quehacerpolitico.mx\/wp-content\/uploads\/2026\/01\/IMG_5974.jpeg","articleSection":["CDMX"],"inLanguage":"es","potentialAction":[{"@type":"CommentAction","name":"Comment","target":["https:\/\/quehacerpolitico.mx\/?p=126979#respond"]}]},{"@type":"WebPage","@id":"https:\/\/quehacerpolitico.mx\/?p=126979","url":"https:\/\/quehacerpolitico.mx\/?p=126979","name":"Explosi\u00f3n en paseos de Taxque\u00f1a en la CDMX -","isPartOf":{"@id":"https:\/\/quehacerpolitico.mx\/#website"},"primaryImageOfPage":{"@id":"https:\/\/quehacerpolitico.mx\/?p=126979#primaryimage"},"image":{"@id":"https:\/\/quehacerpolitico.mx\/?p=126979#primaryimage"},"thumbnailUrl":"https:\/\/quehacerpolitico.mx\/wp-content\/uploads\/2026\/01\/IMG_5974.jpeg","datePublished":"2026-01-09T17:47:11+00:00","dateModified":"2026-01-09T17:47:14+00:00","author":{"@id":"https:\/\/quehacerpolitico.mx\/#\/schema\/person\/496d8ad2d1d3f8036101dca7ee39e585"},"breadcrumb":{"@id":"https:\/\/quehacerpolitico.mx\/?p=126979#breadcrumb"},"inLanguage":"es","potentialAction":[{"@type":"ReadAction","target":["https:\/\/quehacerpolitico.mx\/?p=126979"]}]},{"@type":"ImageObject","inLanguage":"es","@id":"https:\/\/quehacerpolitico.mx\/?p=126979#primaryimage","url":"https:\/\/quehacerpolitico.mx\/wp-content\/uploads\/2026\/01\/IMG_5974.jpeg","contentUrl":"https:\/\/quehacerpolitico.mx\/wp-content\/uploads\/2026\/01\/IMG_5974.jpeg","width":1170,"height":1055,"caption":"Screenshot"},{"@type":"BreadcrumbList","@id":"https:\/\/quehacerpolitico.mx\/?p=126979#breadcrumb","itemListElement":[{"@type":"ListItem","position":1,"name":"Inicio","item":"https:\/\/quehacerpolitico.mx\/"},{"@type":"ListItem","position":2,"name":"Explosi\u00f3n en paseos de Taxque\u00f1a en la CDMX"}]},{"@type":"WebSite","@id":"https:\/\/quehacerpolitico.mx\/#website","url":"https:\/\/quehacerpolitico.mx\/","name":"","description":"","potentialAction":[{"@type":"SearchAction","target":{"@type":"EntryPoint","urlTemplate":"https:\/\/quehacerpolitico.mx\/?s={search_term_string}"},"query-input":{"@type":"PropertyValueSpecification","valueRequired":true,"valueName":"search_term_string"}}],"inLanguage":"es"},{"@type":"Person","@id":"https:\/\/quehacerpolitico.mx\/#\/schema\/person\/496d8ad2d1d3f8036101dca7ee39e585","name":"Redacci\u00f3n QP","image":{"@type":"ImageObject","inLanguage":"es","@id":"https:\/\/secure.gravatar.com\/avatar\/c7164ed6fdec453195284ad24a5ae5b6e1eed2b848477fa2a4787ba9adf39a41?s=96&d=mm&r=g","url":"https:\/\/secure.gravatar.com\/avatar\/c7164ed6fdec453195284ad24a5ae5b6e1eed2b848477fa2a4787ba9adf39a41?s=96&d=mm&r=g","contentUrl":"https:\/\/secure.gravatar.com\/avatar\/c7164ed6fdec453195284ad24a5ae5b6e1eed2b848477fa2a4787ba9adf39a41?s=96&d=mm&r=g","caption":"Redacci\u00f3n QP"},"url":"https:\/\/quehacerpolitico.mx\/?author=2"}]}},"featured_image_urls":{"full":["https:\/\/quehacerpolitico.mx\/wp-content\/uploads\/2026\/01\/IMG_5974.jpeg",1170,1055,false],"thumbnail":["https:\/\/quehacerpolitico.mx\/wp-content\/uploads\/2026\/01\/IMG_5974-150x150.jpeg",150,150,true],"medium":["https:\/\/quehacerpolitico.mx\/wp-content\/uploads\/2026\/01\/IMG_5974-300x271.jpeg",300,271,true],"medium_large":["https:\/\/quehacerpolitico.mx\/wp-content\/uploads\/2026\/01\/IMG_5974-768x693.jpeg",640,578,true],"large":["https:\/\/quehacerpolitico.mx\/wp-content\/uploads\/2026\/01\/IMG_5974-1024x923.jpeg",640,577,true],"1536x1536":["https:\/\/quehacerpolitico.mx\/wp-content\/uploads\/2026\/01\/IMG_5974.jpeg",1170,1055,false],"2048x2048":["https:\/\/quehacerpolitico.mx\/wp-content\/uploads\/2026\/01\/IMG_5974.jpeg",1170,1055,false],"covernews-featured":["https:\/\/quehacerpolitico.mx\/wp-content\/uploads\/2026\/01\/IMG_5974-1024x923.jpeg",1024,923,true],"covernews-medium":["https:\/\/quehacerpolitico.mx\/wp-content\/uploads\/2026\/01\/IMG_5974-540x340.jpeg",540,340,true]},"author_info":{"display_name":"Redacci\u00f3n QP","author_link":"https:\/\/quehacerpolitico.mx\/?author=2"},"category_info":"<a href=\"https:\/\/quehacerpolitico.mx\/?cat=55\" rel=\"category\">CDMX<\/a>","tag_info":"CDMX","comment_count":"0","_links":{"self":[{"href":"https:\/\/quehacerpolitico.mx\/index.php?rest_route=\/wp\/v2\/posts\/126979","targetHints":{"allow":["GET"]}}],"collection":[{"href":"https:\/\/quehacerpolitico.mx\/index.php?rest_route=\/wp\/v2\/posts"}],"about":[{"href":"https:\/\/quehacerpolitico.mx\/index.php?rest_route=\/wp\/v2\/types\/post"}],"author":[{"embeddable":true,"href":"https:\/\/quehacerpolitico.mx\/index.php?rest_route=\/wp\/v2\/users\/2"}],"replies":[{"embeddable":true,"href":"https:\/\/quehacerpolitico.mx\/index.php?rest_route=%2Fwp%2Fv2%2Fcomments&post=126979"}],"version-history":[{"count":1,"href":"https:\/\/quehacerpolitico.mx\/index.php?rest_route=\/wp\/v2\/posts\/126979\/revisions"}],"predecessor-version":[{"id":126985,"href":"https:\/\/quehacerpolitico.mx\/index.php?rest_route=\/wp\/v2\/posts\/126979\/revisions\/126985"}],"wp:featuredmedia":[{"embeddable":true,"href":"https:\/\/quehacerpolitico.mx\/index.php?rest_route=\/wp\/v2\/media\/126984"}],"wp:attachment":[{"href":"https:\/\/quehacerpolitico.mx\/index.php?rest_route=%2Fwp%2Fv2%2Fmedia&parent=126979"}],"wp:term":[{"taxonomy":"category","embeddable":true,"href":"https:\/\/quehacerpolitico.mx\/index.php?rest_route=%2Fwp%2Fv2%2Fcategories&post=126979"},{"taxonomy":"post_tag","embeddable":true,"href":"https:\/\/quehacerpolitico.mx\/index.php?rest_route=%2Fwp%2Fv2%2Ftags&post=126979"}],"curies":[{"name":"wp","href":"https:\/\/api.w.org\/{rel}","templated":true}]}}