{"id":126637,"date":"2026-01-08T15:11:22","date_gmt":"2026-01-08T21:11:22","guid":{"rendered":"https:\/\/quehacerpolitico.mx\/?p=126637"},"modified":"2026-01-08T15:11:29","modified_gmt":"2026-01-08T21:11:29","slug":"no-queremos-que-nuestras-regalias-patrocinen-guerras-cafe-tacvba-pide-bajar-su-musica-de-spotify","status":"publish","type":"post","link":"https:\/\/quehacerpolitico.mx\/?p=126637","title":{"rendered":"&#8220;No queremos que nuestras regal\u00edas patrocinen guerras&#8221;: Caf\u00e9 Tacvba pide bajar su m\u00fasica de Spotify"},"content":{"rendered":"\n<p>Por Redacci\u00f3n QP<\/p>\n\n\n\n<p>Rub\u00e9n Albarr\u00e1n inform\u00f3 que entreg\u00f3 una carta a Universal Music y Warner Music M\u00e9xico para tomar esta medida; la empresa rechaz\u00f3 los m\u00faltiples se\u00f1alamientos<\/p>\n\n\n\n<p>El vocalista de Caf\u00e9 Tacvba,&nbsp;<strong>Rub\u00e9n Albarr\u00e1n<\/strong>, inform\u00f3 que la banda solicit\u00f3 a Universal Music y Warner Music M\u00e9xico que retiren de&nbsp;<strong>Spotify<\/strong>&nbsp;el cat\u00e1logo del grupo, a fin de no financiar guerras y acciones reprobables de Estados Unidos.<\/p>\n\n\n\n<p>En un mensaje compartido este mi\u00e9rcoles en sus redes sociales, el cantante defendi\u00f3 que la plataforma contraviene su visi\u00f3n art\u00edstica y su \u00e9tica, adem\u00e1s de cuestionar el modelo de&nbsp;<strong>reparto de regal\u00edas<\/strong>&nbsp;y el uso de&nbsp;<strong>inteligencia artificial&nbsp;<\/strong>en la industria musical.<\/p>\n\n\n\n<figure class=\"wp-block-image size-full\"><img loading=\"lazy\" decoding=\"async\" width=\"603\" height=\"492\" src=\"https:\/\/quehacerpolitico.mx\/wp-content\/uploads\/2026\/01\/IMG_5961.jpeg\" alt=\"\" class=\"wp-image-126641\" srcset=\"https:\/\/quehacerpolitico.mx\/wp-content\/uploads\/2026\/01\/IMG_5961.jpeg 603w, https:\/\/quehacerpolitico.mx\/wp-content\/uploads\/2026\/01\/IMG_5961-300x245.jpeg 300w\" sizes=\"auto, (max-width: 603px) 100vw, 603px\" \/><\/figure>\n\n\n\n<p>\u201cEn d\u00edas pasados he entregado, de parte de Caf\u00e9 Tacvba, una carta, tanto a Universal Music como Warner Music M\u00e9xico, solicit\u00e1ndoles que se baje el cat\u00e1logo de Caf\u00e9 Tacvba de la plataforma Spotify\u201d, se\u00f1al\u00f3.<\/p>\n\n\n\n<p>El cantante explic\u00f3 que la petici\u00f3n se basa en una serie de motivos y enlist\u00f3 \u201clas inversiones en armamento\u201d, \u201cla publicidad de ICE (Servicio de Migraci\u00f3n y Control de Aduanas de Estados Unidos)\u201d.<\/p>\n\n\n\n<p>Asimismo, \u201cla utilizaci\u00f3n de un royalty pool totalmente injusto\u201d, adem\u00e1s de calificar como insuficientes los pagos que reciben: \u201cnuestras regal\u00edas de miseria\u201d.<\/p>\n\n\n\n<p>Albarr\u00e1n tambi\u00e9n critic\u00f3 \u201cla utilizaci\u00f3n de la inteligencia artificial en detrimento de los m\u00fasicos y de todas las personas\u201d, al sostener que \u201cla m\u00fasica debe tener significado y debe de apoyar a los pueblos y darles fuerza\u201d.<\/p>\n\n\n\n<p>Tambi\u00e9n coment\u00f3 que el grupo busca evitar que sus ingresos terminen&nbsp;<strong>vinculados con conflictos<\/strong>, al afirmar: \u201cno queremos que nuestras regal\u00edas, el dinero que nos quitan, sean utilizadas para patrocinar guerras y acciones por dem\u00e1s reprobables\u201d.<\/p>\n\n\n\n<p>En su publicaci\u00f3n de Instagram, Albarr\u00e1n precis\u00f3 que las cartas fueron dirigidas a las\u00a0<strong>disqueras<\/strong>\u00a0Warner Music M\u00e9xico y Universal Music M\u00e9xico, \u201cquienes por contrato tienen el derecho de explotaci\u00f3n del cat\u00e1logo de Caf\u00e9 Tacvba\u201d, y afirm\u00f3 que el retiro se solicita \u201cpor contravenir nuestra visi\u00f3n art\u00edstica y nuestra \u00e9tica tanto personal, como de banda\u201d.<\/p>\n\n\n\n<figure class=\"wp-block-embed is-type-video is-provider-youtube wp-block-embed-youtube wp-embed-aspect-9-16 wp-has-aspect-ratio\"><div class=\"wp-block-embed__wrapper\">\n<iframe loading=\"lazy\" title=\"Caf\u00e9 Tacvba solicita bajar su cat\u00e1logo musical de Spotify; no son los \u00fanicos\u2026\" width=\"540\" height=\"960\" src=\"https:\/\/www.youtube.com\/embed\/-RvVxDLMYKE?feature=oembed\" frameborder=\"0\" allow=\"accelerometer; autoplay; clipboard-write; encrypted-media; gyroscope; picture-in-picture; web-share\" referrerpolicy=\"strict-origin-when-cross-origin\" allowfullscreen><\/iframe>\n<\/div><\/figure>\n\n\n\n<p>El m\u00fasico invit\u00f3 a los seguidores a escuchar a&nbsp;<strong>Caf\u00e9 Tacvba<\/strong>&nbsp;en otras plataformas o incluso a \u201cboicotear\u201d&nbsp;<strong>Spotify<\/strong>, al considerar que es una forma de no participar \u201cde los abusos del poder\u201d y de \u201clas guerras en curso\u201d, adem\u00e1s de llamar a \u201ccrear un nuevo mundo, m\u00e1s justo, horizontal\u201d y en el que \u201cla m\u00fasica siga teniendo valor\u201d y \u201csignificado\u201d.<\/p>\n\n\n\n<h2 class=\"wp-block-heading\">&#8220;No financiamos guerras&#8221;, responden a Caf\u00e9 Tacvba<\/h2>\n\n\n\n<p>Un d\u00eda despu\u00e9s,&nbsp;<strong>Spotify<\/strong>&nbsp;rechaz\u00f3&nbsp;que la empresa financie acciones b\u00e9licas, como afirm\u00f3 el<strong>&nbsp;vocalista de Caf\u00e9 Tacvba<\/strong>, quien solicit\u00f3 a las disqueras antes mencionadas que retiren de dicho servicio el cat\u00e1logo del grupo, en protesta por la supuesta inversi\u00f3n de la empresa en&nbsp;<strong>guerras.<\/strong><\/p>\n\n\n\n<p>&#8220;Respetamos el legado art\u00edstico de Caf\u00e9 Tacvba y el derecho de Rub\u00e9n Albarr\u00e1n a expresar sus opiniones, pero los hechos cuentan una historia distinta.&nbsp;<strong>Spotify no financia la guerra\u201d<\/strong>, explic\u00f3 la plataforma en un pronunciamiento compartido a<em>&nbsp;EFE.<\/em><\/p>\n\n\n\n<p>La pol\u00e9mica surgi\u00f3 luego de que&nbsp;<strong>Daniel Ek<\/strong>, director ejecutivo de la plataforma, anunciara&nbsp;en junio pasado una inversi\u00f3n de 700 millones de d\u00f3lares a trav\u00e9s de su compa\u00f1\u00eda personal, Prima Materia, en la empresa europea de&nbsp;<strong>defensa Helsing.<\/strong><\/p>\n\n\n\n<p>Se trata de una firma especializada en un&nbsp;software de&nbsp;<strong>inteligencia artificial&nbsp;<\/strong>integrado en&nbsp;<strong>aviones de combate.<\/strong><\/p>\n\n\n\n<p>Sin embargo, en su postura, Spotify precis\u00f3 que \u201cHelsing es una empresa independiente que ha estado suministrando tecnolog\u00eda de defensa a Ucrania\u201d.&nbsp;<\/p>\n\n\n\n<p>Albarr\u00e1n tambi\u00e9n dijo que uno de los argumentos por los que solicitaba que retiraran la m\u00fasica de la banda de la plataforma se deb\u00eda a \u201cla publicidad de ICE (Servicio de Migraci\u00f3n y Control de Aduanas de Estados Unidos)\u201d que tiene la misma.&nbsp;<\/p>\n\n\n\n<p>En ese sentido, Spotify afirm\u00f3 que \u201cactualmente no hay anuncios de ICE\u201d en su contenido y acot\u00f3 que \u201cla publicidad mencionada fue parte de una campa\u00f1a de reclutamiento del gobierno estadounidense que se difundi\u00f3 en los principales medios y plataformas\u201d.&nbsp;<\/p>\n\n\n\n<p>Al respecto, de la implementaci\u00f3n de la&nbsp;<strong>inteligencia artificial<\/strong>,&nbsp;la empresa argument\u00f3 que Spotify \u201ces una plataforma para la m\u00fasica, y nuestra pol\u00edtica de IA se enfoca en proteger a los artistas humanos de clones y fraudes\u201d.&nbsp;<\/p>\n\n\n\n<p>Sobre el uso de sus regal\u00edas, la plataforma dijo que le \u201cenorgullece\u201d que la&nbsp;<strong>m\u00fasica de Caf\u00e9 Tacvba<\/strong>&nbsp;haya generado millones de d\u00f3lares en su espacio a lo largo de los a\u00f1os y afirm\u00f3 que sigue pagando m\u00e1s dinero a m\u00e1s artistas \u201cque cualquier otro actor en la historia de la m\u00fasica\u201d.&nbsp;<\/p>\n\n\n\n<p>\u201cConstantemente pagamos el 70% de nuestros ingresos a los titulares de derechos. Sentimos un profundo respeto por el legado de&nbsp;<strong>Caf\u00e9 Tacvba&nbsp;<\/strong>y seguimos comprometidos con ser el puente entre su m\u00fasica y los millones de fans que los apoyan en nuestra plataforma todos los d\u00edas\u201d, acot\u00f3 la empresa.<\/p>\n\n\n\n<p>Con informaci\u00f3n de EFE<\/p>\n","protected":false},"excerpt":{"rendered":"<p>Por Redacci\u00f3n QP Rub\u00e9n Albarr\u00e1n inform\u00f3 que entreg\u00f3 una carta a Universal Music y Warner&#8230;<\/p>\n","protected":false},"author":2,"featured_media":126642,"comment_status":"open","ping_status":"open","sticky":false,"template":"","format":"standard","meta":{"_monsterinsights_skip_tracking":false,"_monsterinsights_sitenote_active":false,"_monsterinsights_sitenote_note":"","_monsterinsights_sitenote_category":0,"footnotes":""},"categories":[58],"tags":[],"class_list":["post-126637","post","type-post","status-publish","format-standard","has-post-thumbnail","hentry","category-cultura"],"yoast_head":"<!-- This site is optimized with the Yoast SEO plugin v27.3 - https:\/\/yoast.com\/product\/yoast-seo-wordpress\/ -->\n<title>&quot;No queremos que nuestras regal\u00edas patrocinen guerras&quot;: Caf\u00e9 Tacvba pide bajar su m\u00fasica de Spotify -<\/title>\n<meta name=\"robots\" content=\"index, follow, max-snippet:-1, max-image-preview:large, max-video-preview:-1\" \/>\n<link rel=\"canonical\" href=\"https:\/\/quehacerpolitico.mx\/?p=126637\" \/>\n<meta property=\"og:locale\" content=\"es_MX\" \/>\n<meta property=\"og:type\" content=\"article\" \/>\n<meta property=\"og:title\" content=\"&quot;No queremos que nuestras regal\u00edas patrocinen guerras&quot;: Caf\u00e9 Tacvba pide bajar su m\u00fasica de Spotify -\" \/>\n<meta property=\"og:description\" content=\"Por Redacci\u00f3n QP Rub\u00e9n Albarr\u00e1n inform\u00f3 que entreg\u00f3 una carta a Universal Music y Warner...\" \/>\n<meta property=\"og:url\" content=\"https:\/\/quehacerpolitico.mx\/?p=126637\" \/>\n<meta property=\"article:published_time\" content=\"2026-01-08T21:11:22+00:00\" \/>\n<meta property=\"article:modified_time\" content=\"2026-01-08T21:11:29+00:00\" \/>\n<meta property=\"og:image\" content=\"http:\/\/quehacerpolitico.mx\/wp-content\/uploads\/2026\/01\/IMG_5962.webp\" \/>\n\t<meta property=\"og:image:width\" content=\"150\" \/>\n\t<meta property=\"og:image:height\" content=\"90\" \/>\n\t<meta property=\"og:image:type\" content=\"image\/webp\" \/>\n<meta name=\"author\" content=\"Redacci\u00f3n QP\" \/>\n<meta name=\"twitter:card\" content=\"summary_large_image\" \/>\n<meta name=\"twitter:label1\" content=\"Escrito por\" \/>\n\t<meta name=\"twitter:data1\" content=\"Redacci\u00f3n QP\" \/>\n\t<meta name=\"twitter:label2\" content=\"Tiempo de lectura\" \/>\n\t<meta name=\"twitter:data2\" content=\"4 minutos\" \/>\n<script type=\"application\/ld+json\" class=\"yoast-schema-graph\">{\"@context\":\"https:\\\/\\\/schema.org\",\"@graph\":[{\"@type\":\"Article\",\"@id\":\"https:\\\/\\\/quehacerpolitico.mx\\\/?p=126637#article\",\"isPartOf\":{\"@id\":\"https:\\\/\\\/quehacerpolitico.mx\\\/?p=126637\"},\"author\":{\"name\":\"Redacci\u00f3n QP\",\"@id\":\"https:\\\/\\\/quehacerpolitico.mx\\\/#\\\/schema\\\/person\\\/496d8ad2d1d3f8036101dca7ee39e585\"},\"headline\":\"&#8220;No queremos que nuestras regal\u00edas patrocinen guerras&#8221;: Caf\u00e9 Tacvba pide bajar su m\u00fasica de Spotify\",\"datePublished\":\"2026-01-08T21:11:22+00:00\",\"dateModified\":\"2026-01-08T21:11:29+00:00\",\"mainEntityOfPage\":{\"@id\":\"https:\\\/\\\/quehacerpolitico.mx\\\/?p=126637\"},\"wordCount\":916,\"commentCount\":0,\"image\":{\"@id\":\"https:\\\/\\\/quehacerpolitico.mx\\\/?p=126637#primaryimage\"},\"thumbnailUrl\":\"https:\\\/\\\/quehacerpolitico.mx\\\/wp-content\\\/uploads\\\/2026\\\/01\\\/IMG_5962.webp\",\"articleSection\":[\"Cultura y Entretenimiento\"],\"inLanguage\":\"es\",\"potentialAction\":[{\"@type\":\"CommentAction\",\"name\":\"Comment\",\"target\":[\"https:\\\/\\\/quehacerpolitico.mx\\\/?p=126637#respond\"]}]},{\"@type\":\"WebPage\",\"@id\":\"https:\\\/\\\/quehacerpolitico.mx\\\/?p=126637\",\"url\":\"https:\\\/\\\/quehacerpolitico.mx\\\/?p=126637\",\"name\":\"\\\"No queremos que nuestras regal\u00edas patrocinen guerras\\\": Caf\u00e9 Tacvba pide bajar su m\u00fasica de Spotify -\",\"isPartOf\":{\"@id\":\"https:\\\/\\\/quehacerpolitico.mx\\\/#website\"},\"primaryImageOfPage\":{\"@id\":\"https:\\\/\\\/quehacerpolitico.mx\\\/?p=126637#primaryimage\"},\"image\":{\"@id\":\"https:\\\/\\\/quehacerpolitico.mx\\\/?p=126637#primaryimage\"},\"thumbnailUrl\":\"https:\\\/\\\/quehacerpolitico.mx\\\/wp-content\\\/uploads\\\/2026\\\/01\\\/IMG_5962.webp\",\"datePublished\":\"2026-01-08T21:11:22+00:00\",\"dateModified\":\"2026-01-08T21:11:29+00:00\",\"author\":{\"@id\":\"https:\\\/\\\/quehacerpolitico.mx\\\/#\\\/schema\\\/person\\\/496d8ad2d1d3f8036101dca7ee39e585\"},\"breadcrumb\":{\"@id\":\"https:\\\/\\\/quehacerpolitico.mx\\\/?p=126637#breadcrumb\"},\"inLanguage\":\"es\",\"potentialAction\":[{\"@type\":\"ReadAction\",\"target\":[\"https:\\\/\\\/quehacerpolitico.mx\\\/?p=126637\"]}]},{\"@type\":\"ImageObject\",\"inLanguage\":\"es\",\"@id\":\"https:\\\/\\\/quehacerpolitico.mx\\\/?p=126637#primaryimage\",\"url\":\"https:\\\/\\\/quehacerpolitico.mx\\\/wp-content\\\/uploads\\\/2026\\\/01\\\/IMG_5962.webp\",\"contentUrl\":\"https:\\\/\\\/quehacerpolitico.mx\\\/wp-content\\\/uploads\\\/2026\\\/01\\\/IMG_5962.webp\",\"width\":150,\"height\":90},{\"@type\":\"BreadcrumbList\",\"@id\":\"https:\\\/\\\/quehacerpolitico.mx\\\/?p=126637#breadcrumb\",\"itemListElement\":[{\"@type\":\"ListItem\",\"position\":1,\"name\":\"Inicio\",\"item\":\"https:\\\/\\\/quehacerpolitico.mx\\\/\"},{\"@type\":\"ListItem\",\"position\":2,\"name\":\"&#8220;No queremos que nuestras regal\u00edas patrocinen guerras&#8221;: Caf\u00e9 Tacvba pide bajar su m\u00fasica de Spotify\"}]},{\"@type\":\"WebSite\",\"@id\":\"https:\\\/\\\/quehacerpolitico.mx\\\/#website\",\"url\":\"https:\\\/\\\/quehacerpolitico.mx\\\/\",\"name\":\"\",\"description\":\"\",\"potentialAction\":[{\"@type\":\"SearchAction\",\"target\":{\"@type\":\"EntryPoint\",\"urlTemplate\":\"https:\\\/\\\/quehacerpolitico.mx\\\/?s={search_term_string}\"},\"query-input\":{\"@type\":\"PropertyValueSpecification\",\"valueRequired\":true,\"valueName\":\"search_term_string\"}}],\"inLanguage\":\"es\"},{\"@type\":\"Person\",\"@id\":\"https:\\\/\\\/quehacerpolitico.mx\\\/#\\\/schema\\\/person\\\/496d8ad2d1d3f8036101dca7ee39e585\",\"name\":\"Redacci\u00f3n QP\",\"image\":{\"@type\":\"ImageObject\",\"inLanguage\":\"es\",\"@id\":\"https:\\\/\\\/secure.gravatar.com\\\/avatar\\\/c7164ed6fdec453195284ad24a5ae5b6e1eed2b848477fa2a4787ba9adf39a41?s=96&d=mm&r=g\",\"url\":\"https:\\\/\\\/secure.gravatar.com\\\/avatar\\\/c7164ed6fdec453195284ad24a5ae5b6e1eed2b848477fa2a4787ba9adf39a41?s=96&d=mm&r=g\",\"contentUrl\":\"https:\\\/\\\/secure.gravatar.com\\\/avatar\\\/c7164ed6fdec453195284ad24a5ae5b6e1eed2b848477fa2a4787ba9adf39a41?s=96&d=mm&r=g\",\"caption\":\"Redacci\u00f3n QP\"},\"url\":\"https:\\\/\\\/quehacerpolitico.mx\\\/?author=2\"}]}<\/script>\n<!-- \/ Yoast SEO plugin. -->","yoast_head_json":{"title":"\"No queremos que nuestras regal\u00edas patrocinen guerras\": Caf\u00e9 Tacvba pide bajar su m\u00fasica de Spotify -","robots":{"index":"index","follow":"follow","max-snippet":"max-snippet:-1","max-image-preview":"max-image-preview:large","max-video-preview":"max-video-preview:-1"},"canonical":"https:\/\/quehacerpolitico.mx\/?p=126637","og_locale":"es_MX","og_type":"article","og_title":"\"No queremos que nuestras regal\u00edas patrocinen guerras\": Caf\u00e9 Tacvba pide bajar su m\u00fasica de Spotify -","og_description":"Por Redacci\u00f3n QP Rub\u00e9n Albarr\u00e1n inform\u00f3 que entreg\u00f3 una carta a Universal Music y Warner...","og_url":"https:\/\/quehacerpolitico.mx\/?p=126637","article_published_time":"2026-01-08T21:11:22+00:00","article_modified_time":"2026-01-08T21:11:29+00:00","og_image":[{"width":150,"height":90,"url":"http:\/\/quehacerpolitico.mx\/wp-content\/uploads\/2026\/01\/IMG_5962.webp","type":"image\/webp"}],"author":"Redacci\u00f3n QP","twitter_card":"summary_large_image","twitter_misc":{"Escrito por":"Redacci\u00f3n QP","Tiempo de lectura":"4 minutos"},"schema":{"@context":"https:\/\/schema.org","@graph":[{"@type":"Article","@id":"https:\/\/quehacerpolitico.mx\/?p=126637#article","isPartOf":{"@id":"https:\/\/quehacerpolitico.mx\/?p=126637"},"author":{"name":"Redacci\u00f3n QP","@id":"https:\/\/quehacerpolitico.mx\/#\/schema\/person\/496d8ad2d1d3f8036101dca7ee39e585"},"headline":"&#8220;No queremos que nuestras regal\u00edas patrocinen guerras&#8221;: Caf\u00e9 Tacvba pide bajar su m\u00fasica de Spotify","datePublished":"2026-01-08T21:11:22+00:00","dateModified":"2026-01-08T21:11:29+00:00","mainEntityOfPage":{"@id":"https:\/\/quehacerpolitico.mx\/?p=126637"},"wordCount":916,"commentCount":0,"image":{"@id":"https:\/\/quehacerpolitico.mx\/?p=126637#primaryimage"},"thumbnailUrl":"https:\/\/quehacerpolitico.mx\/wp-content\/uploads\/2026\/01\/IMG_5962.webp","articleSection":["Cultura y Entretenimiento"],"inLanguage":"es","potentialAction":[{"@type":"CommentAction","name":"Comment","target":["https:\/\/quehacerpolitico.mx\/?p=126637#respond"]}]},{"@type":"WebPage","@id":"https:\/\/quehacerpolitico.mx\/?p=126637","url":"https:\/\/quehacerpolitico.mx\/?p=126637","name":"\"No queremos que nuestras regal\u00edas patrocinen guerras\": Caf\u00e9 Tacvba pide bajar su m\u00fasica de Spotify -","isPartOf":{"@id":"https:\/\/quehacerpolitico.mx\/#website"},"primaryImageOfPage":{"@id":"https:\/\/quehacerpolitico.mx\/?p=126637#primaryimage"},"image":{"@id":"https:\/\/quehacerpolitico.mx\/?p=126637#primaryimage"},"thumbnailUrl":"https:\/\/quehacerpolitico.mx\/wp-content\/uploads\/2026\/01\/IMG_5962.webp","datePublished":"2026-01-08T21:11:22+00:00","dateModified":"2026-01-08T21:11:29+00:00","author":{"@id":"https:\/\/quehacerpolitico.mx\/#\/schema\/person\/496d8ad2d1d3f8036101dca7ee39e585"},"breadcrumb":{"@id":"https:\/\/quehacerpolitico.mx\/?p=126637#breadcrumb"},"inLanguage":"es","potentialAction":[{"@type":"ReadAction","target":["https:\/\/quehacerpolitico.mx\/?p=126637"]}]},{"@type":"ImageObject","inLanguage":"es","@id":"https:\/\/quehacerpolitico.mx\/?p=126637#primaryimage","url":"https:\/\/quehacerpolitico.mx\/wp-content\/uploads\/2026\/01\/IMG_5962.webp","contentUrl":"https:\/\/quehacerpolitico.mx\/wp-content\/uploads\/2026\/01\/IMG_5962.webp","width":150,"height":90},{"@type":"BreadcrumbList","@id":"https:\/\/quehacerpolitico.mx\/?p=126637#breadcrumb","itemListElement":[{"@type":"ListItem","position":1,"name":"Inicio","item":"https:\/\/quehacerpolitico.mx\/"},{"@type":"ListItem","position":2,"name":"&#8220;No queremos que nuestras regal\u00edas patrocinen guerras&#8221;: Caf\u00e9 Tacvba pide bajar su m\u00fasica de Spotify"}]},{"@type":"WebSite","@id":"https:\/\/quehacerpolitico.mx\/#website","url":"https:\/\/quehacerpolitico.mx\/","name":"","description":"","potentialAction":[{"@type":"SearchAction","target":{"@type":"EntryPoint","urlTemplate":"https:\/\/quehacerpolitico.mx\/?s={search_term_string}"},"query-input":{"@type":"PropertyValueSpecification","valueRequired":true,"valueName":"search_term_string"}}],"inLanguage":"es"},{"@type":"Person","@id":"https:\/\/quehacerpolitico.mx\/#\/schema\/person\/496d8ad2d1d3f8036101dca7ee39e585","name":"Redacci\u00f3n QP","image":{"@type":"ImageObject","inLanguage":"es","@id":"https:\/\/secure.gravatar.com\/avatar\/c7164ed6fdec453195284ad24a5ae5b6e1eed2b848477fa2a4787ba9adf39a41?s=96&d=mm&r=g","url":"https:\/\/secure.gravatar.com\/avatar\/c7164ed6fdec453195284ad24a5ae5b6e1eed2b848477fa2a4787ba9adf39a41?s=96&d=mm&r=g","contentUrl":"https:\/\/secure.gravatar.com\/avatar\/c7164ed6fdec453195284ad24a5ae5b6e1eed2b848477fa2a4787ba9adf39a41?s=96&d=mm&r=g","caption":"Redacci\u00f3n QP"},"url":"https:\/\/quehacerpolitico.mx\/?author=2"}]}},"featured_image_urls":{"full":["https:\/\/quehacerpolitico.mx\/wp-content\/uploads\/2026\/01\/IMG_5962.webp",150,90,false],"thumbnail":["https:\/\/quehacerpolitico.mx\/wp-content\/uploads\/2026\/01\/IMG_5962.webp",150,90,false],"medium":["https:\/\/quehacerpolitico.mx\/wp-content\/uploads\/2026\/01\/IMG_5962.webp",150,90,false],"medium_large":["https:\/\/quehacerpolitico.mx\/wp-content\/uploads\/2026\/01\/IMG_5962.webp",150,90,false],"large":["https:\/\/quehacerpolitico.mx\/wp-content\/uploads\/2026\/01\/IMG_5962.webp",150,90,false],"1536x1536":["https:\/\/quehacerpolitico.mx\/wp-content\/uploads\/2026\/01\/IMG_5962.webp",150,90,false],"2048x2048":["https:\/\/quehacerpolitico.mx\/wp-content\/uploads\/2026\/01\/IMG_5962.webp",150,90,false],"covernews-featured":["https:\/\/quehacerpolitico.mx\/wp-content\/uploads\/2026\/01\/IMG_5962.webp",150,90,false],"covernews-medium":["https:\/\/quehacerpolitico.mx\/wp-content\/uploads\/2026\/01\/IMG_5962.webp",150,90,false]},"author_info":{"display_name":"Redacci\u00f3n QP","author_link":"https:\/\/quehacerpolitico.mx\/?author=2"},"category_info":"<a href=\"https:\/\/quehacerpolitico.mx\/?cat=58\" rel=\"category\">Cultura y Entretenimiento<\/a>","tag_info":"Cultura y Entretenimiento","comment_count":"0","_links":{"self":[{"href":"https:\/\/quehacerpolitico.mx\/index.php?rest_route=\/wp\/v2\/posts\/126637","targetHints":{"allow":["GET"]}}],"collection":[{"href":"https:\/\/quehacerpolitico.mx\/index.php?rest_route=\/wp\/v2\/posts"}],"about":[{"href":"https:\/\/quehacerpolitico.mx\/index.php?rest_route=\/wp\/v2\/types\/post"}],"author":[{"embeddable":true,"href":"https:\/\/quehacerpolitico.mx\/index.php?rest_route=\/wp\/v2\/users\/2"}],"replies":[{"embeddable":true,"href":"https:\/\/quehacerpolitico.mx\/index.php?rest_route=%2Fwp%2Fv2%2Fcomments&post=126637"}],"version-history":[{"count":1,"href":"https:\/\/quehacerpolitico.mx\/index.php?rest_route=\/wp\/v2\/posts\/126637\/revisions"}],"predecessor-version":[{"id":126643,"href":"https:\/\/quehacerpolitico.mx\/index.php?rest_route=\/wp\/v2\/posts\/126637\/revisions\/126643"}],"wp:featuredmedia":[{"embeddable":true,"href":"https:\/\/quehacerpolitico.mx\/index.php?rest_route=\/wp\/v2\/media\/126642"}],"wp:attachment":[{"href":"https:\/\/quehacerpolitico.mx\/index.php?rest_route=%2Fwp%2Fv2%2Fmedia&parent=126637"}],"wp:term":[{"taxonomy":"category","embeddable":true,"href":"https:\/\/quehacerpolitico.mx\/index.php?rest_route=%2Fwp%2Fv2%2Fcategories&post=126637"},{"taxonomy":"post_tag","embeddable":true,"href":"https:\/\/quehacerpolitico.mx\/index.php?rest_route=%2Fwp%2Fv2%2Ftags&post=126637"}],"curies":[{"name":"wp","href":"https:\/\/api.w.org\/{rel}","templated":true}]}}