{"id":125277,"date":"2026-01-05T09:53:18","date_gmt":"2026-01-05T15:53:18","guid":{"rendered":"https:\/\/quehacerpolitico.mx\/?p=125277"},"modified":"2026-01-05T09:53:24","modified_gmt":"2026-01-05T15:53:24","slug":"america-no-pertenece-a-una-doctrina-ni-a-una-potencia-sheinbaum-rechaza-el-ataque-de-eu-y-la-captura-de-maduro","status":"publish","type":"post","link":"https:\/\/quehacerpolitico.mx\/?p=125277","title":{"rendered":"&#8220;Am\u00e9rica no pertenece a una doctrina ni a una potencia&#8221;: Sheinbaum rechaza el ataque de EU y la captura de Maduro"},"content":{"rendered":"\n<p>Por Redacci\u00f3n QP<\/p>\n\n\n\n<p>La mandataria mexicana se\u00f1al\u00f3 que el respeto a&nbsp;la soberan\u00eda y la autodeterminaci\u00f3n de los pueblos &#8220;no son opcionales ni negociables&#8221;, y abog\u00f3 por el di\u00e1logo<\/p>\n\n\n\n<p>La presidenta&nbsp;<strong>Claudia Sheinbaum<\/strong> reiter\u00f3 este lunes su rechazo al ataque de Estados Unidos en contra de Venezuela que deriv\u00f3 en la captura de&nbsp;<strong>Nicol\u00e1s Maduro<\/strong>&nbsp;y su esposa,&nbsp;<strong>Cilia Flores.&nbsp;<\/strong><\/p>\n\n\n\n<p>Al inicio de su conferencia matutina, la mandataria ley\u00f3 un posicionamiento en el que pidi\u00f3 respetar la soberan\u00eda de los pueblos y conden\u00f3 la intervenci\u00f3n en los asuntos internos de Venezuela.<\/p>\n\n\n\n<figure class=\"wp-block-embed is-type-rich is-provider-twitter wp-block-embed-twitter\"><div class=\"wp-block-embed__wrapper\">\n<blockquote class=\"twitter-tweet\" data-width=\"550\" data-dnt=\"true\"><p lang=\"es\" dir=\"ltr\">Aqu\u00ed el posicionamiento completo de la presidenta Claudia Sheinbaum sobre Venezuela \ud83d\udc47\ud83c\udffc <a href=\"https:\/\/t.co\/YsXhQ3MntT\">pic.twitter.com\/YsXhQ3MntT<\/a><\/p>&mdash; Azucena Uresti (@azucenau) <a href=\"https:\/\/twitter.com\/azucenau\/status\/2008192613825085672?ref_src=twsrc%5Etfw\">January 5, 2026<\/a><\/blockquote><script async src=\"https:\/\/platform.twitter.com\/widgets.js\" charset=\"utf-8\"><\/script>\n<\/div><\/figure>\n\n\n\n<p>&#8220;M\u00e9xico reafirma un principio que no es nuevo y que&nbsp;<strong>no admite ambig\u00fcedades,&nbsp;<\/strong>rechazamos de manera categ\u00f3rica la intervenci\u00f3n en los asuntos internos de otros los pa\u00edses. La intervenci\u00f3n&nbsp;<strong>nunca ha tra\u00eddo democracia,<\/strong>&nbsp;nunca ha generado bienestar y estabilidad duradera.(&#8230;) \u2014el pa\u00eds\u2014 sostiene con convicci\u00f3n que Am\u00e9rica no pertenece a una doctrina ni a una potencia&#8221;, se\u00f1al\u00f3.<\/p>\n\n\n\n<p>Sheinbaum se\u00f1al\u00f3 que el respeto a&nbsp;la&nbsp;<strong>soberan\u00eda y la autodeterminaci\u00f3n<\/strong>&nbsp;de los pueblos &#8220;no son opcionales ni negociables&#8221; y abog\u00f3 por el di\u00e1logo.<\/p>\n\n\n\n<p>&#8220;(&#8230;) son principios fundamentales del derecho internacional y deben respetarse siempre sin excepciones.&nbsp;La acci\u00f3n unilateral, la invasi\u00f3n no pueden ser la base de las relaciones internacionales del siglo XXI. No conducen ni a la paz ni al desarrollo&#8221;, a\u00f1adi\u00f3.&nbsp;<\/p>\n\n\n\n<h2 class=\"wp-block-heading\">Sheinbaum afirma que mantiene acuerdo con EU<\/h2>\n\n\n\n<p>La mandataria mexicana afirm\u00f3 tambi\u00e9n que ha dicho a su hom\u00f3logo estadounidense,&nbsp;<strong>Donald Trump,<\/strong>&nbsp;que ante el problema de drogas se deben atender las causas.&nbsp;<\/p>\n\n\n\n<p>&#8220;Hemos incluso coincidido en que los valores, el apoyo familiar, la educaci\u00f3n y la comunicaci\u00f3n masiva son herramientas indispensables para evitar el consumo de drogas&#8221;, se\u00f1al\u00f3.&nbsp;<\/p>\n\n\n\n<p>Y explic\u00f3 que la<strong>&nbsp;coordinaci\u00f3n con Estados Unidos&nbsp;<\/strong>contempla los principios de soberan\u00eda e integridad territorial, responsabilidad compartida y diferenciada, respeto y confianza mutua y cooperaci\u00f3n sin subordinaci\u00f3n.&nbsp;<\/p>\n\n\n\n<p>&#8220;Es necesario reafirmar que&nbsp;<strong>en M\u00e9xico manda el pueblo<\/strong>&nbsp;y que somos un pa\u00eds libre, independiente y soberano&#8221;, concluy\u00f3.&nbsp;<\/p>\n","protected":false},"excerpt":{"rendered":"<p>Por Redacci\u00f3n QP La mandataria mexicana se\u00f1al\u00f3 que el respeto a&nbsp;la soberan\u00eda y la autodeterminaci\u00f3n&#8230;<\/p>\n","protected":false},"author":2,"featured_media":125278,"comment_status":"open","ping_status":"open","sticky":false,"template":"","format":"standard","meta":{"_monsterinsights_skip_tracking":false,"_monsterinsights_sitenote_active":false,"_monsterinsights_sitenote_note":"","_monsterinsights_sitenote_category":0,"footnotes":""},"categories":[280,2],"tags":[],"class_list":["post-125277","post","type-post","status-publish","format-standard","has-post-thumbnail","hentry","category-nacionales","category-noticias"],"yoast_head":"<!-- This site is optimized with the Yoast SEO plugin v27.3 - https:\/\/yoast.com\/product\/yoast-seo-wordpress\/ -->\n<title>&quot;Am\u00e9rica no pertenece a una doctrina ni a una potencia&quot;: Sheinbaum rechaza el ataque de EU y la captura de Maduro -<\/title>\n<meta name=\"robots\" content=\"index, follow, max-snippet:-1, max-image-preview:large, max-video-preview:-1\" \/>\n<link rel=\"canonical\" href=\"https:\/\/quehacerpolitico.mx\/?p=125277\" \/>\n<meta property=\"og:locale\" content=\"es_MX\" \/>\n<meta property=\"og:type\" content=\"article\" \/>\n<meta property=\"og:title\" content=\"&quot;Am\u00e9rica no pertenece a una doctrina ni a una potencia&quot;: Sheinbaum rechaza el ataque de EU y la captura de Maduro -\" \/>\n<meta property=\"og:description\" content=\"Por Redacci\u00f3n QP La mandataria mexicana se\u00f1al\u00f3 que el respeto a&nbsp;la soberan\u00eda y la autodeterminaci\u00f3n...\" \/>\n<meta property=\"og:url\" content=\"https:\/\/quehacerpolitico.mx\/?p=125277\" \/>\n<meta property=\"article:published_time\" content=\"2026-01-05T15:53:18+00:00\" \/>\n<meta property=\"article:modified_time\" content=\"2026-01-05T15:53:24+00:00\" \/>\n<meta property=\"og:image\" content=\"http:\/\/quehacerpolitico.mx\/wp-content\/uploads\/2026\/01\/IMG_5934.jpeg\" \/>\n\t<meta property=\"og:image:width\" content=\"1170\" \/>\n\t<meta property=\"og:image:height\" content=\"638\" \/>\n\t<meta property=\"og:image:type\" content=\"image\/jpeg\" \/>\n<meta name=\"author\" content=\"Redacci\u00f3n QP\" \/>\n<meta name=\"twitter:card\" content=\"summary_large_image\" \/>\n<meta name=\"twitter:label1\" content=\"Escrito por\" \/>\n\t<meta name=\"twitter:data1\" content=\"Redacci\u00f3n QP\" \/>\n\t<meta name=\"twitter:label2\" content=\"Tiempo de lectura\" \/>\n\t<meta name=\"twitter:data2\" content=\"2 minutos\" \/>\n<script type=\"application\/ld+json\" class=\"yoast-schema-graph\">{\"@context\":\"https:\\\/\\\/schema.org\",\"@graph\":[{\"@type\":\"Article\",\"@id\":\"https:\\\/\\\/quehacerpolitico.mx\\\/?p=125277#article\",\"isPartOf\":{\"@id\":\"https:\\\/\\\/quehacerpolitico.mx\\\/?p=125277\"},\"author\":{\"name\":\"Redacci\u00f3n QP\",\"@id\":\"https:\\\/\\\/quehacerpolitico.mx\\\/#\\\/schema\\\/person\\\/496d8ad2d1d3f8036101dca7ee39e585\"},\"headline\":\"&#8220;Am\u00e9rica no pertenece a una doctrina ni a una potencia&#8221;: Sheinbaum rechaza el ataque de EU y la captura de Maduro\",\"datePublished\":\"2026-01-05T15:53:18+00:00\",\"dateModified\":\"2026-01-05T15:53:24+00:00\",\"mainEntityOfPage\":{\"@id\":\"https:\\\/\\\/quehacerpolitico.mx\\\/?p=125277\"},\"wordCount\":406,\"commentCount\":0,\"image\":{\"@id\":\"https:\\\/\\\/quehacerpolitico.mx\\\/?p=125277#primaryimage\"},\"thumbnailUrl\":\"https:\\\/\\\/quehacerpolitico.mx\\\/wp-content\\\/uploads\\\/2026\\\/01\\\/IMG_5934.jpeg\",\"articleSection\":[\"Nacionales\",\"Noticias\"],\"inLanguage\":\"es\",\"potentialAction\":[{\"@type\":\"CommentAction\",\"name\":\"Comment\",\"target\":[\"https:\\\/\\\/quehacerpolitico.mx\\\/?p=125277#respond\"]}]},{\"@type\":\"WebPage\",\"@id\":\"https:\\\/\\\/quehacerpolitico.mx\\\/?p=125277\",\"url\":\"https:\\\/\\\/quehacerpolitico.mx\\\/?p=125277\",\"name\":\"\\\"Am\u00e9rica no pertenece a una doctrina ni a una potencia\\\": Sheinbaum rechaza el ataque de EU y la captura de Maduro -\",\"isPartOf\":{\"@id\":\"https:\\\/\\\/quehacerpolitico.mx\\\/#website\"},\"primaryImageOfPage\":{\"@id\":\"https:\\\/\\\/quehacerpolitico.mx\\\/?p=125277#primaryimage\"},\"image\":{\"@id\":\"https:\\\/\\\/quehacerpolitico.mx\\\/?p=125277#primaryimage\"},\"thumbnailUrl\":\"https:\\\/\\\/quehacerpolitico.mx\\\/wp-content\\\/uploads\\\/2026\\\/01\\\/IMG_5934.jpeg\",\"datePublished\":\"2026-01-05T15:53:18+00:00\",\"dateModified\":\"2026-01-05T15:53:24+00:00\",\"author\":{\"@id\":\"https:\\\/\\\/quehacerpolitico.mx\\\/#\\\/schema\\\/person\\\/496d8ad2d1d3f8036101dca7ee39e585\"},\"breadcrumb\":{\"@id\":\"https:\\\/\\\/quehacerpolitico.mx\\\/?p=125277#breadcrumb\"},\"inLanguage\":\"es\",\"potentialAction\":[{\"@type\":\"ReadAction\",\"target\":[\"https:\\\/\\\/quehacerpolitico.mx\\\/?p=125277\"]}]},{\"@type\":\"ImageObject\",\"inLanguage\":\"es\",\"@id\":\"https:\\\/\\\/quehacerpolitico.mx\\\/?p=125277#primaryimage\",\"url\":\"https:\\\/\\\/quehacerpolitico.mx\\\/wp-content\\\/uploads\\\/2026\\\/01\\\/IMG_5934.jpeg\",\"contentUrl\":\"https:\\\/\\\/quehacerpolitico.mx\\\/wp-content\\\/uploads\\\/2026\\\/01\\\/IMG_5934.jpeg\",\"width\":1170,\"height\":638,\"caption\":\"Screenshot\"},{\"@type\":\"BreadcrumbList\",\"@id\":\"https:\\\/\\\/quehacerpolitico.mx\\\/?p=125277#breadcrumb\",\"itemListElement\":[{\"@type\":\"ListItem\",\"position\":1,\"name\":\"Inicio\",\"item\":\"https:\\\/\\\/quehacerpolitico.mx\\\/\"},{\"@type\":\"ListItem\",\"position\":2,\"name\":\"&#8220;Am\u00e9rica no pertenece a una doctrina ni a una potencia&#8221;: Sheinbaum rechaza el ataque de EU y la captura de Maduro\"}]},{\"@type\":\"WebSite\",\"@id\":\"https:\\\/\\\/quehacerpolitico.mx\\\/#website\",\"url\":\"https:\\\/\\\/quehacerpolitico.mx\\\/\",\"name\":\"\",\"description\":\"\",\"potentialAction\":[{\"@type\":\"SearchAction\",\"target\":{\"@type\":\"EntryPoint\",\"urlTemplate\":\"https:\\\/\\\/quehacerpolitico.mx\\\/?s={search_term_string}\"},\"query-input\":{\"@type\":\"PropertyValueSpecification\",\"valueRequired\":true,\"valueName\":\"search_term_string\"}}],\"inLanguage\":\"es\"},{\"@type\":\"Person\",\"@id\":\"https:\\\/\\\/quehacerpolitico.mx\\\/#\\\/schema\\\/person\\\/496d8ad2d1d3f8036101dca7ee39e585\",\"name\":\"Redacci\u00f3n QP\",\"image\":{\"@type\":\"ImageObject\",\"inLanguage\":\"es\",\"@id\":\"https:\\\/\\\/secure.gravatar.com\\\/avatar\\\/c7164ed6fdec453195284ad24a5ae5b6e1eed2b848477fa2a4787ba9adf39a41?s=96&d=mm&r=g\",\"url\":\"https:\\\/\\\/secure.gravatar.com\\\/avatar\\\/c7164ed6fdec453195284ad24a5ae5b6e1eed2b848477fa2a4787ba9adf39a41?s=96&d=mm&r=g\",\"contentUrl\":\"https:\\\/\\\/secure.gravatar.com\\\/avatar\\\/c7164ed6fdec453195284ad24a5ae5b6e1eed2b848477fa2a4787ba9adf39a41?s=96&d=mm&r=g\",\"caption\":\"Redacci\u00f3n QP\"},\"url\":\"https:\\\/\\\/quehacerpolitico.mx\\\/?author=2\"}]}<\/script>\n<!-- \/ Yoast SEO plugin. -->","yoast_head_json":{"title":"\"Am\u00e9rica no pertenece a una doctrina ni a una potencia\": Sheinbaum rechaza el ataque de EU y la captura de Maduro -","robots":{"index":"index","follow":"follow","max-snippet":"max-snippet:-1","max-image-preview":"max-image-preview:large","max-video-preview":"max-video-preview:-1"},"canonical":"https:\/\/quehacerpolitico.mx\/?p=125277","og_locale":"es_MX","og_type":"article","og_title":"\"Am\u00e9rica no pertenece a una doctrina ni a una potencia\": Sheinbaum rechaza el ataque de EU y la captura de Maduro -","og_description":"Por Redacci\u00f3n QP La mandataria mexicana se\u00f1al\u00f3 que el respeto a&nbsp;la soberan\u00eda y la autodeterminaci\u00f3n...","og_url":"https:\/\/quehacerpolitico.mx\/?p=125277","article_published_time":"2026-01-05T15:53:18+00:00","article_modified_time":"2026-01-05T15:53:24+00:00","og_image":[{"width":1170,"height":638,"url":"http:\/\/quehacerpolitico.mx\/wp-content\/uploads\/2026\/01\/IMG_5934.jpeg","type":"image\/jpeg"}],"author":"Redacci\u00f3n QP","twitter_card":"summary_large_image","twitter_misc":{"Escrito por":"Redacci\u00f3n QP","Tiempo de lectura":"2 minutos"},"schema":{"@context":"https:\/\/schema.org","@graph":[{"@type":"Article","@id":"https:\/\/quehacerpolitico.mx\/?p=125277#article","isPartOf":{"@id":"https:\/\/quehacerpolitico.mx\/?p=125277"},"author":{"name":"Redacci\u00f3n QP","@id":"https:\/\/quehacerpolitico.mx\/#\/schema\/person\/496d8ad2d1d3f8036101dca7ee39e585"},"headline":"&#8220;Am\u00e9rica no pertenece a una doctrina ni a una potencia&#8221;: Sheinbaum rechaza el ataque de EU y la captura de Maduro","datePublished":"2026-01-05T15:53:18+00:00","dateModified":"2026-01-05T15:53:24+00:00","mainEntityOfPage":{"@id":"https:\/\/quehacerpolitico.mx\/?p=125277"},"wordCount":406,"commentCount":0,"image":{"@id":"https:\/\/quehacerpolitico.mx\/?p=125277#primaryimage"},"thumbnailUrl":"https:\/\/quehacerpolitico.mx\/wp-content\/uploads\/2026\/01\/IMG_5934.jpeg","articleSection":["Nacionales","Noticias"],"inLanguage":"es","potentialAction":[{"@type":"CommentAction","name":"Comment","target":["https:\/\/quehacerpolitico.mx\/?p=125277#respond"]}]},{"@type":"WebPage","@id":"https:\/\/quehacerpolitico.mx\/?p=125277","url":"https:\/\/quehacerpolitico.mx\/?p=125277","name":"\"Am\u00e9rica no pertenece a una doctrina ni a una potencia\": Sheinbaum rechaza el ataque de EU y la captura de Maduro -","isPartOf":{"@id":"https:\/\/quehacerpolitico.mx\/#website"},"primaryImageOfPage":{"@id":"https:\/\/quehacerpolitico.mx\/?p=125277#primaryimage"},"image":{"@id":"https:\/\/quehacerpolitico.mx\/?p=125277#primaryimage"},"thumbnailUrl":"https:\/\/quehacerpolitico.mx\/wp-content\/uploads\/2026\/01\/IMG_5934.jpeg","datePublished":"2026-01-05T15:53:18+00:00","dateModified":"2026-01-05T15:53:24+00:00","author":{"@id":"https:\/\/quehacerpolitico.mx\/#\/schema\/person\/496d8ad2d1d3f8036101dca7ee39e585"},"breadcrumb":{"@id":"https:\/\/quehacerpolitico.mx\/?p=125277#breadcrumb"},"inLanguage":"es","potentialAction":[{"@type":"ReadAction","target":["https:\/\/quehacerpolitico.mx\/?p=125277"]}]},{"@type":"ImageObject","inLanguage":"es","@id":"https:\/\/quehacerpolitico.mx\/?p=125277#primaryimage","url":"https:\/\/quehacerpolitico.mx\/wp-content\/uploads\/2026\/01\/IMG_5934.jpeg","contentUrl":"https:\/\/quehacerpolitico.mx\/wp-content\/uploads\/2026\/01\/IMG_5934.jpeg","width":1170,"height":638,"caption":"Screenshot"},{"@type":"BreadcrumbList","@id":"https:\/\/quehacerpolitico.mx\/?p=125277#breadcrumb","itemListElement":[{"@type":"ListItem","position":1,"name":"Inicio","item":"https:\/\/quehacerpolitico.mx\/"},{"@type":"ListItem","position":2,"name":"&#8220;Am\u00e9rica no pertenece a una doctrina ni a una potencia&#8221;: Sheinbaum rechaza el ataque de EU y la captura de Maduro"}]},{"@type":"WebSite","@id":"https:\/\/quehacerpolitico.mx\/#website","url":"https:\/\/quehacerpolitico.mx\/","name":"","description":"","potentialAction":[{"@type":"SearchAction","target":{"@type":"EntryPoint","urlTemplate":"https:\/\/quehacerpolitico.mx\/?s={search_term_string}"},"query-input":{"@type":"PropertyValueSpecification","valueRequired":true,"valueName":"search_term_string"}}],"inLanguage":"es"},{"@type":"Person","@id":"https:\/\/quehacerpolitico.mx\/#\/schema\/person\/496d8ad2d1d3f8036101dca7ee39e585","name":"Redacci\u00f3n QP","image":{"@type":"ImageObject","inLanguage":"es","@id":"https:\/\/secure.gravatar.com\/avatar\/c7164ed6fdec453195284ad24a5ae5b6e1eed2b848477fa2a4787ba9adf39a41?s=96&d=mm&r=g","url":"https:\/\/secure.gravatar.com\/avatar\/c7164ed6fdec453195284ad24a5ae5b6e1eed2b848477fa2a4787ba9adf39a41?s=96&d=mm&r=g","contentUrl":"https:\/\/secure.gravatar.com\/avatar\/c7164ed6fdec453195284ad24a5ae5b6e1eed2b848477fa2a4787ba9adf39a41?s=96&d=mm&r=g","caption":"Redacci\u00f3n QP"},"url":"https:\/\/quehacerpolitico.mx\/?author=2"}]}},"featured_image_urls":{"full":["https:\/\/quehacerpolitico.mx\/wp-content\/uploads\/2026\/01\/IMG_5934.jpeg",1170,638,false],"thumbnail":["https:\/\/quehacerpolitico.mx\/wp-content\/uploads\/2026\/01\/IMG_5934-150x150.jpeg",150,150,true],"medium":["https:\/\/quehacerpolitico.mx\/wp-content\/uploads\/2026\/01\/IMG_5934-300x164.jpeg",300,164,true],"medium_large":["https:\/\/quehacerpolitico.mx\/wp-content\/uploads\/2026\/01\/IMG_5934-768x419.jpeg",640,349,true],"large":["https:\/\/quehacerpolitico.mx\/wp-content\/uploads\/2026\/01\/IMG_5934-1024x558.jpeg",640,349,true],"1536x1536":["https:\/\/quehacerpolitico.mx\/wp-content\/uploads\/2026\/01\/IMG_5934.jpeg",1170,638,false],"2048x2048":["https:\/\/quehacerpolitico.mx\/wp-content\/uploads\/2026\/01\/IMG_5934.jpeg",1170,638,false],"covernews-featured":["https:\/\/quehacerpolitico.mx\/wp-content\/uploads\/2026\/01\/IMG_5934-1024x558.jpeg",1024,558,true],"covernews-medium":["https:\/\/quehacerpolitico.mx\/wp-content\/uploads\/2026\/01\/IMG_5934-540x340.jpeg",540,340,true]},"author_info":{"display_name":"Redacci\u00f3n QP","author_link":"https:\/\/quehacerpolitico.mx\/?author=2"},"category_info":"<a href=\"https:\/\/quehacerpolitico.mx\/?cat=280\" rel=\"category\">Nacionales<\/a> <a href=\"https:\/\/quehacerpolitico.mx\/?cat=2\" rel=\"category\">Noticias<\/a>","tag_info":"Noticias","comment_count":"0","_links":{"self":[{"href":"https:\/\/quehacerpolitico.mx\/index.php?rest_route=\/wp\/v2\/posts\/125277","targetHints":{"allow":["GET"]}}],"collection":[{"href":"https:\/\/quehacerpolitico.mx\/index.php?rest_route=\/wp\/v2\/posts"}],"about":[{"href":"https:\/\/quehacerpolitico.mx\/index.php?rest_route=\/wp\/v2\/types\/post"}],"author":[{"embeddable":true,"href":"https:\/\/quehacerpolitico.mx\/index.php?rest_route=\/wp\/v2\/users\/2"}],"replies":[{"embeddable":true,"href":"https:\/\/quehacerpolitico.mx\/index.php?rest_route=%2Fwp%2Fv2%2Fcomments&post=125277"}],"version-history":[{"count":1,"href":"https:\/\/quehacerpolitico.mx\/index.php?rest_route=\/wp\/v2\/posts\/125277\/revisions"}],"predecessor-version":[{"id":125279,"href":"https:\/\/quehacerpolitico.mx\/index.php?rest_route=\/wp\/v2\/posts\/125277\/revisions\/125279"}],"wp:featuredmedia":[{"embeddable":true,"href":"https:\/\/quehacerpolitico.mx\/index.php?rest_route=\/wp\/v2\/media\/125278"}],"wp:attachment":[{"href":"https:\/\/quehacerpolitico.mx\/index.php?rest_route=%2Fwp%2Fv2%2Fmedia&parent=125277"}],"wp:term":[{"taxonomy":"category","embeddable":true,"href":"https:\/\/quehacerpolitico.mx\/index.php?rest_route=%2Fwp%2Fv2%2Fcategories&post=125277"},{"taxonomy":"post_tag","embeddable":true,"href":"https:\/\/quehacerpolitico.mx\/index.php?rest_route=%2Fwp%2Fv2%2Ftags&post=125277"}],"curies":[{"name":"wp","href":"https:\/\/api.w.org\/{rel}","templated":true}]}}