{"id":125264,"date":"2026-01-05T09:08:27","date_gmt":"2026-01-05T15:08:27","guid":{"rendered":"https:\/\/quehacerpolitico.mx\/?p=125264"},"modified":"2026-01-05T09:08:31","modified_gmt":"2026-01-05T15:08:31","slug":"un-nuevo-comienzo","status":"publish","type":"post","link":"https:\/\/quehacerpolitico.mx\/?p=125264","title":{"rendered":"Un nuevo comienzo"},"content":{"rendered":"\n<p>Por Graciela Edith Coronel Barrios <\/p>\n\n\n\n<p>Presidenta de Comercio Alternativo para una Vida Digna A.C. (CAPUVD)<\/p>\n\n\n\n<p>Estimado lector,&nbsp;quiero iniciar esta publicaci\u00f3n dese\u00e1ndote un feliz a\u00f1o nuevo,&nbsp;lleno de paz, salud, amor, prosperidad pero sobre todo lleno de la presencia de Dios en tu vida, que sea \u00c9l quien te gu\u00ede, guarde y ayude en todo.<\/p>\n\n\n\n<p>Y es&nbsp;con&nbsp;relaci\u00f3n con este nuevo a\u00f1o&nbsp;y con \u00e9l un nuevo comienzo y una nueva oportunidad,&nbsp;sobre lo que hoy quiero escribirte,&nbsp;Dios es tan bueno con nosotros que ha hecho nuestra vida c\u00edclica, de tal manera que cada d\u00eda tenemos la oportunidad de hacer algo nuevo, algo&nbsp;que nos encamine a&nbsp;llevar a cabo&nbsp;un proyecto&nbsp;m\u00e1s grande&nbsp;o intentar volver a hacer algo mejor que la primera vez;&nbsp;por ello es muy importante establecer, con la ayuda de Dios,&nbsp;un rumbo trascendente a nuestra vida d\u00e1ndole un mejor enfoque y manejo a nuestro tiempo.&nbsp;\u201cEns\u00e9\u00f1anos de tal modo a contar nuestros d\u00edas,&nbsp;que traigamos al coraz\u00f3n sabidur\u00eda.\u201d Salmos 90:12, este vers\u00edculo nos ense\u00f1a que es importante ser sabios con la administraci\u00f3n de nuestro tiempo,&nbsp;puesto que es un recurso no renovable y muy valioso&nbsp;que Dios nos concede,&nbsp;por lo que debemos aprovecharlo&nbsp;al m\u00e1ximo&nbsp;con sabidur\u00eda y diligencia. Y es que a veces perdemos demasiado tiempo procrastinando acciones, a\u00fan a veces lo perdemos simplemente por no tener&nbsp;metas&nbsp;o prop\u00f3sitos claros en nuestra vida.&nbsp;Por lo general nos enfocamos en cosas que est\u00e1n a unos d\u00edas o semanas de distancia, a veces ni siquiera planeamos lo que vamos a hacer o lograr durante un a\u00f1o, es muy importante que empecemos a levantar nuestros ojos y definir prop\u00f3sitos, metas y prioridades personales a largo plazo, a la luz de la eternidad y a la medida promedio del tiempo que Dios nos concede en la tierra, porque s\u00ed tenemos un l\u00edmite y hay que estar consciente de ello.<\/p>\n\n\n\n<p>Pero antes de continuar, definamos r\u00e1pidamente algunos conceptos: una meta es aquello a lo que nos dirigimos, as\u00ed como una flecha al blanco,&nbsp;las metas son m\u00e1s espec\u00edficas que los prop\u00f3sitos y se componen de procedimientos y tareas a realizar, deben ser realistas y alcanzables (considerando la intervenci\u00f3n de Dios), ambiciosas, es decir que nos lleven m\u00e1s all\u00e1 de donde estamos, deben ser medibles y establecerlas con un tiempo definido. Por su parte, una prioridad es aquello a lo que decidimos darle importancia y por lo tanto le dedicamos tiempo, esfuerzo, pasi\u00f3n, paciencia y recursos. Ahora s\u00ed, pide al Se\u00f1or sabidur\u00eda para definir las metas, prop\u00f3sitos y prioridades que tendr\u00e1s para este a\u00f1o.<\/p>\n\n\n\n<p>Hay&nbsp;ocasiones&nbsp;en&nbsp;que&nbsp;venimos de tantos fracasos, errores o desilusiones que perdemos el \u00e1nimo de volver a intentar o de llevar a cabo cosas o planes que no hemos alcanzado&nbsp;a\u00fan, o peor a\u00fan damos cavidad al temor o a la pereza, para detener nuestros prop\u00f3sitos.&nbsp;Hoy quiero animarte a que&nbsp;te esfuerces y seas valiente y&nbsp;conf\u00edes en&nbsp;la voluntad y en&nbsp;los planes de Dios para tu vida y pongas en acci\u00f3n la parte que te corresponde.&nbsp;\u201cPorque yo s\u00e9 los pensamientos que tengo acerca de vosotros, dice Jehov\u00e1, pensamientos de paz, y no de mal, para daros el fin que esper\u00e1is.\u201d Jerem\u00edas 29:11, como puedes ver, el Se\u00f1or tiene pensamientos buenos&nbsp;para&nbsp;ti, el fin que Dios tiene para&nbsp;ti superar\u00e1 tus expectativas, \u00c9l anhela que seamos prosperados en todo: \u201cAmado, yo deseo que t\u00fa seas prosperado en todas las cosas, y que tengas salud, as\u00ed como prospera tu alma.\u201d 3 Juan 1:2, esto significa que puedes tener la certeza de que&nbsp;cuando caminas con el Se\u00f1or,&nbsp;\u00c9l est\u00e1 de tu parte, \u00c9l desea que tu est\u00e9s bien.<\/p>\n\n\n\n<p>Enfocar nuestros esfuerzos y energ\u00edas hacia nuestros prop\u00f3sitos, metas y prioridades personales de largo plazo, nos llevar\u00e1 a centrarnos en lo valioso (aquello que a la luz de la Palabra de Dios tiene importancia), en lo trascendente (lo que permanecer\u00e1 y es de bendici\u00f3n para los que nos rodean) y en lo estrat\u00e9gico (lo que nos permite lograr m\u00e1s con los recursos que tenemos a la mano), confiando siempre en la voluntad de Dios para nuestra vida.<\/p>\n\n\n\n<p>Lo anterior nos da la pauta para entender que adem\u00e1sde&nbsp;definir metas&nbsp;o prop\u00f3sitos es&nbsp;muy importanteconocer lo que poseemos&nbsp;y presupuestar lo que necesitamos&nbsp;para llevarlos&nbsp;a cabos, esto incluye recursos materiales, humanos, econ\u00f3micos y habilidades personales,&nbsp;\u201cPorque \u00bfqui\u00e9n de vosotros, queriendo edificar una torre, no se sienta primero y calcula los gastos, a ver si tiene lo que necesita para acabarla?\u201d Lucas 14:28,&nbsp;a veces la falta de planeaci\u00f3n es lo que nos lleva al fracaso en nuestras metas o prop\u00f3sitos, no es que no podamos llevarlos&nbsp;a cabo&nbsp;o que no sean&nbsp;voluntad de Dios,&nbsp;es que no&nbsp;hemos tenido la sabidur\u00eda para&nbsp;planearlos&nbsp;correctamente.<\/p>\n\n\n\n<p>Y si est\u00e1s pensando&nbsp;en&nbsp;que tu vida est\u00e1 demasiada desordenada, que es demasiado tarde para desempolvar algunos deseos o que para ti ya no hay esperanza o forma de cambiar el rumbo, recuerda los nuevos comienzos de las vidas de Job y Ruth\u2026 donde todos ven muerte \u00a1Jes\u00fas ve&nbsp;nueva vida, un nuevo comienzo!<\/p>\n\n\n\n<p>Y quiero concluir esta publicaci\u00f3n anim\u00e1ndote a queconf\u00edes en ese nuevo comienzo&nbsp;que el Se\u00f1or quiere darte y que&nbsp;ores a&nbsp;\u00c9l&nbsp;(hoy y en otros momentos de este a\u00f1o) pidiendo su direcci\u00f3n y presentando tus metas y prop\u00f3sitos delante de \u00c9l, eval\u00faa las motivaciones de eso que anhelas y pide al Se\u00f1or que alinee tus deseos a los Suyos, \u00bfte gustar\u00eda comenzar?&nbsp;Lee conmigo&nbsp;esta oraci\u00f3n: Se\u00f1or Jes\u00fas, hoy te doy gracias por&nbsp;este nuevo a\u00f1o que comienza, gracias por todo lo que nos has ayudado hasta aqu\u00ed, reconozco que te he fallado y te pido perd\u00f3n, y agradezco que a pesar de todo, tu te has mantenido fiel, te pido sabidur\u00eda para el transcurrir de este nuevo a\u00f1o, ay\u00fadame a confiar en ti y tomarme de tu mano, hoy quiero reconocerte como mi Se\u00f1or y mi Salvador, h\u00e1gase tu voluntad en mi vida y venga tu Reino sobre m\u00ed, en el nombre de Jes\u00fas, am\u00e9n.<\/p>\n\n\n\n<p>\u201c\u2026Eben-ezer:&nbsp;\u2026Hasta&nbsp;aqu\u00ed&nbsp;nos&nbsp;ayud\u00f3&nbsp;Jehov\u00e1.\u201d 1 Samuel 7:12<\/p>\n","protected":false},"excerpt":{"rendered":"<p>Por Graciela Edith Coronel Barrios Presidenta de Comercio Alternativo para una Vida Digna A.C. (CAPUVD)&#8230;<\/p>\n","protected":false},"author":2,"featured_media":125265,"comment_status":"open","ping_status":"open","sticky":false,"template":"","format":"standard","meta":{"_monsterinsights_skip_tracking":false,"_monsterinsights_sitenote_active":false,"_monsterinsights_sitenote_note":"","_monsterinsights_sitenote_category":0,"footnotes":""},"categories":[280,2],"tags":[],"class_list":["post-125264","post","type-post","status-publish","format-standard","has-post-thumbnail","hentry","category-nacionales","category-noticias"],"yoast_head":"<!-- This site is optimized with the Yoast SEO plugin v27.3 - https:\/\/yoast.com\/product\/yoast-seo-wordpress\/ -->\n<title>Un nuevo comienzo -<\/title>\n<meta name=\"robots\" content=\"index, follow, max-snippet:-1, max-image-preview:large, max-video-preview:-1\" \/>\n<link rel=\"canonical\" href=\"https:\/\/quehacerpolitico.mx\/?p=125264\" \/>\n<meta property=\"og:locale\" content=\"es_MX\" \/>\n<meta property=\"og:type\" content=\"article\" \/>\n<meta property=\"og:title\" content=\"Un nuevo comienzo -\" \/>\n<meta property=\"og:description\" content=\"Por Graciela Edith Coronel Barrios Presidenta de Comercio Alternativo para una Vida Digna A.C. (CAPUVD)...\" \/>\n<meta property=\"og:url\" content=\"https:\/\/quehacerpolitico.mx\/?p=125264\" \/>\n<meta property=\"article:published_time\" content=\"2026-01-05T15:08:27+00:00\" \/>\n<meta property=\"article:modified_time\" content=\"2026-01-05T15:08:31+00:00\" \/>\n<meta property=\"og:image\" content=\"http:\/\/quehacerpolitico.mx\/wp-content\/uploads\/2026\/01\/90F680BD-630F-495F-B6E1-E43E3ADC415E.jpeg\" \/>\n\t<meta property=\"og:image:width\" content=\"1218\" \/>\n\t<meta property=\"og:image:height\" content=\"640\" \/>\n\t<meta property=\"og:image:type\" content=\"image\/jpeg\" \/>\n<meta name=\"author\" content=\"Redacci\u00f3n QP\" \/>\n<meta name=\"twitter:card\" content=\"summary_large_image\" \/>\n<meta name=\"twitter:label1\" content=\"Escrito por\" \/>\n\t<meta name=\"twitter:data1\" content=\"Redacci\u00f3n QP\" \/>\n\t<meta name=\"twitter:label2\" content=\"Tiempo de lectura\" \/>\n\t<meta name=\"twitter:data2\" content=\"5 minutos\" \/>\n<script type=\"application\/ld+json\" class=\"yoast-schema-graph\">{\"@context\":\"https:\\\/\\\/schema.org\",\"@graph\":[{\"@type\":\"Article\",\"@id\":\"https:\\\/\\\/quehacerpolitico.mx\\\/?p=125264#article\",\"isPartOf\":{\"@id\":\"https:\\\/\\\/quehacerpolitico.mx\\\/?p=125264\"},\"author\":{\"name\":\"Redacci\u00f3n QP\",\"@id\":\"https:\\\/\\\/quehacerpolitico.mx\\\/#\\\/schema\\\/person\\\/496d8ad2d1d3f8036101dca7ee39e585\"},\"headline\":\"Un nuevo comienzo\",\"datePublished\":\"2026-01-05T15:08:27+00:00\",\"dateModified\":\"2026-01-05T15:08:31+00:00\",\"mainEntityOfPage\":{\"@id\":\"https:\\\/\\\/quehacerpolitico.mx\\\/?p=125264\"},\"wordCount\":1169,\"commentCount\":0,\"image\":{\"@id\":\"https:\\\/\\\/quehacerpolitico.mx\\\/?p=125264#primaryimage\"},\"thumbnailUrl\":\"https:\\\/\\\/quehacerpolitico.mx\\\/wp-content\\\/uploads\\\/2026\\\/01\\\/90F680BD-630F-495F-B6E1-E43E3ADC415E.jpeg\",\"articleSection\":[\"Nacionales\",\"Noticias\"],\"inLanguage\":\"es\",\"potentialAction\":[{\"@type\":\"CommentAction\",\"name\":\"Comment\",\"target\":[\"https:\\\/\\\/quehacerpolitico.mx\\\/?p=125264#respond\"]}]},{\"@type\":\"WebPage\",\"@id\":\"https:\\\/\\\/quehacerpolitico.mx\\\/?p=125264\",\"url\":\"https:\\\/\\\/quehacerpolitico.mx\\\/?p=125264\",\"name\":\"Un nuevo comienzo -\",\"isPartOf\":{\"@id\":\"https:\\\/\\\/quehacerpolitico.mx\\\/#website\"},\"primaryImageOfPage\":{\"@id\":\"https:\\\/\\\/quehacerpolitico.mx\\\/?p=125264#primaryimage\"},\"image\":{\"@id\":\"https:\\\/\\\/quehacerpolitico.mx\\\/?p=125264#primaryimage\"},\"thumbnailUrl\":\"https:\\\/\\\/quehacerpolitico.mx\\\/wp-content\\\/uploads\\\/2026\\\/01\\\/90F680BD-630F-495F-B6E1-E43E3ADC415E.jpeg\",\"datePublished\":\"2026-01-05T15:08:27+00:00\",\"dateModified\":\"2026-01-05T15:08:31+00:00\",\"author\":{\"@id\":\"https:\\\/\\\/quehacerpolitico.mx\\\/#\\\/schema\\\/person\\\/496d8ad2d1d3f8036101dca7ee39e585\"},\"breadcrumb\":{\"@id\":\"https:\\\/\\\/quehacerpolitico.mx\\\/?p=125264#breadcrumb\"},\"inLanguage\":\"es\",\"potentialAction\":[{\"@type\":\"ReadAction\",\"target\":[\"https:\\\/\\\/quehacerpolitico.mx\\\/?p=125264\"]}]},{\"@type\":\"ImageObject\",\"inLanguage\":\"es\",\"@id\":\"https:\\\/\\\/quehacerpolitico.mx\\\/?p=125264#primaryimage\",\"url\":\"https:\\\/\\\/quehacerpolitico.mx\\\/wp-content\\\/uploads\\\/2026\\\/01\\\/90F680BD-630F-495F-B6E1-E43E3ADC415E.jpeg\",\"contentUrl\":\"https:\\\/\\\/quehacerpolitico.mx\\\/wp-content\\\/uploads\\\/2026\\\/01\\\/90F680BD-630F-495F-B6E1-E43E3ADC415E.jpeg\",\"width\":1218,\"height\":640},{\"@type\":\"BreadcrumbList\",\"@id\":\"https:\\\/\\\/quehacerpolitico.mx\\\/?p=125264#breadcrumb\",\"itemListElement\":[{\"@type\":\"ListItem\",\"position\":1,\"name\":\"Inicio\",\"item\":\"https:\\\/\\\/quehacerpolitico.mx\\\/\"},{\"@type\":\"ListItem\",\"position\":2,\"name\":\"Un nuevo comienzo\"}]},{\"@type\":\"WebSite\",\"@id\":\"https:\\\/\\\/quehacerpolitico.mx\\\/#website\",\"url\":\"https:\\\/\\\/quehacerpolitico.mx\\\/\",\"name\":\"\",\"description\":\"\",\"potentialAction\":[{\"@type\":\"SearchAction\",\"target\":{\"@type\":\"EntryPoint\",\"urlTemplate\":\"https:\\\/\\\/quehacerpolitico.mx\\\/?s={search_term_string}\"},\"query-input\":{\"@type\":\"PropertyValueSpecification\",\"valueRequired\":true,\"valueName\":\"search_term_string\"}}],\"inLanguage\":\"es\"},{\"@type\":\"Person\",\"@id\":\"https:\\\/\\\/quehacerpolitico.mx\\\/#\\\/schema\\\/person\\\/496d8ad2d1d3f8036101dca7ee39e585\",\"name\":\"Redacci\u00f3n QP\",\"image\":{\"@type\":\"ImageObject\",\"inLanguage\":\"es\",\"@id\":\"https:\\\/\\\/secure.gravatar.com\\\/avatar\\\/c7164ed6fdec453195284ad24a5ae5b6e1eed2b848477fa2a4787ba9adf39a41?s=96&d=mm&r=g\",\"url\":\"https:\\\/\\\/secure.gravatar.com\\\/avatar\\\/c7164ed6fdec453195284ad24a5ae5b6e1eed2b848477fa2a4787ba9adf39a41?s=96&d=mm&r=g\",\"contentUrl\":\"https:\\\/\\\/secure.gravatar.com\\\/avatar\\\/c7164ed6fdec453195284ad24a5ae5b6e1eed2b848477fa2a4787ba9adf39a41?s=96&d=mm&r=g\",\"caption\":\"Redacci\u00f3n QP\"},\"url\":\"https:\\\/\\\/quehacerpolitico.mx\\\/?author=2\"}]}<\/script>\n<!-- \/ Yoast SEO plugin. -->","yoast_head_json":{"title":"Un nuevo comienzo -","robots":{"index":"index","follow":"follow","max-snippet":"max-snippet:-1","max-image-preview":"max-image-preview:large","max-video-preview":"max-video-preview:-1"},"canonical":"https:\/\/quehacerpolitico.mx\/?p=125264","og_locale":"es_MX","og_type":"article","og_title":"Un nuevo comienzo -","og_description":"Por Graciela Edith Coronel Barrios Presidenta de Comercio Alternativo para una Vida Digna A.C. (CAPUVD)...","og_url":"https:\/\/quehacerpolitico.mx\/?p=125264","article_published_time":"2026-01-05T15:08:27+00:00","article_modified_time":"2026-01-05T15:08:31+00:00","og_image":[{"width":1218,"height":640,"url":"http:\/\/quehacerpolitico.mx\/wp-content\/uploads\/2026\/01\/90F680BD-630F-495F-B6E1-E43E3ADC415E.jpeg","type":"image\/jpeg"}],"author":"Redacci\u00f3n QP","twitter_card":"summary_large_image","twitter_misc":{"Escrito por":"Redacci\u00f3n QP","Tiempo de lectura":"5 minutos"},"schema":{"@context":"https:\/\/schema.org","@graph":[{"@type":"Article","@id":"https:\/\/quehacerpolitico.mx\/?p=125264#article","isPartOf":{"@id":"https:\/\/quehacerpolitico.mx\/?p=125264"},"author":{"name":"Redacci\u00f3n QP","@id":"https:\/\/quehacerpolitico.mx\/#\/schema\/person\/496d8ad2d1d3f8036101dca7ee39e585"},"headline":"Un nuevo comienzo","datePublished":"2026-01-05T15:08:27+00:00","dateModified":"2026-01-05T15:08:31+00:00","mainEntityOfPage":{"@id":"https:\/\/quehacerpolitico.mx\/?p=125264"},"wordCount":1169,"commentCount":0,"image":{"@id":"https:\/\/quehacerpolitico.mx\/?p=125264#primaryimage"},"thumbnailUrl":"https:\/\/quehacerpolitico.mx\/wp-content\/uploads\/2026\/01\/90F680BD-630F-495F-B6E1-E43E3ADC415E.jpeg","articleSection":["Nacionales","Noticias"],"inLanguage":"es","potentialAction":[{"@type":"CommentAction","name":"Comment","target":["https:\/\/quehacerpolitico.mx\/?p=125264#respond"]}]},{"@type":"WebPage","@id":"https:\/\/quehacerpolitico.mx\/?p=125264","url":"https:\/\/quehacerpolitico.mx\/?p=125264","name":"Un nuevo comienzo -","isPartOf":{"@id":"https:\/\/quehacerpolitico.mx\/#website"},"primaryImageOfPage":{"@id":"https:\/\/quehacerpolitico.mx\/?p=125264#primaryimage"},"image":{"@id":"https:\/\/quehacerpolitico.mx\/?p=125264#primaryimage"},"thumbnailUrl":"https:\/\/quehacerpolitico.mx\/wp-content\/uploads\/2026\/01\/90F680BD-630F-495F-B6E1-E43E3ADC415E.jpeg","datePublished":"2026-01-05T15:08:27+00:00","dateModified":"2026-01-05T15:08:31+00:00","author":{"@id":"https:\/\/quehacerpolitico.mx\/#\/schema\/person\/496d8ad2d1d3f8036101dca7ee39e585"},"breadcrumb":{"@id":"https:\/\/quehacerpolitico.mx\/?p=125264#breadcrumb"},"inLanguage":"es","potentialAction":[{"@type":"ReadAction","target":["https:\/\/quehacerpolitico.mx\/?p=125264"]}]},{"@type":"ImageObject","inLanguage":"es","@id":"https:\/\/quehacerpolitico.mx\/?p=125264#primaryimage","url":"https:\/\/quehacerpolitico.mx\/wp-content\/uploads\/2026\/01\/90F680BD-630F-495F-B6E1-E43E3ADC415E.jpeg","contentUrl":"https:\/\/quehacerpolitico.mx\/wp-content\/uploads\/2026\/01\/90F680BD-630F-495F-B6E1-E43E3ADC415E.jpeg","width":1218,"height":640},{"@type":"BreadcrumbList","@id":"https:\/\/quehacerpolitico.mx\/?p=125264#breadcrumb","itemListElement":[{"@type":"ListItem","position":1,"name":"Inicio","item":"https:\/\/quehacerpolitico.mx\/"},{"@type":"ListItem","position":2,"name":"Un nuevo comienzo"}]},{"@type":"WebSite","@id":"https:\/\/quehacerpolitico.mx\/#website","url":"https:\/\/quehacerpolitico.mx\/","name":"","description":"","potentialAction":[{"@type":"SearchAction","target":{"@type":"EntryPoint","urlTemplate":"https:\/\/quehacerpolitico.mx\/?s={search_term_string}"},"query-input":{"@type":"PropertyValueSpecification","valueRequired":true,"valueName":"search_term_string"}}],"inLanguage":"es"},{"@type":"Person","@id":"https:\/\/quehacerpolitico.mx\/#\/schema\/person\/496d8ad2d1d3f8036101dca7ee39e585","name":"Redacci\u00f3n QP","image":{"@type":"ImageObject","inLanguage":"es","@id":"https:\/\/secure.gravatar.com\/avatar\/c7164ed6fdec453195284ad24a5ae5b6e1eed2b848477fa2a4787ba9adf39a41?s=96&d=mm&r=g","url":"https:\/\/secure.gravatar.com\/avatar\/c7164ed6fdec453195284ad24a5ae5b6e1eed2b848477fa2a4787ba9adf39a41?s=96&d=mm&r=g","contentUrl":"https:\/\/secure.gravatar.com\/avatar\/c7164ed6fdec453195284ad24a5ae5b6e1eed2b848477fa2a4787ba9adf39a41?s=96&d=mm&r=g","caption":"Redacci\u00f3n QP"},"url":"https:\/\/quehacerpolitico.mx\/?author=2"}]}},"featured_image_urls":{"full":["https:\/\/quehacerpolitico.mx\/wp-content\/uploads\/2026\/01\/90F680BD-630F-495F-B6E1-E43E3ADC415E.jpeg",1218,640,false],"thumbnail":["https:\/\/quehacerpolitico.mx\/wp-content\/uploads\/2026\/01\/90F680BD-630F-495F-B6E1-E43E3ADC415E-150x150.jpeg",150,150,true],"medium":["https:\/\/quehacerpolitico.mx\/wp-content\/uploads\/2026\/01\/90F680BD-630F-495F-B6E1-E43E3ADC415E-300x158.jpeg",300,158,true],"medium_large":["https:\/\/quehacerpolitico.mx\/wp-content\/uploads\/2026\/01\/90F680BD-630F-495F-B6E1-E43E3ADC415E-768x404.jpeg",640,337,true],"large":["https:\/\/quehacerpolitico.mx\/wp-content\/uploads\/2026\/01\/90F680BD-630F-495F-B6E1-E43E3ADC415E-1024x538.jpeg",640,336,true],"1536x1536":["https:\/\/quehacerpolitico.mx\/wp-content\/uploads\/2026\/01\/90F680BD-630F-495F-B6E1-E43E3ADC415E.jpeg",1218,640,false],"2048x2048":["https:\/\/quehacerpolitico.mx\/wp-content\/uploads\/2026\/01\/90F680BD-630F-495F-B6E1-E43E3ADC415E.jpeg",1218,640,false],"covernews-featured":["https:\/\/quehacerpolitico.mx\/wp-content\/uploads\/2026\/01\/90F680BD-630F-495F-B6E1-E43E3ADC415E-1024x538.jpeg",1024,538,true],"covernews-medium":["https:\/\/quehacerpolitico.mx\/wp-content\/uploads\/2026\/01\/90F680BD-630F-495F-B6E1-E43E3ADC415E-540x340.jpeg",540,340,true]},"author_info":{"display_name":"Redacci\u00f3n QP","author_link":"https:\/\/quehacerpolitico.mx\/?author=2"},"category_info":"<a href=\"https:\/\/quehacerpolitico.mx\/?cat=280\" rel=\"category\">Nacionales<\/a> <a href=\"https:\/\/quehacerpolitico.mx\/?cat=2\" rel=\"category\">Noticias<\/a>","tag_info":"Noticias","comment_count":"0","_links":{"self":[{"href":"https:\/\/quehacerpolitico.mx\/index.php?rest_route=\/wp\/v2\/posts\/125264","targetHints":{"allow":["GET"]}}],"collection":[{"href":"https:\/\/quehacerpolitico.mx\/index.php?rest_route=\/wp\/v2\/posts"}],"about":[{"href":"https:\/\/quehacerpolitico.mx\/index.php?rest_route=\/wp\/v2\/types\/post"}],"author":[{"embeddable":true,"href":"https:\/\/quehacerpolitico.mx\/index.php?rest_route=\/wp\/v2\/users\/2"}],"replies":[{"embeddable":true,"href":"https:\/\/quehacerpolitico.mx\/index.php?rest_route=%2Fwp%2Fv2%2Fcomments&post=125264"}],"version-history":[{"count":1,"href":"https:\/\/quehacerpolitico.mx\/index.php?rest_route=\/wp\/v2\/posts\/125264\/revisions"}],"predecessor-version":[{"id":125266,"href":"https:\/\/quehacerpolitico.mx\/index.php?rest_route=\/wp\/v2\/posts\/125264\/revisions\/125266"}],"wp:featuredmedia":[{"embeddable":true,"href":"https:\/\/quehacerpolitico.mx\/index.php?rest_route=\/wp\/v2\/media\/125265"}],"wp:attachment":[{"href":"https:\/\/quehacerpolitico.mx\/index.php?rest_route=%2Fwp%2Fv2%2Fmedia&parent=125264"}],"wp:term":[{"taxonomy":"category","embeddable":true,"href":"https:\/\/quehacerpolitico.mx\/index.php?rest_route=%2Fwp%2Fv2%2Fcategories&post=125264"},{"taxonomy":"post_tag","embeddable":true,"href":"https:\/\/quehacerpolitico.mx\/index.php?rest_route=%2Fwp%2Fv2%2Ftags&post=125264"}],"curies":[{"name":"wp","href":"https:\/\/api.w.org\/{rel}","templated":true}]}}