{"id":121118,"date":"2025-12-12T13:12:03","date_gmt":"2025-12-12T19:12:03","guid":{"rendered":"https:\/\/quehacerpolitico.mx\/?p=121118"},"modified":"2025-12-12T13:12:06","modified_gmt":"2025-12-12T19:12:06","slug":"sheinbaum-habla-por-telefono-con-el-papa-leon-xiv-y-lo-invita-a-mexico-en-el-dia-de-la-virgen-de-guadalupe","status":"publish","type":"post","link":"https:\/\/quehacerpolitico.mx\/?p=121118","title":{"rendered":"Sheinbaum habla por tel\u00e9fono con el papa Le\u00f3n XIV y lo invita a M\u00e9xico en el D\u00eda de la Virgen de Guadalupe"},"content":{"rendered":"\n<p>Por Redacci\u00f3n QP<\/p>\n\n\n\n<p>La mandataria dijo que el l\u00edder de la Iglesia Cat\u00f3lica envi\u00f3 sus bendiciones y saludos a todos los mexicanos con motivo de este 12 de diciembre<\/p>\n\n\n\n<p>La presidenta&nbsp;<strong>Claudia Sheinbaum&nbsp;<\/strong>inform\u00f3 este 12 de diciembre que habl\u00f3 por tel\u00e9fono con el<strong>&nbsp;papa Le\u00f3n XIV&nbsp;<\/strong>con motivo del&nbsp;<strong>D\u00eda de la Virgen de Guadalupe.&nbsp;<\/strong><\/p>\n\n\n\n<p>A trav\u00e9s de sus redes sociales, la mandataria detall\u00f3 que aprovech\u00f3 la conversaci\u00f3n para invitar al l\u00edder de la Iglesia Cat\u00f3lica a que visite el pa\u00eds, algo que la secretaria de Gobernaci\u00f3n,<strong>&nbsp;Rosa Icela Rodr\u00edguez,&nbsp;<\/strong>hizo tras la misa de inauguraci\u00f3n del pontificado en mayo.<\/p>\n\n\n\n<p>&#8220;Env\u00eda bendiciones y saludos a todos en este d\u00eda de la Virgen de Guadalupe. Coincidimos en que, m\u00e1s all\u00e1 de la religi\u00f3n que profese cada persona y de la laicidad del Estado, la Virgen de Guadalupe es s\u00edmbolo de identidad y paz para las y los mexicanos&#8221;, escribi\u00f3 Sheinbaum.<\/p>\n\n\n\n<p>La mandataria ya hab\u00eda manifestado en mayo su intenci\u00f3n de\u00a0<strong>invitar al Santo Padre a M\u00e9xico<\/strong>, por lo que anunci\u00f3 que envi\u00f3 una misiva con Rosa Icela Rodr\u00edguez, quien asisti\u00f3 en su representaci\u00f3n a los eventos con motivo del inicio del nuevo papado, para extenderla.<\/p>\n\n\n\n<p>\u201cSi lo puede ver personalmente, muy bien y si no, de todas maneras, se va a entregar una carta para invitarlo a venir a M\u00e9xico, ya en la fecha que \u00e9l considere oportuna\u201d, dijo en su conferencia el&nbsp;pasado 12 de mayo.<\/p>\n\n\n\n<p>En la conversaci\u00f3n con el&nbsp;<strong>papa Le\u00f3n XIV<\/strong>&nbsp;estuvieron presentes la presidenta, la secretaria de Gobernaci\u00f3n y el encargado de despacho de la Secretar\u00eda de Relaciones Exteriores (SRE),&nbsp;<strong>Roberto Velasco \u00c1lvarez.&nbsp;<\/strong><\/p>\n\n\n\n<p>El pont\u00edfice ha expresado su deseo de visitar Latinoam\u00e9rica para asistir a la&nbsp;<strong>bas\u00edlica de Nuestra Se\u00f1ora de Guadalupe<\/strong>&nbsp;en&nbsp;M\u00e9xico,&nbsp;as\u00ed como Uruguay, Argentina y Per\u00fa, donde vivi\u00f3 gran parte de su vida.<\/p>\n\n\n\n<p>Le\u00f3n XIV, el primer papa estadounidense, tuvo&nbsp;su primer viaje internacional en&nbsp;<strong>Turqu\u00eda<\/strong>&nbsp;el pasado 28 de noviembre; actualmente, el Vaticano se encuentra celebrando el&nbsp;<strong>a\u00f1o del Jubileo,<\/strong>&nbsp;con lo que cada d\u00eda hay actividades y le impide realizar viajes al extranjero largos.<\/p>\n","protected":false},"excerpt":{"rendered":"<p>Por Redacci\u00f3n QP La mandataria dijo que el l\u00edder de la Iglesia Cat\u00f3lica envi\u00f3 sus&#8230;<\/p>\n","protected":false},"author":2,"featured_media":121119,"comment_status":"open","ping_status":"open","sticky":false,"template":"","format":"standard","meta":{"_monsterinsights_skip_tracking":false,"_monsterinsights_sitenote_active":false,"_monsterinsights_sitenote_note":"","_monsterinsights_sitenote_category":0,"footnotes":""},"categories":[280,2],"tags":[],"class_list":["post-121118","post","type-post","status-publish","format-standard","has-post-thumbnail","hentry","category-nacionales","category-noticias"],"yoast_head":"<!-- This site is optimized with the Yoast SEO plugin v27.3 - https:\/\/yoast.com\/product\/yoast-seo-wordpress\/ -->\n<title>Sheinbaum habla por tel\u00e9fono con el papa Le\u00f3n XIV y lo invita a M\u00e9xico en el D\u00eda de la Virgen de Guadalupe -<\/title>\n<meta name=\"robots\" content=\"index, follow, max-snippet:-1, max-image-preview:large, max-video-preview:-1\" \/>\n<link rel=\"canonical\" href=\"https:\/\/quehacerpolitico.mx\/?p=121118\" \/>\n<meta property=\"og:locale\" content=\"es_MX\" \/>\n<meta property=\"og:type\" content=\"article\" \/>\n<meta property=\"og:title\" content=\"Sheinbaum habla por tel\u00e9fono con el papa Le\u00f3n XIV y lo invita a M\u00e9xico en el D\u00eda de la Virgen de Guadalupe -\" \/>\n<meta property=\"og:description\" content=\"Por Redacci\u00f3n QP La mandataria dijo que el l\u00edder de la Iglesia Cat\u00f3lica envi\u00f3 sus...\" \/>\n<meta property=\"og:url\" content=\"https:\/\/quehacerpolitico.mx\/?p=121118\" \/>\n<meta property=\"article:published_time\" content=\"2025-12-12T19:12:03+00:00\" \/>\n<meta property=\"article:modified_time\" content=\"2025-12-12T19:12:06+00:00\" \/>\n<meta property=\"og:image\" content=\"http:\/\/quehacerpolitico.mx\/wp-content\/uploads\/2025\/12\/IMG_5642.jpeg\" \/>\n\t<meta property=\"og:image:width\" content=\"2048\" \/>\n\t<meta property=\"og:image:height\" content=\"1366\" \/>\n\t<meta property=\"og:image:type\" content=\"image\/jpeg\" \/>\n<meta name=\"author\" content=\"Redacci\u00f3n QP\" \/>\n<meta name=\"twitter:card\" content=\"summary_large_image\" \/>\n<meta name=\"twitter:label1\" content=\"Escrito por\" \/>\n\t<meta name=\"twitter:data1\" content=\"Redacci\u00f3n QP\" \/>\n\t<meta name=\"twitter:label2\" content=\"Tiempo de lectura\" \/>\n\t<meta name=\"twitter:data2\" content=\"2 minutos\" \/>\n<script type=\"application\/ld+json\" class=\"yoast-schema-graph\">{\"@context\":\"https:\\\/\\\/schema.org\",\"@graph\":[{\"@type\":\"Article\",\"@id\":\"https:\\\/\\\/quehacerpolitico.mx\\\/?p=121118#article\",\"isPartOf\":{\"@id\":\"https:\\\/\\\/quehacerpolitico.mx\\\/?p=121118\"},\"author\":{\"name\":\"Redacci\u00f3n QP\",\"@id\":\"https:\\\/\\\/quehacerpolitico.mx\\\/#\\\/schema\\\/person\\\/496d8ad2d1d3f8036101dca7ee39e585\"},\"headline\":\"Sheinbaum habla por tel\u00e9fono con el papa Le\u00f3n XIV y lo invita a M\u00e9xico en el D\u00eda de la Virgen de Guadalupe\",\"datePublished\":\"2025-12-12T19:12:03+00:00\",\"dateModified\":\"2025-12-12T19:12:06+00:00\",\"mainEntityOfPage\":{\"@id\":\"https:\\\/\\\/quehacerpolitico.mx\\\/?p=121118\"},\"wordCount\":427,\"commentCount\":0,\"image\":{\"@id\":\"https:\\\/\\\/quehacerpolitico.mx\\\/?p=121118#primaryimage\"},\"thumbnailUrl\":\"https:\\\/\\\/quehacerpolitico.mx\\\/wp-content\\\/uploads\\\/2025\\\/12\\\/IMG_5642.jpeg\",\"articleSection\":[\"Nacionales\",\"Noticias\"],\"inLanguage\":\"es\",\"potentialAction\":[{\"@type\":\"CommentAction\",\"name\":\"Comment\",\"target\":[\"https:\\\/\\\/quehacerpolitico.mx\\\/?p=121118#respond\"]}]},{\"@type\":\"WebPage\",\"@id\":\"https:\\\/\\\/quehacerpolitico.mx\\\/?p=121118\",\"url\":\"https:\\\/\\\/quehacerpolitico.mx\\\/?p=121118\",\"name\":\"Sheinbaum habla por tel\u00e9fono con el papa Le\u00f3n XIV y lo invita a M\u00e9xico en el D\u00eda de la Virgen de Guadalupe -\",\"isPartOf\":{\"@id\":\"https:\\\/\\\/quehacerpolitico.mx\\\/#website\"},\"primaryImageOfPage\":{\"@id\":\"https:\\\/\\\/quehacerpolitico.mx\\\/?p=121118#primaryimage\"},\"image\":{\"@id\":\"https:\\\/\\\/quehacerpolitico.mx\\\/?p=121118#primaryimage\"},\"thumbnailUrl\":\"https:\\\/\\\/quehacerpolitico.mx\\\/wp-content\\\/uploads\\\/2025\\\/12\\\/IMG_5642.jpeg\",\"datePublished\":\"2025-12-12T19:12:03+00:00\",\"dateModified\":\"2025-12-12T19:12:06+00:00\",\"author\":{\"@id\":\"https:\\\/\\\/quehacerpolitico.mx\\\/#\\\/schema\\\/person\\\/496d8ad2d1d3f8036101dca7ee39e585\"},\"breadcrumb\":{\"@id\":\"https:\\\/\\\/quehacerpolitico.mx\\\/?p=121118#breadcrumb\"},\"inLanguage\":\"es\",\"potentialAction\":[{\"@type\":\"ReadAction\",\"target\":[\"https:\\\/\\\/quehacerpolitico.mx\\\/?p=121118\"]}]},{\"@type\":\"ImageObject\",\"inLanguage\":\"es\",\"@id\":\"https:\\\/\\\/quehacerpolitico.mx\\\/?p=121118#primaryimage\",\"url\":\"https:\\\/\\\/quehacerpolitico.mx\\\/wp-content\\\/uploads\\\/2025\\\/12\\\/IMG_5642.jpeg\",\"contentUrl\":\"https:\\\/\\\/quehacerpolitico.mx\\\/wp-content\\\/uploads\\\/2025\\\/12\\\/IMG_5642.jpeg\",\"width\":2048,\"height\":1366},{\"@type\":\"BreadcrumbList\",\"@id\":\"https:\\\/\\\/quehacerpolitico.mx\\\/?p=121118#breadcrumb\",\"itemListElement\":[{\"@type\":\"ListItem\",\"position\":1,\"name\":\"Inicio\",\"item\":\"https:\\\/\\\/quehacerpolitico.mx\\\/\"},{\"@type\":\"ListItem\",\"position\":2,\"name\":\"Sheinbaum habla por tel\u00e9fono con el papa Le\u00f3n XIV y lo invita a M\u00e9xico en el D\u00eda de la Virgen de Guadalupe\"}]},{\"@type\":\"WebSite\",\"@id\":\"https:\\\/\\\/quehacerpolitico.mx\\\/#website\",\"url\":\"https:\\\/\\\/quehacerpolitico.mx\\\/\",\"name\":\"\",\"description\":\"\",\"potentialAction\":[{\"@type\":\"SearchAction\",\"target\":{\"@type\":\"EntryPoint\",\"urlTemplate\":\"https:\\\/\\\/quehacerpolitico.mx\\\/?s={search_term_string}\"},\"query-input\":{\"@type\":\"PropertyValueSpecification\",\"valueRequired\":true,\"valueName\":\"search_term_string\"}}],\"inLanguage\":\"es\"},{\"@type\":\"Person\",\"@id\":\"https:\\\/\\\/quehacerpolitico.mx\\\/#\\\/schema\\\/person\\\/496d8ad2d1d3f8036101dca7ee39e585\",\"name\":\"Redacci\u00f3n QP\",\"image\":{\"@type\":\"ImageObject\",\"inLanguage\":\"es\",\"@id\":\"https:\\\/\\\/secure.gravatar.com\\\/avatar\\\/c7164ed6fdec453195284ad24a5ae5b6e1eed2b848477fa2a4787ba9adf39a41?s=96&d=mm&r=g\",\"url\":\"https:\\\/\\\/secure.gravatar.com\\\/avatar\\\/c7164ed6fdec453195284ad24a5ae5b6e1eed2b848477fa2a4787ba9adf39a41?s=96&d=mm&r=g\",\"contentUrl\":\"https:\\\/\\\/secure.gravatar.com\\\/avatar\\\/c7164ed6fdec453195284ad24a5ae5b6e1eed2b848477fa2a4787ba9adf39a41?s=96&d=mm&r=g\",\"caption\":\"Redacci\u00f3n QP\"},\"url\":\"https:\\\/\\\/quehacerpolitico.mx\\\/?author=2\"}]}<\/script>\n<!-- \/ Yoast SEO plugin. -->","yoast_head_json":{"title":"Sheinbaum habla por tel\u00e9fono con el papa Le\u00f3n XIV y lo invita a M\u00e9xico en el D\u00eda de la Virgen de Guadalupe -","robots":{"index":"index","follow":"follow","max-snippet":"max-snippet:-1","max-image-preview":"max-image-preview:large","max-video-preview":"max-video-preview:-1"},"canonical":"https:\/\/quehacerpolitico.mx\/?p=121118","og_locale":"es_MX","og_type":"article","og_title":"Sheinbaum habla por tel\u00e9fono con el papa Le\u00f3n XIV y lo invita a M\u00e9xico en el D\u00eda de la Virgen de Guadalupe -","og_description":"Por Redacci\u00f3n QP La mandataria dijo que el l\u00edder de la Iglesia Cat\u00f3lica envi\u00f3 sus...","og_url":"https:\/\/quehacerpolitico.mx\/?p=121118","article_published_time":"2025-12-12T19:12:03+00:00","article_modified_time":"2025-12-12T19:12:06+00:00","og_image":[{"width":2048,"height":1366,"url":"http:\/\/quehacerpolitico.mx\/wp-content\/uploads\/2025\/12\/IMG_5642.jpeg","type":"image\/jpeg"}],"author":"Redacci\u00f3n QP","twitter_card":"summary_large_image","twitter_misc":{"Escrito por":"Redacci\u00f3n QP","Tiempo de lectura":"2 minutos"},"schema":{"@context":"https:\/\/schema.org","@graph":[{"@type":"Article","@id":"https:\/\/quehacerpolitico.mx\/?p=121118#article","isPartOf":{"@id":"https:\/\/quehacerpolitico.mx\/?p=121118"},"author":{"name":"Redacci\u00f3n QP","@id":"https:\/\/quehacerpolitico.mx\/#\/schema\/person\/496d8ad2d1d3f8036101dca7ee39e585"},"headline":"Sheinbaum habla por tel\u00e9fono con el papa Le\u00f3n XIV y lo invita a M\u00e9xico en el D\u00eda de la Virgen de Guadalupe","datePublished":"2025-12-12T19:12:03+00:00","dateModified":"2025-12-12T19:12:06+00:00","mainEntityOfPage":{"@id":"https:\/\/quehacerpolitico.mx\/?p=121118"},"wordCount":427,"commentCount":0,"image":{"@id":"https:\/\/quehacerpolitico.mx\/?p=121118#primaryimage"},"thumbnailUrl":"https:\/\/quehacerpolitico.mx\/wp-content\/uploads\/2025\/12\/IMG_5642.jpeg","articleSection":["Nacionales","Noticias"],"inLanguage":"es","potentialAction":[{"@type":"CommentAction","name":"Comment","target":["https:\/\/quehacerpolitico.mx\/?p=121118#respond"]}]},{"@type":"WebPage","@id":"https:\/\/quehacerpolitico.mx\/?p=121118","url":"https:\/\/quehacerpolitico.mx\/?p=121118","name":"Sheinbaum habla por tel\u00e9fono con el papa Le\u00f3n XIV y lo invita a M\u00e9xico en el D\u00eda de la Virgen de Guadalupe -","isPartOf":{"@id":"https:\/\/quehacerpolitico.mx\/#website"},"primaryImageOfPage":{"@id":"https:\/\/quehacerpolitico.mx\/?p=121118#primaryimage"},"image":{"@id":"https:\/\/quehacerpolitico.mx\/?p=121118#primaryimage"},"thumbnailUrl":"https:\/\/quehacerpolitico.mx\/wp-content\/uploads\/2025\/12\/IMG_5642.jpeg","datePublished":"2025-12-12T19:12:03+00:00","dateModified":"2025-12-12T19:12:06+00:00","author":{"@id":"https:\/\/quehacerpolitico.mx\/#\/schema\/person\/496d8ad2d1d3f8036101dca7ee39e585"},"breadcrumb":{"@id":"https:\/\/quehacerpolitico.mx\/?p=121118#breadcrumb"},"inLanguage":"es","potentialAction":[{"@type":"ReadAction","target":["https:\/\/quehacerpolitico.mx\/?p=121118"]}]},{"@type":"ImageObject","inLanguage":"es","@id":"https:\/\/quehacerpolitico.mx\/?p=121118#primaryimage","url":"https:\/\/quehacerpolitico.mx\/wp-content\/uploads\/2025\/12\/IMG_5642.jpeg","contentUrl":"https:\/\/quehacerpolitico.mx\/wp-content\/uploads\/2025\/12\/IMG_5642.jpeg","width":2048,"height":1366},{"@type":"BreadcrumbList","@id":"https:\/\/quehacerpolitico.mx\/?p=121118#breadcrumb","itemListElement":[{"@type":"ListItem","position":1,"name":"Inicio","item":"https:\/\/quehacerpolitico.mx\/"},{"@type":"ListItem","position":2,"name":"Sheinbaum habla por tel\u00e9fono con el papa Le\u00f3n XIV y lo invita a M\u00e9xico en el D\u00eda de la Virgen de Guadalupe"}]},{"@type":"WebSite","@id":"https:\/\/quehacerpolitico.mx\/#website","url":"https:\/\/quehacerpolitico.mx\/","name":"","description":"","potentialAction":[{"@type":"SearchAction","target":{"@type":"EntryPoint","urlTemplate":"https:\/\/quehacerpolitico.mx\/?s={search_term_string}"},"query-input":{"@type":"PropertyValueSpecification","valueRequired":true,"valueName":"search_term_string"}}],"inLanguage":"es"},{"@type":"Person","@id":"https:\/\/quehacerpolitico.mx\/#\/schema\/person\/496d8ad2d1d3f8036101dca7ee39e585","name":"Redacci\u00f3n QP","image":{"@type":"ImageObject","inLanguage":"es","@id":"https:\/\/secure.gravatar.com\/avatar\/c7164ed6fdec453195284ad24a5ae5b6e1eed2b848477fa2a4787ba9adf39a41?s=96&d=mm&r=g","url":"https:\/\/secure.gravatar.com\/avatar\/c7164ed6fdec453195284ad24a5ae5b6e1eed2b848477fa2a4787ba9adf39a41?s=96&d=mm&r=g","contentUrl":"https:\/\/secure.gravatar.com\/avatar\/c7164ed6fdec453195284ad24a5ae5b6e1eed2b848477fa2a4787ba9adf39a41?s=96&d=mm&r=g","caption":"Redacci\u00f3n QP"},"url":"https:\/\/quehacerpolitico.mx\/?author=2"}]}},"featured_image_urls":{"full":["https:\/\/quehacerpolitico.mx\/wp-content\/uploads\/2025\/12\/IMG_5642.jpeg",2048,1366,false],"thumbnail":["https:\/\/quehacerpolitico.mx\/wp-content\/uploads\/2025\/12\/IMG_5642-150x150.jpeg",150,150,true],"medium":["https:\/\/quehacerpolitico.mx\/wp-content\/uploads\/2025\/12\/IMG_5642-300x200.jpeg",300,200,true],"medium_large":["https:\/\/quehacerpolitico.mx\/wp-content\/uploads\/2025\/12\/IMG_5642-768x512.jpeg",640,427,true],"large":["https:\/\/quehacerpolitico.mx\/wp-content\/uploads\/2025\/12\/IMG_5642-1024x683.jpeg",640,427,true],"1536x1536":["https:\/\/quehacerpolitico.mx\/wp-content\/uploads\/2025\/12\/IMG_5642-1536x1025.jpeg",1536,1025,true],"2048x2048":["https:\/\/quehacerpolitico.mx\/wp-content\/uploads\/2025\/12\/IMG_5642.jpeg",2048,1366,false],"covernews-featured":["https:\/\/quehacerpolitico.mx\/wp-content\/uploads\/2025\/12\/IMG_5642-1024x683.jpeg",1024,683,true],"covernews-medium":["https:\/\/quehacerpolitico.mx\/wp-content\/uploads\/2025\/12\/IMG_5642-540x340.jpeg",540,340,true]},"author_info":{"display_name":"Redacci\u00f3n QP","author_link":"https:\/\/quehacerpolitico.mx\/?author=2"},"category_info":"<a href=\"https:\/\/quehacerpolitico.mx\/?cat=280\" rel=\"category\">Nacionales<\/a> <a href=\"https:\/\/quehacerpolitico.mx\/?cat=2\" rel=\"category\">Noticias<\/a>","tag_info":"Noticias","comment_count":"0","_links":{"self":[{"href":"https:\/\/quehacerpolitico.mx\/index.php?rest_route=\/wp\/v2\/posts\/121118","targetHints":{"allow":["GET"]}}],"collection":[{"href":"https:\/\/quehacerpolitico.mx\/index.php?rest_route=\/wp\/v2\/posts"}],"about":[{"href":"https:\/\/quehacerpolitico.mx\/index.php?rest_route=\/wp\/v2\/types\/post"}],"author":[{"embeddable":true,"href":"https:\/\/quehacerpolitico.mx\/index.php?rest_route=\/wp\/v2\/users\/2"}],"replies":[{"embeddable":true,"href":"https:\/\/quehacerpolitico.mx\/index.php?rest_route=%2Fwp%2Fv2%2Fcomments&post=121118"}],"version-history":[{"count":1,"href":"https:\/\/quehacerpolitico.mx\/index.php?rest_route=\/wp\/v2\/posts\/121118\/revisions"}],"predecessor-version":[{"id":121120,"href":"https:\/\/quehacerpolitico.mx\/index.php?rest_route=\/wp\/v2\/posts\/121118\/revisions\/121120"}],"wp:featuredmedia":[{"embeddable":true,"href":"https:\/\/quehacerpolitico.mx\/index.php?rest_route=\/wp\/v2\/media\/121119"}],"wp:attachment":[{"href":"https:\/\/quehacerpolitico.mx\/index.php?rest_route=%2Fwp%2Fv2%2Fmedia&parent=121118"}],"wp:term":[{"taxonomy":"category","embeddable":true,"href":"https:\/\/quehacerpolitico.mx\/index.php?rest_route=%2Fwp%2Fv2%2Fcategories&post=121118"},{"taxonomy":"post_tag","embeddable":true,"href":"https:\/\/quehacerpolitico.mx\/index.php?rest_route=%2Fwp%2Fv2%2Ftags&post=121118"}],"curies":[{"name":"wp","href":"https:\/\/api.w.org\/{rel}","templated":true}]}}