{"id":121115,"date":"2025-12-12T12:49:12","date_gmt":"2025-12-12T18:49:12","guid":{"rendered":"https:\/\/quehacerpolitico.mx\/?p=121115"},"modified":"2025-12-12T12:49:16","modified_gmt":"2025-12-12T18:49:16","slug":"dia-de-la-virgen-se-mantienen-cierres-viales-por-llegada-masiva-de-peregrinos-a-la-basilica-de-guadalupe","status":"publish","type":"post","link":"https:\/\/quehacerpolitico.mx\/?p=121115","title":{"rendered":"D\u00eda de la Virgen: se mantienen cierres viales por llegada masiva de peregrinos a la Bas\u00edlica de Guadalupe"},"content":{"rendered":"\n<p>Por Redacci\u00f3n QP<\/p>\n\n\n\n<p>La jefa de gobierno, Clara Brugada, destac\u00f3 que se espera la presencia de hasta 13 millones de fieles, por lo que se ha implementado un fuerte operativo para resguardarlos<\/p>\n\n\n\n<p>Entre el 11 y 12 diciembre han arribado 13 millones de&nbsp;<strong>peregrinos<\/strong>&nbsp;a la&nbsp;<strong>Bas\u00edlica de Guadalupe&nbsp;<\/strong>con motivo del D\u00eda de la Virgen de Guadalupe, lo que ha provocado cierres viales, as\u00ed como afectaciones en el servicio del Metrob\u00fas en la Ciudad de M\u00e9xico este viernes.&nbsp;<\/p>\n\n\n\n<p>De acuerdo con informaci\u00f3n del Centro de Orientaci\u00f3n Vial de la Secretaria de Seguridad Ciudadana de la Ciudad de M\u00e9xico, los\u00a0<strong>cortes a la circulaci\u00f3n<\/strong> permanecen en la zona para resguardar a los fieles cat\u00f3licos.\u00a0La jefa de gobierno,\u00a0<strong>Clara Brugada<\/strong>, destac\u00f3 que se espera la presencia de hasta 13 millones de peregrinos.<\/p>\n\n\n\n<p>La circulaci\u00f3n en la\u00a0<strong>Calzada de Guadalupe,\u00a0<\/strong>a partir del\u00a0<strong>Eje 2 Norte,<\/strong> Contin\u00faa cerrada en ambos sentidos, as\u00ed como Calzada de Guadalupe a la altura de Eje 3\u00a0debido al arribo de m\u00e1s peregrinos;\u00a0en las im\u00e1genes compartidas se pueden observar sobre las calles la afluencia de los mismos y el personal de tr\u00e1nsito.<\/p>\n\n\n\n<p>Por su parte, el sistema de transporte<strong>Metrob\u00fas<\/strong>, inform\u00f3 los cambios que se presentaron en el servicio como parte del protocolo a seguir ante la festividad religiosa.<\/p>\n\n\n\n<figure class=\"wp-block-embed is-type-rich is-provider-twitter wp-block-embed-twitter\"><div class=\"wp-block-embed__wrapper\">\n<blockquote class=\"twitter-tweet\" data-width=\"550\" data-dnt=\"true\"><p lang=\"es\" dir=\"ltr\"><a href=\"https:\/\/twitter.com\/hashtag\/Precauci%C3%B3nVial?src=hash&amp;ref_src=twsrc%5Etfw\">#Precauci\u00f3nVial<\/a> | Contin\u00faa cerrada la circulaci\u00f3n en ambos cuerpos de Calz. de Guadalupe a partir de Eje 2 Norte, <a href=\"https:\/\/twitter.com\/TuAlcaldiaGAM?ref_src=twsrc%5Etfw\">@TuAlcaldiaGAM<\/a>, por arribo de <a href=\"https:\/\/twitter.com\/hashtag\/Peregrinos?src=hash&amp;ref_src=twsrc%5Etfw\">#Peregrinos<\/a> a la <a href=\"https:\/\/twitter.com\/INBGuadalupe?ref_src=twsrc%5Etfw\">@INBGuadalupe<\/a>. <a href=\"https:\/\/twitter.com\/hashtag\/AlternativaVial?src=hash&amp;ref_src=twsrc%5Etfw\">#AlternativaVial<\/a> Av. Insurgentes, Eje 1 y 2 Oriente. <a href=\"https:\/\/t.co\/cX0BPiyL3R\">pic.twitter.com\/cX0BPiyL3R<\/a><\/p>&mdash; OVIAL_SSCCDMX (@OVIALCDMX) <a href=\"https:\/\/twitter.com\/OVIALCDMX\/status\/1999469330237620348?ref_src=twsrc%5Etfw\">December 12, 2025<\/a><\/blockquote><script async src=\"https:\/\/platform.twitter.com\/widgets.js\" charset=\"utf-8\"><\/script>\n<\/div><\/figure>\n\n\n\n<p>La l\u00ednea 7 presenta afectaciones por lo que \u00fanicamente ofrece servicio de la estaci\u00f3n Avenida Talism\u00e1n hasta Campo Marte,&nbsp;quedando as\u00ed sin operar&nbsp;<strong>Indios Verdes<\/strong>, Hospital infantil La Villa y Garrido.<\/p>\n\n\n\n<p>Mientras que la l\u00ednea 6 desde El Rosario hasta Riobamba. Villa de Arag\u00f3n a San Juan de Arag\u00f3n&nbsp;hay acceso. En las estaciones donde se suspendi\u00f3 son desde Deportivo 18 de marzo hasta&nbsp;<strong>Hospital General La Villa.<\/strong><\/p>\n\n\n\n<figure class=\"wp-block-embed is-type-rich is-provider-twitter wp-block-embed-twitter\"><div class=\"wp-block-embed__wrapper\">\n<blockquote class=\"twitter-tweet\" data-width=\"550\" data-dnt=\"true\"><p lang=\"es\" dir=\"ltr\">\u26a0\ufe0fAVISO L6<br><br>1\u20e3Toma en cuenta, por movilizaciones religiosas.<br>Servicio de: El Rosario\u2194\ufe0fRiobamba.<br>Y de: Villa de Arag\u00f3n\u2194\ufe0fSan Juan de Arag\u00f3n.<br>\u274cSin servicio: Deportivo 18 de Marzo a Hospital General La Villa. (Actualizaci\u00f3n 06:55 h). <br>Consulta actualizaci\u00f3n del Estado de Servicio\u2026<\/p>&mdash; Metrob\u00fas CDMX (@MetrobusCDMX) <a href=\"https:\/\/twitter.com\/MetrobusCDMX\/status\/1999463103759523907?ref_src=twsrc%5Etfw\">December 12, 2025<\/a><\/blockquote><script async src=\"https:\/\/platform.twitter.com\/widgets.js\" charset=\"utf-8\"><\/script>\n<\/div><\/figure>\n\n\n\n<p>Por su parte, la Agencia de Atenci\u00f3n Animal report\u00f3 que hasta las 4:00 de la ma\u00f1ana hab\u00eda\u00a0resguardo a 21\u00a0<strong>perros peregrinos<\/strong>\u00a0que hab\u00edan sido abandonados en las inmediaciones de la Bas\u00edlica de Guadalupe.<\/p>\n","protected":false},"excerpt":{"rendered":"<p>Por Redacci\u00f3n QP La jefa de gobierno, Clara Brugada, destac\u00f3 que se espera la presencia&#8230;<\/p>\n","protected":false},"author":2,"featured_media":121116,"comment_status":"open","ping_status":"open","sticky":false,"template":"","format":"standard","meta":{"_monsterinsights_skip_tracking":false,"_monsterinsights_sitenote_active":false,"_monsterinsights_sitenote_note":"","_monsterinsights_sitenote_category":0,"footnotes":""},"categories":[55],"tags":[],"class_list":["post-121115","post","type-post","status-publish","format-standard","has-post-thumbnail","hentry","category-cdmx"],"yoast_head":"<!-- This site is optimized with the Yoast SEO plugin v27.3 - https:\/\/yoast.com\/product\/yoast-seo-wordpress\/ -->\n<title>D\u00eda de la Virgen: se mantienen cierres viales por llegada masiva de peregrinos a la Bas\u00edlica de Guadalupe -<\/title>\n<meta name=\"robots\" content=\"index, follow, max-snippet:-1, max-image-preview:large, max-video-preview:-1\" \/>\n<link rel=\"canonical\" href=\"https:\/\/quehacerpolitico.mx\/?p=121115\" \/>\n<meta property=\"og:locale\" content=\"es_MX\" \/>\n<meta property=\"og:type\" content=\"article\" \/>\n<meta property=\"og:title\" content=\"D\u00eda de la Virgen: se mantienen cierres viales por llegada masiva de peregrinos a la Bas\u00edlica de Guadalupe -\" \/>\n<meta property=\"og:description\" content=\"Por Redacci\u00f3n QP La jefa de gobierno, Clara Brugada, destac\u00f3 que se espera la presencia...\" \/>\n<meta property=\"og:url\" content=\"https:\/\/quehacerpolitico.mx\/?p=121115\" \/>\n<meta property=\"article:published_time\" content=\"2025-12-12T18:49:12+00:00\" \/>\n<meta property=\"article:modified_time\" content=\"2025-12-12T18:49:16+00:00\" \/>\n<meta property=\"og:image\" content=\"http:\/\/quehacerpolitico.mx\/wp-content\/uploads\/2025\/12\/IMG_5641.jpeg\" \/>\n\t<meta property=\"og:image:width\" content=\"1120\" \/>\n\t<meta property=\"og:image:height\" content=\"581\" \/>\n\t<meta property=\"og:image:type\" content=\"image\/jpeg\" \/>\n<meta name=\"author\" content=\"Redacci\u00f3n QP\" \/>\n<meta name=\"twitter:card\" content=\"summary_large_image\" \/>\n<meta name=\"twitter:label1\" content=\"Escrito por\" \/>\n\t<meta name=\"twitter:data1\" content=\"Redacci\u00f3n QP\" \/>\n\t<meta name=\"twitter:label2\" content=\"Tiempo de lectura\" \/>\n\t<meta name=\"twitter:data2\" content=\"2 minutos\" \/>\n<script type=\"application\/ld+json\" class=\"yoast-schema-graph\">{\"@context\":\"https:\\\/\\\/schema.org\",\"@graph\":[{\"@type\":\"Article\",\"@id\":\"https:\\\/\\\/quehacerpolitico.mx\\\/?p=121115#article\",\"isPartOf\":{\"@id\":\"https:\\\/\\\/quehacerpolitico.mx\\\/?p=121115\"},\"author\":{\"name\":\"Redacci\u00f3n QP\",\"@id\":\"https:\\\/\\\/quehacerpolitico.mx\\\/#\\\/schema\\\/person\\\/496d8ad2d1d3f8036101dca7ee39e585\"},\"headline\":\"D\u00eda de la Virgen: se mantienen cierres viales por llegada masiva de peregrinos a la Bas\u00edlica de Guadalupe\",\"datePublished\":\"2025-12-12T18:49:12+00:00\",\"dateModified\":\"2025-12-12T18:49:16+00:00\",\"mainEntityOfPage\":{\"@id\":\"https:\\\/\\\/quehacerpolitico.mx\\\/?p=121115\"},\"wordCount\":371,\"commentCount\":0,\"image\":{\"@id\":\"https:\\\/\\\/quehacerpolitico.mx\\\/?p=121115#primaryimage\"},\"thumbnailUrl\":\"https:\\\/\\\/quehacerpolitico.mx\\\/wp-content\\\/uploads\\\/2025\\\/12\\\/IMG_5641.jpeg\",\"articleSection\":[\"CDMX\"],\"inLanguage\":\"es\",\"potentialAction\":[{\"@type\":\"CommentAction\",\"name\":\"Comment\",\"target\":[\"https:\\\/\\\/quehacerpolitico.mx\\\/?p=121115#respond\"]}]},{\"@type\":\"WebPage\",\"@id\":\"https:\\\/\\\/quehacerpolitico.mx\\\/?p=121115\",\"url\":\"https:\\\/\\\/quehacerpolitico.mx\\\/?p=121115\",\"name\":\"D\u00eda de la Virgen: se mantienen cierres viales por llegada masiva de peregrinos a la Bas\u00edlica de Guadalupe -\",\"isPartOf\":{\"@id\":\"https:\\\/\\\/quehacerpolitico.mx\\\/#website\"},\"primaryImageOfPage\":{\"@id\":\"https:\\\/\\\/quehacerpolitico.mx\\\/?p=121115#primaryimage\"},\"image\":{\"@id\":\"https:\\\/\\\/quehacerpolitico.mx\\\/?p=121115#primaryimage\"},\"thumbnailUrl\":\"https:\\\/\\\/quehacerpolitico.mx\\\/wp-content\\\/uploads\\\/2025\\\/12\\\/IMG_5641.jpeg\",\"datePublished\":\"2025-12-12T18:49:12+00:00\",\"dateModified\":\"2025-12-12T18:49:16+00:00\",\"author\":{\"@id\":\"https:\\\/\\\/quehacerpolitico.mx\\\/#\\\/schema\\\/person\\\/496d8ad2d1d3f8036101dca7ee39e585\"},\"breadcrumb\":{\"@id\":\"https:\\\/\\\/quehacerpolitico.mx\\\/?p=121115#breadcrumb\"},\"inLanguage\":\"es\",\"potentialAction\":[{\"@type\":\"ReadAction\",\"target\":[\"https:\\\/\\\/quehacerpolitico.mx\\\/?p=121115\"]}]},{\"@type\":\"ImageObject\",\"inLanguage\":\"es\",\"@id\":\"https:\\\/\\\/quehacerpolitico.mx\\\/?p=121115#primaryimage\",\"url\":\"https:\\\/\\\/quehacerpolitico.mx\\\/wp-content\\\/uploads\\\/2025\\\/12\\\/IMG_5641.jpeg\",\"contentUrl\":\"https:\\\/\\\/quehacerpolitico.mx\\\/wp-content\\\/uploads\\\/2025\\\/12\\\/IMG_5641.jpeg\",\"width\":1120,\"height\":581,\"caption\":\"CIUDAD DE M\u00c9XICO, 11DICIEMBRE2022.- Previo a la conmemoraci\u00f3n del aniversario 491 de la aparici\u00f3n de la Virgen de Guadalupe, cientos de peregrinos contin\u00faan arribando a la Bas\u00edlica para festejarla y agradecerle por los favores concedidos durante el a\u00f1o. FOTO: DANIEL AUGUSTO \\\/CUARTOSCURO.COM\"},{\"@type\":\"BreadcrumbList\",\"@id\":\"https:\\\/\\\/quehacerpolitico.mx\\\/?p=121115#breadcrumb\",\"itemListElement\":[{\"@type\":\"ListItem\",\"position\":1,\"name\":\"Inicio\",\"item\":\"https:\\\/\\\/quehacerpolitico.mx\\\/\"},{\"@type\":\"ListItem\",\"position\":2,\"name\":\"D\u00eda de la Virgen: se mantienen cierres viales por llegada masiva de peregrinos a la Bas\u00edlica de Guadalupe\"}]},{\"@type\":\"WebSite\",\"@id\":\"https:\\\/\\\/quehacerpolitico.mx\\\/#website\",\"url\":\"https:\\\/\\\/quehacerpolitico.mx\\\/\",\"name\":\"\",\"description\":\"\",\"potentialAction\":[{\"@type\":\"SearchAction\",\"target\":{\"@type\":\"EntryPoint\",\"urlTemplate\":\"https:\\\/\\\/quehacerpolitico.mx\\\/?s={search_term_string}\"},\"query-input\":{\"@type\":\"PropertyValueSpecification\",\"valueRequired\":true,\"valueName\":\"search_term_string\"}}],\"inLanguage\":\"es\"},{\"@type\":\"Person\",\"@id\":\"https:\\\/\\\/quehacerpolitico.mx\\\/#\\\/schema\\\/person\\\/496d8ad2d1d3f8036101dca7ee39e585\",\"name\":\"Redacci\u00f3n QP\",\"image\":{\"@type\":\"ImageObject\",\"inLanguage\":\"es\",\"@id\":\"https:\\\/\\\/secure.gravatar.com\\\/avatar\\\/c7164ed6fdec453195284ad24a5ae5b6e1eed2b848477fa2a4787ba9adf39a41?s=96&d=mm&r=g\",\"url\":\"https:\\\/\\\/secure.gravatar.com\\\/avatar\\\/c7164ed6fdec453195284ad24a5ae5b6e1eed2b848477fa2a4787ba9adf39a41?s=96&d=mm&r=g\",\"contentUrl\":\"https:\\\/\\\/secure.gravatar.com\\\/avatar\\\/c7164ed6fdec453195284ad24a5ae5b6e1eed2b848477fa2a4787ba9adf39a41?s=96&d=mm&r=g\",\"caption\":\"Redacci\u00f3n QP\"},\"url\":\"https:\\\/\\\/quehacerpolitico.mx\\\/?author=2\"}]}<\/script>\n<!-- \/ Yoast SEO plugin. -->","yoast_head_json":{"title":"D\u00eda de la Virgen: se mantienen cierres viales por llegada masiva de peregrinos a la Bas\u00edlica de Guadalupe -","robots":{"index":"index","follow":"follow","max-snippet":"max-snippet:-1","max-image-preview":"max-image-preview:large","max-video-preview":"max-video-preview:-1"},"canonical":"https:\/\/quehacerpolitico.mx\/?p=121115","og_locale":"es_MX","og_type":"article","og_title":"D\u00eda de la Virgen: se mantienen cierres viales por llegada masiva de peregrinos a la Bas\u00edlica de Guadalupe -","og_description":"Por Redacci\u00f3n QP La jefa de gobierno, Clara Brugada, destac\u00f3 que se espera la presencia...","og_url":"https:\/\/quehacerpolitico.mx\/?p=121115","article_published_time":"2025-12-12T18:49:12+00:00","article_modified_time":"2025-12-12T18:49:16+00:00","og_image":[{"width":1120,"height":581,"url":"http:\/\/quehacerpolitico.mx\/wp-content\/uploads\/2025\/12\/IMG_5641.jpeg","type":"image\/jpeg"}],"author":"Redacci\u00f3n QP","twitter_card":"summary_large_image","twitter_misc":{"Escrito por":"Redacci\u00f3n QP","Tiempo de lectura":"2 minutos"},"schema":{"@context":"https:\/\/schema.org","@graph":[{"@type":"Article","@id":"https:\/\/quehacerpolitico.mx\/?p=121115#article","isPartOf":{"@id":"https:\/\/quehacerpolitico.mx\/?p=121115"},"author":{"name":"Redacci\u00f3n QP","@id":"https:\/\/quehacerpolitico.mx\/#\/schema\/person\/496d8ad2d1d3f8036101dca7ee39e585"},"headline":"D\u00eda de la Virgen: se mantienen cierres viales por llegada masiva de peregrinos a la Bas\u00edlica de Guadalupe","datePublished":"2025-12-12T18:49:12+00:00","dateModified":"2025-12-12T18:49:16+00:00","mainEntityOfPage":{"@id":"https:\/\/quehacerpolitico.mx\/?p=121115"},"wordCount":371,"commentCount":0,"image":{"@id":"https:\/\/quehacerpolitico.mx\/?p=121115#primaryimage"},"thumbnailUrl":"https:\/\/quehacerpolitico.mx\/wp-content\/uploads\/2025\/12\/IMG_5641.jpeg","articleSection":["CDMX"],"inLanguage":"es","potentialAction":[{"@type":"CommentAction","name":"Comment","target":["https:\/\/quehacerpolitico.mx\/?p=121115#respond"]}]},{"@type":"WebPage","@id":"https:\/\/quehacerpolitico.mx\/?p=121115","url":"https:\/\/quehacerpolitico.mx\/?p=121115","name":"D\u00eda de la Virgen: se mantienen cierres viales por llegada masiva de peregrinos a la Bas\u00edlica de Guadalupe -","isPartOf":{"@id":"https:\/\/quehacerpolitico.mx\/#website"},"primaryImageOfPage":{"@id":"https:\/\/quehacerpolitico.mx\/?p=121115#primaryimage"},"image":{"@id":"https:\/\/quehacerpolitico.mx\/?p=121115#primaryimage"},"thumbnailUrl":"https:\/\/quehacerpolitico.mx\/wp-content\/uploads\/2025\/12\/IMG_5641.jpeg","datePublished":"2025-12-12T18:49:12+00:00","dateModified":"2025-12-12T18:49:16+00:00","author":{"@id":"https:\/\/quehacerpolitico.mx\/#\/schema\/person\/496d8ad2d1d3f8036101dca7ee39e585"},"breadcrumb":{"@id":"https:\/\/quehacerpolitico.mx\/?p=121115#breadcrumb"},"inLanguage":"es","potentialAction":[{"@type":"ReadAction","target":["https:\/\/quehacerpolitico.mx\/?p=121115"]}]},{"@type":"ImageObject","inLanguage":"es","@id":"https:\/\/quehacerpolitico.mx\/?p=121115#primaryimage","url":"https:\/\/quehacerpolitico.mx\/wp-content\/uploads\/2025\/12\/IMG_5641.jpeg","contentUrl":"https:\/\/quehacerpolitico.mx\/wp-content\/uploads\/2025\/12\/IMG_5641.jpeg","width":1120,"height":581,"caption":"CIUDAD DE M\u00c9XICO, 11DICIEMBRE2022.- Previo a la conmemoraci\u00f3n del aniversario 491 de la aparici\u00f3n de la Virgen de Guadalupe, cientos de peregrinos contin\u00faan arribando a la Bas\u00edlica para festejarla y agradecerle por los favores concedidos durante el a\u00f1o. FOTO: DANIEL AUGUSTO \/CUARTOSCURO.COM"},{"@type":"BreadcrumbList","@id":"https:\/\/quehacerpolitico.mx\/?p=121115#breadcrumb","itemListElement":[{"@type":"ListItem","position":1,"name":"Inicio","item":"https:\/\/quehacerpolitico.mx\/"},{"@type":"ListItem","position":2,"name":"D\u00eda de la Virgen: se mantienen cierres viales por llegada masiva de peregrinos a la Bas\u00edlica de Guadalupe"}]},{"@type":"WebSite","@id":"https:\/\/quehacerpolitico.mx\/#website","url":"https:\/\/quehacerpolitico.mx\/","name":"","description":"","potentialAction":[{"@type":"SearchAction","target":{"@type":"EntryPoint","urlTemplate":"https:\/\/quehacerpolitico.mx\/?s={search_term_string}"},"query-input":{"@type":"PropertyValueSpecification","valueRequired":true,"valueName":"search_term_string"}}],"inLanguage":"es"},{"@type":"Person","@id":"https:\/\/quehacerpolitico.mx\/#\/schema\/person\/496d8ad2d1d3f8036101dca7ee39e585","name":"Redacci\u00f3n QP","image":{"@type":"ImageObject","inLanguage":"es","@id":"https:\/\/secure.gravatar.com\/avatar\/c7164ed6fdec453195284ad24a5ae5b6e1eed2b848477fa2a4787ba9adf39a41?s=96&d=mm&r=g","url":"https:\/\/secure.gravatar.com\/avatar\/c7164ed6fdec453195284ad24a5ae5b6e1eed2b848477fa2a4787ba9adf39a41?s=96&d=mm&r=g","contentUrl":"https:\/\/secure.gravatar.com\/avatar\/c7164ed6fdec453195284ad24a5ae5b6e1eed2b848477fa2a4787ba9adf39a41?s=96&d=mm&r=g","caption":"Redacci\u00f3n QP"},"url":"https:\/\/quehacerpolitico.mx\/?author=2"}]}},"featured_image_urls":{"full":["https:\/\/quehacerpolitico.mx\/wp-content\/uploads\/2025\/12\/IMG_5641.jpeg",1120,581,false],"thumbnail":["https:\/\/quehacerpolitico.mx\/wp-content\/uploads\/2025\/12\/IMG_5641-150x150.jpeg",150,150,true],"medium":["https:\/\/quehacerpolitico.mx\/wp-content\/uploads\/2025\/12\/IMG_5641-300x156.jpeg",300,156,true],"medium_large":["https:\/\/quehacerpolitico.mx\/wp-content\/uploads\/2025\/12\/IMG_5641-768x398.jpeg",640,332,true],"large":["https:\/\/quehacerpolitico.mx\/wp-content\/uploads\/2025\/12\/IMG_5641-1024x531.jpeg",640,332,true],"1536x1536":["https:\/\/quehacerpolitico.mx\/wp-content\/uploads\/2025\/12\/IMG_5641.jpeg",1120,581,false],"2048x2048":["https:\/\/quehacerpolitico.mx\/wp-content\/uploads\/2025\/12\/IMG_5641.jpeg",1120,581,false],"covernews-featured":["https:\/\/quehacerpolitico.mx\/wp-content\/uploads\/2025\/12\/IMG_5641-1024x531.jpeg",1024,531,true],"covernews-medium":["https:\/\/quehacerpolitico.mx\/wp-content\/uploads\/2025\/12\/IMG_5641-540x340.jpeg",540,340,true]},"author_info":{"display_name":"Redacci\u00f3n QP","author_link":"https:\/\/quehacerpolitico.mx\/?author=2"},"category_info":"<a href=\"https:\/\/quehacerpolitico.mx\/?cat=55\" rel=\"category\">CDMX<\/a>","tag_info":"CDMX","comment_count":"0","_links":{"self":[{"href":"https:\/\/quehacerpolitico.mx\/index.php?rest_route=\/wp\/v2\/posts\/121115","targetHints":{"allow":["GET"]}}],"collection":[{"href":"https:\/\/quehacerpolitico.mx\/index.php?rest_route=\/wp\/v2\/posts"}],"about":[{"href":"https:\/\/quehacerpolitico.mx\/index.php?rest_route=\/wp\/v2\/types\/post"}],"author":[{"embeddable":true,"href":"https:\/\/quehacerpolitico.mx\/index.php?rest_route=\/wp\/v2\/users\/2"}],"replies":[{"embeddable":true,"href":"https:\/\/quehacerpolitico.mx\/index.php?rest_route=%2Fwp%2Fv2%2Fcomments&post=121115"}],"version-history":[{"count":1,"href":"https:\/\/quehacerpolitico.mx\/index.php?rest_route=\/wp\/v2\/posts\/121115\/revisions"}],"predecessor-version":[{"id":121117,"href":"https:\/\/quehacerpolitico.mx\/index.php?rest_route=\/wp\/v2\/posts\/121115\/revisions\/121117"}],"wp:featuredmedia":[{"embeddable":true,"href":"https:\/\/quehacerpolitico.mx\/index.php?rest_route=\/wp\/v2\/media\/121116"}],"wp:attachment":[{"href":"https:\/\/quehacerpolitico.mx\/index.php?rest_route=%2Fwp%2Fv2%2Fmedia&parent=121115"}],"wp:term":[{"taxonomy":"category","embeddable":true,"href":"https:\/\/quehacerpolitico.mx\/index.php?rest_route=%2Fwp%2Fv2%2Fcategories&post=121115"},{"taxonomy":"post_tag","embeddable":true,"href":"https:\/\/quehacerpolitico.mx\/index.php?rest_route=%2Fwp%2Fv2%2Ftags&post=121115"}],"curies":[{"name":"wp","href":"https:\/\/api.w.org\/{rel}","templated":true}]}}