{"id":121074,"date":"2025-12-11T21:39:17","date_gmt":"2025-12-12T03:39:17","guid":{"rendered":"https:\/\/quehacerpolitico.mx\/?p=121074"},"modified":"2025-12-11T21:39:21","modified_gmt":"2025-12-12T03:39:21","slug":"landon-donovan-excapitan-de-estados-unidos-asegura-que-corea-del-sur-sera-lider-en-el-grupo-del-tri-en-el-mundial-2026-mexico-esta-en-mal-momento","status":"publish","type":"post","link":"https:\/\/quehacerpolitico.mx\/?p=121074","title":{"rendered":"Landon Donovan, excapit\u00e1n de Estados Unidos, asegura que Corea del Sur ser\u00e1 l\u00edder en el grupo del Tri en el Mundial 2026: \u201cM\u00e9xico est\u00e1 en mal momento\u201d"},"content":{"rendered":"\n<p>Por Redacci\u00f3n QP<\/p>\n\n\n\n<p>El hist\u00f3rico exseleccionado estadounidense dijo que el combinado azteca \u201cno tiene grandes jugadores\u201d y no cree que la local\u00eda le ayude.<\/p>\n\n\n\n<p><strong>Landon Donovan fue un jugador legendario de la selecci\u00f3n de Estados Unidos,<\/strong>&nbsp;en la rivalidad con la Selecci\u00f3n Mexicana obtuvo el triunfo m\u00e1s importante, en los Octavos de Final del Mundial Corea-Jap\u00f3n 2002,&nbsp;<strong>un gol suyo rubric\u00f3 la victoria 2-0 que elimin\u00f3 al Tri.<\/strong><\/p>\n\n\n\n<p>Y el ex \u2018Capit\u00e1n Am\u00e9rica\u2019 tambi\u00e9n jug\u00f3 para el Le\u00f3n en la Liga MX, conoce a la perfecci\u00f3n todo lo que rodea al futbol azteca y&nbsp;<strong>se atreve a aseverar que la Selecci\u00f3n Mexicana no trascender\u00e1 en el Mundial 2026,&nbsp;<\/strong>incluso ve a Corea del Sur como el gran favorito para quedarse con el liderato del Grupo A que comparten con Sud\u00e1frica y una selecci\u00f3n europea que llegar\u00e1 v\u00eda repechaje.<\/p>\n\n\n\n<figure class=\"wp-block-embed is-type-video is-provider-youtube wp-block-embed-youtube wp-embed-aspect-16-9 wp-has-aspect-ratio\"><div class=\"wp-block-embed__wrapper\">\n<iframe loading=\"lazy\" title=\"Landon Donovan on World Cup Draw: Mexico &amp; Germany &quot;Aren\u2019t Scary&quot;, Brazil &quot;Talented&quot; | Colin Cowherd\" width=\"640\" height=\"360\" src=\"https:\/\/www.youtube.com\/embed\/R8DasSZKGAs?feature=oembed\" frameborder=\"0\" allow=\"accelerometer; autoplay; clipboard-write; encrypted-media; gyroscope; picture-in-picture; web-share\" referrerpolicy=\"strict-origin-when-cross-origin\" allowfullscreen><\/iframe>\n<\/div><\/figure>\n\n\n\n<p><strong>\u201cDe hecho, creo que Corea del Sur ganar\u00e1 el grupo. M\u00e9xico est\u00e1 en mal momento ahora mismo,\u00a0<\/strong>simplemente no hay vuelta atr\u00e1s\u00a0y no lo veo mucho mejor.\u00a0<strong>No creo que tengan grandes jugadores\u00a0<\/strong>y no creo que la afici\u00f3n local los ayude a llegar al objetivo\u201d, indic\u00f3 Donovan al programa Fox Soccer en el que dio su opini\u00f3n.<\/p>\n\n\n\n<p>Pero no es el \u00fanico exintegrante de la selecci\u00f3n de las barras y las estrellas que\u00a0<strong>no conf\u00eda en las posibilidades de M\u00e9xico en el Mundial 2026, Coby Jones consider\u00f3 que el ganador del repechaje europeo<\/strong>\u00a0entre Irlanda, Rep\u00fablica Checa, Dinamarca y Macedonia del Norte le dar\u00e1 problemas al conjunto dirigido por Javier Aguirre.<\/p>\n\n\n\n<p>\u201cClaro, si ves esto, est\u00e1 abierto.\u00a0<strong>Especialmente si Irlanda se clasifica yo lo veo muy en el aire,\u00a0<\/strong>creo que pueden dar una sorpresa con Troy Parrott (delantero del AZ Alkmaar).<strong>\u00a0M\u00e9xico est\u00e1 en un mal momento,\u00a0<\/strong>entonces debemos estar atentos a lo que pasa en los playoffs de la UEFA, creo que veremos mucha pelea, mucha intensidad en estos partidos de marzo\u201d, puntualiz\u00f3.<\/p>\n","protected":false},"excerpt":{"rendered":"<p>Por Redacci\u00f3n QP El hist\u00f3rico exseleccionado estadounidense dijo que el combinado azteca \u201cno tiene grandes&#8230;<\/p>\n","protected":false},"author":2,"featured_media":121075,"comment_status":"open","ping_status":"open","sticky":false,"template":"","format":"standard","meta":{"_monsterinsights_skip_tracking":false,"_monsterinsights_sitenote_active":false,"_monsterinsights_sitenote_note":"","_monsterinsights_sitenote_category":0,"footnotes":""},"categories":[54],"tags":[],"class_list":["post-121074","post","type-post","status-publish","format-standard","has-post-thumbnail","hentry","category-deportes"],"yoast_head":"<!-- This site is optimized with the Yoast SEO plugin v27.3 - https:\/\/yoast.com\/product\/yoast-seo-wordpress\/ -->\n<title>Landon Donovan, excapit\u00e1n de Estados Unidos, asegura que Corea del Sur ser\u00e1 l\u00edder en el grupo del Tri en el Mundial 2026: \u201cM\u00e9xico est\u00e1 en mal momento\u201d -<\/title>\n<meta name=\"robots\" content=\"index, follow, max-snippet:-1, max-image-preview:large, max-video-preview:-1\" \/>\n<link rel=\"canonical\" href=\"https:\/\/quehacerpolitico.mx\/?p=121074\" \/>\n<meta property=\"og:locale\" content=\"es_MX\" \/>\n<meta property=\"og:type\" content=\"article\" \/>\n<meta property=\"og:title\" content=\"Landon Donovan, excapit\u00e1n de Estados Unidos, asegura que Corea del Sur ser\u00e1 l\u00edder en el grupo del Tri en el Mundial 2026: \u201cM\u00e9xico est\u00e1 en mal momento\u201d -\" \/>\n<meta property=\"og:description\" content=\"Por Redacci\u00f3n QP El hist\u00f3rico exseleccionado estadounidense dijo que el combinado azteca \u201cno tiene grandes...\" \/>\n<meta property=\"og:url\" content=\"https:\/\/quehacerpolitico.mx\/?p=121074\" \/>\n<meta property=\"article:published_time\" content=\"2025-12-12T03:39:17+00:00\" \/>\n<meta property=\"article:modified_time\" content=\"2025-12-12T03:39:21+00:00\" \/>\n<meta property=\"og:image\" content=\"http:\/\/quehacerpolitico.mx\/wp-content\/uploads\/2025\/12\/IMG_5632.jpeg\" \/>\n\t<meta property=\"og:image:width\" content=\"1170\" \/>\n\t<meta property=\"og:image:height\" content=\"1138\" \/>\n\t<meta property=\"og:image:type\" content=\"image\/jpeg\" \/>\n<meta name=\"author\" content=\"Redacci\u00f3n QP\" \/>\n<meta name=\"twitter:card\" content=\"summary_large_image\" \/>\n<meta name=\"twitter:label1\" content=\"Escrito por\" \/>\n\t<meta name=\"twitter:data1\" content=\"Redacci\u00f3n QP\" \/>\n\t<meta name=\"twitter:label2\" content=\"Tiempo de lectura\" \/>\n\t<meta name=\"twitter:data2\" content=\"2 minutos\" \/>\n<script type=\"application\/ld+json\" class=\"yoast-schema-graph\">{\"@context\":\"https:\\\/\\\/schema.org\",\"@graph\":[{\"@type\":\"Article\",\"@id\":\"https:\\\/\\\/quehacerpolitico.mx\\\/?p=121074#article\",\"isPartOf\":{\"@id\":\"https:\\\/\\\/quehacerpolitico.mx\\\/?p=121074\"},\"author\":{\"name\":\"Redacci\u00f3n QP\",\"@id\":\"https:\\\/\\\/quehacerpolitico.mx\\\/#\\\/schema\\\/person\\\/496d8ad2d1d3f8036101dca7ee39e585\"},\"headline\":\"Landon Donovan, excapit\u00e1n de Estados Unidos, asegura que Corea del Sur ser\u00e1 l\u00edder en el grupo del Tri en el Mundial 2026: \u201cM\u00e9xico est\u00e1 en mal momento\u201d\",\"datePublished\":\"2025-12-12T03:39:17+00:00\",\"dateModified\":\"2025-12-12T03:39:21+00:00\",\"mainEntityOfPage\":{\"@id\":\"https:\\\/\\\/quehacerpolitico.mx\\\/?p=121074\"},\"wordCount\":378,\"commentCount\":0,\"image\":{\"@id\":\"https:\\\/\\\/quehacerpolitico.mx\\\/?p=121074#primaryimage\"},\"thumbnailUrl\":\"https:\\\/\\\/quehacerpolitico.mx\\\/wp-content\\\/uploads\\\/2025\\\/12\\\/IMG_5632.jpeg\",\"articleSection\":[\"Deportes\"],\"inLanguage\":\"es\",\"potentialAction\":[{\"@type\":\"CommentAction\",\"name\":\"Comment\",\"target\":[\"https:\\\/\\\/quehacerpolitico.mx\\\/?p=121074#respond\"]}]},{\"@type\":\"WebPage\",\"@id\":\"https:\\\/\\\/quehacerpolitico.mx\\\/?p=121074\",\"url\":\"https:\\\/\\\/quehacerpolitico.mx\\\/?p=121074\",\"name\":\"Landon Donovan, excapit\u00e1n de Estados Unidos, asegura que Corea del Sur ser\u00e1 l\u00edder en el grupo del Tri en el Mundial 2026: \u201cM\u00e9xico est\u00e1 en mal momento\u201d -\",\"isPartOf\":{\"@id\":\"https:\\\/\\\/quehacerpolitico.mx\\\/#website\"},\"primaryImageOfPage\":{\"@id\":\"https:\\\/\\\/quehacerpolitico.mx\\\/?p=121074#primaryimage\"},\"image\":{\"@id\":\"https:\\\/\\\/quehacerpolitico.mx\\\/?p=121074#primaryimage\"},\"thumbnailUrl\":\"https:\\\/\\\/quehacerpolitico.mx\\\/wp-content\\\/uploads\\\/2025\\\/12\\\/IMG_5632.jpeg\",\"datePublished\":\"2025-12-12T03:39:17+00:00\",\"dateModified\":\"2025-12-12T03:39:21+00:00\",\"author\":{\"@id\":\"https:\\\/\\\/quehacerpolitico.mx\\\/#\\\/schema\\\/person\\\/496d8ad2d1d3f8036101dca7ee39e585\"},\"breadcrumb\":{\"@id\":\"https:\\\/\\\/quehacerpolitico.mx\\\/?p=121074#breadcrumb\"},\"inLanguage\":\"es\",\"potentialAction\":[{\"@type\":\"ReadAction\",\"target\":[\"https:\\\/\\\/quehacerpolitico.mx\\\/?p=121074\"]}]},{\"@type\":\"ImageObject\",\"inLanguage\":\"es\",\"@id\":\"https:\\\/\\\/quehacerpolitico.mx\\\/?p=121074#primaryimage\",\"url\":\"https:\\\/\\\/quehacerpolitico.mx\\\/wp-content\\\/uploads\\\/2025\\\/12\\\/IMG_5632.jpeg\",\"contentUrl\":\"https:\\\/\\\/quehacerpolitico.mx\\\/wp-content\\\/uploads\\\/2025\\\/12\\\/IMG_5632.jpeg\",\"width\":1170,\"height\":1138,\"caption\":\"Screenshot\"},{\"@type\":\"BreadcrumbList\",\"@id\":\"https:\\\/\\\/quehacerpolitico.mx\\\/?p=121074#breadcrumb\",\"itemListElement\":[{\"@type\":\"ListItem\",\"position\":1,\"name\":\"Inicio\",\"item\":\"https:\\\/\\\/quehacerpolitico.mx\\\/\"},{\"@type\":\"ListItem\",\"position\":2,\"name\":\"Landon Donovan, excapit\u00e1n de Estados Unidos, asegura que Corea del Sur ser\u00e1 l\u00edder en el grupo del Tri en el Mundial 2026: \u201cM\u00e9xico est\u00e1 en mal momento\u201d\"}]},{\"@type\":\"WebSite\",\"@id\":\"https:\\\/\\\/quehacerpolitico.mx\\\/#website\",\"url\":\"https:\\\/\\\/quehacerpolitico.mx\\\/\",\"name\":\"\",\"description\":\"\",\"potentialAction\":[{\"@type\":\"SearchAction\",\"target\":{\"@type\":\"EntryPoint\",\"urlTemplate\":\"https:\\\/\\\/quehacerpolitico.mx\\\/?s={search_term_string}\"},\"query-input\":{\"@type\":\"PropertyValueSpecification\",\"valueRequired\":true,\"valueName\":\"search_term_string\"}}],\"inLanguage\":\"es\"},{\"@type\":\"Person\",\"@id\":\"https:\\\/\\\/quehacerpolitico.mx\\\/#\\\/schema\\\/person\\\/496d8ad2d1d3f8036101dca7ee39e585\",\"name\":\"Redacci\u00f3n QP\",\"image\":{\"@type\":\"ImageObject\",\"inLanguage\":\"es\",\"@id\":\"https:\\\/\\\/secure.gravatar.com\\\/avatar\\\/c7164ed6fdec453195284ad24a5ae5b6e1eed2b848477fa2a4787ba9adf39a41?s=96&d=mm&r=g\",\"url\":\"https:\\\/\\\/secure.gravatar.com\\\/avatar\\\/c7164ed6fdec453195284ad24a5ae5b6e1eed2b848477fa2a4787ba9adf39a41?s=96&d=mm&r=g\",\"contentUrl\":\"https:\\\/\\\/secure.gravatar.com\\\/avatar\\\/c7164ed6fdec453195284ad24a5ae5b6e1eed2b848477fa2a4787ba9adf39a41?s=96&d=mm&r=g\",\"caption\":\"Redacci\u00f3n QP\"},\"url\":\"https:\\\/\\\/quehacerpolitico.mx\\\/?author=2\"}]}<\/script>\n<!-- \/ Yoast SEO plugin. -->","yoast_head_json":{"title":"Landon Donovan, excapit\u00e1n de Estados Unidos, asegura que Corea del Sur ser\u00e1 l\u00edder en el grupo del Tri en el Mundial 2026: \u201cM\u00e9xico est\u00e1 en mal momento\u201d -","robots":{"index":"index","follow":"follow","max-snippet":"max-snippet:-1","max-image-preview":"max-image-preview:large","max-video-preview":"max-video-preview:-1"},"canonical":"https:\/\/quehacerpolitico.mx\/?p=121074","og_locale":"es_MX","og_type":"article","og_title":"Landon Donovan, excapit\u00e1n de Estados Unidos, asegura que Corea del Sur ser\u00e1 l\u00edder en el grupo del Tri en el Mundial 2026: \u201cM\u00e9xico est\u00e1 en mal momento\u201d -","og_description":"Por Redacci\u00f3n QP El hist\u00f3rico exseleccionado estadounidense dijo que el combinado azteca \u201cno tiene grandes...","og_url":"https:\/\/quehacerpolitico.mx\/?p=121074","article_published_time":"2025-12-12T03:39:17+00:00","article_modified_time":"2025-12-12T03:39:21+00:00","og_image":[{"width":1170,"height":1138,"url":"http:\/\/quehacerpolitico.mx\/wp-content\/uploads\/2025\/12\/IMG_5632.jpeg","type":"image\/jpeg"}],"author":"Redacci\u00f3n QP","twitter_card":"summary_large_image","twitter_misc":{"Escrito por":"Redacci\u00f3n QP","Tiempo de lectura":"2 minutos"},"schema":{"@context":"https:\/\/schema.org","@graph":[{"@type":"Article","@id":"https:\/\/quehacerpolitico.mx\/?p=121074#article","isPartOf":{"@id":"https:\/\/quehacerpolitico.mx\/?p=121074"},"author":{"name":"Redacci\u00f3n QP","@id":"https:\/\/quehacerpolitico.mx\/#\/schema\/person\/496d8ad2d1d3f8036101dca7ee39e585"},"headline":"Landon Donovan, excapit\u00e1n de Estados Unidos, asegura que Corea del Sur ser\u00e1 l\u00edder en el grupo del Tri en el Mundial 2026: \u201cM\u00e9xico est\u00e1 en mal momento\u201d","datePublished":"2025-12-12T03:39:17+00:00","dateModified":"2025-12-12T03:39:21+00:00","mainEntityOfPage":{"@id":"https:\/\/quehacerpolitico.mx\/?p=121074"},"wordCount":378,"commentCount":0,"image":{"@id":"https:\/\/quehacerpolitico.mx\/?p=121074#primaryimage"},"thumbnailUrl":"https:\/\/quehacerpolitico.mx\/wp-content\/uploads\/2025\/12\/IMG_5632.jpeg","articleSection":["Deportes"],"inLanguage":"es","potentialAction":[{"@type":"CommentAction","name":"Comment","target":["https:\/\/quehacerpolitico.mx\/?p=121074#respond"]}]},{"@type":"WebPage","@id":"https:\/\/quehacerpolitico.mx\/?p=121074","url":"https:\/\/quehacerpolitico.mx\/?p=121074","name":"Landon Donovan, excapit\u00e1n de Estados Unidos, asegura que Corea del Sur ser\u00e1 l\u00edder en el grupo del Tri en el Mundial 2026: \u201cM\u00e9xico est\u00e1 en mal momento\u201d -","isPartOf":{"@id":"https:\/\/quehacerpolitico.mx\/#website"},"primaryImageOfPage":{"@id":"https:\/\/quehacerpolitico.mx\/?p=121074#primaryimage"},"image":{"@id":"https:\/\/quehacerpolitico.mx\/?p=121074#primaryimage"},"thumbnailUrl":"https:\/\/quehacerpolitico.mx\/wp-content\/uploads\/2025\/12\/IMG_5632.jpeg","datePublished":"2025-12-12T03:39:17+00:00","dateModified":"2025-12-12T03:39:21+00:00","author":{"@id":"https:\/\/quehacerpolitico.mx\/#\/schema\/person\/496d8ad2d1d3f8036101dca7ee39e585"},"breadcrumb":{"@id":"https:\/\/quehacerpolitico.mx\/?p=121074#breadcrumb"},"inLanguage":"es","potentialAction":[{"@type":"ReadAction","target":["https:\/\/quehacerpolitico.mx\/?p=121074"]}]},{"@type":"ImageObject","inLanguage":"es","@id":"https:\/\/quehacerpolitico.mx\/?p=121074#primaryimage","url":"https:\/\/quehacerpolitico.mx\/wp-content\/uploads\/2025\/12\/IMG_5632.jpeg","contentUrl":"https:\/\/quehacerpolitico.mx\/wp-content\/uploads\/2025\/12\/IMG_5632.jpeg","width":1170,"height":1138,"caption":"Screenshot"},{"@type":"BreadcrumbList","@id":"https:\/\/quehacerpolitico.mx\/?p=121074#breadcrumb","itemListElement":[{"@type":"ListItem","position":1,"name":"Inicio","item":"https:\/\/quehacerpolitico.mx\/"},{"@type":"ListItem","position":2,"name":"Landon Donovan, excapit\u00e1n de Estados Unidos, asegura que Corea del Sur ser\u00e1 l\u00edder en el grupo del Tri en el Mundial 2026: \u201cM\u00e9xico est\u00e1 en mal momento\u201d"}]},{"@type":"WebSite","@id":"https:\/\/quehacerpolitico.mx\/#website","url":"https:\/\/quehacerpolitico.mx\/","name":"","description":"","potentialAction":[{"@type":"SearchAction","target":{"@type":"EntryPoint","urlTemplate":"https:\/\/quehacerpolitico.mx\/?s={search_term_string}"},"query-input":{"@type":"PropertyValueSpecification","valueRequired":true,"valueName":"search_term_string"}}],"inLanguage":"es"},{"@type":"Person","@id":"https:\/\/quehacerpolitico.mx\/#\/schema\/person\/496d8ad2d1d3f8036101dca7ee39e585","name":"Redacci\u00f3n QP","image":{"@type":"ImageObject","inLanguage":"es","@id":"https:\/\/secure.gravatar.com\/avatar\/c7164ed6fdec453195284ad24a5ae5b6e1eed2b848477fa2a4787ba9adf39a41?s=96&d=mm&r=g","url":"https:\/\/secure.gravatar.com\/avatar\/c7164ed6fdec453195284ad24a5ae5b6e1eed2b848477fa2a4787ba9adf39a41?s=96&d=mm&r=g","contentUrl":"https:\/\/secure.gravatar.com\/avatar\/c7164ed6fdec453195284ad24a5ae5b6e1eed2b848477fa2a4787ba9adf39a41?s=96&d=mm&r=g","caption":"Redacci\u00f3n QP"},"url":"https:\/\/quehacerpolitico.mx\/?author=2"}]}},"featured_image_urls":{"full":["https:\/\/quehacerpolitico.mx\/wp-content\/uploads\/2025\/12\/IMG_5632.jpeg",1170,1138,false],"thumbnail":["https:\/\/quehacerpolitico.mx\/wp-content\/uploads\/2025\/12\/IMG_5632-150x150.jpeg",150,150,true],"medium":["https:\/\/quehacerpolitico.mx\/wp-content\/uploads\/2025\/12\/IMG_5632-300x292.jpeg",300,292,true],"medium_large":["https:\/\/quehacerpolitico.mx\/wp-content\/uploads\/2025\/12\/IMG_5632-768x747.jpeg",640,623,true],"large":["https:\/\/quehacerpolitico.mx\/wp-content\/uploads\/2025\/12\/IMG_5632-1024x996.jpeg",640,623,true],"1536x1536":["https:\/\/quehacerpolitico.mx\/wp-content\/uploads\/2025\/12\/IMG_5632.jpeg",1170,1138,false],"2048x2048":["https:\/\/quehacerpolitico.mx\/wp-content\/uploads\/2025\/12\/IMG_5632.jpeg",1170,1138,false],"covernews-featured":["https:\/\/quehacerpolitico.mx\/wp-content\/uploads\/2025\/12\/IMG_5632-1024x996.jpeg",1024,996,true],"covernews-medium":["https:\/\/quehacerpolitico.mx\/wp-content\/uploads\/2025\/12\/IMG_5632-540x340.jpeg",540,340,true]},"author_info":{"display_name":"Redacci\u00f3n QP","author_link":"https:\/\/quehacerpolitico.mx\/?author=2"},"category_info":"<a href=\"https:\/\/quehacerpolitico.mx\/?cat=54\" rel=\"category\">Deportes<\/a>","tag_info":"Deportes","comment_count":"0","_links":{"self":[{"href":"https:\/\/quehacerpolitico.mx\/index.php?rest_route=\/wp\/v2\/posts\/121074","targetHints":{"allow":["GET"]}}],"collection":[{"href":"https:\/\/quehacerpolitico.mx\/index.php?rest_route=\/wp\/v2\/posts"}],"about":[{"href":"https:\/\/quehacerpolitico.mx\/index.php?rest_route=\/wp\/v2\/types\/post"}],"author":[{"embeddable":true,"href":"https:\/\/quehacerpolitico.mx\/index.php?rest_route=\/wp\/v2\/users\/2"}],"replies":[{"embeddable":true,"href":"https:\/\/quehacerpolitico.mx\/index.php?rest_route=%2Fwp%2Fv2%2Fcomments&post=121074"}],"version-history":[{"count":1,"href":"https:\/\/quehacerpolitico.mx\/index.php?rest_route=\/wp\/v2\/posts\/121074\/revisions"}],"predecessor-version":[{"id":121076,"href":"https:\/\/quehacerpolitico.mx\/index.php?rest_route=\/wp\/v2\/posts\/121074\/revisions\/121076"}],"wp:featuredmedia":[{"embeddable":true,"href":"https:\/\/quehacerpolitico.mx\/index.php?rest_route=\/wp\/v2\/media\/121075"}],"wp:attachment":[{"href":"https:\/\/quehacerpolitico.mx\/index.php?rest_route=%2Fwp%2Fv2%2Fmedia&parent=121074"}],"wp:term":[{"taxonomy":"category","embeddable":true,"href":"https:\/\/quehacerpolitico.mx\/index.php?rest_route=%2Fwp%2Fv2%2Fcategories&post=121074"},{"taxonomy":"post_tag","embeddable":true,"href":"https:\/\/quehacerpolitico.mx\/index.php?rest_route=%2Fwp%2Fv2%2Ftags&post=121074"}],"curies":[{"name":"wp","href":"https:\/\/api.w.org\/{rel}","templated":true}]}}