{"id":121065,"date":"2025-12-11T18:39:26","date_gmt":"2025-12-12T00:39:26","guid":{"rendered":"https:\/\/quehacerpolitico.mx\/?p=121065"},"modified":"2025-12-11T18:39:30","modified_gmt":"2025-12-12T00:39:30","slug":"navidad-en-la-cdmx-asiste-a-una-serie-de-conciertos-de-manera-gratuita","status":"publish","type":"post","link":"https:\/\/quehacerpolitico.mx\/?p=121065","title":{"rendered":"Navidad en la CDMX asiste a una serie de conciertos de manera gratuita"},"content":{"rendered":"\n<p>Por Redacci\u00f3n QP<\/p>\n\n\n\n<p>La Ciudad de M\u00e9xico ofrecer\u00e1 un concierto gratuito con temas y m\u00fasica cl\u00e1sica para celebrar la temporada navide\u00f1a en el Bosque de Chapultepec<\/p>\n\n\n\n<p>Como parte del programa navide\u00f1o de la\u00a0<strong>Ciudad de M\u00e9xico<\/strong>, la\u00a0<strong>Secretar\u00eda de Cultura<\/strong> ofrecer\u00e1 un concierto totalmente gratuito con la\u00a0<mark>participaci\u00f3n del Coro de Madrigalistas de Bellas Artes, agrupaci\u00f3n del Instituto Nacional de Bellas Artes y Literatura (INBAL), y el ensamble de m\u00fasica antigua Antiqva Metr\u00f3poli.<\/mark><\/p>\n\n\n\n<p><mark>El espect\u00e1culo incluir\u00e1 la interpretaci\u00f3n de diversas obras cl\u00e1sicas de los siglos XVI y XVII creadas por compositores novohispanos y europeos<\/mark>, piezas que transportar\u00e1n al p\u00fablico a las antiguas celebraciones decembrinas para vivir una experiencia navide\u00f1a distinta a la habitual.<\/p>\n\n\n\n<h2 class=\"wp-block-heading\">\u00bfCu\u00e1ndo y d\u00f3nde ser\u00e1 el concierto navide\u00f1o en la CDMX?<\/h2>\n\n\n\n<p>La experiencia, titulada&nbsp;<strong>Navidad Barroca<\/strong>&nbsp;y dirigida por Carlos Aransay y Juan Luis M\u00e1tuz,&nbsp;<mark>se llevar\u00e1 a cabo el pr\u00f3ximo domingo 14 de diciembre a las 12:00 horas en el Pabell\u00f3n Esc\u00e9nico, ubicado en el Jard\u00edn Esc\u00e9nico<\/mark>(Paseo de la Reforma esquina con Calzada Chivatito, Bosque de Chapultepec).<\/p>\n\n\n\n<p><mark>La entrada es libre y est\u00e1 abierta a personas de todas las edades; sin embargo, se recomienda llegar con anticipaci\u00f3n para asegurar lugar, ya que el evento podr\u00eda saturarse.&nbsp;<\/mark>Debido al horario, tambi\u00e9n se sugiere asistir con sombrilla o gorra para protegerse del sol.<\/p>\n\n\n\n<p>Cabe destacar que este no ser\u00e1 el \u00fanico concierto navide\u00f1o en la capital,&nbsp;<mark>pues rumbo al 25 de diciembre diversos recintos ofrecer\u00e1n espect\u00e1culos tem\u00e1ticos para celebrar la temporada.<\/mark><\/p>\n\n\n\n<h2 class=\"wp-block-heading\">\u00bfCu\u00e1ndo habr\u00e1 otros conciertos navide\u00f1os?<\/h2>\n\n\n\n<p><strong>Conciertos de jazz navide\u00f1o en el Mirador de la Torre Latino<\/strong><\/p>\n\n\n\n<ul class=\"wp-block-list\">\n<li>Fechas: 12, 17, 18, 19, 22 y 23 de diciembre<\/li>\n\n\n\n<li>Lugar: Mirador de la Torre Latino<\/li>\n\n\n\n<li>Hora: 20:30 horas<\/li>\n\n\n\n<li>Costo: $350 por persona<\/li>\n<\/ul>\n\n\n\n<p><strong>Concierto navide\u00f1o de la Orquesta de Miner\u00eda<\/strong><\/p>\n\n\n\n<ul class=\"wp-block-list\">\n<li>Fechas: 20 y 21 de diciembre<\/li>\n\n\n\n<li>Lugar: Pepsi Center<\/li>\n\n\n\n<li>Hora: 19:00 horas<\/li>\n\n\n\n<li>Costo: $440 \u2013 $1,440<\/li>\n<\/ul>\n\n\n\n<p><strong>Candlelight: cl\u00e1sicos de Navidad<\/strong><\/p>\n\n\n\n<ul class=\"wp-block-list\">\n<li>Fechas: 19, 20 y 21 de diciembre<\/li>\n\n\n\n<li>Lugar: El Cantoral (Puente Xoco s\/n, Puerta A, Xoco)<\/li>\n\n\n\n<li>Hora: 18:00 horas<\/li>\n\n\n\n<li>Costo: $415 \u2013 $930<\/li>\n<\/ul>\n\n\n\n<p><strong>Concierto Sinf\u00f3nico \u201cNavidad en las Pel\u00edculas\u201d<\/strong><\/p>\n\n\n\n<ul class=\"wp-block-list\">\n<li>Fechas: 12, 13 y 14 de diciembre<\/li>\n\n\n\n<li>Lugar: Centro Cultural Teatro I (Guaymas 8, Roma Norte)<\/li>\n\n\n\n<li>Costo: $550 \u2013 $2,196<\/li>\n<\/ul>\n\n\n\n<p><strong>Concierto navide\u00f1o en el Auditorio Nacional<\/strong><\/p>\n\n\n\n<ul class=\"wp-block-list\">\n<li>Fechas: 12 y 13 de diciembre<\/li>\n\n\n\n<li>Lugar: Auditorio Nacional<\/li>\n\n\n\n<li>Hora: 19:30 horas<\/li>\n\n\n\n<li>Costo: $550 \u2013 $2,623<\/li>\n<\/ul>\n\n\n\n<p>Con una cartelera repleta de espect\u00e1culos navide\u00f1os<mark>, la Ciudad de M\u00e9xico refuerza su compromiso por acercar la cultura, la m\u00fasica y las tradiciones de temporada a habitantes y visitantes.&nbsp;<\/mark>Desde conciertos gratuitos al aire libre hasta producciones sinf\u00f3nicas y experiencias inmersivas, la capital ofrece m\u00faltiples opciones para disfrutar el esp\u00edritu decembrino y vivir la&nbsp;<strong>Navidad&nbsp;<\/strong>de manera especial.<\/p>\n","protected":false},"excerpt":{"rendered":"<p>Por Redacci\u00f3n QP La Ciudad de M\u00e9xico ofrecer\u00e1 un concierto gratuito con temas y m\u00fasica&#8230;<\/p>\n","protected":false},"author":2,"featured_media":121066,"comment_status":"open","ping_status":"open","sticky":false,"template":"","format":"standard","meta":{"_monsterinsights_skip_tracking":false,"_monsterinsights_sitenote_active":false,"_monsterinsights_sitenote_note":"","_monsterinsights_sitenote_category":0,"footnotes":""},"categories":[55,58],"tags":[],"class_list":["post-121065","post","type-post","status-publish","format-standard","has-post-thumbnail","hentry","category-cdmx","category-cultura"],"yoast_head":"<!-- This site is optimized with the Yoast SEO plugin v27.3 - https:\/\/yoast.com\/product\/yoast-seo-wordpress\/ -->\n<title>Navidad en la CDMX asiste a una serie de conciertos de manera gratuita -<\/title>\n<meta name=\"robots\" content=\"index, follow, max-snippet:-1, max-image-preview:large, max-video-preview:-1\" \/>\n<link rel=\"canonical\" href=\"https:\/\/quehacerpolitico.mx\/?p=121065\" \/>\n<meta property=\"og:locale\" content=\"es_MX\" \/>\n<meta property=\"og:type\" content=\"article\" \/>\n<meta property=\"og:title\" content=\"Navidad en la CDMX asiste a una serie de conciertos de manera gratuita -\" \/>\n<meta property=\"og:description\" content=\"Por Redacci\u00f3n QP La Ciudad de M\u00e9xico ofrecer\u00e1 un concierto gratuito con temas y m\u00fasica...\" \/>\n<meta property=\"og:url\" content=\"https:\/\/quehacerpolitico.mx\/?p=121065\" \/>\n<meta property=\"article:published_time\" content=\"2025-12-12T00:39:26+00:00\" \/>\n<meta property=\"article:modified_time\" content=\"2025-12-12T00:39:30+00:00\" \/>\n<meta property=\"og:image\" content=\"http:\/\/quehacerpolitico.mx\/wp-content\/uploads\/2025\/12\/IMG_5628.jpeg\" \/>\n\t<meta property=\"og:image:width\" content=\"1200\" \/>\n\t<meta property=\"og:image:height\" content=\"800\" \/>\n\t<meta property=\"og:image:type\" content=\"image\/jpeg\" \/>\n<meta name=\"author\" content=\"Redacci\u00f3n QP\" \/>\n<meta name=\"twitter:card\" content=\"summary_large_image\" \/>\n<meta name=\"twitter:label1\" content=\"Escrito por\" \/>\n\t<meta name=\"twitter:data1\" content=\"Redacci\u00f3n QP\" \/>\n\t<meta name=\"twitter:label2\" content=\"Tiempo de lectura\" \/>\n\t<meta name=\"twitter:data2\" content=\"3 minutos\" \/>\n<script type=\"application\/ld+json\" class=\"yoast-schema-graph\">{\"@context\":\"https:\\\/\\\/schema.org\",\"@graph\":[{\"@type\":\"Article\",\"@id\":\"https:\\\/\\\/quehacerpolitico.mx\\\/?p=121065#article\",\"isPartOf\":{\"@id\":\"https:\\\/\\\/quehacerpolitico.mx\\\/?p=121065\"},\"author\":{\"name\":\"Redacci\u00f3n QP\",\"@id\":\"https:\\\/\\\/quehacerpolitico.mx\\\/#\\\/schema\\\/person\\\/496d8ad2d1d3f8036101dca7ee39e585\"},\"headline\":\"Navidad en la CDMX asiste a una serie de conciertos de manera gratuita\",\"datePublished\":\"2025-12-12T00:39:26+00:00\",\"dateModified\":\"2025-12-12T00:39:30+00:00\",\"mainEntityOfPage\":{\"@id\":\"https:\\\/\\\/quehacerpolitico.mx\\\/?p=121065\"},\"wordCount\":473,\"commentCount\":0,\"image\":{\"@id\":\"https:\\\/\\\/quehacerpolitico.mx\\\/?p=121065#primaryimage\"},\"thumbnailUrl\":\"https:\\\/\\\/quehacerpolitico.mx\\\/wp-content\\\/uploads\\\/2025\\\/12\\\/IMG_5628.jpeg\",\"articleSection\":[\"CDMX\",\"Cultura y Entretenimiento\"],\"inLanguage\":\"es\",\"potentialAction\":[{\"@type\":\"CommentAction\",\"name\":\"Comment\",\"target\":[\"https:\\\/\\\/quehacerpolitico.mx\\\/?p=121065#respond\"]}]},{\"@type\":\"WebPage\",\"@id\":\"https:\\\/\\\/quehacerpolitico.mx\\\/?p=121065\",\"url\":\"https:\\\/\\\/quehacerpolitico.mx\\\/?p=121065\",\"name\":\"Navidad en la CDMX asiste a una serie de conciertos de manera gratuita -\",\"isPartOf\":{\"@id\":\"https:\\\/\\\/quehacerpolitico.mx\\\/#website\"},\"primaryImageOfPage\":{\"@id\":\"https:\\\/\\\/quehacerpolitico.mx\\\/?p=121065#primaryimage\"},\"image\":{\"@id\":\"https:\\\/\\\/quehacerpolitico.mx\\\/?p=121065#primaryimage\"},\"thumbnailUrl\":\"https:\\\/\\\/quehacerpolitico.mx\\\/wp-content\\\/uploads\\\/2025\\\/12\\\/IMG_5628.jpeg\",\"datePublished\":\"2025-12-12T00:39:26+00:00\",\"dateModified\":\"2025-12-12T00:39:30+00:00\",\"author\":{\"@id\":\"https:\\\/\\\/quehacerpolitico.mx\\\/#\\\/schema\\\/person\\\/496d8ad2d1d3f8036101dca7ee39e585\"},\"breadcrumb\":{\"@id\":\"https:\\\/\\\/quehacerpolitico.mx\\\/?p=121065#breadcrumb\"},\"inLanguage\":\"es\",\"potentialAction\":[{\"@type\":\"ReadAction\",\"target\":[\"https:\\\/\\\/quehacerpolitico.mx\\\/?p=121065\"]}]},{\"@type\":\"ImageObject\",\"inLanguage\":\"es\",\"@id\":\"https:\\\/\\\/quehacerpolitico.mx\\\/?p=121065#primaryimage\",\"url\":\"https:\\\/\\\/quehacerpolitico.mx\\\/wp-content\\\/uploads\\\/2025\\\/12\\\/IMG_5628.jpeg\",\"contentUrl\":\"https:\\\/\\\/quehacerpolitico.mx\\\/wp-content\\\/uploads\\\/2025\\\/12\\\/IMG_5628.jpeg\",\"width\":1200,\"height\":800},{\"@type\":\"BreadcrumbList\",\"@id\":\"https:\\\/\\\/quehacerpolitico.mx\\\/?p=121065#breadcrumb\",\"itemListElement\":[{\"@type\":\"ListItem\",\"position\":1,\"name\":\"Inicio\",\"item\":\"https:\\\/\\\/quehacerpolitico.mx\\\/\"},{\"@type\":\"ListItem\",\"position\":2,\"name\":\"Navidad en la CDMX asiste a una serie de conciertos de manera gratuita\"}]},{\"@type\":\"WebSite\",\"@id\":\"https:\\\/\\\/quehacerpolitico.mx\\\/#website\",\"url\":\"https:\\\/\\\/quehacerpolitico.mx\\\/\",\"name\":\"\",\"description\":\"\",\"potentialAction\":[{\"@type\":\"SearchAction\",\"target\":{\"@type\":\"EntryPoint\",\"urlTemplate\":\"https:\\\/\\\/quehacerpolitico.mx\\\/?s={search_term_string}\"},\"query-input\":{\"@type\":\"PropertyValueSpecification\",\"valueRequired\":true,\"valueName\":\"search_term_string\"}}],\"inLanguage\":\"es\"},{\"@type\":\"Person\",\"@id\":\"https:\\\/\\\/quehacerpolitico.mx\\\/#\\\/schema\\\/person\\\/496d8ad2d1d3f8036101dca7ee39e585\",\"name\":\"Redacci\u00f3n QP\",\"image\":{\"@type\":\"ImageObject\",\"inLanguage\":\"es\",\"@id\":\"https:\\\/\\\/secure.gravatar.com\\\/avatar\\\/c7164ed6fdec453195284ad24a5ae5b6e1eed2b848477fa2a4787ba9adf39a41?s=96&d=mm&r=g\",\"url\":\"https:\\\/\\\/secure.gravatar.com\\\/avatar\\\/c7164ed6fdec453195284ad24a5ae5b6e1eed2b848477fa2a4787ba9adf39a41?s=96&d=mm&r=g\",\"contentUrl\":\"https:\\\/\\\/secure.gravatar.com\\\/avatar\\\/c7164ed6fdec453195284ad24a5ae5b6e1eed2b848477fa2a4787ba9adf39a41?s=96&d=mm&r=g\",\"caption\":\"Redacci\u00f3n QP\"},\"url\":\"https:\\\/\\\/quehacerpolitico.mx\\\/?author=2\"}]}<\/script>\n<!-- \/ Yoast SEO plugin. -->","yoast_head_json":{"title":"Navidad en la CDMX asiste a una serie de conciertos de manera gratuita -","robots":{"index":"index","follow":"follow","max-snippet":"max-snippet:-1","max-image-preview":"max-image-preview:large","max-video-preview":"max-video-preview:-1"},"canonical":"https:\/\/quehacerpolitico.mx\/?p=121065","og_locale":"es_MX","og_type":"article","og_title":"Navidad en la CDMX asiste a una serie de conciertos de manera gratuita -","og_description":"Por Redacci\u00f3n QP La Ciudad de M\u00e9xico ofrecer\u00e1 un concierto gratuito con temas y m\u00fasica...","og_url":"https:\/\/quehacerpolitico.mx\/?p=121065","article_published_time":"2025-12-12T00:39:26+00:00","article_modified_time":"2025-12-12T00:39:30+00:00","og_image":[{"width":1200,"height":800,"url":"http:\/\/quehacerpolitico.mx\/wp-content\/uploads\/2025\/12\/IMG_5628.jpeg","type":"image\/jpeg"}],"author":"Redacci\u00f3n QP","twitter_card":"summary_large_image","twitter_misc":{"Escrito por":"Redacci\u00f3n QP","Tiempo de lectura":"3 minutos"},"schema":{"@context":"https:\/\/schema.org","@graph":[{"@type":"Article","@id":"https:\/\/quehacerpolitico.mx\/?p=121065#article","isPartOf":{"@id":"https:\/\/quehacerpolitico.mx\/?p=121065"},"author":{"name":"Redacci\u00f3n QP","@id":"https:\/\/quehacerpolitico.mx\/#\/schema\/person\/496d8ad2d1d3f8036101dca7ee39e585"},"headline":"Navidad en la CDMX asiste a una serie de conciertos de manera gratuita","datePublished":"2025-12-12T00:39:26+00:00","dateModified":"2025-12-12T00:39:30+00:00","mainEntityOfPage":{"@id":"https:\/\/quehacerpolitico.mx\/?p=121065"},"wordCount":473,"commentCount":0,"image":{"@id":"https:\/\/quehacerpolitico.mx\/?p=121065#primaryimage"},"thumbnailUrl":"https:\/\/quehacerpolitico.mx\/wp-content\/uploads\/2025\/12\/IMG_5628.jpeg","articleSection":["CDMX","Cultura y Entretenimiento"],"inLanguage":"es","potentialAction":[{"@type":"CommentAction","name":"Comment","target":["https:\/\/quehacerpolitico.mx\/?p=121065#respond"]}]},{"@type":"WebPage","@id":"https:\/\/quehacerpolitico.mx\/?p=121065","url":"https:\/\/quehacerpolitico.mx\/?p=121065","name":"Navidad en la CDMX asiste a una serie de conciertos de manera gratuita -","isPartOf":{"@id":"https:\/\/quehacerpolitico.mx\/#website"},"primaryImageOfPage":{"@id":"https:\/\/quehacerpolitico.mx\/?p=121065#primaryimage"},"image":{"@id":"https:\/\/quehacerpolitico.mx\/?p=121065#primaryimage"},"thumbnailUrl":"https:\/\/quehacerpolitico.mx\/wp-content\/uploads\/2025\/12\/IMG_5628.jpeg","datePublished":"2025-12-12T00:39:26+00:00","dateModified":"2025-12-12T00:39:30+00:00","author":{"@id":"https:\/\/quehacerpolitico.mx\/#\/schema\/person\/496d8ad2d1d3f8036101dca7ee39e585"},"breadcrumb":{"@id":"https:\/\/quehacerpolitico.mx\/?p=121065#breadcrumb"},"inLanguage":"es","potentialAction":[{"@type":"ReadAction","target":["https:\/\/quehacerpolitico.mx\/?p=121065"]}]},{"@type":"ImageObject","inLanguage":"es","@id":"https:\/\/quehacerpolitico.mx\/?p=121065#primaryimage","url":"https:\/\/quehacerpolitico.mx\/wp-content\/uploads\/2025\/12\/IMG_5628.jpeg","contentUrl":"https:\/\/quehacerpolitico.mx\/wp-content\/uploads\/2025\/12\/IMG_5628.jpeg","width":1200,"height":800},{"@type":"BreadcrumbList","@id":"https:\/\/quehacerpolitico.mx\/?p=121065#breadcrumb","itemListElement":[{"@type":"ListItem","position":1,"name":"Inicio","item":"https:\/\/quehacerpolitico.mx\/"},{"@type":"ListItem","position":2,"name":"Navidad en la CDMX asiste a una serie de conciertos de manera gratuita"}]},{"@type":"WebSite","@id":"https:\/\/quehacerpolitico.mx\/#website","url":"https:\/\/quehacerpolitico.mx\/","name":"","description":"","potentialAction":[{"@type":"SearchAction","target":{"@type":"EntryPoint","urlTemplate":"https:\/\/quehacerpolitico.mx\/?s={search_term_string}"},"query-input":{"@type":"PropertyValueSpecification","valueRequired":true,"valueName":"search_term_string"}}],"inLanguage":"es"},{"@type":"Person","@id":"https:\/\/quehacerpolitico.mx\/#\/schema\/person\/496d8ad2d1d3f8036101dca7ee39e585","name":"Redacci\u00f3n QP","image":{"@type":"ImageObject","inLanguage":"es","@id":"https:\/\/secure.gravatar.com\/avatar\/c7164ed6fdec453195284ad24a5ae5b6e1eed2b848477fa2a4787ba9adf39a41?s=96&d=mm&r=g","url":"https:\/\/secure.gravatar.com\/avatar\/c7164ed6fdec453195284ad24a5ae5b6e1eed2b848477fa2a4787ba9adf39a41?s=96&d=mm&r=g","contentUrl":"https:\/\/secure.gravatar.com\/avatar\/c7164ed6fdec453195284ad24a5ae5b6e1eed2b848477fa2a4787ba9adf39a41?s=96&d=mm&r=g","caption":"Redacci\u00f3n QP"},"url":"https:\/\/quehacerpolitico.mx\/?author=2"}]}},"featured_image_urls":{"full":["https:\/\/quehacerpolitico.mx\/wp-content\/uploads\/2025\/12\/IMG_5628.jpeg",1200,800,false],"thumbnail":["https:\/\/quehacerpolitico.mx\/wp-content\/uploads\/2025\/12\/IMG_5628-150x150.jpeg",150,150,true],"medium":["https:\/\/quehacerpolitico.mx\/wp-content\/uploads\/2025\/12\/IMG_5628-300x200.jpeg",300,200,true],"medium_large":["https:\/\/quehacerpolitico.mx\/wp-content\/uploads\/2025\/12\/IMG_5628-768x512.jpeg",640,427,true],"large":["https:\/\/quehacerpolitico.mx\/wp-content\/uploads\/2025\/12\/IMG_5628-1024x683.jpeg",640,427,true],"1536x1536":["https:\/\/quehacerpolitico.mx\/wp-content\/uploads\/2025\/12\/IMG_5628.jpeg",1200,800,false],"2048x2048":["https:\/\/quehacerpolitico.mx\/wp-content\/uploads\/2025\/12\/IMG_5628.jpeg",1200,800,false],"covernews-featured":["https:\/\/quehacerpolitico.mx\/wp-content\/uploads\/2025\/12\/IMG_5628-1024x683.jpeg",1024,683,true],"covernews-medium":["https:\/\/quehacerpolitico.mx\/wp-content\/uploads\/2025\/12\/IMG_5628-540x340.jpeg",540,340,true]},"author_info":{"display_name":"Redacci\u00f3n QP","author_link":"https:\/\/quehacerpolitico.mx\/?author=2"},"category_info":"<a href=\"https:\/\/quehacerpolitico.mx\/?cat=55\" rel=\"category\">CDMX<\/a> <a href=\"https:\/\/quehacerpolitico.mx\/?cat=58\" rel=\"category\">Cultura y Entretenimiento<\/a>","tag_info":"Cultura y Entretenimiento","comment_count":"0","_links":{"self":[{"href":"https:\/\/quehacerpolitico.mx\/index.php?rest_route=\/wp\/v2\/posts\/121065","targetHints":{"allow":["GET"]}}],"collection":[{"href":"https:\/\/quehacerpolitico.mx\/index.php?rest_route=\/wp\/v2\/posts"}],"about":[{"href":"https:\/\/quehacerpolitico.mx\/index.php?rest_route=\/wp\/v2\/types\/post"}],"author":[{"embeddable":true,"href":"https:\/\/quehacerpolitico.mx\/index.php?rest_route=\/wp\/v2\/users\/2"}],"replies":[{"embeddable":true,"href":"https:\/\/quehacerpolitico.mx\/index.php?rest_route=%2Fwp%2Fv2%2Fcomments&post=121065"}],"version-history":[{"count":1,"href":"https:\/\/quehacerpolitico.mx\/index.php?rest_route=\/wp\/v2\/posts\/121065\/revisions"}],"predecessor-version":[{"id":121067,"href":"https:\/\/quehacerpolitico.mx\/index.php?rest_route=\/wp\/v2\/posts\/121065\/revisions\/121067"}],"wp:featuredmedia":[{"embeddable":true,"href":"https:\/\/quehacerpolitico.mx\/index.php?rest_route=\/wp\/v2\/media\/121066"}],"wp:attachment":[{"href":"https:\/\/quehacerpolitico.mx\/index.php?rest_route=%2Fwp%2Fv2%2Fmedia&parent=121065"}],"wp:term":[{"taxonomy":"category","embeddable":true,"href":"https:\/\/quehacerpolitico.mx\/index.php?rest_route=%2Fwp%2Fv2%2Fcategories&post=121065"},{"taxonomy":"post_tag","embeddable":true,"href":"https:\/\/quehacerpolitico.mx\/index.php?rest_route=%2Fwp%2Fv2%2Ftags&post=121065"}],"curies":[{"name":"wp","href":"https:\/\/api.w.org\/{rel}","templated":true}]}}