{"id":121062,"date":"2025-12-11T15:02:14","date_gmt":"2025-12-11T21:02:14","guid":{"rendered":"https:\/\/quehacerpolitico.mx\/?p=121062"},"modified":"2025-12-11T15:02:20","modified_gmt":"2025-12-11T21:02:20","slug":"bad-bunny-tiene-su-primer-concierto-en-mexico-en-medio-de-fanaticos-con-orejas-de-rana-sombreros-y-atuendos-tropicales","status":"publish","type":"post","link":"https:\/\/quehacerpolitico.mx\/?p=121062","title":{"rendered":"Bad Bunny tiene su primer concierto en M\u00e9xico en medio de fan\u00e1ticos con orejas de rana, sombreros y atuendos tropicales"},"content":{"rendered":"\n<p>Por Redacci\u00f3n QP<\/p>\n\n\n\n<p>Con las ocho fechas completamente agotadas en el Estadio GNP Seguros, se estima que unas 520 mil personas asistan a cada una de ellas; la Canaco-Servytur prev\u00e9 una derrama de tres mil 200 millones de pesos<\/p>\n\n\n\n<p>Miles de fan\u00e1ticos mexicanos y extranjeros se dieron cita este mi\u00e9rcoles en la Ciudad de M\u00e9xico con orejas de rana, sombreros de paja, flores en el cabello y atuendos tropicales para celebrar el&nbsp;<strong>primero de ocho conciertos del puertorrique\u00f1o Bad Bunny&nbsp;<\/strong>en el&nbsp;<strong>Estadio GNP Seguros.<\/strong><\/p>\n\n\n\n<p>A la primera presentaci\u00f3n del cantante se a\u00f1adi\u00f3 la expectativa sobre qu\u00e9&nbsp;personajes aparecer\u00e1n en \u201c<strong>La Casita<\/strong>\u201d, el espacio donde el artista convive con invitados especiales.<\/p>\n\n\n\n<p>Desde primeras horas de la tarde, los alrededores del estadio se transformaron en un carnaval de texturas, colores y acentos.<\/p>\n\n\n\n<figure class=\"wp-block-embed is-type-video is-provider-youtube wp-block-embed-youtube wp-embed-aspect-16-9 wp-has-aspect-ratio\"><div class=\"wp-block-embed__wrapper\">\n<iframe loading=\"lazy\" title=\"Bad Bunny cierra el 2025 en M\u00e9xico concierto en vivo\" width=\"640\" height=\"360\" src=\"https:\/\/www.youtube.com\/embed\/-LClr1efOPk?feature=oembed\" frameborder=\"0\" allow=\"accelerometer; autoplay; clipboard-write; encrypted-media; gyroscope; picture-in-picture; web-share\" referrerpolicy=\"strict-origin-when-cross-origin\" allowfullscreen><\/iframe>\n<\/div><\/figure>\n\n\n\n<p>Turistas de m\u00e1s de 70 pa\u00edses se mezclaban con<strong>&nbsp;j\u00f3venes mexicanos<\/strong>provenientes de decenas de estados, todos en busca de vivir la primera de las ocho noches del \u201c<strong>Deb\u00ed tirar m\u00e1s fotos World Tour<\/strong>\u201d en el pa\u00eds.<\/p>\n\n\n\n<p>El ambiente estaba marcado por coronas de flores, orejas de rana \u2014convertidas ya en un talism\u00e1n entre los seguidores del cantante\u2014, camisas hawaianas y sombreros playeros que poblaban cada acceso.<\/p>\n\n\n\n<p>Para muchos, la emoci\u00f3n no estaba s\u00f3lo en escuchar la lista de \u00e9xitos del conejo malo, sino en descubrir qu\u00e9 artistas aparecer\u00edan en \u201c<strong>La Casita<\/strong>\u201d, el espacio del escenario donde&nbsp;comparte momentos con amigos, figuras&nbsp;del espect\u00e1culo y algunos fan\u00e1ticos que invita desde las gradas.<\/p>\n\n\n\n<figure class=\"wp-block-image\"><img decoding=\"async\" src=\"https:\/\/latinus.us\/u\/fotografias\/m\/2025\/12\/11\/f768x400-132798_176701_5050.jpg\" alt=\"\"\/><\/figure>\n\n\n\n<h2 class=\"wp-block-heading\">El atractivo de &#8220;La Casita&#8221;<\/h2>\n\n\n\n<p>\u201cEstamos esperando que traigan muchos invitados a &#8216;La Casita&#8217;. Hoy va a venir J Balvin, est\u00e1 firmado\u201d, se\u00f1alaron Diego y Ulises, dos fan\u00e1ticos capitalinos que aseguraron querer bailar \u201c120\u201d, una de las canciones m\u00e1s pedidas por el p\u00fablico joven.&nbsp;<\/p>\n\n\n\n<p>A la par, cientos de visitantes internacionales llenaban la explanada, cabe recordar que el int\u00e9rprete de &#8220;<strong>WELTiTA<\/strong>&#8221; no realiz\u00f3 ninguna presentaci\u00f3n en Estados Unidos debido a las redadas migratorias de Trump.&nbsp;<\/p>\n\n\n\n<p>Entre ellos, un grupo proveniente de Venezuela, pero residentes\u00a0en el pa\u00eds vecino,\u00a0relat\u00f3 la odisea que signific\u00f3 obtener sus entradas.<\/p>\n\n\n\n<figure class=\"wp-block-embed is-type-video is-provider-youtube wp-block-embed-youtube wp-embed-aspect-4-3 wp-has-aspect-ratio\"><div class=\"wp-block-embed__wrapper\">\n<iframe loading=\"lazy\" title=\"DtMF - Bad Bunny ( En Vivo M\u00e9xico)\" width=\"640\" height=\"480\" src=\"https:\/\/www.youtube.com\/embed\/WaZqGTfSGBg?feature=oembed\" frameborder=\"0\" allow=\"accelerometer; autoplay; clipboard-write; encrypted-media; gyroscope; picture-in-picture; web-share\" referrerpolicy=\"strict-origin-when-cross-origin\" allowfullscreen><\/iframe>\n<\/div><\/figure>\n\n\n\n<p>\u201cPagamos 300 d\u00f3lares cada uno, fue en reventa. Ahorita estamos esperando que nos llegue el \u00faltimo boleto\u201d, explicaron entre risas y algo de nervios Citlali y Amalia.&nbsp;<\/p>\n\n\n\n<p>Para ellas, escuchar \u201c<strong>NUEVAYoL<\/strong>\u201d era la meta emocional de la noche y tambi\u00e9n coincid\u00edan en el mismo deseo colectivo de ver a&nbsp;<strong>J Balvin en &#8220;La Casita&#8221;.<\/strong><\/p>\n\n\n\n<p>En otro punto, Andrea y Karen, amigas que se reencontraron en la Ciudad de M\u00e9xico para el concierto \u2014una desde Rosarito, al norte del pa\u00eds, y la otra residente en California, Estados Unidos\u2014 celebraban el esfuerzo que las llev\u00f3 hasta ah\u00ed.&nbsp;<\/p>\n\n\n\n<p>\u201cTrabaj\u00e9 muy duro como enfermera para llegar hasta ac\u00e1\u201d, cont\u00f3 Karen, quien confes\u00f3 que so\u00f1aba con escuchar &#8220;<strong>BOKeTE<\/strong>&#8220;, ambas esperaban de invitada a la cantante&nbsp;<strong>Julieta Venegas.<\/strong><\/p>\n\n\n\n<p>Marian y Aranza, quienes viajaron a Ciudad de M\u00e9xico desde el puerto de L\u00e1zaro C\u00e1rdenas, en el estado de Michoac\u00e1n, al oeste del pa\u00eds, se dijeron emocionadas tras conseguir boletos en la primera preventa tras siete meses de espera.&nbsp;<\/p>\n\n\n\n<p>Confiaron en que\u00a0<strong>Bad Bunny<\/strong>interpretar\u00eda algunas canciones exclusivas.<\/p>\n\n\n\n<figure class=\"wp-block-embed is-type-video is-provider-youtube wp-block-embed-youtube wp-embed-aspect-16-9 wp-has-aspect-ratio\"><div class=\"wp-block-embed__wrapper\">\n<iframe loading=\"lazy\" title=\"Bad Bunny, en M\u00e9xico\" width=\"640\" height=\"360\" src=\"https:\/\/www.youtube.com\/embed\/hdBvXk8y4lY?feature=oembed\" frameborder=\"0\" allow=\"accelerometer; autoplay; clipboard-write; encrypted-media; gyroscope; picture-in-picture; web-share\" referrerpolicy=\"strict-origin-when-cross-origin\" allowfullscreen><\/iframe>\n<\/div><\/figure>\n\n\n\n<p>\u201cAhorita, mi favorita es \u2018NUEVAYoL\u2019 \u201d, dijo una de ellas, mientras presum\u00edan sus accesorios que compraron por 300 pesos (unos 16 d\u00f3lares) para completar el atuendo tropical de la noche.&nbsp;<\/p>\n\n\n\n<p>\u201cEstamos felices, muy contentas, aunque creo que no vamos a aguantar el fr\u00edo\u201d, bromearon.&nbsp;<\/p>\n\n\n\n<h2 class=\"wp-block-heading\">La residencia en Ciudad de M\u00e9xico<\/h2>\n\n\n\n<p>La escena, m\u00e1s cercana a un&nbsp;<strong>festival multicultural<\/strong>&nbsp;que a un concierto, marc\u00f3 el arranque de una residencia que reunir\u00e1 a cientos de miles de personas y que convirti\u00f3 a la Ciudad, al menos por estas noches, en la capital latinoamericana del&nbsp;<strong>turismo musical<\/strong>bajo el s\u00edmbolo del Conejo Malo.&nbsp;<\/p>\n\n\n\n<p>Con el aforo de espectadores mexicanos y extranjeros de m\u00e1s de 70 pa\u00edses, iniciar\u00e1 una serie de&nbsp;<strong>conciertos de Bad Bunny<\/strong>, un fen\u00f3meno musical que combinar\u00e1 r\u00e9cords de venta de boletos, llegada de p\u00fablico extranjero y una derrama econ\u00f3mica millonaria para la ciudad.&nbsp;<\/p>\n\n\n\n<p>Las presentaciones se celebrar\u00e1n del 10 al 21 de diciembre, con fechas los d\u00edas 10, 11, 12, 15, 16, 19, 20 y 21, todas anunciadas como agotadas desde semanas antes del arranque de la gira latinoamericana, aunque, en redes sociales, se report\u00f3 que la promotora ha estado liberando pases para cada d\u00eda.&nbsp;<\/p>\n\n\n\n<p>De acuerdo con estimaciones de la&nbsp;<strong>C\u00e1mara Nacional de Comercio, Servicios y Turismo de la Ciudad de M\u00e9xico<\/strong>, los ocho conciertos de Bad Bunny en la capital dejar\u00e1n una derrama econ\u00f3mica superior a tres mil 200 millones de pesos (unos 177 millones de d\u00f3lares), impulsada sobre todo por la&nbsp;<strong>venta de boletos<\/strong>, el consumo de alimentos y bebidas y el aumento en la ocupaci\u00f3n hotelera en las zonas aleda\u00f1as al estadio.&nbsp;<\/p>\n\n\n\n<p>Las autoridades capitalinas calculan que entre 500 mil y 520 mil personas asistir\u00e1n a la serie de espect\u00e1culos, lo que supone llenar en varias ocasiones la<strong>capacidad del Estadio GNP<\/strong>&nbsp;y consolidar a la Ciudad de M\u00e9xico como uno de los mercados m\u00e1s importantes para las grandes giras musicales.&nbsp;<\/p>\n\n\n\n<p>La promotora Ocesa inform\u00f3 que a los conciertos acudir\u00e1n fans procedentes de 77 pa\u00edses, que han elegido la capital mexicana como destino para ver al artista puertorrique\u00f1o.<\/p>\n\n\n\n<p>Con informaci\u00f3n de EFE<\/p>\n","protected":false},"excerpt":{"rendered":"<p>Por Redacci\u00f3n QP Con las ocho fechas completamente agotadas en el Estadio GNP Seguros, se&#8230;<\/p>\n","protected":false},"author":2,"featured_media":121063,"comment_status":"open","ping_status":"open","sticky":false,"template":"","format":"standard","meta":{"_monsterinsights_skip_tracking":false,"_monsterinsights_sitenote_active":false,"_monsterinsights_sitenote_note":"","_monsterinsights_sitenote_category":0,"footnotes":""},"categories":[58],"tags":[],"class_list":["post-121062","post","type-post","status-publish","format-standard","has-post-thumbnail","hentry","category-cultura"],"yoast_head":"<!-- This site is optimized with the Yoast SEO plugin v27.3 - https:\/\/yoast.com\/product\/yoast-seo-wordpress\/ -->\n<title>Bad Bunny tiene su primer concierto en M\u00e9xico en medio de fan\u00e1ticos con orejas de rana, sombreros y atuendos tropicales -<\/title>\n<meta name=\"robots\" content=\"index, follow, max-snippet:-1, max-image-preview:large, max-video-preview:-1\" \/>\n<link rel=\"canonical\" href=\"https:\/\/quehacerpolitico.mx\/?p=121062\" \/>\n<meta property=\"og:locale\" content=\"es_MX\" \/>\n<meta property=\"og:type\" content=\"article\" \/>\n<meta property=\"og:title\" content=\"Bad Bunny tiene su primer concierto en M\u00e9xico en medio de fan\u00e1ticos con orejas de rana, sombreros y atuendos tropicales -\" \/>\n<meta property=\"og:description\" content=\"Por Redacci\u00f3n QP Con las ocho fechas completamente agotadas en el Estadio GNP Seguros, se...\" \/>\n<meta property=\"og:url\" content=\"https:\/\/quehacerpolitico.mx\/?p=121062\" \/>\n<meta property=\"article:published_time\" content=\"2025-12-11T21:02:14+00:00\" \/>\n<meta property=\"article:modified_time\" content=\"2025-12-11T21:02:20+00:00\" \/>\n<meta property=\"og:image\" content=\"http:\/\/quehacerpolitico.mx\/wp-content\/uploads\/2025\/12\/IMG_5623.webp\" \/>\n\t<meta property=\"og:image:width\" content=\"1280\" \/>\n\t<meta property=\"og:image:height\" content=\"720\" \/>\n\t<meta property=\"og:image:type\" content=\"image\/webp\" \/>\n<meta name=\"author\" content=\"Redacci\u00f3n QP\" \/>\n<meta name=\"twitter:card\" content=\"summary_large_image\" \/>\n<meta name=\"twitter:label1\" content=\"Escrito por\" \/>\n\t<meta name=\"twitter:data1\" content=\"Redacci\u00f3n QP\" \/>\n\t<meta name=\"twitter:label2\" content=\"Tiempo de lectura\" \/>\n\t<meta name=\"twitter:data2\" content=\"5 minutos\" \/>\n<script type=\"application\/ld+json\" class=\"yoast-schema-graph\">{\"@context\":\"https:\\\/\\\/schema.org\",\"@graph\":[{\"@type\":\"Article\",\"@id\":\"https:\\\/\\\/quehacerpolitico.mx\\\/?p=121062#article\",\"isPartOf\":{\"@id\":\"https:\\\/\\\/quehacerpolitico.mx\\\/?p=121062\"},\"author\":{\"name\":\"Redacci\u00f3n QP\",\"@id\":\"https:\\\/\\\/quehacerpolitico.mx\\\/#\\\/schema\\\/person\\\/496d8ad2d1d3f8036101dca7ee39e585\"},\"headline\":\"Bad Bunny tiene su primer concierto en M\u00e9xico en medio de fan\u00e1ticos con orejas de rana, sombreros y atuendos tropicales\",\"datePublished\":\"2025-12-11T21:02:14+00:00\",\"dateModified\":\"2025-12-11T21:02:20+00:00\",\"mainEntityOfPage\":{\"@id\":\"https:\\\/\\\/quehacerpolitico.mx\\\/?p=121062\"},\"wordCount\":971,\"commentCount\":0,\"image\":{\"@id\":\"https:\\\/\\\/quehacerpolitico.mx\\\/?p=121062#primaryimage\"},\"thumbnailUrl\":\"https:\\\/\\\/quehacerpolitico.mx\\\/wp-content\\\/uploads\\\/2025\\\/12\\\/IMG_5623.webp\",\"articleSection\":[\"Cultura y Entretenimiento\"],\"inLanguage\":\"es\",\"potentialAction\":[{\"@type\":\"CommentAction\",\"name\":\"Comment\",\"target\":[\"https:\\\/\\\/quehacerpolitico.mx\\\/?p=121062#respond\"]}]},{\"@type\":\"WebPage\",\"@id\":\"https:\\\/\\\/quehacerpolitico.mx\\\/?p=121062\",\"url\":\"https:\\\/\\\/quehacerpolitico.mx\\\/?p=121062\",\"name\":\"Bad Bunny tiene su primer concierto en M\u00e9xico en medio de fan\u00e1ticos con orejas de rana, sombreros y atuendos tropicales -\",\"isPartOf\":{\"@id\":\"https:\\\/\\\/quehacerpolitico.mx\\\/#website\"},\"primaryImageOfPage\":{\"@id\":\"https:\\\/\\\/quehacerpolitico.mx\\\/?p=121062#primaryimage\"},\"image\":{\"@id\":\"https:\\\/\\\/quehacerpolitico.mx\\\/?p=121062#primaryimage\"},\"thumbnailUrl\":\"https:\\\/\\\/quehacerpolitico.mx\\\/wp-content\\\/uploads\\\/2025\\\/12\\\/IMG_5623.webp\",\"datePublished\":\"2025-12-11T21:02:14+00:00\",\"dateModified\":\"2025-12-11T21:02:20+00:00\",\"author\":{\"@id\":\"https:\\\/\\\/quehacerpolitico.mx\\\/#\\\/schema\\\/person\\\/496d8ad2d1d3f8036101dca7ee39e585\"},\"breadcrumb\":{\"@id\":\"https:\\\/\\\/quehacerpolitico.mx\\\/?p=121062#breadcrumb\"},\"inLanguage\":\"es\",\"potentialAction\":[{\"@type\":\"ReadAction\",\"target\":[\"https:\\\/\\\/quehacerpolitico.mx\\\/?p=121062\"]}]},{\"@type\":\"ImageObject\",\"inLanguage\":\"es\",\"@id\":\"https:\\\/\\\/quehacerpolitico.mx\\\/?p=121062#primaryimage\",\"url\":\"https:\\\/\\\/quehacerpolitico.mx\\\/wp-content\\\/uploads\\\/2025\\\/12\\\/IMG_5623.webp\",\"contentUrl\":\"https:\\\/\\\/quehacerpolitico.mx\\\/wp-content\\\/uploads\\\/2025\\\/12\\\/IMG_5623.webp\",\"width\":1280,\"height\":720},{\"@type\":\"BreadcrumbList\",\"@id\":\"https:\\\/\\\/quehacerpolitico.mx\\\/?p=121062#breadcrumb\",\"itemListElement\":[{\"@type\":\"ListItem\",\"position\":1,\"name\":\"Inicio\",\"item\":\"https:\\\/\\\/quehacerpolitico.mx\\\/\"},{\"@type\":\"ListItem\",\"position\":2,\"name\":\"Bad Bunny tiene su primer concierto en M\u00e9xico en medio de fan\u00e1ticos con orejas de rana, sombreros y atuendos tropicales\"}]},{\"@type\":\"WebSite\",\"@id\":\"https:\\\/\\\/quehacerpolitico.mx\\\/#website\",\"url\":\"https:\\\/\\\/quehacerpolitico.mx\\\/\",\"name\":\"\",\"description\":\"\",\"potentialAction\":[{\"@type\":\"SearchAction\",\"target\":{\"@type\":\"EntryPoint\",\"urlTemplate\":\"https:\\\/\\\/quehacerpolitico.mx\\\/?s={search_term_string}\"},\"query-input\":{\"@type\":\"PropertyValueSpecification\",\"valueRequired\":true,\"valueName\":\"search_term_string\"}}],\"inLanguage\":\"es\"},{\"@type\":\"Person\",\"@id\":\"https:\\\/\\\/quehacerpolitico.mx\\\/#\\\/schema\\\/person\\\/496d8ad2d1d3f8036101dca7ee39e585\",\"name\":\"Redacci\u00f3n QP\",\"image\":{\"@type\":\"ImageObject\",\"inLanguage\":\"es\",\"@id\":\"https:\\\/\\\/secure.gravatar.com\\\/avatar\\\/c7164ed6fdec453195284ad24a5ae5b6e1eed2b848477fa2a4787ba9adf39a41?s=96&d=mm&r=g\",\"url\":\"https:\\\/\\\/secure.gravatar.com\\\/avatar\\\/c7164ed6fdec453195284ad24a5ae5b6e1eed2b848477fa2a4787ba9adf39a41?s=96&d=mm&r=g\",\"contentUrl\":\"https:\\\/\\\/secure.gravatar.com\\\/avatar\\\/c7164ed6fdec453195284ad24a5ae5b6e1eed2b848477fa2a4787ba9adf39a41?s=96&d=mm&r=g\",\"caption\":\"Redacci\u00f3n QP\"},\"url\":\"https:\\\/\\\/quehacerpolitico.mx\\\/?author=2\"}]}<\/script>\n<!-- \/ Yoast SEO plugin. -->","yoast_head_json":{"title":"Bad Bunny tiene su primer concierto en M\u00e9xico en medio de fan\u00e1ticos con orejas de rana, sombreros y atuendos tropicales -","robots":{"index":"index","follow":"follow","max-snippet":"max-snippet:-1","max-image-preview":"max-image-preview:large","max-video-preview":"max-video-preview:-1"},"canonical":"https:\/\/quehacerpolitico.mx\/?p=121062","og_locale":"es_MX","og_type":"article","og_title":"Bad Bunny tiene su primer concierto en M\u00e9xico en medio de fan\u00e1ticos con orejas de rana, sombreros y atuendos tropicales -","og_description":"Por Redacci\u00f3n QP Con las ocho fechas completamente agotadas en el Estadio GNP Seguros, se...","og_url":"https:\/\/quehacerpolitico.mx\/?p=121062","article_published_time":"2025-12-11T21:02:14+00:00","article_modified_time":"2025-12-11T21:02:20+00:00","og_image":[{"width":1280,"height":720,"url":"http:\/\/quehacerpolitico.mx\/wp-content\/uploads\/2025\/12\/IMG_5623.webp","type":"image\/webp"}],"author":"Redacci\u00f3n QP","twitter_card":"summary_large_image","twitter_misc":{"Escrito por":"Redacci\u00f3n QP","Tiempo de lectura":"5 minutos"},"schema":{"@context":"https:\/\/schema.org","@graph":[{"@type":"Article","@id":"https:\/\/quehacerpolitico.mx\/?p=121062#article","isPartOf":{"@id":"https:\/\/quehacerpolitico.mx\/?p=121062"},"author":{"name":"Redacci\u00f3n QP","@id":"https:\/\/quehacerpolitico.mx\/#\/schema\/person\/496d8ad2d1d3f8036101dca7ee39e585"},"headline":"Bad Bunny tiene su primer concierto en M\u00e9xico en medio de fan\u00e1ticos con orejas de rana, sombreros y atuendos tropicales","datePublished":"2025-12-11T21:02:14+00:00","dateModified":"2025-12-11T21:02:20+00:00","mainEntityOfPage":{"@id":"https:\/\/quehacerpolitico.mx\/?p=121062"},"wordCount":971,"commentCount":0,"image":{"@id":"https:\/\/quehacerpolitico.mx\/?p=121062#primaryimage"},"thumbnailUrl":"https:\/\/quehacerpolitico.mx\/wp-content\/uploads\/2025\/12\/IMG_5623.webp","articleSection":["Cultura y Entretenimiento"],"inLanguage":"es","potentialAction":[{"@type":"CommentAction","name":"Comment","target":["https:\/\/quehacerpolitico.mx\/?p=121062#respond"]}]},{"@type":"WebPage","@id":"https:\/\/quehacerpolitico.mx\/?p=121062","url":"https:\/\/quehacerpolitico.mx\/?p=121062","name":"Bad Bunny tiene su primer concierto en M\u00e9xico en medio de fan\u00e1ticos con orejas de rana, sombreros y atuendos tropicales -","isPartOf":{"@id":"https:\/\/quehacerpolitico.mx\/#website"},"primaryImageOfPage":{"@id":"https:\/\/quehacerpolitico.mx\/?p=121062#primaryimage"},"image":{"@id":"https:\/\/quehacerpolitico.mx\/?p=121062#primaryimage"},"thumbnailUrl":"https:\/\/quehacerpolitico.mx\/wp-content\/uploads\/2025\/12\/IMG_5623.webp","datePublished":"2025-12-11T21:02:14+00:00","dateModified":"2025-12-11T21:02:20+00:00","author":{"@id":"https:\/\/quehacerpolitico.mx\/#\/schema\/person\/496d8ad2d1d3f8036101dca7ee39e585"},"breadcrumb":{"@id":"https:\/\/quehacerpolitico.mx\/?p=121062#breadcrumb"},"inLanguage":"es","potentialAction":[{"@type":"ReadAction","target":["https:\/\/quehacerpolitico.mx\/?p=121062"]}]},{"@type":"ImageObject","inLanguage":"es","@id":"https:\/\/quehacerpolitico.mx\/?p=121062#primaryimage","url":"https:\/\/quehacerpolitico.mx\/wp-content\/uploads\/2025\/12\/IMG_5623.webp","contentUrl":"https:\/\/quehacerpolitico.mx\/wp-content\/uploads\/2025\/12\/IMG_5623.webp","width":1280,"height":720},{"@type":"BreadcrumbList","@id":"https:\/\/quehacerpolitico.mx\/?p=121062#breadcrumb","itemListElement":[{"@type":"ListItem","position":1,"name":"Inicio","item":"https:\/\/quehacerpolitico.mx\/"},{"@type":"ListItem","position":2,"name":"Bad Bunny tiene su primer concierto en M\u00e9xico en medio de fan\u00e1ticos con orejas de rana, sombreros y atuendos tropicales"}]},{"@type":"WebSite","@id":"https:\/\/quehacerpolitico.mx\/#website","url":"https:\/\/quehacerpolitico.mx\/","name":"","description":"","potentialAction":[{"@type":"SearchAction","target":{"@type":"EntryPoint","urlTemplate":"https:\/\/quehacerpolitico.mx\/?s={search_term_string}"},"query-input":{"@type":"PropertyValueSpecification","valueRequired":true,"valueName":"search_term_string"}}],"inLanguage":"es"},{"@type":"Person","@id":"https:\/\/quehacerpolitico.mx\/#\/schema\/person\/496d8ad2d1d3f8036101dca7ee39e585","name":"Redacci\u00f3n QP","image":{"@type":"ImageObject","inLanguage":"es","@id":"https:\/\/secure.gravatar.com\/avatar\/c7164ed6fdec453195284ad24a5ae5b6e1eed2b848477fa2a4787ba9adf39a41?s=96&d=mm&r=g","url":"https:\/\/secure.gravatar.com\/avatar\/c7164ed6fdec453195284ad24a5ae5b6e1eed2b848477fa2a4787ba9adf39a41?s=96&d=mm&r=g","contentUrl":"https:\/\/secure.gravatar.com\/avatar\/c7164ed6fdec453195284ad24a5ae5b6e1eed2b848477fa2a4787ba9adf39a41?s=96&d=mm&r=g","caption":"Redacci\u00f3n QP"},"url":"https:\/\/quehacerpolitico.mx\/?author=2"}]}},"featured_image_urls":{"full":["https:\/\/quehacerpolitico.mx\/wp-content\/uploads\/2025\/12\/IMG_5623.webp",1280,720,false],"thumbnail":["https:\/\/quehacerpolitico.mx\/wp-content\/uploads\/2025\/12\/IMG_5623-150x150.webp",150,150,true],"medium":["https:\/\/quehacerpolitico.mx\/wp-content\/uploads\/2025\/12\/IMG_5623-300x169.webp",300,169,true],"medium_large":["https:\/\/quehacerpolitico.mx\/wp-content\/uploads\/2025\/12\/IMG_5623-768x432.webp",640,360,true],"large":["https:\/\/quehacerpolitico.mx\/wp-content\/uploads\/2025\/12\/IMG_5623-1024x576.webp",640,360,true],"1536x1536":["https:\/\/quehacerpolitico.mx\/wp-content\/uploads\/2025\/12\/IMG_5623.webp",1280,720,false],"2048x2048":["https:\/\/quehacerpolitico.mx\/wp-content\/uploads\/2025\/12\/IMG_5623.webp",1280,720,false],"covernews-featured":["https:\/\/quehacerpolitico.mx\/wp-content\/uploads\/2025\/12\/IMG_5623-1024x576.webp",1024,576,true],"covernews-medium":["https:\/\/quehacerpolitico.mx\/wp-content\/uploads\/2025\/12\/IMG_5623-540x340.webp",540,340,true]},"author_info":{"display_name":"Redacci\u00f3n QP","author_link":"https:\/\/quehacerpolitico.mx\/?author=2"},"category_info":"<a href=\"https:\/\/quehacerpolitico.mx\/?cat=58\" rel=\"category\">Cultura y Entretenimiento<\/a>","tag_info":"Cultura y Entretenimiento","comment_count":"0","_links":{"self":[{"href":"https:\/\/quehacerpolitico.mx\/index.php?rest_route=\/wp\/v2\/posts\/121062","targetHints":{"allow":["GET"]}}],"collection":[{"href":"https:\/\/quehacerpolitico.mx\/index.php?rest_route=\/wp\/v2\/posts"}],"about":[{"href":"https:\/\/quehacerpolitico.mx\/index.php?rest_route=\/wp\/v2\/types\/post"}],"author":[{"embeddable":true,"href":"https:\/\/quehacerpolitico.mx\/index.php?rest_route=\/wp\/v2\/users\/2"}],"replies":[{"embeddable":true,"href":"https:\/\/quehacerpolitico.mx\/index.php?rest_route=%2Fwp%2Fv2%2Fcomments&post=121062"}],"version-history":[{"count":1,"href":"https:\/\/quehacerpolitico.mx\/index.php?rest_route=\/wp\/v2\/posts\/121062\/revisions"}],"predecessor-version":[{"id":121064,"href":"https:\/\/quehacerpolitico.mx\/index.php?rest_route=\/wp\/v2\/posts\/121062\/revisions\/121064"}],"wp:featuredmedia":[{"embeddable":true,"href":"https:\/\/quehacerpolitico.mx\/index.php?rest_route=\/wp\/v2\/media\/121063"}],"wp:attachment":[{"href":"https:\/\/quehacerpolitico.mx\/index.php?rest_route=%2Fwp%2Fv2%2Fmedia&parent=121062"}],"wp:term":[{"taxonomy":"category","embeddable":true,"href":"https:\/\/quehacerpolitico.mx\/index.php?rest_route=%2Fwp%2Fv2%2Fcategories&post=121062"},{"taxonomy":"post_tag","embeddable":true,"href":"https:\/\/quehacerpolitico.mx\/index.php?rest_route=%2Fwp%2Fv2%2Ftags&post=121062"}],"curies":[{"name":"wp","href":"https:\/\/api.w.org\/{rel}","templated":true}]}}