{"id":121057,"date":"2025-12-11T12:43:51","date_gmt":"2025-12-11T18:43:51","guid":{"rendered":"https:\/\/quehacerpolitico.mx\/?p=121057"},"modified":"2025-12-11T12:43:55","modified_gmt":"2025-12-11T18:43:55","slug":"precio-de-la-canasta-alimentaria-en-zonas-urbanas-aumenta-4-4-en-noviembre-es-superior-a-la-inflacion","status":"publish","type":"post","link":"https:\/\/quehacerpolitico.mx\/?p=121057","title":{"rendered":"Precio de la canasta alimentaria en zonas urbanas aumenta 4.4% en noviembre; es superior a la inflaci\u00f3n"},"content":{"rendered":"\n<p>Por Redacci\u00f3n QP<\/p>\n\n\n\n<p>De acuerdo con el reporte L\u00edneas de Pobreza, los mexicanos en las ciudades necesitan de 2 mil\u00a0462.71 pesos al mes para comida, mientras que en las \u00e1reas rurales deben de emplear mil 854.63<\/p>\n\n\n\n<p>El precio&nbsp;de la&nbsp;<strong>canasta alimentaria&nbsp;<\/strong>en M\u00e9xico creci\u00f3 3.1% en las zonas rurales, mientras que en las urbanas increment\u00f3 un 4.4% durante el mes de noviembre, de acuerdo con el reporte<strong>&nbsp;L\u00edneas de Pobreza<\/strong>&nbsp;del Instituto Nacional de Estad\u00edstica y Geograf\u00eda (Inegi).&nbsp;<\/p>\n\n\n\n<p>El dato en zonas urbanas super\u00f3 la\u00a0<strong>cifra de la inflaci\u00f3n<\/strong>\u00a0en el onceavo mes del 2025, que se aceler\u00f3 a 3.8%, mientras que en los medios\u00a0rurales se ubic\u00f3 por debajo, destac\u00f3 el reporte.<\/p>\n\n\n\n<p>Los productos que m\u00e1s se encarecieron en las ciudades fueron el\u00a0<strong>bistec<\/strong>\u00a0<strong>de<\/strong>\u00a0<strong>res<\/strong>(18.8%),<strong>\u00a0<\/strong>la\u00a0<strong>leche pasteurizada de vaca\u00a0<\/strong>(8.9%) y\u00a0<strong>alimentos y bebidas consumidas fuera del hogar<\/strong>\u00a0(7.6%).<\/p>\n\n\n\n<p>Por su parte, en las zonas rurales los que m\u00e1s aumentaron su valor fue el<strong>\u00a0bistec de res\u00a0<\/strong>(18.8%),\u00a0<strong>molida de res<\/strong>\u00a0(17.5%) y a<strong>limentos y bebidas consumidas fuera del hogar<\/strong>\u00a0(7.6%).<\/p>\n\n\n\n<p>En t\u00e9rminos nominales, el monto mensual que una persona necesita en las \u00e1reas rurales para satisfacer sus necesidades es de mil 854.63 al mes, 3.08% m\u00e1s que los mil 799.17 pesos que se necesitaban en noviembre de 2024, seg\u00fan datos de Coneval, organismo que se extingui\u00f3 en julio de este a\u00f1o y cuyas funciones asumi\u00f3 el Inegi.&nbsp;<\/p>\n\n\n\n<p>Asimismo, en las&nbsp;<strong>zonas urbanas<\/strong>&nbsp;las personas necesitan de 2 mil&nbsp;462.71 pesos para cubrir sus necesidades, cifra mayor que los 2 mil 359.1 que se necesitaban en noviembre de 2024.&nbsp;<\/p>\n\n\n\n<p>Cabe recordar que el pasado 18 de noviembre, la presidenta&nbsp;<strong>Claudia Sheinbaum<\/strong>&nbsp;firm\u00f3 con tiendas de autoservicio&nbsp;para mantener en 910 pesos el precio de&nbsp;24 productos&nbsp;de la canasta b\u00e1sica del paquete contra la inflaci\u00f3n y la carest\u00eda (Pacic). El Inegi contabiliza 50 productos como parte de la canasta&nbsp;alimentaria de los mexicanos.&nbsp;<\/p>\n\n\n\n<p>Por su parte, fuera de la canasta alimentaria, el Inegi se\u00f1al\u00f3 un incremento del&nbsp;6.9% en el valor de los productos de<strong>&nbsp;cuidado personal<\/strong>&nbsp;y del 6.2% en el&nbsp;<strong>transporte p\u00fablico<\/strong>&nbsp;en las partes rurales de M\u00e9xico.&nbsp;&nbsp;<\/p>\n\n\n\n<p>En las \u00e1reas urbanas, los productos de&nbsp;<strong>cuidado personal<\/strong>&nbsp;aumentaron un 7%, mientras que la&nbsp;<strong>educaci\u00f3n, cultura y recreaci\u00f3n<\/strong>&nbsp;aument\u00f3 5.7 en el mes de noviembre.&nbsp;<\/p>\n","protected":false},"excerpt":{"rendered":"<p>Por Redacci\u00f3n QP De acuerdo con el reporte L\u00edneas de Pobreza, los mexicanos en las&#8230;<\/p>\n","protected":false},"author":2,"featured_media":121058,"comment_status":"open","ping_status":"open","sticky":false,"template":"","format":"standard","meta":{"_monsterinsights_skip_tracking":false,"_monsterinsights_sitenote_active":false,"_monsterinsights_sitenote_note":"","_monsterinsights_sitenote_category":0,"footnotes":""},"categories":[56],"tags":[],"class_list":["post-121057","post","type-post","status-publish","format-standard","has-post-thumbnail","hentry","category-economia"],"yoast_head":"<!-- This site is optimized with the Yoast SEO plugin v27.3 - https:\/\/yoast.com\/product\/yoast-seo-wordpress\/ -->\n<title>Precio de la canasta alimentaria en zonas urbanas aumenta 4.4% en noviembre; es superior a la inflaci\u00f3n -<\/title>\n<meta name=\"robots\" content=\"index, follow, max-snippet:-1, max-image-preview:large, max-video-preview:-1\" \/>\n<link rel=\"canonical\" href=\"https:\/\/quehacerpolitico.mx\/?p=121057\" \/>\n<meta property=\"og:locale\" content=\"es_MX\" \/>\n<meta property=\"og:type\" content=\"article\" \/>\n<meta property=\"og:title\" content=\"Precio de la canasta alimentaria en zonas urbanas aumenta 4.4% en noviembre; es superior a la inflaci\u00f3n -\" \/>\n<meta property=\"og:description\" content=\"Por Redacci\u00f3n QP De acuerdo con el reporte L\u00edneas de Pobreza, los mexicanos en las...\" \/>\n<meta property=\"og:url\" content=\"https:\/\/quehacerpolitico.mx\/?p=121057\" \/>\n<meta property=\"article:published_time\" content=\"2025-12-11T18:43:51+00:00\" \/>\n<meta property=\"article:modified_time\" content=\"2025-12-11T18:43:55+00:00\" \/>\n<meta property=\"og:image\" content=\"http:\/\/quehacerpolitico.mx\/wp-content\/uploads\/2025\/12\/IMG_5622.jpeg\" \/>\n\t<meta property=\"og:image:width\" content=\"1200\" \/>\n\t<meta property=\"og:image:height\" content=\"675\" \/>\n\t<meta property=\"og:image:type\" content=\"image\/jpeg\" \/>\n<meta name=\"author\" content=\"Redacci\u00f3n QP\" \/>\n<meta name=\"twitter:card\" content=\"summary_large_image\" \/>\n<meta name=\"twitter:label1\" content=\"Escrito por\" \/>\n\t<meta name=\"twitter:data1\" content=\"Redacci\u00f3n QP\" \/>\n\t<meta name=\"twitter:label2\" content=\"Tiempo de lectura\" \/>\n\t<meta name=\"twitter:data2\" content=\"2 minutos\" \/>\n<script type=\"application\/ld+json\" class=\"yoast-schema-graph\">{\"@context\":\"https:\\\/\\\/schema.org\",\"@graph\":[{\"@type\":\"Article\",\"@id\":\"https:\\\/\\\/quehacerpolitico.mx\\\/?p=121057#article\",\"isPartOf\":{\"@id\":\"https:\\\/\\\/quehacerpolitico.mx\\\/?p=121057\"},\"author\":{\"name\":\"Redacci\u00f3n QP\",\"@id\":\"https:\\\/\\\/quehacerpolitico.mx\\\/#\\\/schema\\\/person\\\/496d8ad2d1d3f8036101dca7ee39e585\"},\"headline\":\"Precio de la canasta alimentaria en zonas urbanas aumenta 4.4% en noviembre; es superior a la inflaci\u00f3n\",\"datePublished\":\"2025-12-11T18:43:51+00:00\",\"dateModified\":\"2025-12-11T18:43:55+00:00\",\"mainEntityOfPage\":{\"@id\":\"https:\\\/\\\/quehacerpolitico.mx\\\/?p=121057\"},\"wordCount\":420,\"commentCount\":0,\"image\":{\"@id\":\"https:\\\/\\\/quehacerpolitico.mx\\\/?p=121057#primaryimage\"},\"thumbnailUrl\":\"https:\\\/\\\/quehacerpolitico.mx\\\/wp-content\\\/uploads\\\/2025\\\/12\\\/IMG_5622.jpeg\",\"articleSection\":[\"Econom\u00eda\"],\"inLanguage\":\"es\",\"potentialAction\":[{\"@type\":\"CommentAction\",\"name\":\"Comment\",\"target\":[\"https:\\\/\\\/quehacerpolitico.mx\\\/?p=121057#respond\"]}]},{\"@type\":\"WebPage\",\"@id\":\"https:\\\/\\\/quehacerpolitico.mx\\\/?p=121057\",\"url\":\"https:\\\/\\\/quehacerpolitico.mx\\\/?p=121057\",\"name\":\"Precio de la canasta alimentaria en zonas urbanas aumenta 4.4% en noviembre; es superior a la inflaci\u00f3n -\",\"isPartOf\":{\"@id\":\"https:\\\/\\\/quehacerpolitico.mx\\\/#website\"},\"primaryImageOfPage\":{\"@id\":\"https:\\\/\\\/quehacerpolitico.mx\\\/?p=121057#primaryimage\"},\"image\":{\"@id\":\"https:\\\/\\\/quehacerpolitico.mx\\\/?p=121057#primaryimage\"},\"thumbnailUrl\":\"https:\\\/\\\/quehacerpolitico.mx\\\/wp-content\\\/uploads\\\/2025\\\/12\\\/IMG_5622.jpeg\",\"datePublished\":\"2025-12-11T18:43:51+00:00\",\"dateModified\":\"2025-12-11T18:43:55+00:00\",\"author\":{\"@id\":\"https:\\\/\\\/quehacerpolitico.mx\\\/#\\\/schema\\\/person\\\/496d8ad2d1d3f8036101dca7ee39e585\"},\"breadcrumb\":{\"@id\":\"https:\\\/\\\/quehacerpolitico.mx\\\/?p=121057#breadcrumb\"},\"inLanguage\":\"es\",\"potentialAction\":[{\"@type\":\"ReadAction\",\"target\":[\"https:\\\/\\\/quehacerpolitico.mx\\\/?p=121057\"]}]},{\"@type\":\"ImageObject\",\"inLanguage\":\"es\",\"@id\":\"https:\\\/\\\/quehacerpolitico.mx\\\/?p=121057#primaryimage\",\"url\":\"https:\\\/\\\/quehacerpolitico.mx\\\/wp-content\\\/uploads\\\/2025\\\/12\\\/IMG_5622.jpeg\",\"contentUrl\":\"https:\\\/\\\/quehacerpolitico.mx\\\/wp-content\\\/uploads\\\/2025\\\/12\\\/IMG_5622.jpeg\",\"width\":1200,\"height\":675},{\"@type\":\"BreadcrumbList\",\"@id\":\"https:\\\/\\\/quehacerpolitico.mx\\\/?p=121057#breadcrumb\",\"itemListElement\":[{\"@type\":\"ListItem\",\"position\":1,\"name\":\"Inicio\",\"item\":\"https:\\\/\\\/quehacerpolitico.mx\\\/\"},{\"@type\":\"ListItem\",\"position\":2,\"name\":\"Precio de la canasta alimentaria en zonas urbanas aumenta 4.4% en noviembre; es superior a la inflaci\u00f3n\"}]},{\"@type\":\"WebSite\",\"@id\":\"https:\\\/\\\/quehacerpolitico.mx\\\/#website\",\"url\":\"https:\\\/\\\/quehacerpolitico.mx\\\/\",\"name\":\"\",\"description\":\"\",\"potentialAction\":[{\"@type\":\"SearchAction\",\"target\":{\"@type\":\"EntryPoint\",\"urlTemplate\":\"https:\\\/\\\/quehacerpolitico.mx\\\/?s={search_term_string}\"},\"query-input\":{\"@type\":\"PropertyValueSpecification\",\"valueRequired\":true,\"valueName\":\"search_term_string\"}}],\"inLanguage\":\"es\"},{\"@type\":\"Person\",\"@id\":\"https:\\\/\\\/quehacerpolitico.mx\\\/#\\\/schema\\\/person\\\/496d8ad2d1d3f8036101dca7ee39e585\",\"name\":\"Redacci\u00f3n QP\",\"image\":{\"@type\":\"ImageObject\",\"inLanguage\":\"es\",\"@id\":\"https:\\\/\\\/secure.gravatar.com\\\/avatar\\\/c7164ed6fdec453195284ad24a5ae5b6e1eed2b848477fa2a4787ba9adf39a41?s=96&d=mm&r=g\",\"url\":\"https:\\\/\\\/secure.gravatar.com\\\/avatar\\\/c7164ed6fdec453195284ad24a5ae5b6e1eed2b848477fa2a4787ba9adf39a41?s=96&d=mm&r=g\",\"contentUrl\":\"https:\\\/\\\/secure.gravatar.com\\\/avatar\\\/c7164ed6fdec453195284ad24a5ae5b6e1eed2b848477fa2a4787ba9adf39a41?s=96&d=mm&r=g\",\"caption\":\"Redacci\u00f3n QP\"},\"url\":\"https:\\\/\\\/quehacerpolitico.mx\\\/?author=2\"}]}<\/script>\n<!-- \/ Yoast SEO plugin. -->","yoast_head_json":{"title":"Precio de la canasta alimentaria en zonas urbanas aumenta 4.4% en noviembre; es superior a la inflaci\u00f3n -","robots":{"index":"index","follow":"follow","max-snippet":"max-snippet:-1","max-image-preview":"max-image-preview:large","max-video-preview":"max-video-preview:-1"},"canonical":"https:\/\/quehacerpolitico.mx\/?p=121057","og_locale":"es_MX","og_type":"article","og_title":"Precio de la canasta alimentaria en zonas urbanas aumenta 4.4% en noviembre; es superior a la inflaci\u00f3n -","og_description":"Por Redacci\u00f3n QP De acuerdo con el reporte L\u00edneas de Pobreza, los mexicanos en las...","og_url":"https:\/\/quehacerpolitico.mx\/?p=121057","article_published_time":"2025-12-11T18:43:51+00:00","article_modified_time":"2025-12-11T18:43:55+00:00","og_image":[{"width":1200,"height":675,"url":"http:\/\/quehacerpolitico.mx\/wp-content\/uploads\/2025\/12\/IMG_5622.jpeg","type":"image\/jpeg"}],"author":"Redacci\u00f3n QP","twitter_card":"summary_large_image","twitter_misc":{"Escrito por":"Redacci\u00f3n QP","Tiempo de lectura":"2 minutos"},"schema":{"@context":"https:\/\/schema.org","@graph":[{"@type":"Article","@id":"https:\/\/quehacerpolitico.mx\/?p=121057#article","isPartOf":{"@id":"https:\/\/quehacerpolitico.mx\/?p=121057"},"author":{"name":"Redacci\u00f3n QP","@id":"https:\/\/quehacerpolitico.mx\/#\/schema\/person\/496d8ad2d1d3f8036101dca7ee39e585"},"headline":"Precio de la canasta alimentaria en zonas urbanas aumenta 4.4% en noviembre; es superior a la inflaci\u00f3n","datePublished":"2025-12-11T18:43:51+00:00","dateModified":"2025-12-11T18:43:55+00:00","mainEntityOfPage":{"@id":"https:\/\/quehacerpolitico.mx\/?p=121057"},"wordCount":420,"commentCount":0,"image":{"@id":"https:\/\/quehacerpolitico.mx\/?p=121057#primaryimage"},"thumbnailUrl":"https:\/\/quehacerpolitico.mx\/wp-content\/uploads\/2025\/12\/IMG_5622.jpeg","articleSection":["Econom\u00eda"],"inLanguage":"es","potentialAction":[{"@type":"CommentAction","name":"Comment","target":["https:\/\/quehacerpolitico.mx\/?p=121057#respond"]}]},{"@type":"WebPage","@id":"https:\/\/quehacerpolitico.mx\/?p=121057","url":"https:\/\/quehacerpolitico.mx\/?p=121057","name":"Precio de la canasta alimentaria en zonas urbanas aumenta 4.4% en noviembre; es superior a la inflaci\u00f3n -","isPartOf":{"@id":"https:\/\/quehacerpolitico.mx\/#website"},"primaryImageOfPage":{"@id":"https:\/\/quehacerpolitico.mx\/?p=121057#primaryimage"},"image":{"@id":"https:\/\/quehacerpolitico.mx\/?p=121057#primaryimage"},"thumbnailUrl":"https:\/\/quehacerpolitico.mx\/wp-content\/uploads\/2025\/12\/IMG_5622.jpeg","datePublished":"2025-12-11T18:43:51+00:00","dateModified":"2025-12-11T18:43:55+00:00","author":{"@id":"https:\/\/quehacerpolitico.mx\/#\/schema\/person\/496d8ad2d1d3f8036101dca7ee39e585"},"breadcrumb":{"@id":"https:\/\/quehacerpolitico.mx\/?p=121057#breadcrumb"},"inLanguage":"es","potentialAction":[{"@type":"ReadAction","target":["https:\/\/quehacerpolitico.mx\/?p=121057"]}]},{"@type":"ImageObject","inLanguage":"es","@id":"https:\/\/quehacerpolitico.mx\/?p=121057#primaryimage","url":"https:\/\/quehacerpolitico.mx\/wp-content\/uploads\/2025\/12\/IMG_5622.jpeg","contentUrl":"https:\/\/quehacerpolitico.mx\/wp-content\/uploads\/2025\/12\/IMG_5622.jpeg","width":1200,"height":675},{"@type":"BreadcrumbList","@id":"https:\/\/quehacerpolitico.mx\/?p=121057#breadcrumb","itemListElement":[{"@type":"ListItem","position":1,"name":"Inicio","item":"https:\/\/quehacerpolitico.mx\/"},{"@type":"ListItem","position":2,"name":"Precio de la canasta alimentaria en zonas urbanas aumenta 4.4% en noviembre; es superior a la inflaci\u00f3n"}]},{"@type":"WebSite","@id":"https:\/\/quehacerpolitico.mx\/#website","url":"https:\/\/quehacerpolitico.mx\/","name":"","description":"","potentialAction":[{"@type":"SearchAction","target":{"@type":"EntryPoint","urlTemplate":"https:\/\/quehacerpolitico.mx\/?s={search_term_string}"},"query-input":{"@type":"PropertyValueSpecification","valueRequired":true,"valueName":"search_term_string"}}],"inLanguage":"es"},{"@type":"Person","@id":"https:\/\/quehacerpolitico.mx\/#\/schema\/person\/496d8ad2d1d3f8036101dca7ee39e585","name":"Redacci\u00f3n QP","image":{"@type":"ImageObject","inLanguage":"es","@id":"https:\/\/secure.gravatar.com\/avatar\/c7164ed6fdec453195284ad24a5ae5b6e1eed2b848477fa2a4787ba9adf39a41?s=96&d=mm&r=g","url":"https:\/\/secure.gravatar.com\/avatar\/c7164ed6fdec453195284ad24a5ae5b6e1eed2b848477fa2a4787ba9adf39a41?s=96&d=mm&r=g","contentUrl":"https:\/\/secure.gravatar.com\/avatar\/c7164ed6fdec453195284ad24a5ae5b6e1eed2b848477fa2a4787ba9adf39a41?s=96&d=mm&r=g","caption":"Redacci\u00f3n QP"},"url":"https:\/\/quehacerpolitico.mx\/?author=2"}]}},"featured_image_urls":{"full":["https:\/\/quehacerpolitico.mx\/wp-content\/uploads\/2025\/12\/IMG_5622.jpeg",1200,675,false],"thumbnail":["https:\/\/quehacerpolitico.mx\/wp-content\/uploads\/2025\/12\/IMG_5622-150x150.jpeg",150,150,true],"medium":["https:\/\/quehacerpolitico.mx\/wp-content\/uploads\/2025\/12\/IMG_5622-300x169.jpeg",300,169,true],"medium_large":["https:\/\/quehacerpolitico.mx\/wp-content\/uploads\/2025\/12\/IMG_5622-768x432.jpeg",640,360,true],"large":["https:\/\/quehacerpolitico.mx\/wp-content\/uploads\/2025\/12\/IMG_5622-1024x576.jpeg",640,360,true],"1536x1536":["https:\/\/quehacerpolitico.mx\/wp-content\/uploads\/2025\/12\/IMG_5622.jpeg",1200,675,false],"2048x2048":["https:\/\/quehacerpolitico.mx\/wp-content\/uploads\/2025\/12\/IMG_5622.jpeg",1200,675,false],"covernews-featured":["https:\/\/quehacerpolitico.mx\/wp-content\/uploads\/2025\/12\/IMG_5622-1024x576.jpeg",1024,576,true],"covernews-medium":["https:\/\/quehacerpolitico.mx\/wp-content\/uploads\/2025\/12\/IMG_5622-540x340.jpeg",540,340,true]},"author_info":{"display_name":"Redacci\u00f3n QP","author_link":"https:\/\/quehacerpolitico.mx\/?author=2"},"category_info":"<a href=\"https:\/\/quehacerpolitico.mx\/?cat=56\" rel=\"category\">Econom\u00eda<\/a>","tag_info":"Econom\u00eda","comment_count":"0","_links":{"self":[{"href":"https:\/\/quehacerpolitico.mx\/index.php?rest_route=\/wp\/v2\/posts\/121057","targetHints":{"allow":["GET"]}}],"collection":[{"href":"https:\/\/quehacerpolitico.mx\/index.php?rest_route=\/wp\/v2\/posts"}],"about":[{"href":"https:\/\/quehacerpolitico.mx\/index.php?rest_route=\/wp\/v2\/types\/post"}],"author":[{"embeddable":true,"href":"https:\/\/quehacerpolitico.mx\/index.php?rest_route=\/wp\/v2\/users\/2"}],"replies":[{"embeddable":true,"href":"https:\/\/quehacerpolitico.mx\/index.php?rest_route=%2Fwp%2Fv2%2Fcomments&post=121057"}],"version-history":[{"count":1,"href":"https:\/\/quehacerpolitico.mx\/index.php?rest_route=\/wp\/v2\/posts\/121057\/revisions"}],"predecessor-version":[{"id":121059,"href":"https:\/\/quehacerpolitico.mx\/index.php?rest_route=\/wp\/v2\/posts\/121057\/revisions\/121059"}],"wp:featuredmedia":[{"embeddable":true,"href":"https:\/\/quehacerpolitico.mx\/index.php?rest_route=\/wp\/v2\/media\/121058"}],"wp:attachment":[{"href":"https:\/\/quehacerpolitico.mx\/index.php?rest_route=%2Fwp%2Fv2%2Fmedia&parent=121057"}],"wp:term":[{"taxonomy":"category","embeddable":true,"href":"https:\/\/quehacerpolitico.mx\/index.php?rest_route=%2Fwp%2Fv2%2Fcategories&post=121057"},{"taxonomy":"post_tag","embeddable":true,"href":"https:\/\/quehacerpolitico.mx\/index.php?rest_route=%2Fwp%2Fv2%2Ftags&post=121057"}],"curies":[{"name":"wp","href":"https:\/\/api.w.org\/{rel}","templated":true}]}}