{"id":121049,"date":"2025-12-11T11:27:13","date_gmt":"2025-12-11T17:27:13","guid":{"rendered":"https:\/\/quehacerpolitico.mx\/?p=121049"},"modified":"2025-12-11T11:27:16","modified_gmt":"2025-12-11T17:27:16","slug":"el-quehacer-politico-a-traves-de-la-vision-iliana-berenice-duran-espinosa-cdmx-espera-hasta-13-millones-de-feligreses-por-el-dia-de-la-virgen-de-guadalupe","status":"publish","type":"post","link":"https:\/\/quehacerpolitico.mx\/?p=121049","title":{"rendered":"El Quehacer Pol\u00edtico a trav\u00e9s de la Visi\u00f3n\/\/\/Iliana Berenice Dur\u00e1n Espinosa\/\/\/CDMX espera hasta 13 millones de feligreses por el D\u00eda de la Virgen de Guadalupe"},"content":{"rendered":"\n<p>Por Iliana Berenice Dur\u00e1n Espinosa <\/p>\n\n\n\n<p>El operativo de seguridad para los visitantes inici\u00f3 el pasado 5 de diciembre y se extender\u00e1 hasta el pr\u00f3ximo 14 de diciembre<\/p>\n\n\n\n<p>El Gobierno de la Ciudad de M\u00e9xico espera a unos 13 millones de personas que visitar\u00e1n la Bas\u00edlica de la Virgen Guadalupe por la festividad del pr\u00f3ximo viernes y para velar la seguridad de los peregrinos, que se espera lleguen estos d\u00edas, se desplegar\u00e1 a m\u00e1s de 100 mil&nbsp;servidores p\u00fablicos, inform\u00f3 este martes la alcaldesa de la capital mexicana, Clara Brugada.<\/p>\n\n\n\n<p>El a\u00f1o pasado el Gobierno de la metr\u00f3poli registr\u00f3 una asistencia de 12,3 millones de peregrinos entre el 6 y el 12 de diciembre.<\/p>\n\n\n\n<p>En un comunicado, el gobierno de Ciudad de M\u00e9xico dio cuenta del &#8220;Operativo Bas\u00edlica&#8221;, integrado por unos 105 mil\u00a0servidores p\u00fablicos que &#8220;resguardar\u00e1n la integridad&#8221; de todos los peregrinos durante el D\u00eda de la Virgen de Guadalupe, que se celebra cada 12 de diciembre.<\/p>\n\n\n\n<p>El operativo de seguridad inici\u00f3 el pasado 5 de diciembre y se extender\u00e1 hasta el pr\u00f3ximo 14 de diciembre, periodo en el que se calcula que llegar\u00e1n a la ciudad unos 13 millones de fieles para honrar a la Virgen de Guadalupe.<\/p>\n\n\n\n<p>Adem\u00e1s, seg\u00fan explic\u00f3 Brugada, el Sistema de Transporte Colectivo Metro incrementar\u00e1 su n\u00famero de agentes en las tres principales estaciones del recinto de la Bas\u00edlica, donde habr\u00e1 una &#8220;amplia red&#8221; de brigadistas de Protecci\u00f3n Civil, miembros de la Secretar\u00eda de Salud federal y tres helipuertos, para la atenci\u00f3n &#8220;urgente e inmediata&#8221;.<\/p>\n\n\n\n<p>Destac\u00f3 que la llegada de los peregrinos a la capital genera un importante gasto, que en 2024 ascendi\u00f3 a 1.600 millones de pesos (unos 88 millones de d\u00f3lares) y se estima superarla este a\u00f1o.<\/p>\n\n\n\n<p>Ante las posibles molestias que esto pudiera ocasionar a los vecinos, la jefa del Gobierno capitalino realiz\u00f3 un llamado a la &#8220;paciencia y la comprensi\u00f3n&#8221; de los ciudadanos, a quienes anim\u00f3 a que &#8220;puedan apoyar a los peregrinos con hospitalidad y cari\u00f1o; con el calor y la solidaridad que distinguen a nuestra ciudad&#8221;.<\/p>\n\n\n\n<p>Por su parte, el secretario de Seguridad Ciudadana de la capital mexicana, Pablo V\u00e1zquez, detall\u00f3 que el operativo de seguridad incluir\u00e1 255 patrullas, 73 motocicletas, 15 gr\u00faas, dos drones, 13 ambulancias o cinco motoambulancias del Escuadr\u00f3n de Rescate y Urgencias M\u00e9dicas (ERUM).&nbsp;<\/p>\n\n\n\n<p>Con motivo de esta festividad, millones de feligreses viajan de todos los rincones de M\u00e9xico, de otros pa\u00edses de Am\u00e9rica e incluso de otros continentes hasta la Bas\u00edlica de Guadalupe, situada en la alcald\u00eda de Gustavo A. Madero, al noroeste de Ciudad de M\u00e9xico.&nbsp;<\/p>\n\n\n\n<p>La fe por la Virgen de Guadalupe surgi\u00f3 en M\u00e9xico el 12 de diciembre de 1531, cuando la leyenda dice que esta virgen morena se le apareci\u00f3 al ind\u00edgena Juan Diego, quien fue canonizado en 2002 por el papa Juan Pablo II, en el Cerro del Tepeyac, a cuyos pies se ubica actualmente la bas\u00edlica, en el norte de la capital.<\/p>\n\n\n\n<p>Con informaci\u00f3n de EFE<\/p>\n","protected":false},"excerpt":{"rendered":"<p>Por Iliana Berenice Dur\u00e1n Espinosa El operativo de seguridad para los visitantes inici\u00f3 el pasado&#8230;<\/p>\n","protected":false},"author":2,"featured_media":120870,"comment_status":"open","ping_status":"open","sticky":false,"template":"","format":"standard","meta":{"_monsterinsights_skip_tracking":false,"_monsterinsights_sitenote_active":false,"_monsterinsights_sitenote_note":"","_monsterinsights_sitenote_category":0,"footnotes":""},"categories":[55],"tags":[],"class_list":["post-121049","post","type-post","status-publish","format-standard","has-post-thumbnail","hentry","category-cdmx"],"yoast_head":"<!-- This site is optimized with the Yoast SEO plugin v27.3 - https:\/\/yoast.com\/product\/yoast-seo-wordpress\/ -->\n<title>El Quehacer Pol\u00edtico a trav\u00e9s de la Visi\u00f3n\/\/\/Iliana Berenice Dur\u00e1n Espinosa\/\/\/CDMX espera hasta 13 millones de feligreses por el D\u00eda de la Virgen de Guadalupe -<\/title>\n<meta name=\"robots\" content=\"index, follow, max-snippet:-1, max-image-preview:large, max-video-preview:-1\" \/>\n<link rel=\"canonical\" href=\"https:\/\/quehacerpolitico.mx\/?p=121049\" \/>\n<meta property=\"og:locale\" content=\"es_MX\" \/>\n<meta property=\"og:type\" content=\"article\" \/>\n<meta property=\"og:title\" content=\"El Quehacer Pol\u00edtico a trav\u00e9s de la Visi\u00f3n\/\/\/Iliana Berenice Dur\u00e1n Espinosa\/\/\/CDMX espera hasta 13 millones de feligreses por el D\u00eda de la Virgen de Guadalupe -\" \/>\n<meta property=\"og:description\" content=\"Por Iliana Berenice Dur\u00e1n Espinosa El operativo de seguridad para los visitantes inici\u00f3 el pasado...\" \/>\n<meta property=\"og:url\" content=\"https:\/\/quehacerpolitico.mx\/?p=121049\" \/>\n<meta property=\"article:published_time\" content=\"2025-12-11T17:27:13+00:00\" \/>\n<meta property=\"article:modified_time\" content=\"2025-12-11T17:27:16+00:00\" \/>\n<meta property=\"og:image\" content=\"http:\/\/quehacerpolitico.mx\/wp-content\/uploads\/2025\/12\/8caab22c-2905-483c-9055-d2edc5f67378.jpeg\" \/>\n\t<meta property=\"og:image:width\" content=\"963\" \/>\n\t<meta property=\"og:image:height\" content=\"493\" \/>\n\t<meta property=\"og:image:type\" content=\"image\/jpeg\" \/>\n<meta name=\"author\" content=\"Redacci\u00f3n QP\" \/>\n<meta name=\"twitter:card\" content=\"summary_large_image\" \/>\n<meta name=\"twitter:label1\" content=\"Escrito por\" \/>\n\t<meta name=\"twitter:data1\" content=\"Redacci\u00f3n QP\" \/>\n\t<meta name=\"twitter:label2\" content=\"Tiempo de lectura\" \/>\n\t<meta name=\"twitter:data2\" content=\"3 minutos\" \/>\n<script type=\"application\/ld+json\" class=\"yoast-schema-graph\">{\"@context\":\"https:\\\/\\\/schema.org\",\"@graph\":[{\"@type\":\"Article\",\"@id\":\"https:\\\/\\\/quehacerpolitico.mx\\\/?p=121049#article\",\"isPartOf\":{\"@id\":\"https:\\\/\\\/quehacerpolitico.mx\\\/?p=121049\"},\"author\":{\"name\":\"Redacci\u00f3n QP\",\"@id\":\"https:\\\/\\\/quehacerpolitico.mx\\\/#\\\/schema\\\/person\\\/496d8ad2d1d3f8036101dca7ee39e585\"},\"headline\":\"El Quehacer Pol\u00edtico a trav\u00e9s de la Visi\u00f3n\\\/\\\/\\\/Iliana Berenice Dur\u00e1n Espinosa\\\/\\\/\\\/CDMX espera hasta 13 millones de feligreses por el D\u00eda de la Virgen de Guadalupe\",\"datePublished\":\"2025-12-11T17:27:13+00:00\",\"dateModified\":\"2025-12-11T17:27:16+00:00\",\"mainEntityOfPage\":{\"@id\":\"https:\\\/\\\/quehacerpolitico.mx\\\/?p=121049\"},\"wordCount\":543,\"commentCount\":0,\"image\":{\"@id\":\"https:\\\/\\\/quehacerpolitico.mx\\\/?p=121049#primaryimage\"},\"thumbnailUrl\":\"https:\\\/\\\/quehacerpolitico.mx\\\/wp-content\\\/uploads\\\/2025\\\/12\\\/8caab22c-2905-483c-9055-d2edc5f67378.jpeg\",\"articleSection\":[\"CDMX\"],\"inLanguage\":\"es\",\"potentialAction\":[{\"@type\":\"CommentAction\",\"name\":\"Comment\",\"target\":[\"https:\\\/\\\/quehacerpolitico.mx\\\/?p=121049#respond\"]}]},{\"@type\":\"WebPage\",\"@id\":\"https:\\\/\\\/quehacerpolitico.mx\\\/?p=121049\",\"url\":\"https:\\\/\\\/quehacerpolitico.mx\\\/?p=121049\",\"name\":\"El Quehacer Pol\u00edtico a trav\u00e9s de la Visi\u00f3n\\\/\\\/\\\/Iliana Berenice Dur\u00e1n Espinosa\\\/\\\/\\\/CDMX espera hasta 13 millones de feligreses por el D\u00eda de la Virgen de Guadalupe -\",\"isPartOf\":{\"@id\":\"https:\\\/\\\/quehacerpolitico.mx\\\/#website\"},\"primaryImageOfPage\":{\"@id\":\"https:\\\/\\\/quehacerpolitico.mx\\\/?p=121049#primaryimage\"},\"image\":{\"@id\":\"https:\\\/\\\/quehacerpolitico.mx\\\/?p=121049#primaryimage\"},\"thumbnailUrl\":\"https:\\\/\\\/quehacerpolitico.mx\\\/wp-content\\\/uploads\\\/2025\\\/12\\\/8caab22c-2905-483c-9055-d2edc5f67378.jpeg\",\"datePublished\":\"2025-12-11T17:27:13+00:00\",\"dateModified\":\"2025-12-11T17:27:16+00:00\",\"author\":{\"@id\":\"https:\\\/\\\/quehacerpolitico.mx\\\/#\\\/schema\\\/person\\\/496d8ad2d1d3f8036101dca7ee39e585\"},\"breadcrumb\":{\"@id\":\"https:\\\/\\\/quehacerpolitico.mx\\\/?p=121049#breadcrumb\"},\"inLanguage\":\"es\",\"potentialAction\":[{\"@type\":\"ReadAction\",\"target\":[\"https:\\\/\\\/quehacerpolitico.mx\\\/?p=121049\"]}]},{\"@type\":\"ImageObject\",\"inLanguage\":\"es\",\"@id\":\"https:\\\/\\\/quehacerpolitico.mx\\\/?p=121049#primaryimage\",\"url\":\"https:\\\/\\\/quehacerpolitico.mx\\\/wp-content\\\/uploads\\\/2025\\\/12\\\/8caab22c-2905-483c-9055-d2edc5f67378.jpeg\",\"contentUrl\":\"https:\\\/\\\/quehacerpolitico.mx\\\/wp-content\\\/uploads\\\/2025\\\/12\\\/8caab22c-2905-483c-9055-d2edc5f67378.jpeg\",\"width\":963,\"height\":493},{\"@type\":\"BreadcrumbList\",\"@id\":\"https:\\\/\\\/quehacerpolitico.mx\\\/?p=121049#breadcrumb\",\"itemListElement\":[{\"@type\":\"ListItem\",\"position\":1,\"name\":\"Inicio\",\"item\":\"https:\\\/\\\/quehacerpolitico.mx\\\/\"},{\"@type\":\"ListItem\",\"position\":2,\"name\":\"El Quehacer Pol\u00edtico a trav\u00e9s de la Visi\u00f3n\\\/\\\/\\\/Iliana Berenice Dur\u00e1n Espinosa\\\/\\\/\\\/CDMX espera hasta 13 millones de feligreses por el D\u00eda de la Virgen de Guadalupe\"}]},{\"@type\":\"WebSite\",\"@id\":\"https:\\\/\\\/quehacerpolitico.mx\\\/#website\",\"url\":\"https:\\\/\\\/quehacerpolitico.mx\\\/\",\"name\":\"\",\"description\":\"\",\"potentialAction\":[{\"@type\":\"SearchAction\",\"target\":{\"@type\":\"EntryPoint\",\"urlTemplate\":\"https:\\\/\\\/quehacerpolitico.mx\\\/?s={search_term_string}\"},\"query-input\":{\"@type\":\"PropertyValueSpecification\",\"valueRequired\":true,\"valueName\":\"search_term_string\"}}],\"inLanguage\":\"es\"},{\"@type\":\"Person\",\"@id\":\"https:\\\/\\\/quehacerpolitico.mx\\\/#\\\/schema\\\/person\\\/496d8ad2d1d3f8036101dca7ee39e585\",\"name\":\"Redacci\u00f3n QP\",\"image\":{\"@type\":\"ImageObject\",\"inLanguage\":\"es\",\"@id\":\"https:\\\/\\\/secure.gravatar.com\\\/avatar\\\/c7164ed6fdec453195284ad24a5ae5b6e1eed2b848477fa2a4787ba9adf39a41?s=96&d=mm&r=g\",\"url\":\"https:\\\/\\\/secure.gravatar.com\\\/avatar\\\/c7164ed6fdec453195284ad24a5ae5b6e1eed2b848477fa2a4787ba9adf39a41?s=96&d=mm&r=g\",\"contentUrl\":\"https:\\\/\\\/secure.gravatar.com\\\/avatar\\\/c7164ed6fdec453195284ad24a5ae5b6e1eed2b848477fa2a4787ba9adf39a41?s=96&d=mm&r=g\",\"caption\":\"Redacci\u00f3n QP\"},\"url\":\"https:\\\/\\\/quehacerpolitico.mx\\\/?author=2\"}]}<\/script>\n<!-- \/ Yoast SEO plugin. -->","yoast_head_json":{"title":"El Quehacer Pol\u00edtico a trav\u00e9s de la Visi\u00f3n\/\/\/Iliana Berenice Dur\u00e1n Espinosa\/\/\/CDMX espera hasta 13 millones de feligreses por el D\u00eda de la Virgen de Guadalupe -","robots":{"index":"index","follow":"follow","max-snippet":"max-snippet:-1","max-image-preview":"max-image-preview:large","max-video-preview":"max-video-preview:-1"},"canonical":"https:\/\/quehacerpolitico.mx\/?p=121049","og_locale":"es_MX","og_type":"article","og_title":"El Quehacer Pol\u00edtico a trav\u00e9s de la Visi\u00f3n\/\/\/Iliana Berenice Dur\u00e1n Espinosa\/\/\/CDMX espera hasta 13 millones de feligreses por el D\u00eda de la Virgen de Guadalupe -","og_description":"Por Iliana Berenice Dur\u00e1n Espinosa El operativo de seguridad para los visitantes inici\u00f3 el pasado...","og_url":"https:\/\/quehacerpolitico.mx\/?p=121049","article_published_time":"2025-12-11T17:27:13+00:00","article_modified_time":"2025-12-11T17:27:16+00:00","og_image":[{"width":963,"height":493,"url":"http:\/\/quehacerpolitico.mx\/wp-content\/uploads\/2025\/12\/8caab22c-2905-483c-9055-d2edc5f67378.jpeg","type":"image\/jpeg"}],"author":"Redacci\u00f3n QP","twitter_card":"summary_large_image","twitter_misc":{"Escrito por":"Redacci\u00f3n QP","Tiempo de lectura":"3 minutos"},"schema":{"@context":"https:\/\/schema.org","@graph":[{"@type":"Article","@id":"https:\/\/quehacerpolitico.mx\/?p=121049#article","isPartOf":{"@id":"https:\/\/quehacerpolitico.mx\/?p=121049"},"author":{"name":"Redacci\u00f3n QP","@id":"https:\/\/quehacerpolitico.mx\/#\/schema\/person\/496d8ad2d1d3f8036101dca7ee39e585"},"headline":"El Quehacer Pol\u00edtico a trav\u00e9s de la Visi\u00f3n\/\/\/Iliana Berenice Dur\u00e1n Espinosa\/\/\/CDMX espera hasta 13 millones de feligreses por el D\u00eda de la Virgen de Guadalupe","datePublished":"2025-12-11T17:27:13+00:00","dateModified":"2025-12-11T17:27:16+00:00","mainEntityOfPage":{"@id":"https:\/\/quehacerpolitico.mx\/?p=121049"},"wordCount":543,"commentCount":0,"image":{"@id":"https:\/\/quehacerpolitico.mx\/?p=121049#primaryimage"},"thumbnailUrl":"https:\/\/quehacerpolitico.mx\/wp-content\/uploads\/2025\/12\/8caab22c-2905-483c-9055-d2edc5f67378.jpeg","articleSection":["CDMX"],"inLanguage":"es","potentialAction":[{"@type":"CommentAction","name":"Comment","target":["https:\/\/quehacerpolitico.mx\/?p=121049#respond"]}]},{"@type":"WebPage","@id":"https:\/\/quehacerpolitico.mx\/?p=121049","url":"https:\/\/quehacerpolitico.mx\/?p=121049","name":"El Quehacer Pol\u00edtico a trav\u00e9s de la Visi\u00f3n\/\/\/Iliana Berenice Dur\u00e1n Espinosa\/\/\/CDMX espera hasta 13 millones de feligreses por el D\u00eda de la Virgen de Guadalupe -","isPartOf":{"@id":"https:\/\/quehacerpolitico.mx\/#website"},"primaryImageOfPage":{"@id":"https:\/\/quehacerpolitico.mx\/?p=121049#primaryimage"},"image":{"@id":"https:\/\/quehacerpolitico.mx\/?p=121049#primaryimage"},"thumbnailUrl":"https:\/\/quehacerpolitico.mx\/wp-content\/uploads\/2025\/12\/8caab22c-2905-483c-9055-d2edc5f67378.jpeg","datePublished":"2025-12-11T17:27:13+00:00","dateModified":"2025-12-11T17:27:16+00:00","author":{"@id":"https:\/\/quehacerpolitico.mx\/#\/schema\/person\/496d8ad2d1d3f8036101dca7ee39e585"},"breadcrumb":{"@id":"https:\/\/quehacerpolitico.mx\/?p=121049#breadcrumb"},"inLanguage":"es","potentialAction":[{"@type":"ReadAction","target":["https:\/\/quehacerpolitico.mx\/?p=121049"]}]},{"@type":"ImageObject","inLanguage":"es","@id":"https:\/\/quehacerpolitico.mx\/?p=121049#primaryimage","url":"https:\/\/quehacerpolitico.mx\/wp-content\/uploads\/2025\/12\/8caab22c-2905-483c-9055-d2edc5f67378.jpeg","contentUrl":"https:\/\/quehacerpolitico.mx\/wp-content\/uploads\/2025\/12\/8caab22c-2905-483c-9055-d2edc5f67378.jpeg","width":963,"height":493},{"@type":"BreadcrumbList","@id":"https:\/\/quehacerpolitico.mx\/?p=121049#breadcrumb","itemListElement":[{"@type":"ListItem","position":1,"name":"Inicio","item":"https:\/\/quehacerpolitico.mx\/"},{"@type":"ListItem","position":2,"name":"El Quehacer Pol\u00edtico a trav\u00e9s de la Visi\u00f3n\/\/\/Iliana Berenice Dur\u00e1n Espinosa\/\/\/CDMX espera hasta 13 millones de feligreses por el D\u00eda de la Virgen de Guadalupe"}]},{"@type":"WebSite","@id":"https:\/\/quehacerpolitico.mx\/#website","url":"https:\/\/quehacerpolitico.mx\/","name":"","description":"","potentialAction":[{"@type":"SearchAction","target":{"@type":"EntryPoint","urlTemplate":"https:\/\/quehacerpolitico.mx\/?s={search_term_string}"},"query-input":{"@type":"PropertyValueSpecification","valueRequired":true,"valueName":"search_term_string"}}],"inLanguage":"es"},{"@type":"Person","@id":"https:\/\/quehacerpolitico.mx\/#\/schema\/person\/496d8ad2d1d3f8036101dca7ee39e585","name":"Redacci\u00f3n QP","image":{"@type":"ImageObject","inLanguage":"es","@id":"https:\/\/secure.gravatar.com\/avatar\/c7164ed6fdec453195284ad24a5ae5b6e1eed2b848477fa2a4787ba9adf39a41?s=96&d=mm&r=g","url":"https:\/\/secure.gravatar.com\/avatar\/c7164ed6fdec453195284ad24a5ae5b6e1eed2b848477fa2a4787ba9adf39a41?s=96&d=mm&r=g","contentUrl":"https:\/\/secure.gravatar.com\/avatar\/c7164ed6fdec453195284ad24a5ae5b6e1eed2b848477fa2a4787ba9adf39a41?s=96&d=mm&r=g","caption":"Redacci\u00f3n QP"},"url":"https:\/\/quehacerpolitico.mx\/?author=2"}]}},"featured_image_urls":{"full":["https:\/\/quehacerpolitico.mx\/wp-content\/uploads\/2025\/12\/8caab22c-2905-483c-9055-d2edc5f67378.jpeg",963,493,false],"thumbnail":["https:\/\/quehacerpolitico.mx\/wp-content\/uploads\/2025\/12\/8caab22c-2905-483c-9055-d2edc5f67378-150x150.jpeg",150,150,true],"medium":["https:\/\/quehacerpolitico.mx\/wp-content\/uploads\/2025\/12\/8caab22c-2905-483c-9055-d2edc5f67378-300x154.jpeg",300,154,true],"medium_large":["https:\/\/quehacerpolitico.mx\/wp-content\/uploads\/2025\/12\/8caab22c-2905-483c-9055-d2edc5f67378-768x393.jpeg",640,328,true],"large":["https:\/\/quehacerpolitico.mx\/wp-content\/uploads\/2025\/12\/8caab22c-2905-483c-9055-d2edc5f67378.jpeg",640,328,false],"1536x1536":["https:\/\/quehacerpolitico.mx\/wp-content\/uploads\/2025\/12\/8caab22c-2905-483c-9055-d2edc5f67378.jpeg",963,493,false],"2048x2048":["https:\/\/quehacerpolitico.mx\/wp-content\/uploads\/2025\/12\/8caab22c-2905-483c-9055-d2edc5f67378.jpeg",963,493,false],"covernews-featured":["https:\/\/quehacerpolitico.mx\/wp-content\/uploads\/2025\/12\/8caab22c-2905-483c-9055-d2edc5f67378.jpeg",963,493,false],"covernews-medium":["https:\/\/quehacerpolitico.mx\/wp-content\/uploads\/2025\/12\/8caab22c-2905-483c-9055-d2edc5f67378-540x340.jpeg",540,340,true]},"author_info":{"display_name":"Redacci\u00f3n QP","author_link":"https:\/\/quehacerpolitico.mx\/?author=2"},"category_info":"<a href=\"https:\/\/quehacerpolitico.mx\/?cat=55\" rel=\"category\">CDMX<\/a>","tag_info":"CDMX","comment_count":"0","_links":{"self":[{"href":"https:\/\/quehacerpolitico.mx\/index.php?rest_route=\/wp\/v2\/posts\/121049","targetHints":{"allow":["GET"]}}],"collection":[{"href":"https:\/\/quehacerpolitico.mx\/index.php?rest_route=\/wp\/v2\/posts"}],"about":[{"href":"https:\/\/quehacerpolitico.mx\/index.php?rest_route=\/wp\/v2\/types\/post"}],"author":[{"embeddable":true,"href":"https:\/\/quehacerpolitico.mx\/index.php?rest_route=\/wp\/v2\/users\/2"}],"replies":[{"embeddable":true,"href":"https:\/\/quehacerpolitico.mx\/index.php?rest_route=%2Fwp%2Fv2%2Fcomments&post=121049"}],"version-history":[{"count":1,"href":"https:\/\/quehacerpolitico.mx\/index.php?rest_route=\/wp\/v2\/posts\/121049\/revisions"}],"predecessor-version":[{"id":121050,"href":"https:\/\/quehacerpolitico.mx\/index.php?rest_route=\/wp\/v2\/posts\/121049\/revisions\/121050"}],"wp:featuredmedia":[{"embeddable":true,"href":"https:\/\/quehacerpolitico.mx\/index.php?rest_route=\/wp\/v2\/media\/120870"}],"wp:attachment":[{"href":"https:\/\/quehacerpolitico.mx\/index.php?rest_route=%2Fwp%2Fv2%2Fmedia&parent=121049"}],"wp:term":[{"taxonomy":"category","embeddable":true,"href":"https:\/\/quehacerpolitico.mx\/index.php?rest_route=%2Fwp%2Fv2%2Fcategories&post=121049"},{"taxonomy":"post_tag","embeddable":true,"href":"https:\/\/quehacerpolitico.mx\/index.php?rest_route=%2Fwp%2Fv2%2Ftags&post=121049"}],"curies":[{"name":"wp","href":"https:\/\/api.w.org\/{rel}","templated":true}]}}