{"id":121038,"date":"2025-12-10T20:52:54","date_gmt":"2025-12-11T02:52:54","guid":{"rendered":"https:\/\/quehacerpolitico.mx\/?p=121038"},"modified":"2025-12-10T20:52:57","modified_gmt":"2025-12-11T02:52:57","slug":"presidenta-de-la-cndh-huye-de-la-prensa-al-ser-cuestionada-por-las-agresiones-de-policias-a-manifestantes-de-la-marcha-de-la-generacion-z","status":"publish","type":"post","link":"https:\/\/quehacerpolitico.mx\/?p=121038","title":{"rendered":"Presidenta de la CNDH huye de la prensa al ser cuestionada por las agresiones de polic\u00edas a manifestantes de la marcha de la &#8220;Generaci\u00f3n Z&#8221;"},"content":{"rendered":"\n<p>Por Redacci\u00f3n QP<\/p>\n\n\n\n<p>Rosario Piedra Ibarra fue cuestionada por medios de comunicaci\u00f3n sobre el tema al finalizar un evento al que fue invitada<\/p>\n\n\n\n<p>La presidenta de la CNDH,&nbsp;<strong>Rosario Piedra Ibarra<\/strong>, evit\u00f3 responder a la prensa cuando se le pregunt\u00f3 sobre la falta de pronunciamiento de ese organismo ante diversos hechos de violencia en el pa\u00eds y la marcha del&nbsp;<strong>15 de noviembre<\/strong>, cuando polic\u00edas de la Ciudad de M\u00e9xico agredieron a ciudadanos.<\/p>\n\n\n\n<figure class=\"wp-block-embed is-type-rich is-provider-twitter wp-block-embed-twitter\"><div class=\"wp-block-embed__wrapper\">\n<blockquote class=\"twitter-tweet\" data-width=\"550\" data-dnt=\"true\"><p lang=\"es\" dir=\"ltr\">\ud83d\udea8La presidenta de la CNDH, Rosario Piedra, estuvo de visita en el Senado y fue cuestionada por la violencia en el pa\u00eds y lo ocurrido en el Z\u00f3calo durante la marcha del 15 de noviembre, pero no respondi\u00f3. <br><br>Sara Pablo v\u00eda <a href=\"https:\/\/twitter.com\/Radio_Formula?ref_src=twsrc%5Etfw\">@Radio_Formula<\/a>. <br> <a href=\"https:\/\/t.co\/grZ5JplUjI\">pic.twitter.com\/grZ5JplUjI<\/a><\/p>&mdash; Azucena Uresti (@azucenau) <a href=\"https:\/\/twitter.com\/azucenau\/status\/1998914206142443820?ref_src=twsrc%5Etfw\">December 11, 2025<\/a><\/blockquote><script async src=\"https:\/\/platform.twitter.com\/widgets.js\" charset=\"utf-8\"><\/script>\n<\/div><\/figure>\n\n\n\n<p>Piedra Ibarra asisti\u00f3 este mi\u00e9rcoles a una exposici\u00f3n sobre derechos de la infancia, organizada por la&nbsp;<strong>Comisi\u00f3n de Derechos<\/strong>&nbsp;Humanos del Senado de la Rep\u00fablica.<\/p>\n\n\n\n<p>En ese evento denominado \u201c<strong>Mi derecho humano favorito<\/strong>\u201d, se mostraron diversos dibujos elaborados por<strong>&nbsp;ni\u00f1as&nbsp;<\/strong>y<strong>ni\u00f1os<\/strong>&nbsp;donde expresaron la necesidad de tener acceso a la salud, educaci\u00f3n, seguridad y protecci\u00f3n.<\/p>\n\n\n\n<p>Al t\u00e9rmino del evento,&nbsp;<strong>periodistas<\/strong>&nbsp;se acercaron a la presidenta de la CNDH para preguntarle sobre la ausencia de ese organismo ante episodios de violencia en el pa\u00eds, y ante la marcha del&nbsp;<strong>15N<\/strong>&nbsp;donde ciudadanos fueron agredidos por&nbsp;<strong>polic\u00edas&nbsp;<\/strong>de la&nbsp;<strong>Ciudad de M\u00e9xico<\/strong>.<\/p>\n\n\n\n<p>Luego del cuestionamiento, la funcionaria camin\u00f3 por los pasillos del&nbsp;<strong>Senado&nbsp;<\/strong>para encontrar una salida, mientras los reporteros ped\u00edan una declaraci\u00f3n suya, pero Rosario Piedra evit\u00f3 en todo momento responder a pregunta alguna.&nbsp;<\/p>\n\n\n\n<p>La titular de la CNDH era resguardada por un par de personas, que ped\u00edan a los reporteros permitir que la funcionaria abandonara las instalaciones.&nbsp;<\/p>\n\n\n\n<p>Rosario Piedra estuvo acompa\u00f1ada en este evento por el subsecretario de Derechos Humanos de la&nbsp;<strong>Secretar\u00eda de Gobernaci\u00f3n<\/strong>,&nbsp;<strong>Arturo Medina<\/strong>, la presidenta de la&nbsp;<strong>Comisi\u00f3n de Derechos Humanos<\/strong>&nbsp;del Senado, Reyna Celeste Ascencio.<\/p>\n","protected":false},"excerpt":{"rendered":"<p>Por Redacci\u00f3n QP Rosario Piedra Ibarra fue cuestionada por medios de comunicaci\u00f3n sobre el tema&#8230;<\/p>\n","protected":false},"author":2,"featured_media":121039,"comment_status":"open","ping_status":"open","sticky":false,"template":"","format":"standard","meta":{"_monsterinsights_skip_tracking":false,"_monsterinsights_sitenote_active":false,"_monsterinsights_sitenote_note":"","_monsterinsights_sitenote_category":0,"footnotes":""},"categories":[280,2],"tags":[],"class_list":["post-121038","post","type-post","status-publish","format-standard","has-post-thumbnail","hentry","category-nacionales","category-noticias"],"yoast_head":"<!-- This site is optimized with the Yoast SEO plugin v27.3 - https:\/\/yoast.com\/product\/yoast-seo-wordpress\/ -->\n<title>Presidenta de la CNDH huye de la prensa al ser cuestionada por las agresiones de polic\u00edas a manifestantes de la marcha de la &quot;Generaci\u00f3n Z&quot; -<\/title>\n<meta name=\"robots\" content=\"index, follow, max-snippet:-1, max-image-preview:large, max-video-preview:-1\" \/>\n<link rel=\"canonical\" href=\"https:\/\/quehacerpolitico.mx\/?p=121038\" \/>\n<meta property=\"og:locale\" content=\"es_MX\" \/>\n<meta property=\"og:type\" content=\"article\" \/>\n<meta property=\"og:title\" content=\"Presidenta de la CNDH huye de la prensa al ser cuestionada por las agresiones de polic\u00edas a manifestantes de la marcha de la &quot;Generaci\u00f3n Z&quot; -\" \/>\n<meta property=\"og:description\" content=\"Por Redacci\u00f3n QP Rosario Piedra Ibarra fue cuestionada por medios de comunicaci\u00f3n sobre el tema...\" \/>\n<meta property=\"og:url\" content=\"https:\/\/quehacerpolitico.mx\/?p=121038\" \/>\n<meta property=\"article:published_time\" content=\"2025-12-11T02:52:54+00:00\" \/>\n<meta property=\"article:modified_time\" content=\"2025-12-11T02:52:57+00:00\" \/>\n<meta property=\"og:image\" content=\"http:\/\/quehacerpolitico.mx\/wp-content\/uploads\/2025\/12\/IMG_5612.jpeg\" \/>\n\t<meta property=\"og:image:width\" content=\"1170\" \/>\n\t<meta property=\"og:image:height\" content=\"643\" \/>\n\t<meta property=\"og:image:type\" content=\"image\/jpeg\" \/>\n<meta name=\"author\" content=\"Redacci\u00f3n QP\" \/>\n<meta name=\"twitter:card\" content=\"summary_large_image\" \/>\n<meta name=\"twitter:label1\" content=\"Escrito por\" \/>\n\t<meta name=\"twitter:data1\" content=\"Redacci\u00f3n QP\" \/>\n\t<meta name=\"twitter:label2\" content=\"Tiempo de lectura\" \/>\n\t<meta name=\"twitter:data2\" content=\"2 minutos\" \/>\n<script type=\"application\/ld+json\" class=\"yoast-schema-graph\">{\"@context\":\"https:\\\/\\\/schema.org\",\"@graph\":[{\"@type\":\"Article\",\"@id\":\"https:\\\/\\\/quehacerpolitico.mx\\\/?p=121038#article\",\"isPartOf\":{\"@id\":\"https:\\\/\\\/quehacerpolitico.mx\\\/?p=121038\"},\"author\":{\"name\":\"Redacci\u00f3n QP\",\"@id\":\"https:\\\/\\\/quehacerpolitico.mx\\\/#\\\/schema\\\/person\\\/496d8ad2d1d3f8036101dca7ee39e585\"},\"headline\":\"Presidenta de la CNDH huye de la prensa al ser cuestionada por las agresiones de polic\u00edas a manifestantes de la marcha de la &#8220;Generaci\u00f3n Z&#8221;\",\"datePublished\":\"2025-12-11T02:52:54+00:00\",\"dateModified\":\"2025-12-11T02:52:57+00:00\",\"mainEntityOfPage\":{\"@id\":\"https:\\\/\\\/quehacerpolitico.mx\\\/?p=121038\"},\"wordCount\":341,\"commentCount\":0,\"image\":{\"@id\":\"https:\\\/\\\/quehacerpolitico.mx\\\/?p=121038#primaryimage\"},\"thumbnailUrl\":\"https:\\\/\\\/quehacerpolitico.mx\\\/wp-content\\\/uploads\\\/2025\\\/12\\\/IMG_5612.jpeg\",\"articleSection\":[\"Nacionales\",\"Noticias\"],\"inLanguage\":\"es\",\"potentialAction\":[{\"@type\":\"CommentAction\",\"name\":\"Comment\",\"target\":[\"https:\\\/\\\/quehacerpolitico.mx\\\/?p=121038#respond\"]}]},{\"@type\":\"WebPage\",\"@id\":\"https:\\\/\\\/quehacerpolitico.mx\\\/?p=121038\",\"url\":\"https:\\\/\\\/quehacerpolitico.mx\\\/?p=121038\",\"name\":\"Presidenta de la CNDH huye de la prensa al ser cuestionada por las agresiones de polic\u00edas a manifestantes de la marcha de la \\\"Generaci\u00f3n Z\\\" -\",\"isPartOf\":{\"@id\":\"https:\\\/\\\/quehacerpolitico.mx\\\/#website\"},\"primaryImageOfPage\":{\"@id\":\"https:\\\/\\\/quehacerpolitico.mx\\\/?p=121038#primaryimage\"},\"image\":{\"@id\":\"https:\\\/\\\/quehacerpolitico.mx\\\/?p=121038#primaryimage\"},\"thumbnailUrl\":\"https:\\\/\\\/quehacerpolitico.mx\\\/wp-content\\\/uploads\\\/2025\\\/12\\\/IMG_5612.jpeg\",\"datePublished\":\"2025-12-11T02:52:54+00:00\",\"dateModified\":\"2025-12-11T02:52:57+00:00\",\"author\":{\"@id\":\"https:\\\/\\\/quehacerpolitico.mx\\\/#\\\/schema\\\/person\\\/496d8ad2d1d3f8036101dca7ee39e585\"},\"breadcrumb\":{\"@id\":\"https:\\\/\\\/quehacerpolitico.mx\\\/?p=121038#breadcrumb\"},\"inLanguage\":\"es\",\"potentialAction\":[{\"@type\":\"ReadAction\",\"target\":[\"https:\\\/\\\/quehacerpolitico.mx\\\/?p=121038\"]}]},{\"@type\":\"ImageObject\",\"inLanguage\":\"es\",\"@id\":\"https:\\\/\\\/quehacerpolitico.mx\\\/?p=121038#primaryimage\",\"url\":\"https:\\\/\\\/quehacerpolitico.mx\\\/wp-content\\\/uploads\\\/2025\\\/12\\\/IMG_5612.jpeg\",\"contentUrl\":\"https:\\\/\\\/quehacerpolitico.mx\\\/wp-content\\\/uploads\\\/2025\\\/12\\\/IMG_5612.jpeg\",\"width\":1170,\"height\":643,\"caption\":\"Screenshot\"},{\"@type\":\"BreadcrumbList\",\"@id\":\"https:\\\/\\\/quehacerpolitico.mx\\\/?p=121038#breadcrumb\",\"itemListElement\":[{\"@type\":\"ListItem\",\"position\":1,\"name\":\"Inicio\",\"item\":\"https:\\\/\\\/quehacerpolitico.mx\\\/\"},{\"@type\":\"ListItem\",\"position\":2,\"name\":\"Presidenta de la CNDH huye de la prensa al ser cuestionada por las agresiones de polic\u00edas a manifestantes de la marcha de la &#8220;Generaci\u00f3n Z&#8221;\"}]},{\"@type\":\"WebSite\",\"@id\":\"https:\\\/\\\/quehacerpolitico.mx\\\/#website\",\"url\":\"https:\\\/\\\/quehacerpolitico.mx\\\/\",\"name\":\"\",\"description\":\"\",\"potentialAction\":[{\"@type\":\"SearchAction\",\"target\":{\"@type\":\"EntryPoint\",\"urlTemplate\":\"https:\\\/\\\/quehacerpolitico.mx\\\/?s={search_term_string}\"},\"query-input\":{\"@type\":\"PropertyValueSpecification\",\"valueRequired\":true,\"valueName\":\"search_term_string\"}}],\"inLanguage\":\"es\"},{\"@type\":\"Person\",\"@id\":\"https:\\\/\\\/quehacerpolitico.mx\\\/#\\\/schema\\\/person\\\/496d8ad2d1d3f8036101dca7ee39e585\",\"name\":\"Redacci\u00f3n QP\",\"image\":{\"@type\":\"ImageObject\",\"inLanguage\":\"es\",\"@id\":\"https:\\\/\\\/secure.gravatar.com\\\/avatar\\\/c7164ed6fdec453195284ad24a5ae5b6e1eed2b848477fa2a4787ba9adf39a41?s=96&d=mm&r=g\",\"url\":\"https:\\\/\\\/secure.gravatar.com\\\/avatar\\\/c7164ed6fdec453195284ad24a5ae5b6e1eed2b848477fa2a4787ba9adf39a41?s=96&d=mm&r=g\",\"contentUrl\":\"https:\\\/\\\/secure.gravatar.com\\\/avatar\\\/c7164ed6fdec453195284ad24a5ae5b6e1eed2b848477fa2a4787ba9adf39a41?s=96&d=mm&r=g\",\"caption\":\"Redacci\u00f3n QP\"},\"url\":\"https:\\\/\\\/quehacerpolitico.mx\\\/?author=2\"}]}<\/script>\n<!-- \/ Yoast SEO plugin. -->","yoast_head_json":{"title":"Presidenta de la CNDH huye de la prensa al ser cuestionada por las agresiones de polic\u00edas a manifestantes de la marcha de la \"Generaci\u00f3n Z\" -","robots":{"index":"index","follow":"follow","max-snippet":"max-snippet:-1","max-image-preview":"max-image-preview:large","max-video-preview":"max-video-preview:-1"},"canonical":"https:\/\/quehacerpolitico.mx\/?p=121038","og_locale":"es_MX","og_type":"article","og_title":"Presidenta de la CNDH huye de la prensa al ser cuestionada por las agresiones de polic\u00edas a manifestantes de la marcha de la \"Generaci\u00f3n Z\" -","og_description":"Por Redacci\u00f3n QP Rosario Piedra Ibarra fue cuestionada por medios de comunicaci\u00f3n sobre el tema...","og_url":"https:\/\/quehacerpolitico.mx\/?p=121038","article_published_time":"2025-12-11T02:52:54+00:00","article_modified_time":"2025-12-11T02:52:57+00:00","og_image":[{"width":1170,"height":643,"url":"http:\/\/quehacerpolitico.mx\/wp-content\/uploads\/2025\/12\/IMG_5612.jpeg","type":"image\/jpeg"}],"author":"Redacci\u00f3n QP","twitter_card":"summary_large_image","twitter_misc":{"Escrito por":"Redacci\u00f3n QP","Tiempo de lectura":"2 minutos"},"schema":{"@context":"https:\/\/schema.org","@graph":[{"@type":"Article","@id":"https:\/\/quehacerpolitico.mx\/?p=121038#article","isPartOf":{"@id":"https:\/\/quehacerpolitico.mx\/?p=121038"},"author":{"name":"Redacci\u00f3n QP","@id":"https:\/\/quehacerpolitico.mx\/#\/schema\/person\/496d8ad2d1d3f8036101dca7ee39e585"},"headline":"Presidenta de la CNDH huye de la prensa al ser cuestionada por las agresiones de polic\u00edas a manifestantes de la marcha de la &#8220;Generaci\u00f3n Z&#8221;","datePublished":"2025-12-11T02:52:54+00:00","dateModified":"2025-12-11T02:52:57+00:00","mainEntityOfPage":{"@id":"https:\/\/quehacerpolitico.mx\/?p=121038"},"wordCount":341,"commentCount":0,"image":{"@id":"https:\/\/quehacerpolitico.mx\/?p=121038#primaryimage"},"thumbnailUrl":"https:\/\/quehacerpolitico.mx\/wp-content\/uploads\/2025\/12\/IMG_5612.jpeg","articleSection":["Nacionales","Noticias"],"inLanguage":"es","potentialAction":[{"@type":"CommentAction","name":"Comment","target":["https:\/\/quehacerpolitico.mx\/?p=121038#respond"]}]},{"@type":"WebPage","@id":"https:\/\/quehacerpolitico.mx\/?p=121038","url":"https:\/\/quehacerpolitico.mx\/?p=121038","name":"Presidenta de la CNDH huye de la prensa al ser cuestionada por las agresiones de polic\u00edas a manifestantes de la marcha de la \"Generaci\u00f3n Z\" -","isPartOf":{"@id":"https:\/\/quehacerpolitico.mx\/#website"},"primaryImageOfPage":{"@id":"https:\/\/quehacerpolitico.mx\/?p=121038#primaryimage"},"image":{"@id":"https:\/\/quehacerpolitico.mx\/?p=121038#primaryimage"},"thumbnailUrl":"https:\/\/quehacerpolitico.mx\/wp-content\/uploads\/2025\/12\/IMG_5612.jpeg","datePublished":"2025-12-11T02:52:54+00:00","dateModified":"2025-12-11T02:52:57+00:00","author":{"@id":"https:\/\/quehacerpolitico.mx\/#\/schema\/person\/496d8ad2d1d3f8036101dca7ee39e585"},"breadcrumb":{"@id":"https:\/\/quehacerpolitico.mx\/?p=121038#breadcrumb"},"inLanguage":"es","potentialAction":[{"@type":"ReadAction","target":["https:\/\/quehacerpolitico.mx\/?p=121038"]}]},{"@type":"ImageObject","inLanguage":"es","@id":"https:\/\/quehacerpolitico.mx\/?p=121038#primaryimage","url":"https:\/\/quehacerpolitico.mx\/wp-content\/uploads\/2025\/12\/IMG_5612.jpeg","contentUrl":"https:\/\/quehacerpolitico.mx\/wp-content\/uploads\/2025\/12\/IMG_5612.jpeg","width":1170,"height":643,"caption":"Screenshot"},{"@type":"BreadcrumbList","@id":"https:\/\/quehacerpolitico.mx\/?p=121038#breadcrumb","itemListElement":[{"@type":"ListItem","position":1,"name":"Inicio","item":"https:\/\/quehacerpolitico.mx\/"},{"@type":"ListItem","position":2,"name":"Presidenta de la CNDH huye de la prensa al ser cuestionada por las agresiones de polic\u00edas a manifestantes de la marcha de la &#8220;Generaci\u00f3n Z&#8221;"}]},{"@type":"WebSite","@id":"https:\/\/quehacerpolitico.mx\/#website","url":"https:\/\/quehacerpolitico.mx\/","name":"","description":"","potentialAction":[{"@type":"SearchAction","target":{"@type":"EntryPoint","urlTemplate":"https:\/\/quehacerpolitico.mx\/?s={search_term_string}"},"query-input":{"@type":"PropertyValueSpecification","valueRequired":true,"valueName":"search_term_string"}}],"inLanguage":"es"},{"@type":"Person","@id":"https:\/\/quehacerpolitico.mx\/#\/schema\/person\/496d8ad2d1d3f8036101dca7ee39e585","name":"Redacci\u00f3n QP","image":{"@type":"ImageObject","inLanguage":"es","@id":"https:\/\/secure.gravatar.com\/avatar\/c7164ed6fdec453195284ad24a5ae5b6e1eed2b848477fa2a4787ba9adf39a41?s=96&d=mm&r=g","url":"https:\/\/secure.gravatar.com\/avatar\/c7164ed6fdec453195284ad24a5ae5b6e1eed2b848477fa2a4787ba9adf39a41?s=96&d=mm&r=g","contentUrl":"https:\/\/secure.gravatar.com\/avatar\/c7164ed6fdec453195284ad24a5ae5b6e1eed2b848477fa2a4787ba9adf39a41?s=96&d=mm&r=g","caption":"Redacci\u00f3n QP"},"url":"https:\/\/quehacerpolitico.mx\/?author=2"}]}},"featured_image_urls":{"full":["https:\/\/quehacerpolitico.mx\/wp-content\/uploads\/2025\/12\/IMG_5612.jpeg",1170,643,false],"thumbnail":["https:\/\/quehacerpolitico.mx\/wp-content\/uploads\/2025\/12\/IMG_5612-150x150.jpeg",150,150,true],"medium":["https:\/\/quehacerpolitico.mx\/wp-content\/uploads\/2025\/12\/IMG_5612-300x165.jpeg",300,165,true],"medium_large":["https:\/\/quehacerpolitico.mx\/wp-content\/uploads\/2025\/12\/IMG_5612-768x422.jpeg",640,352,true],"large":["https:\/\/quehacerpolitico.mx\/wp-content\/uploads\/2025\/12\/IMG_5612-1024x563.jpeg",640,352,true],"1536x1536":["https:\/\/quehacerpolitico.mx\/wp-content\/uploads\/2025\/12\/IMG_5612.jpeg",1170,643,false],"2048x2048":["https:\/\/quehacerpolitico.mx\/wp-content\/uploads\/2025\/12\/IMG_5612.jpeg",1170,643,false],"covernews-featured":["https:\/\/quehacerpolitico.mx\/wp-content\/uploads\/2025\/12\/IMG_5612-1024x563.jpeg",1024,563,true],"covernews-medium":["https:\/\/quehacerpolitico.mx\/wp-content\/uploads\/2025\/12\/IMG_5612-540x340.jpeg",540,340,true]},"author_info":{"display_name":"Redacci\u00f3n QP","author_link":"https:\/\/quehacerpolitico.mx\/?author=2"},"category_info":"<a href=\"https:\/\/quehacerpolitico.mx\/?cat=280\" rel=\"category\">Nacionales<\/a> <a href=\"https:\/\/quehacerpolitico.mx\/?cat=2\" rel=\"category\">Noticias<\/a>","tag_info":"Noticias","comment_count":"0","_links":{"self":[{"href":"https:\/\/quehacerpolitico.mx\/index.php?rest_route=\/wp\/v2\/posts\/121038","targetHints":{"allow":["GET"]}}],"collection":[{"href":"https:\/\/quehacerpolitico.mx\/index.php?rest_route=\/wp\/v2\/posts"}],"about":[{"href":"https:\/\/quehacerpolitico.mx\/index.php?rest_route=\/wp\/v2\/types\/post"}],"author":[{"embeddable":true,"href":"https:\/\/quehacerpolitico.mx\/index.php?rest_route=\/wp\/v2\/users\/2"}],"replies":[{"embeddable":true,"href":"https:\/\/quehacerpolitico.mx\/index.php?rest_route=%2Fwp%2Fv2%2Fcomments&post=121038"}],"version-history":[{"count":1,"href":"https:\/\/quehacerpolitico.mx\/index.php?rest_route=\/wp\/v2\/posts\/121038\/revisions"}],"predecessor-version":[{"id":121040,"href":"https:\/\/quehacerpolitico.mx\/index.php?rest_route=\/wp\/v2\/posts\/121038\/revisions\/121040"}],"wp:featuredmedia":[{"embeddable":true,"href":"https:\/\/quehacerpolitico.mx\/index.php?rest_route=\/wp\/v2\/media\/121039"}],"wp:attachment":[{"href":"https:\/\/quehacerpolitico.mx\/index.php?rest_route=%2Fwp%2Fv2%2Fmedia&parent=121038"}],"wp:term":[{"taxonomy":"category","embeddable":true,"href":"https:\/\/quehacerpolitico.mx\/index.php?rest_route=%2Fwp%2Fv2%2Fcategories&post=121038"},{"taxonomy":"post_tag","embeddable":true,"href":"https:\/\/quehacerpolitico.mx\/index.php?rest_route=%2Fwp%2Fv2%2Ftags&post=121038"}],"curies":[{"name":"wp","href":"https:\/\/api.w.org\/{rel}","templated":true}]}}