{"id":121028,"date":"2025-12-10T20:11:54","date_gmt":"2025-12-11T02:11:54","guid":{"rendered":"https:\/\/quehacerpolitico.mx\/?p=121028"},"modified":"2025-12-10T20:30:46","modified_gmt":"2025-12-11T02:30:46","slug":"el-quehacer-politico-a-traves-de-la-opinion-carolina-alonso-romei-la-premio-nobel-de-la-paz-maria-corina-machado-saluda-a-sus-seguidores-en-oslo","status":"publish","type":"post","link":"https:\/\/quehacerpolitico.mx\/?p=121028","title":{"rendered":"El Quehacer Pol\u00edtico a trav\u00e9s de la opini\u00f3n\/\/\/Carolina Alonso Romei\/\/\/La Premio Nobel de la Paz, Mar\u00eda\u00a0Corina Machado, saluda a sus seguidores en Oslo"},"content":{"rendered":"\n<p>Por Carolina Alonso Romei<\/p>\n\n\n\n<p>Internacionalista<\/p>\n\n\n\n<p>Momentos antes, el presidente del Comit\u00e9 Nobel Noruego, J\u00f8rgen Watne Frydnes, inform\u00f3 sobre el arribo a Noruega de la galardonada<\/p>\n\n\n\n<p><strong>Mar\u00eda&nbsp;Corina Machado<\/strong>, ganadora del Premio Nobel de la Paz, hizo una aparici\u00f3n p\u00fablica despu\u00e9s de llegar a&nbsp;<strong>Oslo<\/strong>, Noruega.<\/p>\n\n\n\n<figure class=\"wp-block-embed is-type-rich is-provider-twitter wp-block-embed-twitter\"><div class=\"wp-block-embed__wrapper\">\n<blockquote class=\"twitter-tweet\" data-width=\"550\" data-dnt=\"true\"><p lang=\"es\" dir=\"ltr\">Qu\u00e9 mujer. <a href=\"https:\/\/t.co\/COXj9qiEfb\">pic.twitter.com\/COXj9qiEfb<\/a><\/p>&mdash; Orlando Avenda\u00f1o (@OrlvndoA) <a href=\"https:\/\/twitter.com\/OrlvndoA\/status\/1998929296237408314?ref_src=twsrc%5Etfw\">December 11, 2025<\/a><\/blockquote><script async src=\"https:\/\/platform.twitter.com\/widgets.js\" charset=\"utf-8\"><\/script>\n<\/div><\/figure>\n\n\n\n<figure class=\"wp-block-embed is-type-rich is-provider-twitter wp-block-embed-twitter\"><div class=\"wp-block-embed__wrapper\">\n<blockquote class=\"twitter-tweet\" data-width=\"550\" data-dnt=\"true\"><p lang=\"es\" dir=\"ltr\">Mar\u00eda Corina Machado sale del Grand Hotel y se abraza con quienes la esperaban en Oslo \ud83c\uddf3\ud83c\uddf4<a href=\"https:\/\/t.co\/btT56sQGen\">pic.twitter.com\/btT56sQGen<\/a><\/p>&mdash; Manuel Lopez San Martin (@MLopezSanMartin) <a href=\"https:\/\/twitter.com\/MLopezSanMartin\/status\/1998934075370008995?ref_src=twsrc%5Etfw\">December 11, 2025<\/a><\/blockquote><script async src=\"https:\/\/platform.twitter.com\/widgets.js\" charset=\"utf-8\"><\/script>\n<\/div><\/figure>\n\n\n\n<p>Tras su llegada sali\u00f3 al balc\u00f3n del&nbsp;<strong>Gran Hotel&nbsp;<\/strong>de Oslo, donde salud\u00f3 a los asistentes y coment\u00f3 que bajar\u00eda saludarlos.<\/p>\n\n\n\n<figure class=\"wp-block-embed is-type-rich is-provider-twitter wp-block-embed-twitter\"><div class=\"wp-block-embed__wrapper\">\n<blockquote class=\"twitter-tweet\" data-width=\"550\" data-dnt=\"true\"><p lang=\"es\" dir=\"ltr\">\ud83c\uddfb\ud83c\uddea\ud83d\udea8| URGENTE: Sana y salva, despu\u00e9s de un a\u00f1o de clandestinidad reaparece Mar\u00eda Corina Machado, liderando un saludo a la multitud en Oslo, Noruega. \ud83c\uddf3\ud83c\uddf4 <a href=\"https:\/\/t.co\/BkcQ3QtdIh\">pic.twitter.com\/BkcQ3QtdIh<\/a><\/p>&mdash; Eduardo Menoni (@eduardomenoni) <a href=\"https:\/\/twitter.com\/eduardomenoni\/status\/1998933473336443122?ref_src=twsrc%5Etfw\">December 11, 2025<\/a><\/blockquote><script async src=\"https:\/\/platform.twitter.com\/widgets.js\" charset=\"utf-8\"><\/script>\n<\/div><\/figure>\n\n\n\n<figure class=\"wp-block-embed is-type-rich is-provider-twitter wp-block-embed-twitter\"><div class=\"wp-block-embed__wrapper\">\n<blockquote class=\"twitter-tweet\" data-width=\"550\" data-dnt=\"true\"><p lang=\"es\" dir=\"ltr\">\ud83d\udea8<a href=\"https:\/\/twitter.com\/hashtag\/AHORA?src=hash&amp;ref_src=twsrc%5Etfw\">#AHORA<\/a> Mar\u00eda Corina Machado, Nobel de la Paz 2025, reaparece en Oslo.<br><br>Desde el balc\u00f3n del Grand Hotel salud\u00f3 a centenares de venezolanos tras llegar a Noruega. <br><br>\ud83d\udcf9Vente Venezuela. <a href=\"https:\/\/t.co\/mijnTkXRRN\">pic.twitter.com\/mijnTkXRRN<\/a><\/p>&mdash; Azucena Uresti (@azucenau) <a href=\"https:\/\/twitter.com\/azucenau\/status\/1998928672053670097?ref_src=twsrc%5Etfw\">December 11, 2025<\/a><\/blockquote><script async src=\"https:\/\/platform.twitter.com\/widgets.js\" charset=\"utf-8\"><\/script>\n<\/div><\/figure>\n\n\n\n<figure class=\"wp-block-embed is-type-rich is-provider-twitter wp-block-embed-twitter\"><div class=\"wp-block-embed__wrapper\">\n<blockquote class=\"twitter-tweet\" data-width=\"550\" data-dnt=\"true\"><p lang=\"es\" dir=\"ltr\">\u00a1Oslo, aqu\u00ed estoy! <a href=\"https:\/\/t.co\/tsixUerj0q\">pic.twitter.com\/tsixUerj0q<\/a><\/p>&mdash; Mar\u00eda Corina Machado (@MariaCorinaYA) <a href=\"https:\/\/twitter.com\/MariaCorinaYA\/status\/1998928741381321025?ref_src=twsrc%5Etfw\">December 11, 2025<\/a><\/blockquote><script async src=\"https:\/\/platform.twitter.com\/widgets.js\" charset=\"utf-8\"><\/script>\n<\/div><\/figure>\n\n\n\n<p>En el lugar se encuentran cerca de 250 venezolanos, quienes la saludan despu\u00e9s de 16 meses de no hacer una aparici\u00f3n p\u00fablica.<\/p>\n\n\n\n<figure class=\"wp-block-embed is-type-rich is-provider-twitter wp-block-embed-twitter\"><div class=\"wp-block-embed__wrapper\">\n<blockquote class=\"twitter-tweet\" data-width=\"550\" data-dnt=\"true\"><p lang=\"es\" dir=\"ltr\">Despu\u00e9s de 16 meses escondida, aqu\u00ed est\u00e1: libre, firme y de pie. Mar\u00eda Corina es indoblegable. <a href=\"https:\/\/t.co\/uJZxmd9KiM\">pic.twitter.com\/uJZxmd9KiM<\/a><\/p>&mdash; Mar\u00eda Elvira Salazar \ud83c\uddfa\ud83c\uddf8 (@MaElviraSalazar) <a href=\"https:\/\/twitter.com\/MaElviraSalazar\/status\/1998929306328936769?ref_src=twsrc%5Etfw\">December 11, 2025<\/a><\/blockquote><script async src=\"https:\/\/platform.twitter.com\/widgets.js\" charset=\"utf-8\"><\/script>\n<\/div><\/figure>\n\n\n\n<p>Momentos antes, el presidente del Comit\u00e9 Nobel Noruego, J\u00f8rgen Watne Frydnes, inform\u00f3 que la l\u00edder opositora venezolana Mar\u00eda Corina Machado lleg\u00f3 a Noruega<\/p>\n\n\n\n<p>&#8220;Mar\u00eda Corina Machado ya est\u00e1 en Oslo y de camino para llegar ac\u00e1&#8221;, al hotel, se\u00f1al\u00f3 Frydnes a los medios y a los seguidores de la exdiputada que aplaudieron y gritaban &#8220;valiente&#8221;.<\/p>\n\n\n\n<figure class=\"wp-block-gallery has-nested-images columns-default is-cropped wp-block-gallery-1 is-layout-flex wp-block-gallery-is-layout-flex\">\n<figure class=\"wp-block-image size-large\"><img loading=\"lazy\" decoding=\"async\" width=\"576\" height=\"1024\" data-id=\"121030\" src=\"https:\/\/quehacerpolitico.mx\/wp-content\/uploads\/2025\/12\/IMG_5604-576x1024.jpeg\" alt=\"\" class=\"wp-image-121030\" srcset=\"https:\/\/quehacerpolitico.mx\/wp-content\/uploads\/2025\/12\/IMG_5604-576x1024.jpeg 576w, https:\/\/quehacerpolitico.mx\/wp-content\/uploads\/2025\/12\/IMG_5604-169x300.jpeg 169w, https:\/\/quehacerpolitico.mx\/wp-content\/uploads\/2025\/12\/IMG_5604-768x1365.jpeg 768w, https:\/\/quehacerpolitico.mx\/wp-content\/uploads\/2025\/12\/IMG_5604-864x1536.jpeg 864w, https:\/\/quehacerpolitico.mx\/wp-content\/uploads\/2025\/12\/IMG_5604-1024x1820.jpeg 1024w, https:\/\/quehacerpolitico.mx\/wp-content\/uploads\/2025\/12\/IMG_5604.jpeg 1152w\" sizes=\"auto, (max-width: 576px) 100vw, 576px\" \/><\/figure>\n\n\n\n<figure class=\"wp-block-image size-large\"><img loading=\"lazy\" decoding=\"async\" width=\"1024\" height=\"768\" data-id=\"121031\" src=\"https:\/\/quehacerpolitico.mx\/wp-content\/uploads\/2025\/12\/IMG_5605-1024x768.jpeg\" alt=\"\" class=\"wp-image-121031\" srcset=\"https:\/\/quehacerpolitico.mx\/wp-content\/uploads\/2025\/12\/IMG_5605-1024x768.jpeg 1024w, https:\/\/quehacerpolitico.mx\/wp-content\/uploads\/2025\/12\/IMG_5605-300x225.jpeg 300w, https:\/\/quehacerpolitico.mx\/wp-content\/uploads\/2025\/12\/IMG_5605-768x576.jpeg 768w, https:\/\/quehacerpolitico.mx\/wp-content\/uploads\/2025\/12\/IMG_5605-1536x1152.jpeg 1536w, https:\/\/quehacerpolitico.mx\/wp-content\/uploads\/2025\/12\/IMG_5605.jpeg 2048w\" sizes=\"auto, (max-width: 1024px) 100vw, 1024px\" \/><\/figure>\n<\/figure>\n\n\n\n<p>&#8220;Ella va a reunirse directamente con su familia, no habr\u00e1 ning\u00fan encuentro hoy&#8221;, a\u00f1adi\u00f3 el m\u00e1ximo responsable del Comit\u00e9 Nobel Noruego, quien agradeci\u00f3 a todos por un &#8220;d\u00eda maravilloso&#8221;, en el que \u00e9l entreg\u00f3 a la hija de Machado, Ana Corina Sosa, el premio Nobel de la Paz al no llegar a tiempo a Oslo la opositora.<\/p>\n\n\n\n<p>La l\u00edder opositora lament\u00f3 el jueves en una conversaci\u00f3n telef\u00f3nica desde un lugar desconocido con&nbsp;<strong>Frydnes<\/strong>&nbsp;que no pudo llegar a tiempo a la ceremonia de entrega del&nbsp;<strong>Premio Nobel de la Paz<\/strong>, pero asegur\u00f3 que estaba ya \u201cde camino\u201d a&nbsp;<strong>Oslo.<\/strong><\/p>\n\n\n\n<p>\u201cTan pronto como llegue, podr\u00e9 abrazar a toda mi familia y a mis hijos, a quienes no he visto en dos a\u00f1os. Y a tantos venezolanos y noruegos que conozco y que comparten nuestra lucha y nuestro esfuerzo\u201d, dijo en esa conversaci\u00f3n, que se produjo cuando estaba a punto de tomar un vuelo, seg\u00fan confes\u00f3<\/p>\n\n\n\n<p>En&nbsp;<strong>Oslo<\/strong>&nbsp;se encuentran tambi\u00e9n su hermana y su madre,&nbsp;<strong>Corina Parisca.<\/strong><\/p>\n\n\n\n<p>De comparecer finalmente ante sus seguidores y los medios en&nbsp;<strong>Oslo<\/strong>&nbsp;tras su largo viaje a Europa, este acto supondr\u00eda la primera aparici\u00f3n de la pol\u00edtica venezolana en p\u00fablico desde enero de este a\u00f1o.<\/p>\n\n\n\n<figure class=\"wp-block-gallery has-nested-images columns-default is-cropped wp-block-gallery-2 is-layout-flex wp-block-gallery-is-layout-flex\">\n<figure class=\"wp-block-image size-large\"><img loading=\"lazy\" decoding=\"async\" width=\"383\" height=\"680\" data-id=\"121032\" src=\"https:\/\/quehacerpolitico.mx\/wp-content\/uploads\/2025\/12\/IMG_5602.jpeg\" alt=\"\" class=\"wp-image-121032\" srcset=\"https:\/\/quehacerpolitico.mx\/wp-content\/uploads\/2025\/12\/IMG_5602.jpeg 383w, https:\/\/quehacerpolitico.mx\/wp-content\/uploads\/2025\/12\/IMG_5602-169x300.jpeg 169w\" sizes=\"auto, (max-width: 383px) 100vw, 383px\" \/><\/figure>\n\n\n\n<figure class=\"wp-block-image size-large\"><img loading=\"lazy\" decoding=\"async\" width=\"1024\" height=\"768\" data-id=\"121033\" src=\"https:\/\/quehacerpolitico.mx\/wp-content\/uploads\/2025\/12\/IMG_5603-1-1024x768.jpeg\" alt=\"\" class=\"wp-image-121033\" srcset=\"https:\/\/quehacerpolitico.mx\/wp-content\/uploads\/2025\/12\/IMG_5603-1-1024x768.jpeg 1024w, https:\/\/quehacerpolitico.mx\/wp-content\/uploads\/2025\/12\/IMG_5603-1-300x225.jpeg 300w, https:\/\/quehacerpolitico.mx\/wp-content\/uploads\/2025\/12\/IMG_5603-1-768x576.jpeg 768w, https:\/\/quehacerpolitico.mx\/wp-content\/uploads\/2025\/12\/IMG_5603-1-1536x1152.jpeg 1536w, https:\/\/quehacerpolitico.mx\/wp-content\/uploads\/2025\/12\/IMG_5603-1.jpeg 2048w\" sizes=\"auto, (max-width: 1024px) 100vw, 1024px\" \/><\/figure>\n<\/figure>\n\n\n\n<p>En su discurso de&nbsp;<strong>aceptaci\u00f3n del premio le\u00eddo por su hija,<\/strong><strong>Mar\u00eda Corina Machado<\/strong>&nbsp;dedic\u00f3 el galard\u00f3n a todo el pueblo de&nbsp;<strong>Venezuela<\/strong>&nbsp;y asegur\u00f3 que este pronto presenciar\u00e1 el regreso a casa de los opositores exiliados<\/p>\n\n\n\n<p>\u201cVenezuela volver\u00e1 a respirar. Abriremos las puertas de las c\u00e1rceles y veremos salir al sol a miles de inocentes que fueron encarcelados injustamente\u201d, afirm\u00f3, y prometi\u00f3 estar entonces en el puente Sim\u00f3n Bol\u00edvar, en la frontera con Colombia, donde una vez llor\u00f3 \u201centre los miles que se iban, para recibirlos de vuelta (\u2026)\u201d.<\/p>\n\n\n\n<p>Poco antes, en su intervenci\u00f3n,&nbsp;<strong>Frydnes<\/strong>&nbsp;inst\u00f3 al presidente de&nbsp;<strong>Venezuela, Nicol\u00e1s Maduro<\/strong>, a aceptar los resultados electorales de 2024 y a renunciar a su cargo para sentar las bases \u201chacia una transici\u00f3n pac\u00edfica a la democracia\u201d en el pa\u00eds, al ser esa \u201cla voluntad del pueblo venezolano\u201d.<\/p>\n\n\n\n<p>Con informaci\u00f3n de EFE.<\/p>\n","protected":false},"excerpt":{"rendered":"<p>Por Carolina Alonso Romei Internacionalista Momentos antes, el presidente del Comit\u00e9 Nobel Noruego, J\u00f8rgen Watne&#8230;<\/p>\n","protected":false},"author":2,"featured_media":121034,"comment_status":"open","ping_status":"open","sticky":false,"template":"","format":"standard","meta":{"_monsterinsights_skip_tracking":false,"_monsterinsights_sitenote_active":false,"_monsterinsights_sitenote_note":"","_monsterinsights_sitenote_category":0,"footnotes":""},"categories":[1],"tags":[],"class_list":["post-121028","post","type-post","status-publish","format-standard","has-post-thumbnail","hentry","category-sin-categoria"],"yoast_head":"<!-- This site is optimized with the Yoast SEO plugin v27.3 - https:\/\/yoast.com\/product\/yoast-seo-wordpress\/ -->\n<title>El Quehacer Pol\u00edtico a trav\u00e9s de la opini\u00f3n\/\/\/Carolina Alonso Romei\/\/\/La Premio Nobel de la Paz, Mar\u00eda\u00a0Corina Machado, saluda a sus seguidores en Oslo -<\/title>\n<meta name=\"robots\" content=\"index, follow, max-snippet:-1, max-image-preview:large, max-video-preview:-1\" \/>\n<link rel=\"canonical\" href=\"https:\/\/quehacerpolitico.mx\/?p=121028\" \/>\n<meta property=\"og:locale\" content=\"es_MX\" \/>\n<meta property=\"og:type\" content=\"article\" \/>\n<meta property=\"og:title\" content=\"El Quehacer Pol\u00edtico a trav\u00e9s de la opini\u00f3n\/\/\/Carolina Alonso Romei\/\/\/La Premio Nobel de la Paz, Mar\u00eda\u00a0Corina Machado, saluda a sus seguidores en Oslo -\" \/>\n<meta property=\"og:description\" content=\"Por Carolina Alonso Romei Internacionalista Momentos antes, el presidente del Comit\u00e9 Nobel Noruego, J\u00f8rgen Watne...\" \/>\n<meta property=\"og:url\" content=\"https:\/\/quehacerpolitico.mx\/?p=121028\" \/>\n<meta property=\"article:published_time\" content=\"2025-12-11T02:11:54+00:00\" \/>\n<meta property=\"article:modified_time\" content=\"2025-12-11T02:30:46+00:00\" \/>\n<meta property=\"og:image\" content=\"http:\/\/quehacerpolitico.mx\/wp-content\/uploads\/2025\/12\/03fa6135-c3fe-44b7-8e96-c6ca323ffebb.jpeg\" \/>\n\t<meta property=\"og:image:width\" content=\"963\" \/>\n\t<meta property=\"og:image:height\" content=\"493\" \/>\n\t<meta property=\"og:image:type\" content=\"image\/jpeg\" \/>\n<meta name=\"author\" content=\"Redacci\u00f3n QP\" \/>\n<meta name=\"twitter:card\" content=\"summary_large_image\" \/>\n<meta name=\"twitter:label1\" content=\"Escrito por\" \/>\n\t<meta name=\"twitter:data1\" content=\"Redacci\u00f3n QP\" \/>\n\t<meta name=\"twitter:label2\" content=\"Tiempo de lectura\" \/>\n\t<meta name=\"twitter:data2\" content=\"4 minutos\" \/>\n<script type=\"application\/ld+json\" class=\"yoast-schema-graph\">{\"@context\":\"https:\\\/\\\/schema.org\",\"@graph\":[{\"@type\":\"Article\",\"@id\":\"https:\\\/\\\/quehacerpolitico.mx\\\/?p=121028#article\",\"isPartOf\":{\"@id\":\"https:\\\/\\\/quehacerpolitico.mx\\\/?p=121028\"},\"author\":{\"name\":\"Redacci\u00f3n QP\",\"@id\":\"https:\\\/\\\/quehacerpolitico.mx\\\/#\\\/schema\\\/person\\\/496d8ad2d1d3f8036101dca7ee39e585\"},\"headline\":\"El Quehacer Pol\u00edtico a trav\u00e9s de la opini\u00f3n\\\/\\\/\\\/Carolina Alonso Romei\\\/\\\/\\\/La Premio Nobel de la Paz, Mar\u00eda\u00a0Corina Machado, saluda a sus seguidores en Oslo\",\"datePublished\":\"2025-12-11T02:11:54+00:00\",\"dateModified\":\"2025-12-11T02:30:46+00:00\",\"mainEntityOfPage\":{\"@id\":\"https:\\\/\\\/quehacerpolitico.mx\\\/?p=121028\"},\"wordCount\":611,\"commentCount\":0,\"image\":{\"@id\":\"https:\\\/\\\/quehacerpolitico.mx\\\/?p=121028#primaryimage\"},\"thumbnailUrl\":\"https:\\\/\\\/quehacerpolitico.mx\\\/wp-content\\\/uploads\\\/2025\\\/12\\\/03fa6135-c3fe-44b7-8e96-c6ca323ffebb.jpeg\",\"articleSection\":[\"Internacionales\"],\"inLanguage\":\"es\",\"potentialAction\":[{\"@type\":\"CommentAction\",\"name\":\"Comment\",\"target\":[\"https:\\\/\\\/quehacerpolitico.mx\\\/?p=121028#respond\"]}]},{\"@type\":\"WebPage\",\"@id\":\"https:\\\/\\\/quehacerpolitico.mx\\\/?p=121028\",\"url\":\"https:\\\/\\\/quehacerpolitico.mx\\\/?p=121028\",\"name\":\"El Quehacer Pol\u00edtico a trav\u00e9s de la opini\u00f3n\\\/\\\/\\\/Carolina Alonso Romei\\\/\\\/\\\/La Premio Nobel de la Paz, Mar\u00eda\u00a0Corina Machado, saluda a sus seguidores en Oslo -\",\"isPartOf\":{\"@id\":\"https:\\\/\\\/quehacerpolitico.mx\\\/#website\"},\"primaryImageOfPage\":{\"@id\":\"https:\\\/\\\/quehacerpolitico.mx\\\/?p=121028#primaryimage\"},\"image\":{\"@id\":\"https:\\\/\\\/quehacerpolitico.mx\\\/?p=121028#primaryimage\"},\"thumbnailUrl\":\"https:\\\/\\\/quehacerpolitico.mx\\\/wp-content\\\/uploads\\\/2025\\\/12\\\/03fa6135-c3fe-44b7-8e96-c6ca323ffebb.jpeg\",\"datePublished\":\"2025-12-11T02:11:54+00:00\",\"dateModified\":\"2025-12-11T02:30:46+00:00\",\"author\":{\"@id\":\"https:\\\/\\\/quehacerpolitico.mx\\\/#\\\/schema\\\/person\\\/496d8ad2d1d3f8036101dca7ee39e585\"},\"breadcrumb\":{\"@id\":\"https:\\\/\\\/quehacerpolitico.mx\\\/?p=121028#breadcrumb\"},\"inLanguage\":\"es\",\"potentialAction\":[{\"@type\":\"ReadAction\",\"target\":[\"https:\\\/\\\/quehacerpolitico.mx\\\/?p=121028\"]}]},{\"@type\":\"ImageObject\",\"inLanguage\":\"es\",\"@id\":\"https:\\\/\\\/quehacerpolitico.mx\\\/?p=121028#primaryimage\",\"url\":\"https:\\\/\\\/quehacerpolitico.mx\\\/wp-content\\\/uploads\\\/2025\\\/12\\\/03fa6135-c3fe-44b7-8e96-c6ca323ffebb.jpeg\",\"contentUrl\":\"https:\\\/\\\/quehacerpolitico.mx\\\/wp-content\\\/uploads\\\/2025\\\/12\\\/03fa6135-c3fe-44b7-8e96-c6ca323ffebb.jpeg\",\"width\":963,\"height\":493},{\"@type\":\"BreadcrumbList\",\"@id\":\"https:\\\/\\\/quehacerpolitico.mx\\\/?p=121028#breadcrumb\",\"itemListElement\":[{\"@type\":\"ListItem\",\"position\":1,\"name\":\"Inicio\",\"item\":\"https:\\\/\\\/quehacerpolitico.mx\\\/\"},{\"@type\":\"ListItem\",\"position\":2,\"name\":\"El Quehacer Pol\u00edtico a trav\u00e9s de la opini\u00f3n\\\/\\\/\\\/Carolina Alonso Romei\\\/\\\/\\\/La Premio Nobel de la Paz, Mar\u00eda\u00a0Corina Machado, saluda a sus seguidores en Oslo\"}]},{\"@type\":\"WebSite\",\"@id\":\"https:\\\/\\\/quehacerpolitico.mx\\\/#website\",\"url\":\"https:\\\/\\\/quehacerpolitico.mx\\\/\",\"name\":\"\",\"description\":\"\",\"potentialAction\":[{\"@type\":\"SearchAction\",\"target\":{\"@type\":\"EntryPoint\",\"urlTemplate\":\"https:\\\/\\\/quehacerpolitico.mx\\\/?s={search_term_string}\"},\"query-input\":{\"@type\":\"PropertyValueSpecification\",\"valueRequired\":true,\"valueName\":\"search_term_string\"}}],\"inLanguage\":\"es\"},{\"@type\":\"Person\",\"@id\":\"https:\\\/\\\/quehacerpolitico.mx\\\/#\\\/schema\\\/person\\\/496d8ad2d1d3f8036101dca7ee39e585\",\"name\":\"Redacci\u00f3n QP\",\"image\":{\"@type\":\"ImageObject\",\"inLanguage\":\"es\",\"@id\":\"https:\\\/\\\/secure.gravatar.com\\\/avatar\\\/c7164ed6fdec453195284ad24a5ae5b6e1eed2b848477fa2a4787ba9adf39a41?s=96&d=mm&r=g\",\"url\":\"https:\\\/\\\/secure.gravatar.com\\\/avatar\\\/c7164ed6fdec453195284ad24a5ae5b6e1eed2b848477fa2a4787ba9adf39a41?s=96&d=mm&r=g\",\"contentUrl\":\"https:\\\/\\\/secure.gravatar.com\\\/avatar\\\/c7164ed6fdec453195284ad24a5ae5b6e1eed2b848477fa2a4787ba9adf39a41?s=96&d=mm&r=g\",\"caption\":\"Redacci\u00f3n QP\"},\"url\":\"https:\\\/\\\/quehacerpolitico.mx\\\/?author=2\"}]}<\/script>\n<!-- \/ Yoast SEO plugin. -->","yoast_head_json":{"title":"El Quehacer Pol\u00edtico a trav\u00e9s de la opini\u00f3n\/\/\/Carolina Alonso Romei\/\/\/La Premio Nobel de la Paz, Mar\u00eda\u00a0Corina Machado, saluda a sus seguidores en Oslo -","robots":{"index":"index","follow":"follow","max-snippet":"max-snippet:-1","max-image-preview":"max-image-preview:large","max-video-preview":"max-video-preview:-1"},"canonical":"https:\/\/quehacerpolitico.mx\/?p=121028","og_locale":"es_MX","og_type":"article","og_title":"El Quehacer Pol\u00edtico a trav\u00e9s de la opini\u00f3n\/\/\/Carolina Alonso Romei\/\/\/La Premio Nobel de la Paz, Mar\u00eda\u00a0Corina Machado, saluda a sus seguidores en Oslo -","og_description":"Por Carolina Alonso Romei Internacionalista Momentos antes, el presidente del Comit\u00e9 Nobel Noruego, J\u00f8rgen Watne...","og_url":"https:\/\/quehacerpolitico.mx\/?p=121028","article_published_time":"2025-12-11T02:11:54+00:00","article_modified_time":"2025-12-11T02:30:46+00:00","og_image":[{"width":963,"height":493,"url":"http:\/\/quehacerpolitico.mx\/wp-content\/uploads\/2025\/12\/03fa6135-c3fe-44b7-8e96-c6ca323ffebb.jpeg","type":"image\/jpeg"}],"author":"Redacci\u00f3n QP","twitter_card":"summary_large_image","twitter_misc":{"Escrito por":"Redacci\u00f3n QP","Tiempo de lectura":"4 minutos"},"schema":{"@context":"https:\/\/schema.org","@graph":[{"@type":"Article","@id":"https:\/\/quehacerpolitico.mx\/?p=121028#article","isPartOf":{"@id":"https:\/\/quehacerpolitico.mx\/?p=121028"},"author":{"name":"Redacci\u00f3n QP","@id":"https:\/\/quehacerpolitico.mx\/#\/schema\/person\/496d8ad2d1d3f8036101dca7ee39e585"},"headline":"El Quehacer Pol\u00edtico a trav\u00e9s de la opini\u00f3n\/\/\/Carolina Alonso Romei\/\/\/La Premio Nobel de la Paz, Mar\u00eda\u00a0Corina Machado, saluda a sus seguidores en Oslo","datePublished":"2025-12-11T02:11:54+00:00","dateModified":"2025-12-11T02:30:46+00:00","mainEntityOfPage":{"@id":"https:\/\/quehacerpolitico.mx\/?p=121028"},"wordCount":611,"commentCount":0,"image":{"@id":"https:\/\/quehacerpolitico.mx\/?p=121028#primaryimage"},"thumbnailUrl":"https:\/\/quehacerpolitico.mx\/wp-content\/uploads\/2025\/12\/03fa6135-c3fe-44b7-8e96-c6ca323ffebb.jpeg","articleSection":["Internacionales"],"inLanguage":"es","potentialAction":[{"@type":"CommentAction","name":"Comment","target":["https:\/\/quehacerpolitico.mx\/?p=121028#respond"]}]},{"@type":"WebPage","@id":"https:\/\/quehacerpolitico.mx\/?p=121028","url":"https:\/\/quehacerpolitico.mx\/?p=121028","name":"El Quehacer Pol\u00edtico a trav\u00e9s de la opini\u00f3n\/\/\/Carolina Alonso Romei\/\/\/La Premio Nobel de la Paz, Mar\u00eda\u00a0Corina Machado, saluda a sus seguidores en Oslo -","isPartOf":{"@id":"https:\/\/quehacerpolitico.mx\/#website"},"primaryImageOfPage":{"@id":"https:\/\/quehacerpolitico.mx\/?p=121028#primaryimage"},"image":{"@id":"https:\/\/quehacerpolitico.mx\/?p=121028#primaryimage"},"thumbnailUrl":"https:\/\/quehacerpolitico.mx\/wp-content\/uploads\/2025\/12\/03fa6135-c3fe-44b7-8e96-c6ca323ffebb.jpeg","datePublished":"2025-12-11T02:11:54+00:00","dateModified":"2025-12-11T02:30:46+00:00","author":{"@id":"https:\/\/quehacerpolitico.mx\/#\/schema\/person\/496d8ad2d1d3f8036101dca7ee39e585"},"breadcrumb":{"@id":"https:\/\/quehacerpolitico.mx\/?p=121028#breadcrumb"},"inLanguage":"es","potentialAction":[{"@type":"ReadAction","target":["https:\/\/quehacerpolitico.mx\/?p=121028"]}]},{"@type":"ImageObject","inLanguage":"es","@id":"https:\/\/quehacerpolitico.mx\/?p=121028#primaryimage","url":"https:\/\/quehacerpolitico.mx\/wp-content\/uploads\/2025\/12\/03fa6135-c3fe-44b7-8e96-c6ca323ffebb.jpeg","contentUrl":"https:\/\/quehacerpolitico.mx\/wp-content\/uploads\/2025\/12\/03fa6135-c3fe-44b7-8e96-c6ca323ffebb.jpeg","width":963,"height":493},{"@type":"BreadcrumbList","@id":"https:\/\/quehacerpolitico.mx\/?p=121028#breadcrumb","itemListElement":[{"@type":"ListItem","position":1,"name":"Inicio","item":"https:\/\/quehacerpolitico.mx\/"},{"@type":"ListItem","position":2,"name":"El Quehacer Pol\u00edtico a trav\u00e9s de la opini\u00f3n\/\/\/Carolina Alonso Romei\/\/\/La Premio Nobel de la Paz, Mar\u00eda\u00a0Corina Machado, saluda a sus seguidores en Oslo"}]},{"@type":"WebSite","@id":"https:\/\/quehacerpolitico.mx\/#website","url":"https:\/\/quehacerpolitico.mx\/","name":"","description":"","potentialAction":[{"@type":"SearchAction","target":{"@type":"EntryPoint","urlTemplate":"https:\/\/quehacerpolitico.mx\/?s={search_term_string}"},"query-input":{"@type":"PropertyValueSpecification","valueRequired":true,"valueName":"search_term_string"}}],"inLanguage":"es"},{"@type":"Person","@id":"https:\/\/quehacerpolitico.mx\/#\/schema\/person\/496d8ad2d1d3f8036101dca7ee39e585","name":"Redacci\u00f3n QP","image":{"@type":"ImageObject","inLanguage":"es","@id":"https:\/\/secure.gravatar.com\/avatar\/c7164ed6fdec453195284ad24a5ae5b6e1eed2b848477fa2a4787ba9adf39a41?s=96&d=mm&r=g","url":"https:\/\/secure.gravatar.com\/avatar\/c7164ed6fdec453195284ad24a5ae5b6e1eed2b848477fa2a4787ba9adf39a41?s=96&d=mm&r=g","contentUrl":"https:\/\/secure.gravatar.com\/avatar\/c7164ed6fdec453195284ad24a5ae5b6e1eed2b848477fa2a4787ba9adf39a41?s=96&d=mm&r=g","caption":"Redacci\u00f3n QP"},"url":"https:\/\/quehacerpolitico.mx\/?author=2"}]}},"featured_image_urls":{"full":["https:\/\/quehacerpolitico.mx\/wp-content\/uploads\/2025\/12\/03fa6135-c3fe-44b7-8e96-c6ca323ffebb.jpeg",963,493,false],"thumbnail":["https:\/\/quehacerpolitico.mx\/wp-content\/uploads\/2025\/12\/03fa6135-c3fe-44b7-8e96-c6ca323ffebb-150x150.jpeg",150,150,true],"medium":["https:\/\/quehacerpolitico.mx\/wp-content\/uploads\/2025\/12\/03fa6135-c3fe-44b7-8e96-c6ca323ffebb-300x154.jpeg",300,154,true],"medium_large":["https:\/\/quehacerpolitico.mx\/wp-content\/uploads\/2025\/12\/03fa6135-c3fe-44b7-8e96-c6ca323ffebb-768x393.jpeg",640,328,true],"large":["https:\/\/quehacerpolitico.mx\/wp-content\/uploads\/2025\/12\/03fa6135-c3fe-44b7-8e96-c6ca323ffebb.jpeg",640,328,false],"1536x1536":["https:\/\/quehacerpolitico.mx\/wp-content\/uploads\/2025\/12\/03fa6135-c3fe-44b7-8e96-c6ca323ffebb.jpeg",963,493,false],"2048x2048":["https:\/\/quehacerpolitico.mx\/wp-content\/uploads\/2025\/12\/03fa6135-c3fe-44b7-8e96-c6ca323ffebb.jpeg",963,493,false],"covernews-featured":["https:\/\/quehacerpolitico.mx\/wp-content\/uploads\/2025\/12\/03fa6135-c3fe-44b7-8e96-c6ca323ffebb.jpeg",963,493,false],"covernews-medium":["https:\/\/quehacerpolitico.mx\/wp-content\/uploads\/2025\/12\/03fa6135-c3fe-44b7-8e96-c6ca323ffebb-540x340.jpeg",540,340,true]},"author_info":{"display_name":"Redacci\u00f3n QP","author_link":"https:\/\/quehacerpolitico.mx\/?author=2"},"category_info":"<a href=\"https:\/\/quehacerpolitico.mx\/?cat=1\" rel=\"category\">Internacionales<\/a>","tag_info":"Internacionales","comment_count":"0","_links":{"self":[{"href":"https:\/\/quehacerpolitico.mx\/index.php?rest_route=\/wp\/v2\/posts\/121028","targetHints":{"allow":["GET"]}}],"collection":[{"href":"https:\/\/quehacerpolitico.mx\/index.php?rest_route=\/wp\/v2\/posts"}],"about":[{"href":"https:\/\/quehacerpolitico.mx\/index.php?rest_route=\/wp\/v2\/types\/post"}],"author":[{"embeddable":true,"href":"https:\/\/quehacerpolitico.mx\/index.php?rest_route=\/wp\/v2\/users\/2"}],"replies":[{"embeddable":true,"href":"https:\/\/quehacerpolitico.mx\/index.php?rest_route=%2Fwp%2Fv2%2Fcomments&post=121028"}],"version-history":[{"count":2,"href":"https:\/\/quehacerpolitico.mx\/index.php?rest_route=\/wp\/v2\/posts\/121028\/revisions"}],"predecessor-version":[{"id":121037,"href":"https:\/\/quehacerpolitico.mx\/index.php?rest_route=\/wp\/v2\/posts\/121028\/revisions\/121037"}],"wp:featuredmedia":[{"embeddable":true,"href":"https:\/\/quehacerpolitico.mx\/index.php?rest_route=\/wp\/v2\/media\/121034"}],"wp:attachment":[{"href":"https:\/\/quehacerpolitico.mx\/index.php?rest_route=%2Fwp%2Fv2%2Fmedia&parent=121028"}],"wp:term":[{"taxonomy":"category","embeddable":true,"href":"https:\/\/quehacerpolitico.mx\/index.php?rest_route=%2Fwp%2Fv2%2Fcategories&post=121028"},{"taxonomy":"post_tag","embeddable":true,"href":"https:\/\/quehacerpolitico.mx\/index.php?rest_route=%2Fwp%2Fv2%2Ftags&post=121028"}],"curies":[{"name":"wp","href":"https:\/\/api.w.org\/{rel}","templated":true}]}}