{"id":121021,"date":"2025-12-10T19:03:58","date_gmt":"2025-12-11T01:03:58","guid":{"rendered":"https:\/\/quehacerpolitico.mx\/?p=121021"},"modified":"2025-12-10T19:04:02","modified_gmt":"2025-12-11T01:04:02","slug":"pedro-haces-niega-conocer-a-el-limones-y-rechaza-su-afiliacion-a-la-catem-pese-a-fotos-donde-lo-presenta-como-parte-del-sindicato","status":"publish","type":"post","link":"https:\/\/quehacerpolitico.mx\/?p=121021","title":{"rendered":"Pedro Haces niega conocer a \u201cEl Limones\u201d y rechaza su afiliaci\u00f3n a la CATEM, pese a fotos donde lo presenta como parte del sindicato"},"content":{"rendered":"\n<p>Por Redacci\u00f3n QP<\/p>\n\n\n\n<p>El periodista Carlos Loret de Mola adelant\u00f3, en exclusiva, la detenci\u00f3n en Durango de Edgar \u201cN\u201d, integrante de la facci\u00f3n de Los Cabrera<\/p>\n\n\n\n<p>Pese a que hay fotograf\u00edas en la p\u00e1gina oficial de la Confederaci\u00f3n Aut\u00f3noma de Trabajadores y Empleados de M\u00e9xico (CATEM), secci\u00f3n Durango, el diputado morenista,&nbsp;<strong>Pedro Haces,<\/strong>&nbsp;rechaz\u00f3 que Edgar \u201cN\u201d \u201cEl Limones\u201d pertenezca al sindicato.<\/p>\n\n\n\n<figure class=\"wp-block-image size-large\"><img loading=\"lazy\" decoding=\"async\" width=\"935\" height=\"1024\" src=\"https:\/\/quehacerpolitico.mx\/wp-content\/uploads\/2025\/12\/IMG_5596-935x1024.jpeg\" alt=\"\" class=\"wp-image-121022\" srcset=\"https:\/\/quehacerpolitico.mx\/wp-content\/uploads\/2025\/12\/IMG_5596-935x1024.jpeg 935w, https:\/\/quehacerpolitico.mx\/wp-content\/uploads\/2025\/12\/IMG_5596-274x300.jpeg 274w, https:\/\/quehacerpolitico.mx\/wp-content\/uploads\/2025\/12\/IMG_5596-768x841.jpeg 768w, https:\/\/quehacerpolitico.mx\/wp-content\/uploads\/2025\/12\/IMG_5596.jpeg 959w\" sizes=\"auto, (max-width: 935px) 100vw, 935px\" \/><\/figure>\n\n\n\n<p>La&nbsp;<strong>CATEM Durango<\/strong>&nbsp;public\u00f3 el pasado 20 de marzo de 2023 una imagen donde se observa a&nbsp;<strong>Pedro Haces<\/strong>; Edgar Ortiz, \u201cEl Limones\u201d, detenido este mi\u00e9rcoles por su probable participaci\u00f3n como jefe de plaza y operador financiero de un grupo delictivo dedicado a la extorsi\u00f3n; y Armando Cobian, secretario general de la CATEM en el estado.<\/p>\n\n\n\n<p>&#8220;Muy agradecidos con el senador Pedro Haces, secretario general nacional de CATEM, por depositar su confianza en m\u00ed, para ser el secretario general de CATEM en Durango y nuestro compa\u00f1ero Edgar Ortiz como secretario de organizaci\u00f3n en el estado&#8221;, es el mensaje que acompa\u00f1a la fotograf\u00eda publicada en el sitio oficial de la\u00a0<strong>CATEM Durango.<\/strong><\/p>\n\n\n\n<p>\u201cNiego rotundamente que El Limones pertenezca a esta organizaci\u00f3n. &#8220;El Limones&#8221; no es CATEM, no se equivoquen\u201d, subray\u00f3 luego de que el Gabinete de seguridad inform\u00f3 de su detenci\u00f3n por su probable participaci\u00f3n como jefe de plaza y operador financiero para un grupo delictivo dedicado a la extorsi\u00f3n.<\/p>\n\n\n\n<p>En sus redes sociales, el titular de la Secretar\u00eda de Seguridad y Protecci\u00f3n Ciudadana (SSPC)\u00a0<strong>Omar Garc\u00eda Harfuch<\/strong>, inform\u00f3 que &#8220;El Limones&#8221; era parte del grupo de\u00a0<strong>&#8220;Los Cabrera&#8221;\u00a0<\/strong>y fue identificado como principal extorsionador de agricultores, comerciantes, empresarios y ganaderos en la regi\u00f3n de la Laguna de Durango y Coahuila.<\/p>\n\n\n\n<figure class=\"wp-block-embed is-type-rich is-provider-twitter wp-block-embed-twitter\"><div class=\"wp-block-embed__wrapper\">\n<blockquote class=\"twitter-tweet\" data-width=\"550\" data-dnt=\"true\"><p lang=\"es\" dir=\"ltr\">Resultado de labores de inteligencia, en una operaci\u00f3n encabezada por <a href=\"https:\/\/twitter.com\/SEMAR_mx?ref_src=twsrc%5Etfw\">@SEMAR_mx<\/a>, <a href=\"https:\/\/twitter.com\/Defensamx1?ref_src=twsrc%5Etfw\">@Defensamx1<\/a>, <a href=\"https:\/\/twitter.com\/SSPCMexico?ref_src=twsrc%5Etfw\">@SSPCMexico<\/a> y <a href=\"https:\/\/twitter.com\/FGRMexico?ref_src=twsrc%5Etfw\">@FGRMexico<\/a> Agencia de Investigaci\u00f3n Criminal y con informaci\u00f3n del Centro Nacional de Inteligencia, fue detenido en Durango Edgar \u201cN\u201d, alias \u201cLimones\u201d, integrante de la\u2026 <a href=\"https:\/\/t.co\/kfqEV5pI8N\">pic.twitter.com\/kfqEV5pI8N<\/a><\/p>&mdash; Omar H Garcia Harfuch (@OHarfuch) <a href=\"https:\/\/twitter.com\/OHarfuch\/status\/1998775915644633287?ref_src=twsrc%5Etfw\">December 10, 2025<\/a><\/blockquote><script async src=\"https:\/\/platform.twitter.com\/widgets.js\" charset=\"utf-8\"><\/script>\n<\/div><\/figure>\n\n\n\n<p>En su video de 36 segundos, Haces Barba,\u00a0<strong>diputado de Morena<\/strong>, felicit\u00f3 a las autoridades por la detenci\u00f3n, pero reiter\u00f3 el deslinde a la CATEM respecto a Edgar \u201cN\u201d.<\/p>\n\n\n\n<figure class=\"wp-block-embed is-type-rich is-provider-twitter wp-block-embed-twitter\"><div class=\"wp-block-embed__wrapper\">\n<blockquote class=\"twitter-tweet\" data-width=\"550\" data-dnt=\"true\"><p lang=\"es\" dir=\"ltr\">Frente a la desinformaci\u00f3n que circula, quiero ser absolutamente claro:<br><br>Edgar \u201cN\u201d, alias \u201cLimones\u201d no tiene, ni ha tenido, ning\u00fan v\u00ednculo con CATEM.<br>La \u00fanica informaci\u00f3n oficial es la emitida por la <a href=\"https:\/\/twitter.com\/SSPCMexico?ref_src=twsrc%5Etfw\">@SSPCMexico<\/a>, y en ning\u00fan momento establece relaci\u00f3n alguna con nuestra\u2026 <a href=\"https:\/\/t.co\/nu3AgwnL0h\">pic.twitter.com\/nu3AgwnL0h<\/a><\/p>&mdash; Pedro Haces (@PedrohacesO) <a href=\"https:\/\/twitter.com\/PedrohacesO\/status\/1998853725327138941?ref_src=twsrc%5Etfw\">December 10, 2025<\/a><\/blockquote><script async src=\"https:\/\/platform.twitter.com\/widgets.js\" charset=\"utf-8\"><\/script>\n<\/div><\/figure>\n","protected":false},"excerpt":{"rendered":"<p>Por Redacci\u00f3n QP El periodista Carlos Loret de Mola adelant\u00f3, en exclusiva, la detenci\u00f3n en&#8230;<\/p>\n","protected":false},"author":2,"featured_media":121023,"comment_status":"open","ping_status":"open","sticky":false,"template":"","format":"standard","meta":{"_monsterinsights_skip_tracking":false,"_monsterinsights_sitenote_active":false,"_monsterinsights_sitenote_note":"","_monsterinsights_sitenote_category":0,"footnotes":""},"categories":[280,2],"tags":[],"class_list":["post-121021","post","type-post","status-publish","format-standard","has-post-thumbnail","hentry","category-nacionales","category-noticias"],"yoast_head":"<!-- This site is optimized with the Yoast SEO plugin v27.3 - https:\/\/yoast.com\/product\/yoast-seo-wordpress\/ -->\n<title>Pedro Haces niega conocer a \u201cEl Limones\u201d y rechaza su afiliaci\u00f3n a la CATEM, pese a fotos donde lo presenta como parte del sindicato -<\/title>\n<meta name=\"robots\" content=\"index, follow, max-snippet:-1, max-image-preview:large, max-video-preview:-1\" \/>\n<link rel=\"canonical\" href=\"https:\/\/quehacerpolitico.mx\/?p=121021\" \/>\n<meta property=\"og:locale\" content=\"es_MX\" \/>\n<meta property=\"og:type\" content=\"article\" \/>\n<meta property=\"og:title\" content=\"Pedro Haces niega conocer a \u201cEl Limones\u201d y rechaza su afiliaci\u00f3n a la CATEM, pese a fotos donde lo presenta como parte del sindicato -\" \/>\n<meta property=\"og:description\" content=\"Por Redacci\u00f3n QP El periodista Carlos Loret de Mola adelant\u00f3, en exclusiva, la detenci\u00f3n en...\" \/>\n<meta property=\"og:url\" content=\"https:\/\/quehacerpolitico.mx\/?p=121021\" \/>\n<meta property=\"article:published_time\" content=\"2025-12-11T01:03:58+00:00\" \/>\n<meta property=\"article:modified_time\" content=\"2025-12-11T01:04:02+00:00\" \/>\n<meta property=\"og:image\" content=\"http:\/\/quehacerpolitico.mx\/wp-content\/uploads\/2025\/12\/IMG_5597.jpeg\" \/>\n\t<meta property=\"og:image:width\" content=\"960\" \/>\n\t<meta property=\"og:image:height\" content=\"640\" \/>\n\t<meta property=\"og:image:type\" content=\"image\/jpeg\" \/>\n<meta name=\"author\" content=\"Redacci\u00f3n QP\" \/>\n<meta name=\"twitter:card\" content=\"summary_large_image\" \/>\n<meta name=\"twitter:label1\" content=\"Escrito por\" \/>\n\t<meta name=\"twitter:data1\" content=\"Redacci\u00f3n QP\" \/>\n\t<meta name=\"twitter:label2\" content=\"Tiempo de lectura\" \/>\n\t<meta name=\"twitter:data2\" content=\"2 minutos\" \/>\n<script type=\"application\/ld+json\" class=\"yoast-schema-graph\">{\"@context\":\"https:\\\/\\\/schema.org\",\"@graph\":[{\"@type\":\"Article\",\"@id\":\"https:\\\/\\\/quehacerpolitico.mx\\\/?p=121021#article\",\"isPartOf\":{\"@id\":\"https:\\\/\\\/quehacerpolitico.mx\\\/?p=121021\"},\"author\":{\"name\":\"Redacci\u00f3n QP\",\"@id\":\"https:\\\/\\\/quehacerpolitico.mx\\\/#\\\/schema\\\/person\\\/496d8ad2d1d3f8036101dca7ee39e585\"},\"headline\":\"Pedro Haces niega conocer a \u201cEl Limones\u201d y rechaza su afiliaci\u00f3n a la CATEM, pese a fotos donde lo presenta como parte del sindicato\",\"datePublished\":\"2025-12-11T01:03:58+00:00\",\"dateModified\":\"2025-12-11T01:04:02+00:00\",\"mainEntityOfPage\":{\"@id\":\"https:\\\/\\\/quehacerpolitico.mx\\\/?p=121021\"},\"wordCount\":365,\"commentCount\":0,\"image\":{\"@id\":\"https:\\\/\\\/quehacerpolitico.mx\\\/?p=121021#primaryimage\"},\"thumbnailUrl\":\"https:\\\/\\\/quehacerpolitico.mx\\\/wp-content\\\/uploads\\\/2025\\\/12\\\/IMG_5597.jpeg\",\"articleSection\":[\"Nacionales\",\"Noticias\"],\"inLanguage\":\"es\",\"potentialAction\":[{\"@type\":\"CommentAction\",\"name\":\"Comment\",\"target\":[\"https:\\\/\\\/quehacerpolitico.mx\\\/?p=121021#respond\"]}]},{\"@type\":\"WebPage\",\"@id\":\"https:\\\/\\\/quehacerpolitico.mx\\\/?p=121021\",\"url\":\"https:\\\/\\\/quehacerpolitico.mx\\\/?p=121021\",\"name\":\"Pedro Haces niega conocer a \u201cEl Limones\u201d y rechaza su afiliaci\u00f3n a la CATEM, pese a fotos donde lo presenta como parte del sindicato -\",\"isPartOf\":{\"@id\":\"https:\\\/\\\/quehacerpolitico.mx\\\/#website\"},\"primaryImageOfPage\":{\"@id\":\"https:\\\/\\\/quehacerpolitico.mx\\\/?p=121021#primaryimage\"},\"image\":{\"@id\":\"https:\\\/\\\/quehacerpolitico.mx\\\/?p=121021#primaryimage\"},\"thumbnailUrl\":\"https:\\\/\\\/quehacerpolitico.mx\\\/wp-content\\\/uploads\\\/2025\\\/12\\\/IMG_5597.jpeg\",\"datePublished\":\"2025-12-11T01:03:58+00:00\",\"dateModified\":\"2025-12-11T01:04:02+00:00\",\"author\":{\"@id\":\"https:\\\/\\\/quehacerpolitico.mx\\\/#\\\/schema\\\/person\\\/496d8ad2d1d3f8036101dca7ee39e585\"},\"breadcrumb\":{\"@id\":\"https:\\\/\\\/quehacerpolitico.mx\\\/?p=121021#breadcrumb\"},\"inLanguage\":\"es\",\"potentialAction\":[{\"@type\":\"ReadAction\",\"target\":[\"https:\\\/\\\/quehacerpolitico.mx\\\/?p=121021\"]}]},{\"@type\":\"ImageObject\",\"inLanguage\":\"es\",\"@id\":\"https:\\\/\\\/quehacerpolitico.mx\\\/?p=121021#primaryimage\",\"url\":\"https:\\\/\\\/quehacerpolitico.mx\\\/wp-content\\\/uploads\\\/2025\\\/12\\\/IMG_5597.jpeg\",\"contentUrl\":\"https:\\\/\\\/quehacerpolitico.mx\\\/wp-content\\\/uploads\\\/2025\\\/12\\\/IMG_5597.jpeg\",\"width\":960,\"height\":640,\"caption\":\"0 0 0 0 0 0 0 12\\\/10\\\/2025 12:08:15 PM 0 1 0 0 0 0 0 0 0 1 0 617 251\"},{\"@type\":\"BreadcrumbList\",\"@id\":\"https:\\\/\\\/quehacerpolitico.mx\\\/?p=121021#breadcrumb\",\"itemListElement\":[{\"@type\":\"ListItem\",\"position\":1,\"name\":\"Inicio\",\"item\":\"https:\\\/\\\/quehacerpolitico.mx\\\/\"},{\"@type\":\"ListItem\",\"position\":2,\"name\":\"Pedro Haces niega conocer a \u201cEl Limones\u201d y rechaza su afiliaci\u00f3n a la CATEM, pese a fotos donde lo presenta como parte del sindicato\"}]},{\"@type\":\"WebSite\",\"@id\":\"https:\\\/\\\/quehacerpolitico.mx\\\/#website\",\"url\":\"https:\\\/\\\/quehacerpolitico.mx\\\/\",\"name\":\"\",\"description\":\"\",\"potentialAction\":[{\"@type\":\"SearchAction\",\"target\":{\"@type\":\"EntryPoint\",\"urlTemplate\":\"https:\\\/\\\/quehacerpolitico.mx\\\/?s={search_term_string}\"},\"query-input\":{\"@type\":\"PropertyValueSpecification\",\"valueRequired\":true,\"valueName\":\"search_term_string\"}}],\"inLanguage\":\"es\"},{\"@type\":\"Person\",\"@id\":\"https:\\\/\\\/quehacerpolitico.mx\\\/#\\\/schema\\\/person\\\/496d8ad2d1d3f8036101dca7ee39e585\",\"name\":\"Redacci\u00f3n QP\",\"image\":{\"@type\":\"ImageObject\",\"inLanguage\":\"es\",\"@id\":\"https:\\\/\\\/secure.gravatar.com\\\/avatar\\\/c7164ed6fdec453195284ad24a5ae5b6e1eed2b848477fa2a4787ba9adf39a41?s=96&d=mm&r=g\",\"url\":\"https:\\\/\\\/secure.gravatar.com\\\/avatar\\\/c7164ed6fdec453195284ad24a5ae5b6e1eed2b848477fa2a4787ba9adf39a41?s=96&d=mm&r=g\",\"contentUrl\":\"https:\\\/\\\/secure.gravatar.com\\\/avatar\\\/c7164ed6fdec453195284ad24a5ae5b6e1eed2b848477fa2a4787ba9adf39a41?s=96&d=mm&r=g\",\"caption\":\"Redacci\u00f3n QP\"},\"url\":\"https:\\\/\\\/quehacerpolitico.mx\\\/?author=2\"}]}<\/script>\n<!-- \/ Yoast SEO plugin. -->","yoast_head_json":{"title":"Pedro Haces niega conocer a \u201cEl Limones\u201d y rechaza su afiliaci\u00f3n a la CATEM, pese a fotos donde lo presenta como parte del sindicato -","robots":{"index":"index","follow":"follow","max-snippet":"max-snippet:-1","max-image-preview":"max-image-preview:large","max-video-preview":"max-video-preview:-1"},"canonical":"https:\/\/quehacerpolitico.mx\/?p=121021","og_locale":"es_MX","og_type":"article","og_title":"Pedro Haces niega conocer a \u201cEl Limones\u201d y rechaza su afiliaci\u00f3n a la CATEM, pese a fotos donde lo presenta como parte del sindicato -","og_description":"Por Redacci\u00f3n QP El periodista Carlos Loret de Mola adelant\u00f3, en exclusiva, la detenci\u00f3n en...","og_url":"https:\/\/quehacerpolitico.mx\/?p=121021","article_published_time":"2025-12-11T01:03:58+00:00","article_modified_time":"2025-12-11T01:04:02+00:00","og_image":[{"width":960,"height":640,"url":"http:\/\/quehacerpolitico.mx\/wp-content\/uploads\/2025\/12\/IMG_5597.jpeg","type":"image\/jpeg"}],"author":"Redacci\u00f3n QP","twitter_card":"summary_large_image","twitter_misc":{"Escrito por":"Redacci\u00f3n QP","Tiempo de lectura":"2 minutos"},"schema":{"@context":"https:\/\/schema.org","@graph":[{"@type":"Article","@id":"https:\/\/quehacerpolitico.mx\/?p=121021#article","isPartOf":{"@id":"https:\/\/quehacerpolitico.mx\/?p=121021"},"author":{"name":"Redacci\u00f3n QP","@id":"https:\/\/quehacerpolitico.mx\/#\/schema\/person\/496d8ad2d1d3f8036101dca7ee39e585"},"headline":"Pedro Haces niega conocer a \u201cEl Limones\u201d y rechaza su afiliaci\u00f3n a la CATEM, pese a fotos donde lo presenta como parte del sindicato","datePublished":"2025-12-11T01:03:58+00:00","dateModified":"2025-12-11T01:04:02+00:00","mainEntityOfPage":{"@id":"https:\/\/quehacerpolitico.mx\/?p=121021"},"wordCount":365,"commentCount":0,"image":{"@id":"https:\/\/quehacerpolitico.mx\/?p=121021#primaryimage"},"thumbnailUrl":"https:\/\/quehacerpolitico.mx\/wp-content\/uploads\/2025\/12\/IMG_5597.jpeg","articleSection":["Nacionales","Noticias"],"inLanguage":"es","potentialAction":[{"@type":"CommentAction","name":"Comment","target":["https:\/\/quehacerpolitico.mx\/?p=121021#respond"]}]},{"@type":"WebPage","@id":"https:\/\/quehacerpolitico.mx\/?p=121021","url":"https:\/\/quehacerpolitico.mx\/?p=121021","name":"Pedro Haces niega conocer a \u201cEl Limones\u201d y rechaza su afiliaci\u00f3n a la CATEM, pese a fotos donde lo presenta como parte del sindicato -","isPartOf":{"@id":"https:\/\/quehacerpolitico.mx\/#website"},"primaryImageOfPage":{"@id":"https:\/\/quehacerpolitico.mx\/?p=121021#primaryimage"},"image":{"@id":"https:\/\/quehacerpolitico.mx\/?p=121021#primaryimage"},"thumbnailUrl":"https:\/\/quehacerpolitico.mx\/wp-content\/uploads\/2025\/12\/IMG_5597.jpeg","datePublished":"2025-12-11T01:03:58+00:00","dateModified":"2025-12-11T01:04:02+00:00","author":{"@id":"https:\/\/quehacerpolitico.mx\/#\/schema\/person\/496d8ad2d1d3f8036101dca7ee39e585"},"breadcrumb":{"@id":"https:\/\/quehacerpolitico.mx\/?p=121021#breadcrumb"},"inLanguage":"es","potentialAction":[{"@type":"ReadAction","target":["https:\/\/quehacerpolitico.mx\/?p=121021"]}]},{"@type":"ImageObject","inLanguage":"es","@id":"https:\/\/quehacerpolitico.mx\/?p=121021#primaryimage","url":"https:\/\/quehacerpolitico.mx\/wp-content\/uploads\/2025\/12\/IMG_5597.jpeg","contentUrl":"https:\/\/quehacerpolitico.mx\/wp-content\/uploads\/2025\/12\/IMG_5597.jpeg","width":960,"height":640,"caption":"0 0 0 0 0 0 0 12\/10\/2025 12:08:15 PM 0 1 0 0 0 0 0 0 0 1 0 617 251"},{"@type":"BreadcrumbList","@id":"https:\/\/quehacerpolitico.mx\/?p=121021#breadcrumb","itemListElement":[{"@type":"ListItem","position":1,"name":"Inicio","item":"https:\/\/quehacerpolitico.mx\/"},{"@type":"ListItem","position":2,"name":"Pedro Haces niega conocer a \u201cEl Limones\u201d y rechaza su afiliaci\u00f3n a la CATEM, pese a fotos donde lo presenta como parte del sindicato"}]},{"@type":"WebSite","@id":"https:\/\/quehacerpolitico.mx\/#website","url":"https:\/\/quehacerpolitico.mx\/","name":"","description":"","potentialAction":[{"@type":"SearchAction","target":{"@type":"EntryPoint","urlTemplate":"https:\/\/quehacerpolitico.mx\/?s={search_term_string}"},"query-input":{"@type":"PropertyValueSpecification","valueRequired":true,"valueName":"search_term_string"}}],"inLanguage":"es"},{"@type":"Person","@id":"https:\/\/quehacerpolitico.mx\/#\/schema\/person\/496d8ad2d1d3f8036101dca7ee39e585","name":"Redacci\u00f3n QP","image":{"@type":"ImageObject","inLanguage":"es","@id":"https:\/\/secure.gravatar.com\/avatar\/c7164ed6fdec453195284ad24a5ae5b6e1eed2b848477fa2a4787ba9adf39a41?s=96&d=mm&r=g","url":"https:\/\/secure.gravatar.com\/avatar\/c7164ed6fdec453195284ad24a5ae5b6e1eed2b848477fa2a4787ba9adf39a41?s=96&d=mm&r=g","contentUrl":"https:\/\/secure.gravatar.com\/avatar\/c7164ed6fdec453195284ad24a5ae5b6e1eed2b848477fa2a4787ba9adf39a41?s=96&d=mm&r=g","caption":"Redacci\u00f3n QP"},"url":"https:\/\/quehacerpolitico.mx\/?author=2"}]}},"featured_image_urls":{"full":["https:\/\/quehacerpolitico.mx\/wp-content\/uploads\/2025\/12\/IMG_5597.jpeg",960,640,false],"thumbnail":["https:\/\/quehacerpolitico.mx\/wp-content\/uploads\/2025\/12\/IMG_5597-150x150.jpeg",150,150,true],"medium":["https:\/\/quehacerpolitico.mx\/wp-content\/uploads\/2025\/12\/IMG_5597-300x200.jpeg",300,200,true],"medium_large":["https:\/\/quehacerpolitico.mx\/wp-content\/uploads\/2025\/12\/IMG_5597-768x512.jpeg",640,427,true],"large":["https:\/\/quehacerpolitico.mx\/wp-content\/uploads\/2025\/12\/IMG_5597.jpeg",640,427,false],"1536x1536":["https:\/\/quehacerpolitico.mx\/wp-content\/uploads\/2025\/12\/IMG_5597.jpeg",960,640,false],"2048x2048":["https:\/\/quehacerpolitico.mx\/wp-content\/uploads\/2025\/12\/IMG_5597.jpeg",960,640,false],"covernews-featured":["https:\/\/quehacerpolitico.mx\/wp-content\/uploads\/2025\/12\/IMG_5597.jpeg",960,640,false],"covernews-medium":["https:\/\/quehacerpolitico.mx\/wp-content\/uploads\/2025\/12\/IMG_5597-540x340.jpeg",540,340,true]},"author_info":{"display_name":"Redacci\u00f3n QP","author_link":"https:\/\/quehacerpolitico.mx\/?author=2"},"category_info":"<a href=\"https:\/\/quehacerpolitico.mx\/?cat=280\" rel=\"category\">Nacionales<\/a> <a href=\"https:\/\/quehacerpolitico.mx\/?cat=2\" rel=\"category\">Noticias<\/a>","tag_info":"Noticias","comment_count":"0","_links":{"self":[{"href":"https:\/\/quehacerpolitico.mx\/index.php?rest_route=\/wp\/v2\/posts\/121021","targetHints":{"allow":["GET"]}}],"collection":[{"href":"https:\/\/quehacerpolitico.mx\/index.php?rest_route=\/wp\/v2\/posts"}],"about":[{"href":"https:\/\/quehacerpolitico.mx\/index.php?rest_route=\/wp\/v2\/types\/post"}],"author":[{"embeddable":true,"href":"https:\/\/quehacerpolitico.mx\/index.php?rest_route=\/wp\/v2\/users\/2"}],"replies":[{"embeddable":true,"href":"https:\/\/quehacerpolitico.mx\/index.php?rest_route=%2Fwp%2Fv2%2Fcomments&post=121021"}],"version-history":[{"count":1,"href":"https:\/\/quehacerpolitico.mx\/index.php?rest_route=\/wp\/v2\/posts\/121021\/revisions"}],"predecessor-version":[{"id":121024,"href":"https:\/\/quehacerpolitico.mx\/index.php?rest_route=\/wp\/v2\/posts\/121021\/revisions\/121024"}],"wp:featuredmedia":[{"embeddable":true,"href":"https:\/\/quehacerpolitico.mx\/index.php?rest_route=\/wp\/v2\/media\/121023"}],"wp:attachment":[{"href":"https:\/\/quehacerpolitico.mx\/index.php?rest_route=%2Fwp%2Fv2%2Fmedia&parent=121021"}],"wp:term":[{"taxonomy":"category","embeddable":true,"href":"https:\/\/quehacerpolitico.mx\/index.php?rest_route=%2Fwp%2Fv2%2Fcategories&post=121021"},{"taxonomy":"post_tag","embeddable":true,"href":"https:\/\/quehacerpolitico.mx\/index.php?rest_route=%2Fwp%2Fv2%2Ftags&post=121021"}],"curies":[{"name":"wp","href":"https:\/\/api.w.org\/{rel}","templated":true}]}}